{"id":24180,"date":"2018-01-31T17:07:09","date_gmt":"2018-01-31T16:07:09","guid":{"rendered":"https:\/\/blog.sub.uni-hamburg.de\/?p=24180"},"modified":"2018-05-15T16:43:39","modified_gmt":"2018-05-15T14:43:39","slug":"buecher-aus-der-bibliothek-von-gustav-gabriel-cohn","status":"publish","type":"post","link":"https:\/\/blog.sub.uni-hamburg.de\/?p=24180","title":{"rendered":"B\u00fccher aus der Bibliothek von Gustav Gabriel Cohn"},"content":{"rendered":"<p style=\"text-align:right;\"><a href=\"#en\">English Translation<\/a><\/p>\n<p><em>Von Anna von Villiez.<\/em><\/p>\n<div style=\"float: right; padding-right: 0px; margin-left: 25px; margin-bottom: 10px;\">\n<p><a href=\"https:\/\/blog.sub.uni-hamburg.de\/wp-content\/uploads\/2018\/01\/Portrait_GG_Cohn-gr.jpg\"><img loading=\"lazy\" decoding=\"async\" data-attachment-id=\"24191\" data-permalink=\"https:\/\/blog.sub.uni-hamburg.de\/?attachment_id=24191\" data-orig-file=\"https:\/\/blog.sub.uni-hamburg.de\/wp-content\/uploads\/2018\/01\/Portrait_GG_Cohn-kl.jpg\" data-orig-size=\"350,490\" data-comments-opened=\"1\" data-image-meta=\"{&quot;aperture&quot;:&quot;0&quot;,&quot;credit&quot;:&quot;&quot;,&quot;camera&quot;:&quot;&quot;,&quot;caption&quot;:&quot;&quot;,&quot;created_timestamp&quot;:&quot;0&quot;,&quot;copyright&quot;:&quot;&quot;,&quot;focal_length&quot;:&quot;0&quot;,&quot;iso&quot;:&quot;0&quot;,&quot;shutter_speed&quot;:&quot;0&quot;,&quot;title&quot;:&quot;&quot;,&quot;orientation&quot;:&quot;0&quot;}\" data-image-title=\"Gustav Gabriel Cohn\" data-image-description=\"\" data-image-caption=\"&lt;p&gt;Abbildung 1: Das einzige erhaltene Bild von Gustav Gabriel Cohn (1863\u2013 1942), Quelle: Privatbesitz&lt;\/p&gt;\n\" data-large-file=\"https:\/\/blog.sub.uni-hamburg.de\/wp-content\/uploads\/2018\/01\/Portrait_GG_Cohn-kl.jpg\" class=\"size-full wp-image-24191\" src=\"https:\/\/blog.sub.uni-hamburg.de\/wp-content\/uploads\/2018\/01\/Portrait_GG_Cohn-kl.jpg\" alt=\"\" width=\"300\" height=\"420\" srcset=\"https:\/\/blog.sub.uni-hamburg.de\/wp-content\/uploads\/2018\/01\/Portrait_GG_Cohn-kl.jpg 350w, https:\/\/blog.sub.uni-hamburg.de\/wp-content\/uploads\/2018\/01\/Portrait_GG_Cohn-kl-107x150.jpg 107w, https:\/\/blog.sub.uni-hamburg.de\/wp-content\/uploads\/2018\/01\/Portrait_GG_Cohn-kl-214x300.jpg 214w\" sizes=\"auto, (max-width: 300px) 100vw, 300px\" \/><\/a><\/p>\n<div style=\"font-size: 12px; line-height: 1.2; margin-bottom: 0;\">Das einzige erhaltene Bild von Gustav Gabriel Cohn <br \/> (1863\u2013 1942), Quelle: Privatbesitz<\/div>\n<p>&nbsp;<\/p>\n<\/div>\n<p>Am 22. Januar konnte die Stabi\u00a0in Kooperation mit dem <a href=\"http:\/\/www.igdj-hh.de\/\">Institut f\u00fcr die Geschichte der deutschen Juden<\/a> 10 B\u00fccher im Rahmen einer Restitution auf den Weg nach Israel bringen. Die Werke, allesamt Hebraika, stammten urspr\u00fcnglich aus der Bibliothek von Gustav Gabriel Cohn, einem Hamburger Fondsmakler, der im Laufe seines Lebens eine umfangreiche Privatbibliothek zu religi\u00f6ser Literatur des Judentums aufgebaut hatte.<\/p>\n<p>Cohns B\u00fccher gelangten, vermutlich im Rahmen der Beschlagnahmung des Besitzes nach seiner Deportation, in den Bestand der Stabi, wo sie im sogenannten \u201eAltbestand\u201c erst viel sp\u00e4ter entdeckt und eingearbeitet wurden.<\/p>\n<p>Gustav Gabriel Cohn wurde in Rawitsch im damaligen Posen als Sohn des j\u00fcdischen Religionslehrers Markus Cohn und seiner Frau Pauline geb. Brie geboren. Als junger Mann ging er nach Berlin, wo er etwa zehn Jahre verbrachte und unter anderem am Rabbinerseminar seine Ausbildung absolvierte. Noch in Berlin entschied er sich dann f\u00fcr eine weltliche Karriere als Bankier und Finanzmakler.<\/p>\n<p><!--more--><\/p>\n<div style=\"float: left; padding-left: 0px; margin-right: 25px; margin-bottom: 10px;\">\n<p><a href=\"https:\/\/blog.sub.uni-hamburg.de\/wp-content\/uploads\/2018\/01\/GG_Cohn_Paket4_50-gr.jpg\"><img loading=\"lazy\" decoding=\"async\" data-attachment-id=\"24183\" data-permalink=\"https:\/\/blog.sub.uni-hamburg.de\/?attachment_id=24183\" data-orig-file=\"https:\/\/blog.sub.uni-hamburg.de\/wp-content\/uploads\/2018\/01\/GG_Cohn_Paket4_50-kl.jpg\" data-orig-size=\"350,181\" data-comments-opened=\"1\" data-image-meta=\"{&quot;aperture&quot;:&quot;0&quot;,&quot;credit&quot;:&quot;&quot;,&quot;camera&quot;:&quot;&quot;,&quot;caption&quot;:&quot;&quot;,&quot;created_timestamp&quot;:&quot;0&quot;,&quot;copyright&quot;:&quot;&quot;,&quot;focal_length&quot;:&quot;0&quot;,&quot;iso&quot;:&quot;0&quot;,&quot;shutter_speed&quot;:&quot;0&quot;,&quot;title&quot;:&quot;&quot;,&quot;orientation&quot;:&quot;0&quot;}\" data-image-title=\"Stempel aus Cohns Zeit in Berlin\" data-image-description=\"\" data-image-caption=\"&lt;p&gt;Stempel aus Cohns Zeit in Berlin finden sich in vielen der B\u00fccher.&lt;\/p&gt;\n\" data-large-file=\"https:\/\/blog.sub.uni-hamburg.de\/wp-content\/uploads\/2018\/01\/GG_Cohn_Paket4_50-kl.jpg\" class=\"size-full wp-image-24183\" title=\"Stempel aus Cohns Zeit in Berlin\" src=\"https:\/\/blog.sub.uni-hamburg.de\/wp-content\/uploads\/2018\/01\/GG_Cohn_Paket4_50-kl.jpg\" alt=\"Stempel aus Cohns Zeit in Berlin\" width=\"300\" height=\"155\" srcset=\"https:\/\/blog.sub.uni-hamburg.de\/wp-content\/uploads\/2018\/01\/GG_Cohn_Paket4_50-kl.jpg 350w, https:\/\/blog.sub.uni-hamburg.de\/wp-content\/uploads\/2018\/01\/GG_Cohn_Paket4_50-kl-150x78.jpg 150w, https:\/\/blog.sub.uni-hamburg.de\/wp-content\/uploads\/2018\/01\/GG_Cohn_Paket4_50-kl-300x155.jpg 300w\" sizes=\"auto, (max-width: 300px) 100vw, 300px\" \/><\/a><\/p>\n<div style=\"font-size: 12px; line-height: 1.2; margin-bottom: 0;\">Stempel aus Cohns Zeit in Berlin finden sich in vielen der B\u00fccher.<\/div>\n<p>&nbsp;<\/p>\n<\/div>\n<p>In Hamburg lebte er seit etwa 1887, wo er seit etwa 1900 in der Grindelallee 166 zusammen mit seiner wachsenden Familie eine ger\u00e4umige Wohnung bewohnte, in der er \u00fcber fast vier Jahrzehnte seine Bibliothek erweiterte. Seine sechs S\u00f6hne wurden zwischen 1893 und 1910 geboren.<\/p>\n<p>Seit 1933 war die Familie Cohn durch die fortschreitende Verfolgung auseinandergerissen worden. Gustav Gabriel Cohns Frau Ella war bereits 1917 jung verstorben. 1935 gingen die S\u00f6hne Adolph (Niederlande) und Leon (Pal\u00e4stina) ins Exil. Marcus folgte Adolph 1937 in die Niederlande, ging dann \u00fcber London schlie\u00dflich nach Argentinien. Sohn Simon floh 1939 nach Frankreich. Nur Nathan Walter blieb in Hamburg. Gustav Gabriel Cohn selber musste mehrfach umziehen. Er zog zun\u00e4chst in eine kleinere Wohnung in der Klosterallee. Noch 1942 lebte er zwangsweise in die Dillstra\u00dfe 15, eines der sognannten \u201eJudenh\u00e4user\u201c, in denen Juden unter sehr beengten Verh\u00e4ltnissen kaserniert wurden.<\/p>\n<div style=\"float: right; padding-right: 0px; margin-left: 25px; margin-bottom: 10px;\">\n<p><a href=\"https:\/\/blog.sub.uni-hamburg.de\/wp-content\/uploads\/2018\/01\/Cohn_Unterschrift-gr.jpg\"><img loading=\"lazy\" decoding=\"async\" data-attachment-id=\"24185\" data-permalink=\"https:\/\/blog.sub.uni-hamburg.de\/?attachment_id=24185\" data-orig-file=\"https:\/\/blog.sub.uni-hamburg.de\/wp-content\/uploads\/2018\/01\/Cohn_Unterschrift-kl.jpg\" data-orig-size=\"350,240\" data-comments-opened=\"1\" data-image-meta=\"{&quot;aperture&quot;:&quot;0&quot;,&quot;credit&quot;:&quot;&quot;,&quot;camera&quot;:&quot;&quot;,&quot;caption&quot;:&quot;&quot;,&quot;created_timestamp&quot;:&quot;0&quot;,&quot;copyright&quot;:&quot;&quot;,&quot;focal_length&quot;:&quot;0&quot;,&quot;iso&quot;:&quot;0&quot;,&quot;shutter_speed&quot;:&quot;0&quot;,&quot;title&quot;:&quot;&quot;,&quot;orientation&quot;:&quot;0&quot;}\" data-image-title=\"Unterschrift Cohn\" data-image-description=\"&lt;p&gt;Unterschrift Cohn&lt;\/p&gt;\n\" data-image-caption=\"&lt;p&gt;Diese Unterschrift von Gustav Gabriel Cohn fanden wir in der Mehrheit der \u00fcber 70 B\u00fccher, die als Raubgut aus seiner Bibliothek in die Best\u00e4nde der Stabi kamen.&lt;\/p&gt;\n\" data-large-file=\"https:\/\/blog.sub.uni-hamburg.de\/wp-content\/uploads\/2018\/01\/Cohn_Unterschrift-kl.jpg\" class=\"size-full wp-image-24185\" title=\"Unterschrift Cohn\" src=\"https:\/\/blog.sub.uni-hamburg.de\/wp-content\/uploads\/2018\/01\/Cohn_Unterschrift-kl.jpg\" alt=\"Unterschrift Cohn\" width=\"350\" height=\"240\" srcset=\"https:\/\/blog.sub.uni-hamburg.de\/wp-content\/uploads\/2018\/01\/Cohn_Unterschrift-kl.jpg 350w, https:\/\/blog.sub.uni-hamburg.de\/wp-content\/uploads\/2018\/01\/Cohn_Unterschrift-kl-150x103.jpg 150w, https:\/\/blog.sub.uni-hamburg.de\/wp-content\/uploads\/2018\/01\/Cohn_Unterschrift-kl-300x206.jpg 300w\" sizes=\"auto, (max-width: 350px) 100vw, 350px\" \/><\/a><\/p>\n<div style=\"font-size: 12px; line-height: 1.2; margin-bottom: 0;\">Diese Unterschrift von Gustav Gabriel Cohn fanden wir in der <br \/> Mehrheit der \u00fcber 70 B\u00fccher, die als Raubgut aus seiner Bibliothek <br \/> in die Best\u00e4nde der Stabi kamen.<\/div>\n<p>&nbsp;<\/p>\n<\/div>\n<p>Vermutlich nahm er zumindest einen Teil seiner Bibliothek dorthin mit. Der mit Cohn befreundete Lehrer Jakob Katzenstein beschrieb nach dem Krieg Cohns Verh\u00e4ltnis zu seinen B\u00fcchern: \u201eIch war [zum] Zeitpunkt der Deportierung von Herrn Cohn noch in Hamburg und habe Herrn Cohn noch einen Tag vor der Deportierung gesehen. [\u2026] Der Gedanke, dass Herr Cohn freiwillig seiner Bibliothek oder Teile derselben [wegge-]geben haette, ist einfach absurd. F\u00fcr Herrn Cohn bedeutete der Besitz der Bibliothek nicht ein Hobby, sondern die Besch\u00e4ftigung mit einem Lebensinhalt. Selbst schwere wirtschaftliche Notlage h\u00e4tte Herrn Cohn nicht veranlassen k\u00f6nnen, seine B\u00fccher aufzugeben. Ich bin sogar davon \u00fcberzeugt, dass Herr Cohn lieber gehungert h\u00e4tte als sich von seinen B\u00fcchern zu trennen.\u201c Vgl. StAHH, 213-13 6039, Erkl\u00e4rung J. Katzenstein, 4.12.1958.<\/p>\n<p>Die Verfolgung nahm f\u00fcr Gustav Gabriel Cohn und seine S\u00f6hne im Sommer 1942 lebensbedrohliche Z\u00fcge an: Am 11. Juli 1942 wurde Nathan Walter Cohn 47j\u00e4hrig aus Hamburg nach Auschwitz deportiert. Sein Vater, Gustav Gabriel, vier Tage sp\u00e4ter nach Theresienstadt. Adolph Cohn, der in Amsterdam inzwischen Frau und zwei Kinder hatte, ging in den Untergrund. Im August wurde Simon Cohn in Frankreich inhaftiert und \u00fcber Drancy nach Auschwitz deportiert.<\/p>\n<div style=\"float: left; padding-left: 0px; margin-right: 25px; margin-bottom: 10px;\">\n<p><a href=\"https:\/\/blog.sub.uni-hamburg.de\/wp-content\/uploads\/2018\/01\/Buchruecken-gr-e1517428845357.jpg\"><img loading=\"lazy\" decoding=\"async\" data-attachment-id=\"24187\" data-permalink=\"https:\/\/blog.sub.uni-hamburg.de\/?attachment_id=24187\" data-orig-file=\"https:\/\/blog.sub.uni-hamburg.de\/wp-content\/uploads\/2018\/01\/Buchruecken-kl-e1517428822788.jpg\" data-orig-size=\"350,442\" data-comments-opened=\"1\" data-image-meta=\"{&quot;aperture&quot;:&quot;0&quot;,&quot;credit&quot;:&quot;&quot;,&quot;camera&quot;:&quot;&quot;,&quot;caption&quot;:&quot;&quot;,&quot;created_timestamp&quot;:&quot;0&quot;,&quot;copyright&quot;:&quot;&quot;,&quot;focal_length&quot;:&quot;0&quot;,&quot;iso&quot;:&quot;0&quot;,&quot;shutter_speed&quot;:&quot;0&quot;,&quot;title&quot;:&quot;&quot;,&quot;orientation&quot;:&quot;0&quot;}\" data-image-title=\"Buchr\u00fccken\" data-image-description=\"&lt;p&gt;Buchr\u00fccken&lt;\/p&gt;\n\" data-image-caption=\"&lt;p&gt;Erst beim zweiten Hinsehen verstanden wir, dass diese Pr\u00e4gung auf dem Buchr\u00fccken nicht etwa auf den Autoren sondern auf Markus Cohn als Vorbesitzer hinweist. Er hinterlie\u00df seinem Sohn Gustav Gabriel seine Bibliothek, die zum Grundstock f\u00fcr dessen Sammlung wurde.&lt;\/p&gt;\n\" data-large-file=\"https:\/\/blog.sub.uni-hamburg.de\/wp-content\/uploads\/2018\/01\/Buchruecken-kl-e1517428822788.jpg\" class=\"size-full wp-image-24187\" title=\"Buchr\u00fccken\" src=\"https:\/\/blog.sub.uni-hamburg.de\/wp-content\/uploads\/2018\/01\/Buchruecken-kl-e1517428822788.jpg\" alt=\"Buchr\u00fccken\" width=\"300\" height=\"379\" srcset=\"https:\/\/blog.sub.uni-hamburg.de\/wp-content\/uploads\/2018\/01\/Buchruecken-kl-e1517428822788.jpg 350w, https:\/\/blog.sub.uni-hamburg.de\/wp-content\/uploads\/2018\/01\/Buchruecken-kl-e1517428822788-119x150.jpg 119w, https:\/\/blog.sub.uni-hamburg.de\/wp-content\/uploads\/2018\/01\/Buchruecken-kl-e1517428822788-238x300.jpg 238w\" sizes=\"auto, (max-width: 300px) 100vw, 300px\" \/><\/a><\/p>\n<div style=\"font-size: 12px; line-height: 1.2; margin-bottom: 0;\">Erst beim zweiten Hinsehen verstanden wir, dass diese <br \/> Pr\u00e4gung auf dem Buchr\u00fccken nicht etwa auf den Autoren <br \/> sondern auf Markus Cohn als Vorbesitzer hinweist. <br \/> Er hinterlie\u00df seinem Sohn Gustav Gabriel seine Bibliothek,<br \/>  die zum Grundstock f\u00fcr dessen Sammlung wurde.<\/div>\n<p>&nbsp;<\/p>\n<\/div>\n<p>Gustav Gabriel Cohn und seine S\u00f6hne Nathan Walter und Simon \u00fcberlebten den Holocaust nicht. Adolph Cohn und seine Familie musste bis Kriegsende immer wieder ihr Versteck wechseln. Seine S\u00f6hne Michal und Uriel, 2- bzw. 5j\u00e4hrig, waren, oft auch getrennt von den Eltern, auf Bauernh\u00f6fen untergebracht. Sie \u00fcberlebten mit viel Gl\u00fcck. Adolphs Sohn Uriel Cohn lebt heute in der N\u00e4he von Jerusalem und wird die B\u00fccher wieder in die Obhut der Familie nehmen.<\/p>\n<p>Die Provenienzrecherche gestaltete sich als aufwendig, da immer neue Besitzvermerke auch auf die Bibliothek Gustav Gabriel Cohns zur\u00fcck zu f\u00fchren waren.<\/p>\n<p>Dazu gestaltete sich der Versand nach Israel als kompliziert, konnte nun aber mit Hilfe des Ausw\u00e4rtigen Amtes erfolgen. Aus logistischen Gr\u00fcnden wurden zun\u00e4chst 10 B\u00fccher restituiert. Drei B\u00e4nde stammen aus dem 16. Jahrhundert und geh\u00f6rten damit zu den ganz fr\u00fchen Buchdrucken. Das Werk von Yits\u1e25a\u1e33 Natan ben \u1e32alonimus stammt dabei aus den Best\u00e4nden des &#8220;Instituts f\u00fcr die Geschichte der deutschen Juden&#8221;, das sich f\u00fcr diese Restitution mit der Stabi zusammengetan hat:<\/p>\n<ul>\n<li>Yits\u1e25a\u1e33 Natan ben \u1e32alonimus: <a href=\"https:\/\/kataloge.uni-hamburg.de\/DB=1\/XMLPRS=N\/PPN?PPN=587381590\">Me\u02beir nativ: ha-ni\u1e33ra \u1e33on\u1e33ordan\u015biya\u015b &#8230; \/ [she-\u1e25iber ha-filosof ha-elohi he-\u1e25akham R. Mordekhai<\/a>, \u1e7eenetsi\u02beah : Bomberg, [5]284 [1523]<\/li>\n<li>Ya\u02bfa\u1e33ov ben Asher: <a href=\"https:\/\/kataloge.uni-hamburg.de\/DB=1\/XMLPRS=N\/PPN?PPN=558878504\">Ora\u1e25 \u1e24ajim<\/a>, Venedig: DiGara, 1589<\/li>\n<li>Eliyahu Ba\u1e25ur (auch Eliya Levita genannt): <a href=\"https:\/\/kataloge.uni-hamburg.de\/DB=1\/XMLPRS=N\/PPN?PPN=333190637\">Sefer ha-\u1e6da\u02bfamim|| ve-sefer masoret ha-masoret:||<\/a> = Accen||tvvm Hebraicorvm Li-||ber unus, ab Elia Iud\u00e6o \u00e6ditus,|| &amp; iam diu desideratus.|| Item liber Traditionum ab eodem conscriptus,|| cui uberrima accessit pr\u00e6fatio, qu\u00e6 totam hebrai-||c\u00e6 lingu\u00e6 explicat ratione[m], traditq[ue] ea qu\u00e6 Gram-||matic\u00e6 hactenus deesse uidebantur.|| Ex his multa in fauorem studiosorum la-||tin\u00e8 sunt reddita per Sebast. Munsterum, pr\u00e6||sertim ea qu\u00e6 inexercitatum [!] lectorem iuua-||re poterunt\u2026, Basileae : Petrus, 1539.<\/li>\n<\/ul>\n<p>Auch <a href=\"https:\/\/kataloge.uni-hamburg.de\/DB=1\/SET=10\/TTL=1\/CMD?ACT=SRCH&amp;IKT=46&amp;SRT=YOP&amp;TRM=ns-raubgut+restitution+2018-01-11\">alle anderen nun restituierten B\u00e4nde<\/a> lassen sich noch im Katalog einsehen und ihre Raubgut-Geschichte nachvollziehen. F\u00fcr die noch in den Stabi-Best\u00e4nden verbliebenen B\u00fccher aus der Sammlung Cohn soll ebenfalls schnellstm\u00f6glich im Einvernehmen mit den Erben eine L\u00f6sung gefunden werden. Ende Februar wird nun auch ein <a href=\"http:\/\/www.stolpersteine-hamburg.de\/?MAIN_ID=6&amp;RECORD_ID=356\">Stolperstein<\/a> f\u00fcr Gustav Gabriel Cohn verlegt werden.<\/p>\n<hr \/>\n<h3 id=\"en\">Books from Gustav Gabriel Cohn\u2019s library restituted<\/h3>\n<p>On January 22nd, the Hamburg State and University Library was able to send 10 books on their way to Israel. All of these Hebraic volumes originally came from the library of Gustav Gabriel Cohn, a Hamburg based broker-dealer who had compiled a large private collection of Jewish religious literature in the course of his life.<br \/>\nPresumably as part of the confiscated property after his deportation, Cohn&#8217;s books came to the holdings of the Stabi, where they were discovered as part of the hitherto uncatalogued so-called &#8220;historical stock&#8221; only much later.<\/p>\n<p>Gustav Gabriel Cohn was born in Rawitsch in what was then Posen, the son of the Jewish religion teacher Markus Cohn and his wife Pauline n\u00e9e Brie. As a young man he went to Berlin, where he spent about ten years and completed his education at the Rabbinical Seminary. Still in Berlin, he then decided for a secular career as a banker and financial broker.<\/p>\n<p>He stayed in Hamburg since about 1887, where he lived with his growing family  since about 1900 in a spacious apartment in Grindelallee 166 , in which he expanded his library for almost four decades. His six sons were born between 1893 and 1910.<\/p>\n<p>Since 1933, the Cohn family had been torn apart by the progressive persecution. Gustav Gabriel Cohn&#8217;s wife Ella died young in 1917. In 1935 the sons Adolph (Netherlands) and Leon (Palestine) went into exile. Marcus followed Adolph to the Netherlands in 1937, later went via London to Argentina. Son Simon fled to France in 1939. Only Nathan Walter stayed in Hamburg. Gustav Gabriel Cohn himself had to change houses several times. He first moved to a smaller apartment in the Klosterallee. In 1942 he was forced to live in Dillstrasse 15, one of the so-called &#8220;Judenh\u00e4user&#8221; in which Jews were quartered in very cramped conditions.<\/p>\n<p>He probably took at least part of his library there. Jakob Katzenstein, a friend of Cohn, described Cohn&#8217;s relationship with his books after the war: &#8220;At the time of Mr. Cohn&#8217;s deportation, I was still in Hamburg and saw Mr. Cohn one day before the deportation. [&#8230;] The thought that Mr. Cohn voluntarily gave away his library or parts of it is simply absurd. [\u2026] Even serious economic hardship could not have caused Mr. Cohn to give up his books. I&#8217;m even convinced that Mr. Cohn would have preferred to go hungry rather than part with his books.\u201c  <\/p>\n<p>The persecution took on life-threatening traits for Gustav Gabriel Cohn and his sons in the summer of 1942. On July 11th 1942, Nathan Walter Cohn was deported from Hamburg to Auschwitz at the age of 47. Gustav Gabriel Cohn himself was deported four days later to Theresienstadt. Adolph Cohn, who now had a wife and two children in Amsterdam, went into hiding. In August, Simon Cohn was arrested in France and deported via Drancy to Auschwitz.<\/p>\n<p>Gustav Gabriel Cohn and his sons Nathan Walter and Simon did not survive the Holocaust. Adolph Cohn and his family had to change their hiding place until the end of the war. His sons Michal and Uriel, at the age of two and five, were hidden on farms, often separated from their <a href=\"http:\/\/www.yadvashem.org\/yv\/en\/exhibitions\/bearing-witness\/treasured-chest.asp\">parents<\/a>. They were extremely lucky to have survived. Adolph&#8217;s son Uriel Cohn now lives near Jerusalem and will take the books of his grandfather back into the family\u2019s possession.<\/p>\n<p>The provenance research turned out to be complicated, as more and more ownership notes were identified as to leading back to the library of Gustav Gabriel Cohn.<\/p>\n<p>The shipping to Israel also proved difficult, but could be realized in the end with the help of the Foreign Office. For logistical reasons, only ten books were restituted as a start. Three volumes date from the 16th century and were thus among the very early printed books:<\/p>\n<p>Yits\u1e25a\u1e33 Natan ben \u1e32alonimus: <a href=\"https:\/\/kataloge.uni-hamburg.de\/DB=1\/SET=2\/TTL=1\/CMD?ACT=SRCHA&#038;IKT=5025&#038;SRT=YOP&#038;TRM=h+nata\">Me\u02beir nativ : ha-ni\u1e33ra \u1e33on\u1e33ordan\u015biya\u015b<\/a> &#8230; \/ [she-\u1e25iber ha-filosof ha-elohi he-\u1e25akham R. Mordekhai, \u1e7eenetsi\u02beah : Bomberg, [5]284 [1523]<\/p>\n<p>Ya\u02bfa\u1e33ov ben Asher: <a href=\"https:\/\/kataloge.uni-hamburg.de\/DB=1\/SET=3\/TTL=1\/CMD?ACT=SRCHA&#038;IKT=5025&#038;SRT=YOP&#038;TRM=h+jakob+a\">Ora\u1e25 \u1e24ajim<\/a>, Venedig : DiGara, 1589<\/p>\n<p>Eliyahu Ba\u1e25ur (auch Eliya Levita genannt): <a href=\"https:\/\/kataloge.uni-hamburg.de\/DB=1\/SET=3\/TTL=1\/CMD?ACT=SRCHA&#038;IKT=5025&#038;SRT=YOP&#038;TRM=A+617620\">Sefer ha-\u1e6da\u02bfamim<\/a>|| ve-sefer masoret ha-masoret:|| = Accen||tvvm Hebraicorvm Li-||ber unus, ab Elia Iud\u00e6o \u00e6ditus,|| &#038; iam diu desideratus.|| Item liber Traditionum ab eodem conscriptus,|| cui uberrima accessit pr\u00e6fatio, qu\u00e6 totam hebrai-||c\u00e6 lingu\u00e6 explicat ratione[m], traditq[ue] ea qu\u00e6 Gram-||matic\u00e6 hactenus deesse uidebantur.|| Ex his multa in fauorem studiosorum la-||tin\u00e8 sunt reddita per Sebast. Munsterum, pr\u00e6||sertim ea qu\u00e6 inexercitatum [!] lectorem iuua-||re poterunt\u2026, Basileae : Petrus, 1539.<\/p>\n<p>All other <a href=\"https:\/\/kataloge.uni-hamburg.de\/DB=1\/SET=10\/TTL=1\/CMD?ACT=SRCH&#038;IKT=46&#038;SRT=YOP&#038;TRM=ns-raubgut+restitution+2018-01-11\">restituted volumes<\/a> can still be found in the catalog to understand their looted property history. For the remaining books in the Stabi from the collection of Gustav Gabriel Cohn, a suitable solution will also be found as soon as possible in agreement with the heirs. At the end of February, a \u201c<a href=\"http:\/\/www.stolpersteine-hamburg.de\/?MAIN_ID=6&#038;RECORD_ID=356\">Stolperstein<\/a>\u201d for Gustav Gabriel Cohn will be placed at his last address Dillstra\u00dfe 15.<\/p>\n","protected":false},"excerpt":{"rendered":"<p>English Translation Von Anna von Villiez. Das einzige erhaltene Bild von Gustav Gabriel Cohn (1863\u2013 1942), Quelle: Privatbesitz &nbsp; Am 22. Januar konnte die Stabi\u00a0in Kooperation mit dem Institut f\u00fcr die Geschichte der deutschen Juden 10 B\u00fccher im Rahmen einer Restitution auf den Weg nach Israel bringen. Die Werke, allesamt Hebraika, stammten urspr\u00fcnglich aus der [&hellip;]<\/p>\n","protected":false},"author":38,"featured_media":0,"comment_status":"open","ping_status":"open","sticky":false,"template":"","format":"standard","meta":{"jetpack_post_was_ever_published":false,"_jetpack_newsletter_access":"","_jetpack_dont_email_post_to_subs":false,"_jetpack_newsletter_tier_id":0,"_jetpack_memberships_contains_paywalled_content":false,"_jetpack_memberships_contains_paid_content":false,"footnotes":"","jetpack_publicize_message":"","jetpack_publicize_feature_enabled":true,"jetpack_social_post_already_shared":true,"jetpack_social_options":{"image_generator_settings":{"template":"highway","default_image_id":0,"font":"","enabled":false},"version":2}},"categories":[1,17],"tags":[102],"class_list":["post-24180","post","type-post","status-publish","format-standard","hentry","category-1","category-hamburg","tag-nsraubgut"],"views":4892,"jetpack_publicize_connections":[],"jetpack_featured_media_url":"","jetpack_shortlink":"https:\/\/wp.me\/p7hfNR-6i0","jetpack-related-posts":[{"id":24934,"url":"https:\/\/blog.sub.uni-hamburg.de\/?p=24934","url_meta":{"origin":24180,"position":0},"title":"Stolperstein f\u00fcr Gustav Gabriel Cohn","author":"Markus Trapp","date":"07-05-18","format":false,"excerpt":"Am 24.4.2018 fand eine feierliche Zeremonie anl\u00e4sslich der Stolpersteinverlegung f\u00fcr Gustav Gabriel Cohn statt. F\u00fcr diese Feierlichkeit waren die Enkels\u00f6hne Michael aus den Niederlanden und Uriel mit seiner Familie aus Israel angereist. Gustav Gabriel Cohn war ein Hamburger Fondsmakler, der im Laufe seines Lebens eine umfangreiche Privatbibliothek zu religi\u00f6ser Literatur\u2026","rel":"","context":"In &quot;Aktuelles&quot;","block_context":{"text":"Aktuelles","link":"https:\/\/blog.sub.uni-hamburg.de\/?cat=1"},"img":{"alt_text":"","src":"https:\/\/i0.wp.com\/blog.sub.uni-hamburg.de\/wp-content\/uploads\/2018\/05\/Buecheruebergabe-kl.jpg?resize=350%2C200&ssl=1","width":350,"height":200,"srcset":"https:\/\/i0.wp.com\/blog.sub.uni-hamburg.de\/wp-content\/uploads\/2018\/05\/Buecheruebergabe-kl.jpg?resize=350%2C200&ssl=1 1x, https:\/\/i0.wp.com\/blog.sub.uni-hamburg.de\/wp-content\/uploads\/2018\/05\/Buecheruebergabe-kl.jpg?resize=525%2C300&ssl=1 1.5x"},"classes":[]},{"id":25233,"url":"https:\/\/blog.sub.uni-hamburg.de\/?p=25233","url_meta":{"origin":24180,"position":1},"title":"NDR-Bericht \u00fcber Gustav Gabriel Cohn und die Restitution der Stabi Hamburg","author":"Markus Trapp","date":"09-07-18","format":false,"excerpt":"Der NDR hat in der Sendung DAS! am vergangenen Samstag einen Beitrag \u00fcber den Hamburger B\u00fcchersammler Gustav Gabriel Cohn und die Restitution der Stabi der von den Nazis geraubten B\u00fccher an die Erben gezeigt, den Sie hier nachschauen k\u00f6nnen: NDR \u00fcber den j\u00fcdischen B\u00fcchersammler Gustav Gabriel Cohn und die Restitution\u2026","rel":"","context":"In &quot;Medienecho&quot;","block_context":{"text":"Medienecho","link":"https:\/\/blog.sub.uni-hamburg.de\/?cat=14"},"img":{"alt_text":"","src":"https:\/\/i0.wp.com\/blog.sub.uni-hamburg.de\/wp-content\/uploads\/2018\/07\/cohn1.jpg?resize=350%2C200&ssl=1","width":350,"height":200,"srcset":"https:\/\/i0.wp.com\/blog.sub.uni-hamburg.de\/wp-content\/uploads\/2018\/07\/cohn1.jpg?resize=350%2C200&ssl=1 1x, https:\/\/i0.wp.com\/blog.sub.uni-hamburg.de\/wp-content\/uploads\/2018\/07\/cohn1.jpg?resize=525%2C300&ssl=1 1.5x"},"classes":[]},{"id":41424,"url":"https:\/\/blog.sub.uni-hamburg.de\/?p=41424","url_meta":{"origin":24180,"position":2},"title":"Ein Stolperstein f\u00fcr Ida Kiewy \u2013 und eine Restitution von 1.500 Autographen","author":"Redaktion","date":"27-11-25","format":false,"excerpt":"Von Anneke de Rudder. Am 5. November in der Johnsallee 29: Vor dem Vorgarten eines sch\u00f6nen Hauses, gar nicht weit weg von der Stabi wird ein messinggl\u00e4nzender neuer Stolperstein in den Gehweg eingelassen. Darauf steht: \u201eHier wohnte Ida Kiewy geb. Engelmann, Jg. 1868, deportiert 1942 Theresienstadt, befreit\u201c. Wenige d\u00fcrre Zeilen,\u2026","rel":"","context":"In &quot;Aktuelles&quot;","block_context":{"text":"Aktuelles","link":"https:\/\/blog.sub.uni-hamburg.de\/?cat=1"},"img":{"alt_text":"","src":"https:\/\/i0.wp.com\/blog.sub.uni-hamburg.de\/wp-content\/uploads\/2025\/11\/stolperstein.jpg?resize=350%2C200&ssl=1","width":350,"height":200,"srcset":"https:\/\/i0.wp.com\/blog.sub.uni-hamburg.de\/wp-content\/uploads\/2025\/11\/stolperstein.jpg?resize=350%2C200&ssl=1 1x, https:\/\/i0.wp.com\/blog.sub.uni-hamburg.de\/wp-content\/uploads\/2025\/11\/stolperstein.jpg?resize=525%2C300&ssl=1 1.5x"},"classes":[]},{"id":12341,"url":"https:\/\/blog.sub.uni-hamburg.de\/?p=12341","url_meta":{"origin":24180,"position":3},"title":"Restitution der Bibliothek von Helene und Ignaz Petschek","author":"Markus Trapp","date":"18-07-13","format":false,"excerpt":"Die SUB restituiert die Bibliothek von Helene und Ignaz Petschek an deren Urenkelin Frau Nancy Petschek-Kohn \u201eErwerbung im Ganzen! sehr erw\u00fcnscht\u201c Der lange Weg der Bibliothek Petschek und ihre Identifizierung im Bestand der SUB Hamburg (Am Ende des Artikels finden Sie die Fotos der Veranstaltung zur \u00dcbergabe der Bibliothek Petschek\u2026","rel":"","context":"In &quot;Aktuelles&quot;","block_context":{"text":"Aktuelles","link":"https:\/\/blog.sub.uni-hamburg.de\/?cat=1"},"img":{"alt_text":"","src":"https:\/\/i0.wp.com\/blog.sub.uni-hamburg.de\/wp-content\/uploads\/2013\/07\/rest-petschek-2.jpg?resize=350%2C200&ssl=1","width":350,"height":200,"srcset":"https:\/\/i0.wp.com\/blog.sub.uni-hamburg.de\/wp-content\/uploads\/2013\/07\/rest-petschek-2.jpg?resize=350%2C200&ssl=1 1x, https:\/\/i0.wp.com\/blog.sub.uni-hamburg.de\/wp-content\/uploads\/2013\/07\/rest-petschek-2.jpg?resize=525%2C300&ssl=1 1.5x"},"classes":[]},{"id":2342,"url":"https:\/\/blog.sub.uni-hamburg.de\/?p=2342","url_meta":{"origin":24180,"position":4},"title":"NS-Raubgut: Ein langer Weg in die Neue Synagoge Berlin","author":"BP","date":"07-06-10","format":false,"excerpt":"Der in 1889 Basel geborene Dr. Heinrich Cohn war neben seiner T\u00e4tigkeit als Feldrabbiner 1917\/18 auch in Berlin Moabit t\u00e4tig. 1939 gl\u00fcckte ihm die Emigration aus Deutschland. \u00dcber Hamburg und die Schweiz gelangte er mit seiner Familie nach Gro\u00dfbritannien, wo er 1966 starb. Sein Besitz ist vermutlich nach seiner Auswanderung\u2026","rel":"","context":"In &quot;Aktuelles&quot;","block_context":{"text":"Aktuelles","link":"https:\/\/blog.sub.uni-hamburg.de\/?cat=1"},"img":{"alt_text":"","src":"https:\/\/i0.wp.com\/blog.sub.uni-hamburg.de\/wp-content\/uploads\/2010\/06\/A_222577_b.jpg?resize=350%2C200&ssl=1","width":350,"height":200,"srcset":"https:\/\/i0.wp.com\/blog.sub.uni-hamburg.de\/wp-content\/uploads\/2010\/06\/A_222577_b.jpg?resize=350%2C200&ssl=1 1x, https:\/\/i0.wp.com\/blog.sub.uni-hamburg.de\/wp-content\/uploads\/2010\/06\/A_222577_b.jpg?resize=525%2C300&ssl=1 1.5x, https:\/\/i0.wp.com\/blog.sub.uni-hamburg.de\/wp-content\/uploads\/2010\/06\/A_222577_b.jpg?resize=700%2C400&ssl=1 2x, https:\/\/i0.wp.com\/blog.sub.uni-hamburg.de\/wp-content\/uploads\/2010\/06\/A_222577_b.jpg?resize=1050%2C600&ssl=1 3x, https:\/\/i0.wp.com\/blog.sub.uni-hamburg.de\/wp-content\/uploads\/2010\/06\/A_222577_b.jpg?resize=1400%2C800&ssl=1 4x"},"classes":[]},{"id":4772,"url":"https:\/\/blog.sub.uni-hamburg.de\/?p=4772","url_meta":{"origin":24180,"position":5},"title":"Projekt \u201eNS-Raubgut in der Stabi\u201c wird weiter gef\u00f6rdert","author":"Markus Trapp","date":"27-04-11","format":false,"excerpt":"Mit einer Presseerkl\u00e4rung vom 26.4.2011 hat der Beauftragte f\u00fcr Kultur und Medien, Staatsminister Bernd Neumann bekannt gegeben, welche Provenienzforschungsprojekte finanziell unterst\u00fctzt werden. Neben zehn neuen, werden sieben bereits laufende Projekte finanziert, darunter auch das der Stabi Hamburg. \u201eWir sind sehr froh, dass wir unsere 2006 begonnene und seit 2009 gef\u00f6rderte\u2026","rel":"","context":"In &quot;Aktuelles&quot;","block_context":{"text":"Aktuelles","link":"https:\/\/blog.sub.uni-hamburg.de\/?cat=1"},"img":{"alt_text":"Die Stimme Jakobs : volksth\u00fcmliche Aufs\u00e4tze \u00fcber Israels Weltanschauung","src":"https:\/\/i0.wp.com\/blog.sub.uni-hamburg.de\/wp-content\/uploads\/2011\/04\/stimme-jakobs.jpg?resize=350%2C200&ssl=1","width":350,"height":200,"srcset":"https:\/\/i0.wp.com\/blog.sub.uni-hamburg.de\/wp-content\/uploads\/2011\/04\/stimme-jakobs.jpg?resize=350%2C200&ssl=1 1x, https:\/\/i0.wp.com\/blog.sub.uni-hamburg.de\/wp-content\/uploads\/2011\/04\/stimme-jakobs.jpg?resize=525%2C300&ssl=1 1.5x"},"classes":[]}],"jetpack_sharing_enabled":true,"_links":{"self":[{"href":"https:\/\/blog.sub.uni-hamburg.de\/index.php?rest_route=\/wp\/v2\/posts\/24180","targetHints":{"allow":["GET"]}}],"collection":[{"href":"https:\/\/blog.sub.uni-hamburg.de\/index.php?rest_route=\/wp\/v2\/posts"}],"about":[{"href":"https:\/\/blog.sub.uni-hamburg.de\/index.php?rest_route=\/wp\/v2\/types\/post"}],"author":[{"embeddable":true,"href":"https:\/\/blog.sub.uni-hamburg.de\/index.php?rest_route=\/wp\/v2\/users\/38"}],"replies":[{"embeddable":true,"href":"https:\/\/blog.sub.uni-hamburg.de\/index.php?rest_route=%2Fwp%2Fv2%2Fcomments&post=24180"}],"version-history":[{"count":37,"href":"https:\/\/blog.sub.uni-hamburg.de\/index.php?rest_route=\/wp\/v2\/posts\/24180\/revisions"}],"predecessor-version":[{"id":24402,"href":"https:\/\/blog.sub.uni-hamburg.de\/index.php?rest_route=\/wp\/v2\/posts\/24180\/revisions\/24402"}],"wp:attachment":[{"href":"https:\/\/blog.sub.uni-hamburg.de\/index.php?rest_route=%2Fwp%2Fv2%2Fmedia&parent=24180"}],"wp:term":[{"taxonomy":"category","embeddable":true,"href":"https:\/\/blog.sub.uni-hamburg.de\/index.php?rest_route=%2Fwp%2Fv2%2Fcategories&post=24180"},{"taxonomy":"post_tag","embeddable":true,"href":"https:\/\/blog.sub.uni-hamburg.de\/index.php?rest_route=%2Fwp%2Fv2%2Ftags&post=24180"}],"curies":[{"name":"wp","href":"https:\/\/api.w.org\/{rel}","templated":true}]}}