{"id":23712,"date":"2017-10-30T17:07:29","date_gmt":"2017-10-30T16:07:29","guid":{"rendered":"https:\/\/blog.sub.uni-hamburg.de\/?p=23712"},"modified":"2017-11-15T23:27:21","modified_gmt":"2017-11-15T22:27:21","slug":"hamburg-als-zentrum-juedisch-christlicher-konversionen-in-der-fruehen-neuzeit-1667-1760","status":"publish","type":"post","link":"https:\/\/blog.sub.uni-hamburg.de\/?p=23712","title":{"rendered":"Hamburg als Zentrum j\u00fcdisch-christlicher Konversionen in der Fr\u00fchen Neuzeit (1667-1760) [15.11.]"},"content":{"rendered":"<p><strong>Vortrag von Dr. Jutta Braden<br \/>\nMittwoch, 15. November 2017, 18 Uhr<br \/>\nOrt: Vortragsraum, 1. Etage, der Eintritt ist frei.<\/strong><\/p>\n<p><a href=\"https:\/\/blog.sub.uni-hamburg.de\/wp-content\/uploads\/2017\/10\/17-VHG-Braden-Nov15.jpg\"><img loading=\"lazy\" decoding=\"async\" data-attachment-id=\"23714\" data-permalink=\"https:\/\/blog.sub.uni-hamburg.de\/?attachment_id=23714\" data-orig-file=\"https:\/\/blog.sub.uni-hamburg.de\/wp-content\/uploads\/2017\/10\/17-VHG-Braden-Nov15-kl.jpg\" data-orig-size=\"300,318\" data-comments-opened=\"1\" data-image-meta=\"{&quot;aperture&quot;:&quot;0&quot;,&quot;credit&quot;:&quot;&quot;,&quot;camera&quot;:&quot;&quot;,&quot;caption&quot;:&quot;&quot;,&quot;created_timestamp&quot;:&quot;0&quot;,&quot;copyright&quot;:&quot;&quot;,&quot;focal_length&quot;:&quot;0&quot;,&quot;iso&quot;:&quot;0&quot;,&quot;shutter_speed&quot;:&quot;0&quot;,&quot;title&quot;:&quot;&quot;,&quot;orientation&quot;:&quot;0&quot;}\" data-image-title=\"17-VHG&amp;#8211;Braden-Nov15-kl\" data-image-description=\"\" data-image-caption=\"\" data-large-file=\"https:\/\/blog.sub.uni-hamburg.de\/wp-content\/uploads\/2017\/10\/17-VHG-Braden-Nov15-kl.jpg\" src=\"https:\/\/blog.sub.uni-hamburg.de\/wp-content\/uploads\/2017\/10\/17-VHG-Braden-Nov15-kl.jpg\" alt=\"\" width=\"300\" height=\"318\" class=\"alignleft size-full wp-image-23714\" srcset=\"https:\/\/blog.sub.uni-hamburg.de\/wp-content\/uploads\/2017\/10\/17-VHG-Braden-Nov15-kl.jpg 300w, https:\/\/blog.sub.uni-hamburg.de\/wp-content\/uploads\/2017\/10\/17-VHG-Braden-Nov15-kl-142x150.jpg 142w, https:\/\/blog.sub.uni-hamburg.de\/wp-content\/uploads\/2017\/10\/17-VHG-Braden-Nov15-kl-283x300.jpg 283w\" sizes=\"auto, (max-width: 300px) 100vw, 300px\" \/><\/a> Bestimmend f\u00fcr j\u00fcdisch-christliche Konversionen im fr\u00fchneuzeitlichen Hamburg war das orthodoxe Luthertum, das die j\u00fcdische Religion f\u00fcr Gottesl\u00e4sterung und die Bekehrung der Juden zum Christentum f\u00fcr erstrebenswert hielt. In Hamburg manifestierte sich diese Idee in einer Stiftung, die der Orientalist Esdras Edzardi (1629-1708) 1667 zur Bef\u00f6rderung der Judenbekehrung gr\u00fcndete. Der Vortrag berichtet \u00fcber die Stiftung und die Hamburger, die sie unterst\u00fctzten. In der Folge wuchs die Zahl an Konvertiten, die als Grenzg\u00e4nger zwischen zwei Religionen ein eigenes Bev\u00f6lkerungssegment im Randbereich zwischen Judentum und Christentum bildeten.<\/p>\n<p><a href=\"http:\/\/www.vfhg.de\/\"><img loading=\"lazy\" decoding=\"async\" data-attachment-id=\"2011\" data-permalink=\"https:\/\/blog.sub.uni-hamburg.de\/?attachment_id=2011\" data-orig-file=\"https:\/\/blog.sub.uni-hamburg.de\/wp-content\/uploads\/2010\/05\/VHG-Logo.jpg\" data-orig-size=\"145,146\" data-comments-opened=\"1\" data-image-meta=\"{&quot;aperture&quot;:&quot;0&quot;,&quot;credit&quot;:&quot;&quot;,&quot;camera&quot;:&quot;&quot;,&quot;caption&quot;:&quot;&quot;,&quot;created_timestamp&quot;:&quot;0&quot;,&quot;copyright&quot;:&quot;&quot;,&quot;focal_length&quot;:&quot;0&quot;,&quot;iso&quot;:&quot;0&quot;,&quot;shutter_speed&quot;:&quot;0&quot;,&quot;title&quot;:&quot;&quot;}\" data-image-title=\"VHG-Logo\" data-image-description=\"\" data-image-caption=\"\" data-large-file=\"https:\/\/blog.sub.uni-hamburg.de\/wp-content\/uploads\/2010\/05\/VHG-Logo.jpg\" class=\"alignright size-full wp-image-2011\" title=\"Verein f\u00fcr Hamburgische Geschichte\" src=\"https:\/\/blog.sub.uni-hamburg.de\/wp-content\/uploads\/2010\/05\/VHG-Logo.jpg\" alt=\"Verein f\u00fcr Hamburgische Geschichte\" width=\"145\" height=\"146\" align=\"right\" \/><\/a> Die Historikerin <a href=\"http:\/\/juedische-geschichte-online.net\/person\/gnd\/123078172\">Jutta Braden<\/a> forscht zur deutsch-j\u00fcdischen Geschichte in der Fr\u00fchen Neuzeit, mit einem Schwerpunkt auf j\u00fcdisch-christlichen Konversionen im Hamburg des 17. bis 19. Jahrhunderts.<\/p>\n<p>Eine Veranstaltung des <a href=\"http:\/\/vfhg.de\/\">Vereins f\u00fcr Hamburgische Geschichte<\/a> in Zusammenarbeit mit der Staats- und Universit\u00e4tsbibliothek Hamburg.<\/p>\n","protected":false},"excerpt":{"rendered":"<p>Vortrag von Dr. Jutta Braden Mittwoch, 15. November 2017, 18 Uhr Ort: Vortragsraum, 1. Etage, der Eintritt ist frei. Bestimmend f\u00fcr j\u00fcdisch-christliche Konversionen im fr\u00fchneuzeitlichen Hamburg war das orthodoxe Luthertum, das die j\u00fcdische Religion f\u00fcr Gottesl\u00e4sterung und die Bekehrung der Juden zum Christentum f\u00fcr erstrebenswert hielt. In Hamburg manifestierte sich diese Idee in einer Stiftung, [&hellip;]<\/p>\n","protected":false},"author":19,"featured_media":0,"comment_status":"open","ping_status":"open","sticky":false,"template":"","format":"standard","meta":{"jetpack_post_was_ever_published":false,"_jetpack_newsletter_access":"","_jetpack_dont_email_post_to_subs":false,"_jetpack_newsletter_tier_id":0,"_jetpack_memberships_contains_paywalled_content":false,"_jetpack_memberships_contains_paid_content":false,"footnotes":"","jetpack_publicize_message":"","jetpack_publicize_feature_enabled":true,"jetpack_social_post_already_shared":true,"jetpack_social_options":{"image_generator_settings":{"template":"highway","default_image_id":0,"font":"","enabled":false},"version":2}},"categories":[9,17],"tags":[],"class_list":["post-23712","post","type-post","status-publish","format-standard","hentry","category-ausstellungen","category-hamburg"],"views":2042,"jetpack_publicize_connections":[],"jetpack_featured_media_url":"","jetpack_shortlink":"https:\/\/wp.me\/p7hfNR-6as","jetpack-related-posts":[{"id":11079,"url":"https:\/\/blog.sub.uni-hamburg.de\/?p=11079","url_meta":{"origin":23712,"position":0},"title":"Vortrag \u00fcber Anton R\u00e9e, K\u00e4mpfer f\u00fcr die sociale Emanzipation der Juden (27.2.)","author":"MG","date":"12-02-13","format":false,"excerpt":"\u00a0 Inka Le-Huu: Anton R\u00e9e, ein K\u00e4mpfer f\u00fcr die sociale Emanzipation der Juden. J\u00fcdisch-christliche Begegnungen im Hamburger B\u00fcrgertum Mittwoch 27. Februar 2013, 18 Uhr Vortragsraum, 1. Etage, Eintritt frei Anton R\u00e9e (1815\u20131891) hat sich Zeit seines Lebens f\u00fcr die Emanzipation der Juden eingesetzt. Sein Engagement galt dabei besonders der \u201esocialen\u2026","rel":"","context":"In &quot;Ausstellungen und Veranstaltungen&quot;","block_context":{"text":"Ausstellungen und Veranstaltungen","link":"https:\/\/blog.sub.uni-hamburg.de\/?cat=9"},"img":{"alt_text":"13-VHG-Feb-Ree-klein","src":"https:\/\/i0.wp.com\/blog.sub.uni-hamburg.de\/wp-content\/uploads\/2013\/02\/13-VHG-Feb-Ree-klein.jpg?resize=350%2C200&ssl=1","width":350,"height":200},"classes":[]},{"id":20419,"url":"https:\/\/blog.sub.uni-hamburg.de\/?p=20419","url_meta":{"origin":23712,"position":1},"title":"Der Schabbat &#8211; Grundlagen des j\u00fcdischen Glaubens (14.7.)","author":"Markus Trapp","date":"29-06-16","format":false,"excerpt":"Eine Veranstaltung der Friedrich-Naumann-Stiftung f\u00fcr die Freiheit in Kooperation mit der Deutsch-Israelischen Gesellschaft Hamburg. Ca. 100.000 Juden leben in Deutschland. Die meisten davon d\u00fcrften die deutsche Staatsangeh\u00f6rigkeit haben. Sie sind l\u00e4ngst ein selbstverst\u00e4ndlicher Teil unserer Gesellschaft. Auch wenn wiederum nur ein Teil von ihnen als \u201ereligi\u00f6s\u201c betrachtet werden kann, so\u2026","rel":"","context":"In &quot;Ausstellungen und Veranstaltungen&quot;","block_context":{"text":"Ausstellungen und Veranstaltungen","link":"https:\/\/blog.sub.uni-hamburg.de\/?cat=9"},"img":{"alt_text":"Der Schabbat - Grundlagen des j\u00fcdischen Glaubens","src":"https:\/\/i0.wp.com\/blog.sub.uni-hamburg.de\/wp-content\/uploads\/2016\/06\/schabbat.png?resize=350%2C200&ssl=1","width":350,"height":200,"srcset":"https:\/\/i0.wp.com\/blog.sub.uni-hamburg.de\/wp-content\/uploads\/2016\/06\/schabbat.png?resize=350%2C200&ssl=1 1x, https:\/\/i0.wp.com\/blog.sub.uni-hamburg.de\/wp-content\/uploads\/2016\/06\/schabbat.png?resize=525%2C300&ssl=1 1.5x"},"classes":[]},{"id":41462,"url":"https:\/\/blog.sub.uni-hamburg.de\/?p=41462","url_meta":{"origin":23712,"position":2},"title":"Weihnukka-Lesung: Dmitrij Kapitelman liest aus \u201eRussische Spezialit\u00e4ten\u201c (8.12.)","author":"Markus Trapp","date":"27-11-25","format":false,"excerpt":"Montag, 8.12., 18 Uhr, Vortragsraum. Die Veranstaltung ist leider ausgebucht. Weihnukka verbindet zwei der popul\u00e4rsten Feste christlicher und j\u00fcdischer Tradition, die an diesem Abend literarisch bei einem Glas Wein, Saft oder Wasser zusammengebracht werden sollen. B\u00fccher stehen im Mittelpunkt: Mitarbeiter:innen des Instituts f\u00fcr die Geschichte der deutschen Juden lesen aus\u2026","rel":"","context":"In &quot;Ausstellungen und Veranstaltungen&quot;","block_context":{"text":"Ausstellungen und Veranstaltungen","link":"https:\/\/blog.sub.uni-hamburg.de\/?cat=9"},"img":{"alt_text":"'Russische Spezialit\u00e4ten', Copyright Hanser Berlin","src":"https:\/\/i0.wp.com\/blog.sub.uni-hamburg.de\/wp-content\/uploads\/2025\/11\/weihnukka-Copyright-Hanser-Berlin.jpg?resize=350%2C200&ssl=1","width":350,"height":200},"classes":[]},{"id":6075,"url":"https:\/\/blog.sub.uni-hamburg.de\/?p=6075","url_meta":{"origin":23712,"position":3},"title":"Buchvorstellung: Israel \u2013 Einf\u00fchrung in ein schwieriges Land (18.10., 19 Uhr)","author":"MG","date":"12-10-11","format":false,"excerpt":"Buchvorstellung und Diskussion mit dem Autor Carlo Strenger Di. 18.10.2011, 19 \u2013 21 Uhr Staats- und Universit\u00e4tsbibliothek Hamburg, Von-Melle-Park 3, 20146 Hamburg, Vortragsraum 1. Etage Eine Veranstaltung von umdenken Heinrich-B\u00f6ll-Stiftung Hamburg e.V. Eintritt frei Staat der Juden, Land der R\u00e4tsel: Eine hochmoderne Gesellschaft mit einer lebensfreudigen, liberalen Kultur, geht Israel\u2026","rel":"","context":"In &quot;Aktuelles&quot;","block_context":{"text":"Aktuelles","link":"https:\/\/blog.sub.uni-hamburg.de\/?cat=1"},"img":{"alt_text":"Foto von Carlo Strenger, Fotograf Ofer Chen","src":"https:\/\/i0.wp.com\/blog.sub.uni-hamburg.de\/wp-content\/uploads\/2011\/10\/11-Carlo-Strenger-300x203.jpg?resize=350%2C200&ssl=1","width":350,"height":200},"classes":[]},{"id":13083,"url":"https:\/\/blog.sub.uni-hamburg.de\/?p=13083","url_meta":{"origin":23712,"position":4},"title":"Vortrag \u00fcber Gabriel Riesser (1806 bis 1863) (20.11.)","author":"Markus Trapp","date":"05-11-13","format":false,"excerpt":"Prof. Dr. Arno Herzig: Gabriel Riesser (1806 bis 1863) \u2013 eine der bedeutendsten Pers\u00f6nlichkeiten des deutschen Judentums im 19. Jahrhundert Am 22. April 1863 starb Gabriel Riesser. Beging die Stadt Hamburg vor 50 Jahren zu seinem 100. Todestag dieses Ereignis noch mit einer Festveranstaltung, so ist seine Pers\u00f6nlichkeit heute im\u2026","rel":"","context":"In &quot;Ausstellungen und Veranstaltungen&quot;","block_context":{"text":"Ausstellungen und Veranstaltungen","link":"https:\/\/blog.sub.uni-hamburg.de\/?cat=9"},"img":{"alt_text":"Gabriel Riesser (1806 bis 1863)","src":"https:\/\/i0.wp.com\/blog.sub.uni-hamburg.de\/wp-content\/uploads\/2013\/11\/stahlstich-riesser.jpg?resize=350%2C200&ssl=1","width":350,"height":200},"classes":[]},{"id":18600,"url":"https:\/\/blog.sub.uni-hamburg.de\/?p=18600","url_meta":{"origin":23712,"position":5},"title":"Wer B\u00fccher findet, lese darin\u2026 Die Bibliothek der J\u00fcdischen Gemeinde Hamburg (6.11.-3.1.)","author":"Markus Trapp","date":"21-10-15","format":false,"excerpt":"Nach einer leidvollen Geschichte und langer Irrfahrt gelangte die Bibliothek der J\u00fcdischen Gemeinde, gegr\u00fcndet 1909, in die Obhut der Staats- und Universit\u00e4tsbibliothek. Der 2012 geschlossene Depositumsvertrag zwischen der J\u00fcdischen Gemeinde Hamburg und der Staats- und Universit\u00e4tsbibliothek bildet die Grundlage f\u00fcr die Verzeichnung und Restaurierung der J\u00fcdischen Gemeindebibliothek. Es grenzt an\u2026","rel":"","context":"In &quot;Ausstellungen und Veranstaltungen&quot;","block_context":{"text":"Ausstellungen und Veranstaltungen","link":"https:\/\/blog.sub.uni-hamburg.de\/?cat=9"},"img":{"alt_text":"","src":"https:\/\/i0.wp.com\/blog.sub.uni-hamburg.de\/wp-content\/uploads\/2015\/10\/jued-gem-bibl-det.jpg?resize=350%2C200&ssl=1","width":350,"height":200},"classes":[]}],"jetpack_sharing_enabled":true,"_links":{"self":[{"href":"https:\/\/blog.sub.uni-hamburg.de\/index.php?rest_route=\/wp\/v2\/posts\/23712","targetHints":{"allow":["GET"]}}],"collection":[{"href":"https:\/\/blog.sub.uni-hamburg.de\/index.php?rest_route=\/wp\/v2\/posts"}],"about":[{"href":"https:\/\/blog.sub.uni-hamburg.de\/index.php?rest_route=\/wp\/v2\/types\/post"}],"author":[{"embeddable":true,"href":"https:\/\/blog.sub.uni-hamburg.de\/index.php?rest_route=\/wp\/v2\/users\/19"}],"replies":[{"embeddable":true,"href":"https:\/\/blog.sub.uni-hamburg.de\/index.php?rest_route=%2Fwp%2Fv2%2Fcomments&post=23712"}],"version-history":[{"count":6,"href":"https:\/\/blog.sub.uni-hamburg.de\/index.php?rest_route=\/wp\/v2\/posts\/23712\/revisions"}],"predecessor-version":[{"id":23759,"href":"https:\/\/blog.sub.uni-hamburg.de\/index.php?rest_route=\/wp\/v2\/posts\/23712\/revisions\/23759"}],"wp:attachment":[{"href":"https:\/\/blog.sub.uni-hamburg.de\/index.php?rest_route=%2Fwp%2Fv2%2Fmedia&parent=23712"}],"wp:term":[{"taxonomy":"category","embeddable":true,"href":"https:\/\/blog.sub.uni-hamburg.de\/index.php?rest_route=%2Fwp%2Fv2%2Fcategories&post=23712"},{"taxonomy":"post_tag","embeddable":true,"href":"https:\/\/blog.sub.uni-hamburg.de\/index.php?rest_route=%2Fwp%2Fv2%2Ftags&post=23712"}],"curies":[{"name":"wp","href":"https:\/\/api.w.org\/{rel}","templated":true}]}}