{"id":23406,"date":"2017-09-21T09:04:29","date_gmt":"2017-09-21T07:04:29","guid":{"rendered":"https:\/\/blog.sub.uni-hamburg.de\/?p=23406"},"modified":"2017-09-21T13:56:35","modified_gmt":"2017-09-21T11:56:35","slug":"21-9-ausleihzentrum-verspaetet-geoeffnet-serviceeinschraenkung","status":"publish","type":"post","link":"https:\/\/blog.sub.uni-hamburg.de\/?p=23406","title":{"rendered":"21.9.: Ausleihzentrum versp\u00e4tet ge\u00f6ffnet \/ Serviceeinschr\u00e4nkung"},"content":{"rendered":"<p><img loading=\"lazy\" decoding=\"async\" data-attachment-id=\"2006\" data-permalink=\"https:\/\/blog.sub.uni-hamburg.de\/?attachment_id=2006\" data-orig-file=\"https:\/\/blog.sub.uni-hamburg.de\/wp-content\/uploads\/2010\/05\/achtung.png\" data-orig-size=\"290,239\" data-comments-opened=\"1\" data-image-meta=\"{&quot;aperture&quot;:&quot;0&quot;,&quot;credit&quot;:&quot;&quot;,&quot;camera&quot;:&quot;&quot;,&quot;caption&quot;:&quot;&quot;,&quot;created_timestamp&quot;:&quot;0&quot;,&quot;copyright&quot;:&quot;&quot;,&quot;focal_length&quot;:&quot;0&quot;,&quot;iso&quot;:&quot;0&quot;,&quot;shutter_speed&quot;:&quot;0&quot;,&quot;title&quot;:&quot;&quot;}\" data-image-title=\"achtung\" data-image-description=\"\" data-image-caption=\"\" data-large-file=\"https:\/\/blog.sub.uni-hamburg.de\/wp-content\/uploads\/2010\/05\/achtung.png\" class=\"alignright wp-image-2006\" src=\"https:\/\/blog.sub.uni-hamburg.de\/wp-content\/uploads\/2010\/05\/achtung.png\" alt=\"\" width=\"200\" height=\"165\" \/>Die monatlich durchgef\u00fchrte Regelwartung unseres Ausleihsystems dauert unerwartet l\u00e4nger an. Das Ausleihzentrum kann daher erst versp\u00e4tet \u00f6ffnen (nicht vor 11 Uhr, wir melden uns, sobald mehr Infos vorliegen). Auch der Online-Zugriff auf die Benutzerkonten ist derzeit nicht m\u00f6glich.<\/p>\n<p>Dieselben Einschr\u00e4nkungen gelten bei den Besitznachweisen und Ausleihanzeigen im beluga-Katalog oder beim Fernzugriff auf die E-Medien.<\/p>\n<p>&nbsp;<\/p>\n<p><strong>Update 13 Uhr: der Service vom Ausleihzentrum steht wieder zur Verf\u00fcgung, die Benutzerdaten k\u00f6nnen auch wieder angezeigt werden.<\/strong><\/p>\n","protected":false},"excerpt":{"rendered":"<p>Die monatlich durchgef\u00fchrte Regelwartung unseres Ausleihsystems dauert unerwartet l\u00e4nger an. Das Ausleihzentrum kann daher erst versp\u00e4tet \u00f6ffnen (nicht vor 11 Uhr, wir melden uns, sobald mehr Infos vorliegen). Auch der Online-Zugriff auf die Benutzerkonten ist derzeit nicht m\u00f6glich. Dieselben Einschr\u00e4nkungen gelten bei den Besitznachweisen und Ausleihanzeigen im beluga-Katalog oder beim Fernzugriff auf die E-Medien. &nbsp; [&hellip;]<\/p>\n","protected":false},"author":6,"featured_media":0,"comment_status":"open","ping_status":"open","sticky":false,"template":"","format":"standard","meta":{"jetpack_post_was_ever_published":false,"_jetpack_newsletter_access":"","_jetpack_dont_email_post_to_subs":false,"_jetpack_newsletter_tier_id":0,"_jetpack_memberships_contains_paywalled_content":false,"_jetpack_memberships_contains_paid_content":false,"footnotes":"","jetpack_publicize_message":"","jetpack_publicize_feature_enabled":true,"jetpack_social_post_already_shared":true,"jetpack_social_options":{"image_generator_settings":{"template":"highway","default_image_id":0,"font":"","enabled":false},"version":2}},"categories":[1],"tags":[],"class_list":["post-23406","post","type-post","status-publish","format-standard","hentry","category-1"],"views":1551,"jetpack_publicize_connections":[],"jetpack_featured_media_url":"","jetpack_shortlink":"https:\/\/wp.me\/p7hfNR-65w","jetpack-related-posts":[{"id":23132,"url":"https:\/\/blog.sub.uni-hamburg.de\/?p=23132","url_meta":{"origin":23406,"position":0},"title":"20.7.: Ausleihzentrum \u00f6ffnet heute versp\u00e4tet \/ Serviceeinschr\u00e4nkung","author":"ST","date":"20-07-17","format":false,"excerpt":"Update: Ausleihzentrum und Benutzerkonten sind wieder erreichbar Die monatlich durchgef\u00fchrte Regelwartung unseres Ausleihsystems dauert unerwartet l\u00e4nger an. Das Ausleihzentrum kann daher erst versp\u00e4tet \u00f6ffnen (nicht vor 11 Uhr, wir melden uns, sobald mehr Infos vorliegen). Auch der Online-Zugriff auf die Benutzerkonten ist derzeit nicht m\u00f6glich. Dieselben Einschr\u00e4nkungen gelten bei den\u2026","rel":"","context":"In &quot;Aktuelles&quot;","block_context":{"text":"Aktuelles","link":"https:\/\/blog.sub.uni-hamburg.de\/?cat=1"},"img":{"alt_text":"","src":"https:\/\/i0.wp.com\/blog.sub.uni-hamburg.de\/wp-content\/uploads\/2010\/06\/ausrufezeichen.jpg?resize=350%2C200&ssl=1","width":350,"height":200},"classes":[]},{"id":23217,"url":"https:\/\/blog.sub.uni-hamburg.de\/?p=23217","url_meta":{"origin":23406,"position":1},"title":"17.8.: Ausleihzentrum \u00f6ffnet heute versp\u00e4tet \/ Serviceeinschr\u00e4nkung","author":"RD","date":"17-08-17","format":false,"excerpt":"Update: Die St\u00f6rung konnte behoben werden, das Ausleihzentrum ist nun wieder ge\u00f6ffnet. Die monatlich durchgef\u00fchrte Regelwartung unseres Ausleihsystems dauert unerwartet l\u00e4nger an. Das Ausleihzentrum kann daher erst versp\u00e4tet \u00f6ffnen (nicht vor 11 Uhr, wir melden uns, sobald mehr Infos vorliegen). Auch der Online-Zugriff auf die Benutzerkonten ist derzeit nicht m\u00f6glich.\u2026","rel":"","context":"In &quot;Aktuelles&quot;","block_context":{"text":"Aktuelles","link":"https:\/\/blog.sub.uni-hamburg.de\/?cat=1"},"img":{"alt_text":"","src":"https:\/\/i0.wp.com\/blog.sub.uni-hamburg.de\/wp-content\/uploads\/2010\/06\/ausrufezeichen.jpg?resize=350%2C200&ssl=1","width":350,"height":200},"classes":[]},{"id":26052,"url":"https:\/\/blog.sub.uni-hamburg.de\/?p=26052","url_meta":{"origin":23406,"position":2},"title":"25.10.: Ausleihzentrum versp\u00e4tet ge\u00f6ffnet \/ Serviceeinschr\u00e4nkung","author":"ST","date":"25-10-18","format":false,"excerpt":"Die monatlich durchgef\u00fchrte Regelwartung unseres Ausleihsystems dauert unerwartet l\u00e4nger an. Das Ausleihzentrum kann daher erst versp\u00e4tet \u00f6ffnen (nicht vor 11 Uhr, wir melden uns, sobald mehr Infos vorliegen). Auch der Online-Zugriff auf die Benutzerkonten ist derzeit nicht m\u00f6glich. Dieselben Einschr\u00e4nkungen gelten bei den Besitznachweisen und Ausleihanzeigen im beluga-Katalog oder beim\u2026","rel":"","context":"In &quot;Aktuelles&quot;","block_context":{"text":"Aktuelles","link":"https:\/\/blog.sub.uni-hamburg.de\/?cat=1"},"img":{"alt_text":"","src":"https:\/\/i0.wp.com\/blog.sub.uni-hamburg.de\/wp-content\/uploads\/2010\/05\/achtung.png?resize=350%2C200&ssl=1","width":350,"height":200},"classes":[]},{"id":24659,"url":"https:\/\/blog.sub.uni-hamburg.de\/?p=24659","url_meta":{"origin":23406,"position":3},"title":"Ausleihsystem nicht erreichbar \/ Serviceeinschr\u00e4nkung","author":"ST","date":"04-04-18","format":false,"excerpt":"Update 13 Uhr: Das Ausleihzentrum ist ab sofort wieder ge\u00f6ffnet. Die bestehenden Probleme konnten behoben werden. Aufgrund eines Netzausfalls kann derzeit keine Verbindung zum Ausleihsystem hergestellt werden, das Ausleihzentrum kann daher erst versp\u00e4tet \u00f6ffnen (nicht vor 11 Uhr, wir melden uns, sobald mehr Infos vorliegen). Auch der Online-Zugriff auf die\u2026","rel":"","context":"In &quot;Aktuelles&quot;","block_context":{"text":"Aktuelles","link":"https:\/\/blog.sub.uni-hamburg.de\/?cat=1"},"img":{"alt_text":"","src":"https:\/\/i0.wp.com\/blog.sub.uni-hamburg.de\/wp-content\/uploads\/2010\/06\/ausrufezeichen.jpg?resize=350%2C200&ssl=1","width":350,"height":200},"classes":[]},{"id":29908,"url":"https:\/\/blog.sub.uni-hamburg.de\/?p=29908","url_meta":{"origin":23406,"position":4},"title":"24.9.: Serviceeinschr\u00e4nkung Ausleihzentrum","author":"ST","date":"22-09-20","format":false,"excerpt":"Update 24.9.2020, 14:00 Uhr: das Ausleihzentrum ist ab sofort wieder ge\u00f6ffnet Die monatlich durchgef\u00fchrte Regelwartung unseres Ausleihsystems wird am Do, 24.9. etwas l\u00e4nger als \u00fcblich andauern. Unsere Vorarbeiten f\u00fcr die Bereitstellung der Bestellungen k\u00f6nnen daher nicht vor 11 Uhr erledigt werden, sondern m\u00fcssen im Anschluss an die Wartung erfolgen. Das\u2026","rel":"","context":"In &quot;Aktuelles&quot;","block_context":{"text":"Aktuelles","link":"https:\/\/blog.sub.uni-hamburg.de\/?cat=1"},"img":{"alt_text":"","src":"https:\/\/i0.wp.com\/blog.sub.uni-hamburg.de\/wp-content\/uploads\/2009\/12\/baustelle2.jpg?resize=350%2C200&ssl=1","width":350,"height":200},"classes":[]},{"id":30434,"url":"https:\/\/blog.sub.uni-hamburg.de\/?p=30434","url_meta":{"origin":23406,"position":5},"title":"Do, 10.12.: Serviceeinschr\u00e4nkung Ausleihzentrum","author":"ST","date":"03-12-20","format":false,"excerpt":"Update 16.00 Uhr: die Wartungsarbeiten sind nun abgeschlossen, die Katalogfunktionen sind wieder aktiviert. Das Ausleihzentrum wird ca. gegen 17 Uhr, ggf. etwas sp\u00e4ter, ge\u00f6ffnet. Die monatlich durchgef\u00fchrte Regelwartung unseres Ausleihsystems wird im Dezember deutlich l\u00e4nger als \u00fcblich - bis ca. 13 Uhr - andauern. Unsere Vorarbeiten f\u00fcr die Bereitstellung der\u2026","rel":"","context":"In &quot;Aktuelles&quot;","block_context":{"text":"Aktuelles","link":"https:\/\/blog.sub.uni-hamburg.de\/?cat=1"},"img":{"alt_text":"","src":"https:\/\/i0.wp.com\/blog.sub.uni-hamburg.de\/wp-content\/uploads\/2009\/12\/baustelle2.jpg?resize=350%2C200&ssl=1","width":350,"height":200},"classes":[]}],"jetpack_sharing_enabled":true,"_links":{"self":[{"href":"https:\/\/blog.sub.uni-hamburg.de\/index.php?rest_route=\/wp\/v2\/posts\/23406","targetHints":{"allow":["GET"]}}],"collection":[{"href":"https:\/\/blog.sub.uni-hamburg.de\/index.php?rest_route=\/wp\/v2\/posts"}],"about":[{"href":"https:\/\/blog.sub.uni-hamburg.de\/index.php?rest_route=\/wp\/v2\/types\/post"}],"author":[{"embeddable":true,"href":"https:\/\/blog.sub.uni-hamburg.de\/index.php?rest_route=\/wp\/v2\/users\/6"}],"replies":[{"embeddable":true,"href":"https:\/\/blog.sub.uni-hamburg.de\/index.php?rest_route=%2Fwp%2Fv2%2Fcomments&post=23406"}],"version-history":[{"count":3,"href":"https:\/\/blog.sub.uni-hamburg.de\/index.php?rest_route=\/wp\/v2\/posts\/23406\/revisions"}],"predecessor-version":[{"id":23410,"href":"https:\/\/blog.sub.uni-hamburg.de\/index.php?rest_route=\/wp\/v2\/posts\/23406\/revisions\/23410"}],"wp:attachment":[{"href":"https:\/\/blog.sub.uni-hamburg.de\/index.php?rest_route=%2Fwp%2Fv2%2Fmedia&parent=23406"}],"wp:term":[{"taxonomy":"category","embeddable":true,"href":"https:\/\/blog.sub.uni-hamburg.de\/index.php?rest_route=%2Fwp%2Fv2%2Fcategories&post=23406"},{"taxonomy":"post_tag","embeddable":true,"href":"https:\/\/blog.sub.uni-hamburg.de\/index.php?rest_route=%2Fwp%2Fv2%2Ftags&post=23406"}],"curies":[{"name":"wp","href":"https:\/\/api.w.org\/{rel}","templated":true}]}}