{"id":23037,"date":"2017-07-05T11:44:46","date_gmt":"2017-07-05T09:44:46","guid":{"rendered":"https:\/\/blog.sub.uni-hamburg.de\/?p=23037"},"modified":"2017-07-10T08:27:06","modified_gmt":"2017-07-10T06:27:06","slug":"unsere-oeffnungs-und-servicezeiten-waehrend-des-g20-gipfels","status":"publish","type":"post","link":"https:\/\/blog.sub.uni-hamburg.de\/?p=23037","title":{"rendered":"Unsere \u00d6ffnungs- und Servicezeiten w\u00e4hrend des G20-Gipfels"},"content":{"rendered":"<p><a href=\"https:\/\/blog.sub.uni-hamburg.de\/wp-content\/uploads\/2017\/07\/Stabi-Fassade-web.jpg\"><img loading=\"lazy\" decoding=\"async\" data-attachment-id=\"23038\" data-permalink=\"https:\/\/blog.sub.uni-hamburg.de\/?attachment_id=23038\" data-orig-file=\"https:\/\/blog.sub.uni-hamburg.de\/wp-content\/uploads\/2017\/07\/Stabi-Fassade-web.jpg\" data-orig-size=\"700,434\" data-comments-opened=\"1\" data-image-meta=\"{&quot;aperture&quot;:&quot;0&quot;,&quot;credit&quot;:&quot;&quot;,&quot;camera&quot;:&quot;&quot;,&quot;caption&quot;:&quot;&quot;,&quot;created_timestamp&quot;:&quot;0&quot;,&quot;copyright&quot;:&quot;&quot;,&quot;focal_length&quot;:&quot;0&quot;,&quot;iso&quot;:&quot;0&quot;,&quot;shutter_speed&quot;:&quot;0&quot;,&quot;title&quot;:&quot;&quot;,&quot;orientation&quot;:&quot;0&quot;}\" data-image-title=\"Stabi Hamburg\" data-image-description=\"&lt;p&gt;Stabi Hamburg&lt;\/p&gt;\n\" data-image-caption=\"\" data-large-file=\"https:\/\/blog.sub.uni-hamburg.de\/wp-content\/uploads\/2017\/07\/Stabi-Fassade-web.jpg\" src=\"https:\/\/blog.sub.uni-hamburg.de\/wp-content\/uploads\/2017\/07\/Stabi-Fassade-web-300x186.jpg\" alt=\"Stabi Hamburg\" width=\"300\" height=\"186\" class=\"alignright size-medium wp-image-23038\" srcset=\"https:\/\/blog.sub.uni-hamburg.de\/wp-content\/uploads\/2017\/07\/Stabi-Fassade-web-300x186.jpg 300w, https:\/\/blog.sub.uni-hamburg.de\/wp-content\/uploads\/2017\/07\/Stabi-Fassade-web-150x93.jpg 150w, https:\/\/blog.sub.uni-hamburg.de\/wp-content\/uploads\/2017\/07\/Stabi-Fassade-web.jpg 700w\" sizes=\"auto, (max-width: 300px) 100vw, 300px\" \/><\/a> Aufgrund des anstehenden G20-Gipfels am 07. und 08.07.2017 und der im Umfeld stattfindenden Demonstrationen werden nicht alle Mitarbeiterinnen und Mitarbeiter der Stabi ihren Dienst antreten k\u00f6nnen. Daher wird es zu zeitweisen Einschr\u00e4nkungen des Service kommen.<\/p>\n<p><strong>Die \u00d6ffnungszeiten bleiben unver\u00e4ndert:<br \/>\nFreitag, 07.07.: 09:00-24:00 Uhr<br \/>\nSamstag, 08.07. 10:00-24:00 Uhr<\/strong><\/p>\n<p><strong>In folgenden Bereichen kommt es zu Einschr\u00e4nkungen des gewohnten Service:<\/strong><br \/>\n<!--more--><\/p>\n<ul>\n<li>Die Auskunft im Informationszentrum ist am Freitag ab 19:00 Uhr und am Samstag ganzt\u00e4gig nicht besetzt.<\/li>\n<li>Der Serviceplatz im Ausleihzentrum bleibt an beiden Tagen geschlossen, es k\u00f6nnen keine Bibliotheksausweise ausgestellt werden.<\/li>\n<li>Der Handschriften-Lesesaal bleibt am Freitag geschlossen.<\/li>\n<li>B\u00fccher, die ab Donnerstag Nachmittag bestellt werden, k\u00f6nnen erst am Montag, 10.07. bereitgestellt werden, Bereitstellungen aus der Speicherbibliothek in Bergedorf verz\u00f6gern sich bis Dienstag, 11.07.<\/li>\n<li>Das Bistro Libretto bleibt von Freitag bis einschlie\u00dflich Sonntag geschlossen.<\/li>\n<\/ul>\n<p><strong>Hinweis zu den sonstigen Bibliotheken des Bibliothekssystems Universit\u00e4t Hamburg:<\/strong><\/p>\n<p>In der Zeit von Donnerstag, 6. Juli 2017, ab 18 Uhr bis einschlie\u00dflich Sonntag, den 9. Juli 2017, sind die Bibliotheken der Fakult\u00e4ten und Fachbereiche am Von-Melle-Park, inkl. Rechtshaus, im Hauptgeb\u00e4ude Edmund-Siemers-Allee 1, inkl. Fl\u00fcgelbauten sowie am Martin-Luther-King-Platz und am Campus Bundesstra\u00dfe geschlossen. Dies betrifft auch die Fachbereichsbibliothek Physik am Standort Jungiusstra\u00dfe.<\/p>\n<p>Die Fachbibliotheken an allen weiteren Standorten der Universit\u00e4t Hamburg bleiben ge\u00f6ffnet.<\/p>\n<p>Bitte erkundigen Sie sich vor einem Bibliotheksbesuch noch einmal auf der jeweiligen Webseite \u00fcber die \u00d6ffnungs- und Servicezeiten, da es je nach Lage vor Ort zu weiteren Einschr\u00e4nkungen des Betriebes kommen kann.<\/p>\n","protected":false},"excerpt":{"rendered":"<p>Aufgrund des anstehenden G20-Gipfels am 07. und 08.07.2017 und der im Umfeld stattfindenden Demonstrationen werden nicht alle Mitarbeiterinnen und Mitarbeiter der Stabi ihren Dienst antreten k\u00f6nnen. Daher wird es zu zeitweisen Einschr\u00e4nkungen des Service kommen. Die \u00d6ffnungszeiten bleiben unver\u00e4ndert: Freitag, 07.07.: 09:00-24:00 Uhr Samstag, 08.07. 10:00-24:00 Uhr In folgenden Bereichen kommt es zu Einschr\u00e4nkungen des [&hellip;]<\/p>\n","protected":false},"author":19,"featured_media":0,"comment_status":"open","ping_status":"open","sticky":false,"template":"","format":"standard","meta":{"jetpack_post_was_ever_published":false,"_jetpack_newsletter_access":"","_jetpack_dont_email_post_to_subs":false,"_jetpack_newsletter_tier_id":0,"_jetpack_memberships_contains_paywalled_content":false,"_jetpack_memberships_contains_paid_content":false,"footnotes":"","jetpack_publicize_message":"","jetpack_publicize_feature_enabled":true,"jetpack_social_post_already_shared":true,"jetpack_social_options":{"image_generator_settings":{"template":"highway","default_image_id":0,"font":"","enabled":false},"version":2}},"categories":[1],"tags":[],"class_list":["post-23037","post","type-post","status-publish","format-standard","hentry","category-1"],"views":4846,"jetpack_publicize_connections":[],"jetpack_featured_media_url":"","jetpack_shortlink":"https:\/\/wp.me\/p7hfNR-5Zz","jetpack-related-posts":[{"id":29908,"url":"https:\/\/blog.sub.uni-hamburg.de\/?p=29908","url_meta":{"origin":23037,"position":0},"title":"24.9.: Serviceeinschr\u00e4nkung Ausleihzentrum","author":"ST","date":"22-09-20","format":false,"excerpt":"Update 24.9.2020, 14:00 Uhr: das Ausleihzentrum ist ab sofort wieder ge\u00f6ffnet Die monatlich durchgef\u00fchrte Regelwartung unseres Ausleihsystems wird am Do, 24.9. etwas l\u00e4nger als \u00fcblich andauern. Unsere Vorarbeiten f\u00fcr die Bereitstellung der Bestellungen k\u00f6nnen daher nicht vor 11 Uhr erledigt werden, sondern m\u00fcssen im Anschluss an die Wartung erfolgen. Das\u2026","rel":"","context":"In &quot;Aktuelles&quot;","block_context":{"text":"Aktuelles","link":"https:\/\/blog.sub.uni-hamburg.de\/?cat=1"},"img":{"alt_text":"","src":"https:\/\/i0.wp.com\/blog.sub.uni-hamburg.de\/wp-content\/uploads\/2009\/12\/baustelle2.jpg?resize=350%2C200&ssl=1","width":350,"height":200},"classes":[]},{"id":36387,"url":"https:\/\/blog.sub.uni-hamburg.de\/?p=36387","url_meta":{"origin":23037,"position":1},"title":"Ausleihzentrum am 17.08.2023, ab 16:30 Uhr geschlossen \/ Wartungsarbeiten am Ausleihsystem und allen Katalogen","author":"Markus Trapp","date":"15-08-23","format":false,"excerpt":"Aufgrund von Wartungsarbeiten am zentralen Bibliothekssystem wird das Ausleihzentrum am Do, 17.08.2023, ab 16.30 Uhr bis Fr, 18.08.2023, 9 Uhr geschlossen. W\u00e4hrend der Arbeiten kommt es zu folgenden Einschr\u00e4nkungen: Ausleihen aus den Freihandbest\u00e4nden und Abholen von Bestellungen (auch Fernleihen) sind nicht m\u00f6glich. F\u00fcr R\u00fcckgaben werden im Foyer rote R\u00fcckgabekisten bereitgestellt.\u2026","rel":"","context":"In &quot;Aktuelles&quot;","block_context":{"text":"Aktuelles","link":"https:\/\/blog.sub.uni-hamburg.de\/?cat=1"},"img":{"alt_text":"","src":"https:\/\/i0.wp.com\/blog.sub.uni-hamburg.de\/wp-content\/uploads\/2011\/06\/baustelle-kl.jpg?resize=350%2C200&ssl=1","width":350,"height":200},"classes":[]},{"id":33435,"url":"https:\/\/blog.sub.uni-hamburg.de\/?p=33435","url_meta":{"origin":23037,"position":2},"title":"23.2.: Ausleihsystem offline \/ Ausleihzentrum momentan geschlossen \/ Serviceeinschr\u00e4nkungen","author":"ST","date":"23-02-23","format":false,"excerpt":"Update 24.2.: das Ausleihzentrum \u00f6ffnet heute wieder um 9 Uhr! Aufgrund einer technischen St\u00f6rung kann derzeit keine Verbindung zum\u00a0 Ausleihsystem hergestellt werden. Das Ausleihzentrum muss vorerst schlie\u00dfen (wir melden uns, sobald mehr Infos vorliegen). Update 23.2., 13:00 Uhr: Das Ausleihzentrum bleibt heute ganzt\u00e4gig geschlossen. \u00dcber die \u00d6ffnung am Fr, 24.2.2023\u2026","rel":"","context":"In &quot;Aktuelles&quot;","block_context":{"text":"Aktuelles","link":"https:\/\/blog.sub.uni-hamburg.de\/?cat=1"},"img":{"alt_text":"","src":"https:\/\/i0.wp.com\/blog.sub.uni-hamburg.de\/wp-content\/uploads\/2009\/12\/baustelle2.jpg?resize=350%2C200&ssl=1","width":350,"height":200},"classes":[]},{"id":5541,"url":"https:\/\/blog.sub.uni-hamburg.de\/?p=5541","url_meta":{"origin":23037,"position":3},"title":"Stabi: Ausleihzentrum geschlossen + Serviceeinschr\u00e4nkungen (2.+3.9.)","author":"ST","date":"12-08-11","format":false,"excerpt":"Von Freitag, 2.9. um 17 Uhr, bis Montag, 5.9. um 9 Uhr, muss das Rechenzentrum eine dringliche und unaufschiebbaren Wartung inklusive Komplett-Erneuerung der Server-Hardware an unserem Lokalen Bibliothekssystem durchf\u00fchren. Der Campus-Katalog (inkl. Teilkataloge) bleibt solange mit allen Funktionen au\u00dfer Betrieb. W\u00e4hrend der Wartung steht uns vor allem unser Ausleihsystem nicht\u2026","rel":"","context":"In &quot;Aktuelles&quot;","block_context":{"text":"Aktuelles","link":"https:\/\/blog.sub.uni-hamburg.de\/?cat=1"},"img":{"alt_text":"","src":"https:\/\/i0.wp.com\/blog.sub.uni-hamburg.de\/wp-content\/uploads\/2010\/06\/ausrufezeichen.jpg?resize=350%2C200&ssl=1","width":350,"height":200},"classes":[]},{"id":39256,"url":"https:\/\/blog.sub.uni-hamburg.de\/?p=39256","url_meta":{"origin":23037,"position":4},"title":"Mi, 27.11.: Serviceeinschr\u00e4nkung bis 13:30 Uhr (Personalversammlung)","author":"ST","date":"20-11-24","format":false,"excerpt":"Am Mittwoch, 27.11.2024 \u00f6ffnet die Bibliothek wie gewohnt um 9 Uhr. Aufgrund der j\u00e4hrlichen Personalversammlung sind jedoch bis 13:30 Uhr Serviceeinschr\u00e4nkungen nicht vermeidbar. Teilbereiche werden erst versp\u00e4tet ge\u00f6ffnet, bzw. besetzt: Infotheke (Foyer) Serviceplatz (Ausleihzentrum) Lesesaal-Service (inkl. Buch- und Zeitschriftenausgabe) Zentrale Auskunft (Informationszentrum) Annahme von Dissertationen (Auskunft Informationszentrum) Handschriftenlesesaal Unseren Basisservice\u2026","rel":"","context":"In &quot;Aktuelles&quot;","block_context":{"text":"Aktuelles","link":"https:\/\/blog.sub.uni-hamburg.de\/?cat=1"},"img":{"alt_text":"","src":"https:\/\/i0.wp.com\/blog.sub.uni-hamburg.de\/wp-content\/uploads\/2024\/11\/Personalversammlung2024-300x238.png?resize=350%2C200&ssl=1","width":350,"height":200},"classes":[]},{"id":39352,"url":"https:\/\/blog.sub.uni-hamburg.de\/?p=39352","url_meta":{"origin":23037,"position":5},"title":"Mi, 11.12.: Serviceeinschr\u00e4nkung bis 10:30 Uhr","author":"ST","date":"04-12-24","format":false,"excerpt":"Am Mittwoch, 11. Dezember 2024 \u00f6ffnet die Bibliothek wie gewohnt um 9 Uhr. Aufgrund einer betriebsinternen Veranstaltung sind jedoch bis 10:30 Uhr Serviceeinschr\u00e4nkungen nicht vermeidbar. Teilbereiche werden erst versp\u00e4tet ge\u00f6ffnet, bzw. besetzt: Infotheke (Foyer) Serviceplatz (Ausleihzentrum) Lesesaal-Service (inkl. Buch- und Zeitschriftenausgabe) Zentrale Auskunft (Informationszentrum) Annahme von Dissertationen (Auskunft Informationszentrum) Handschriftenlesesaal\u2026","rel":"","context":"In &quot;Aktuelles&quot;","block_context":{"text":"Aktuelles","link":"https:\/\/blog.sub.uni-hamburg.de\/?cat=1"},"img":{"alt_text":"","src":"https:\/\/i0.wp.com\/blog.sub.uni-hamburg.de\/wp-content\/uploads\/2024\/12\/uhr-halbelf.png?resize=350%2C200&ssl=1","width":350,"height":200},"classes":[]}],"jetpack_sharing_enabled":true,"_links":{"self":[{"href":"https:\/\/blog.sub.uni-hamburg.de\/index.php?rest_route=\/wp\/v2\/posts\/23037","targetHints":{"allow":["GET"]}}],"collection":[{"href":"https:\/\/blog.sub.uni-hamburg.de\/index.php?rest_route=\/wp\/v2\/posts"}],"about":[{"href":"https:\/\/blog.sub.uni-hamburg.de\/index.php?rest_route=\/wp\/v2\/types\/post"}],"author":[{"embeddable":true,"href":"https:\/\/blog.sub.uni-hamburg.de\/index.php?rest_route=\/wp\/v2\/users\/19"}],"replies":[{"embeddable":true,"href":"https:\/\/blog.sub.uni-hamburg.de\/index.php?rest_route=%2Fwp%2Fv2%2Fcomments&post=23037"}],"version-history":[{"count":4,"href":"https:\/\/blog.sub.uni-hamburg.de\/index.php?rest_route=\/wp\/v2\/posts\/23037\/revisions"}],"predecessor-version":[{"id":23048,"href":"https:\/\/blog.sub.uni-hamburg.de\/index.php?rest_route=\/wp\/v2\/posts\/23037\/revisions\/23048"}],"wp:attachment":[{"href":"https:\/\/blog.sub.uni-hamburg.de\/index.php?rest_route=%2Fwp%2Fv2%2Fmedia&parent=23037"}],"wp:term":[{"taxonomy":"category","embeddable":true,"href":"https:\/\/blog.sub.uni-hamburg.de\/index.php?rest_route=%2Fwp%2Fv2%2Fcategories&post=23037"},{"taxonomy":"post_tag","embeddable":true,"href":"https:\/\/blog.sub.uni-hamburg.de\/index.php?rest_route=%2Fwp%2Fv2%2Ftags&post=23037"}],"curies":[{"name":"wp","href":"https:\/\/api.w.org\/{rel}","templated":true}]}}