{"id":227,"date":"2006-08-03T17:26:27","date_gmt":"2006-08-03T15:26:27","guid":{"rendered":"http:\/\/www.sub.uni-hamburg.de\/blog\/?p=227"},"modified":"2006-11-30T18:27:57","modified_gmt":"2006-11-30T17:27:57","slug":"die-buddhas-von-bamiyan","status":"publish","type":"post","link":"https:\/\/blog.sub.uni-hamburg.de\/?p=227","title":{"rendered":"Die Buddhas von Bamiyan"},"content":{"rendered":"<p><img decoding=\"async\" align=\"left\" alt=\"Giant Buddha in Bamiyan\" id=\"image232\" title=\"Giant Buddha in Bamiyan\" src=\"https:\/\/blog.sub.uni-hamburg.de\/wp-content\/uploads\/2006\/08\/giantbuddhas_01.jpg\" \/>In Deutschland l\u00e4uft gerade der Film &#8220;<a href=\"http:\/\/www.giant-buddhas.com\/de\/synopsis\/\">The giant Buddhas&#8221;<\/a> an, der die Zerst\u00f6rung der kolossalen Buddha-Statuen im afghanischen Bamiyan durch die Taliban im M\u00e4rz 2001 zum Thema hat.<\/p>\n<p>Die Stabi hat zu diesem Thema eine ganze Reihe einschl\u00e4giger B\u00fccher:  Im September 2001 fand \u00fcber die zerst\u00f6rten Buddhas  eine Konferenz in Indien statt. Die Konferenzpapiere sind seit ein paar Tagen zug\u00e4nglich in unserem Selbstausleihbereich mit der Signatur A 2006\/5217. Ebenfalls im Selbstausleihbereich finden Sie die Autobiographie &#8220;A bed of flowers&#8221; (A 2005\/14215) der afghanischen Filmemacherin Nilofer Pazira, die durch den Film &#8220;Reise nach Kandahar&#8221; bekannt wurde und in den &#8220;Giant Buddhas&#8221; ebenfalls mitwirkt. Wer ermessen will, was die Welt 2001 verloren hat, findet die kunsthistorischen Einzelheiten in einem zweib\u00e4ndigen, franz\u00f6sischsprachigen Werk von Zemaryalai Tarzi (B 2000\/974: 1 und B 2000\/974: 2), der ebenfalls in den &#8220;Giant Buddhas&#8221; zu Wort kommt.<\/p>\n<p>Weitere einschl\u00e4gige Titel in der Stabi sind unter anderem B\u00fccher von P. Centlivres (&#8220;Les Bouddhas d&#8217;Afghanistan&#8221;, A\/344319) und D. Klimburg-Salter (&#8220;The Kingdom of Bamiyan&#8221; B\/41362) , die Schrift &#8220;Buddhas und Menschen in Bamiyan&#8221; (A 2001\/8695) sowie  die &#8220;klassischen&#8221; Reisef\u00fchrer zu diesem Ort von N. Dupree (A 1986\/13037) und J. Hackin (A\/362115)<\/p>\n","protected":false},"excerpt":{"rendered":"<p>In Deutschland l\u00e4uft gerade der Film &#8220;The giant Buddhas&#8221; an, der die Zerst\u00f6rung der kolossalen Buddha-Statuen im afghanischen Bamiyan durch die Taliban im M\u00e4rz 2001 zum Thema hat. Die Stabi hat zu diesem Thema eine ganze Reihe einschl\u00e4giger B\u00fccher: Im September 2001 fand \u00fcber die zerst\u00f6rten Buddhas eine Konferenz in Indien statt. Die Konferenzpapiere sind [&hellip;]<\/p>\n","protected":false},"author":12,"featured_media":0,"comment_status":"open","ping_status":"open","sticky":false,"template":"","format":"standard","meta":{"jetpack_post_was_ever_published":false,"_jetpack_newsletter_access":"","_jetpack_dont_email_post_to_subs":false,"_jetpack_newsletter_tier_id":0,"_jetpack_memberships_contains_paywalled_content":false,"_jetpack_memberships_contains_paid_content":false,"footnotes":"","jetpack_publicize_message":"","jetpack_publicize_feature_enabled":true,"jetpack_social_post_already_shared":false,"jetpack_social_options":{"image_generator_settings":{"template":"highway","default_image_id":0,"font":"","enabled":false},"version":2}},"categories":[18],"tags":[],"class_list":["post-227","post","type-post","status-publish","format-standard","hentry","category-aufgelesen"],"views":4840,"jetpack_publicize_connections":[],"jetpack_featured_media_url":"","jetpack_shortlink":"https:\/\/wp.me\/p7hfNR-3F","jetpack-related-posts":[{"id":643,"url":"https:\/\/blog.sub.uni-hamburg.de\/?p=643","url_meta":{"origin":227,"position":0},"title":"Buchausgabe und Selbstausleihbereich am Di, 31.7., und Mi, 1.8., geschlossen. Bestellabschaltung am 31.7.","author":"DL","date":"22-07-07","format":false,"excerpt":"Im Zusammenhang mit der Einrichtung der Ausleihzentrale (ALZ)\u00a0sind\u00a0die Buchausgabe und der Selbstausleihbereich am Dienstag, den 31.7. und Mittwoch, den 1.8., geschlossen. An diesen Tagen ziehen wir mit den bereitliegenden B\u00fcchern in den Selbstausleihbereich um, damit in der Leihstelle die Bauma\u00dfnahmen beginnen k\u00f6nnen.\u00a0Die Ausgabe von B\u00fcchern an diesen Tagen ist nicht\u2026","rel":"","context":"In &quot;Aktuelles&quot;","block_context":{"text":"Aktuelles","link":"https:\/\/blog.sub.uni-hamburg.de\/?cat=1"},"img":{"alt_text":"","src":"","width":0,"height":0},"classes":[]},{"id":228,"url":"https:\/\/blog.sub.uni-hamburg.de\/?p=228","url_meta":{"origin":227,"position":1},"title":"CSD und dann?","author":"DL","date":"03-08-06","format":false,"excerpt":"Am 5.8. ist ja Christopher Street Day in Hamburg. Wie w\u00e4re es da mit ein bisschen Lekt\u00fcre zu den schwulen Metropolen der Welt: San Francisco (Kaiser: The gay metropolis 1940-1996, Signatur: A 2000\/3409), London (Kaplan: Sodom on the Thames, A 2005\/13471, oder Houlbrook: Queer London, A 2006\/297), nat\u00fcrlich auch Berlin\u2026","rel":"","context":"In &quot;Aufgelesen&quot;","block_context":{"text":"Aufgelesen","link":"https:\/\/blog.sub.uni-hamburg.de\/?cat=18"},"img":{"alt_text":"","src":"","width":0,"height":0},"classes":[]},{"id":1358,"url":"https:\/\/blog.sub.uni-hamburg.de\/?p=1358","url_meta":{"origin":227,"position":2},"title":"Wie ordnet man sinnvoll ein B\u00fccherregal?","author":"AC","date":"16-08-09","format":false,"excerpt":"... fragte Stabi-Nutzer @autopoiet auf Twitter: \"Nach Thema? Verlag? Autoren? Durchnummerieren nach Zettelkasten-Prinzip? Oder gewagt: Nach Farbe?\" Gewagt ist die Sortierung nach Farbe keineswegs, insbesondere bei Aufstellung der privaten Kollektion im Wohnraum - hier spielt ja auch \u00c4sthetik eine Rolle. Und an die Farbe eines Buches erinnert man ja oft\u2026","rel":"","context":"In &quot;Aufgelesen&quot;","block_context":{"text":"Aufgelesen","link":"https:\/\/blog.sub.uni-hamburg.de\/?cat=18"},"img":{"alt_text":"","src":"","width":0,"height":0},"classes":[]},{"id":693,"url":"https:\/\/blog.sub.uni-hamburg.de\/?p=693","url_meta":{"origin":227,"position":3},"title":"Bestellm\u00f6glichkeit im Campus-Katalog abgeschaltet","author":"ST","date":"24-09-07","format":false,"excerpt":"Unser Ausleihsystem scheint vom Pech verfolgt: wegen Totalausfall eines zentralen Servers kann z.Zt. die Bestellm\u00f6glichkeit \u00fcber den Campus-Katalog nicht angeboten werden. Eine Darstellung der Benutzerdaten am PC (Kontoanzeige) ist ebenfalls nicht m\u00f6glich. Das Rechenzentrum installiert jetzt einen Ersatzserver, allerdings werden die Arbeiten daran ca. 1 Tag dauern. Eine Ausleihe vor\u2026","rel":"","context":"In &quot;Aktuelles&quot;","block_context":{"text":"Aktuelles","link":"https:\/\/blog.sub.uni-hamburg.de\/?cat=1"},"img":{"alt_text":"","src":"","width":0,"height":0},"classes":[]},{"id":14235,"url":"https:\/\/blog.sub.uni-hamburg.de\/?p=14235","url_meta":{"origin":227,"position":4},"title":"A 2001\/&#8230; verl\u00e4\u00dft den SB-Bereich","author":"SH","date":"08-04-14","format":false,"excerpt":"Ab heute, Dienstag, den 8.4.2014 zieht der Signaturenjahrgang A 2001\/.... aus dem SB-Bereich um in das geschlossene Magazin. Der derzeit \u00e4lteste Jahrgang im SB-Bereich muss Platz machen f\u00fcr die Neuerwerbungen 2014. Der Umzug wird ca. 3-4 Tage dauern. Sollten Sie in diesen Tagen ein Buch aus diesem Signaturenbereich entleihen wollen,\u2026","rel":"","context":"In &quot;Aktuelles&quot;","block_context":{"text":"Aktuelles","link":"https:\/\/blog.sub.uni-hamburg.de\/?cat=1"},"img":{"alt_text":"","src":"","width":0,"height":0},"classes":[]},{"id":685,"url":"https:\/\/blog.sub.uni-hamburg.de\/?p=685","url_meta":{"origin":227,"position":5},"title":"Auf dem Weg zur Ausleihzentrale (2)","author":"DL","date":"13-09-07","format":false,"excerpt":"Heute ist ein weiterer Schritt auf dem Weg zur Ausleihzentrale erfolgt: die Verbuchungspl\u00e4tze sind aus dem fr\u00fcheren Selbstausleihbereich in die fr\u00fchere Leihstelle verlegt worden, und da, wo fr\u00fcher die Buchausgabe war, ist jetzt der Ausgang aus der Ausleihzentrale ge\u00f6ffnet worden. F\u00fcr unsere Leser bedeutet das: Sie betreten die Ausleihzentrale weiterhin\u2026","rel":"","context":"In &quot;Aktuelles&quot;","block_context":{"text":"Aktuelles","link":"https:\/\/blog.sub.uni-hamburg.de\/?cat=1"},"img":{"alt_text":"","src":"","width":0,"height":0},"classes":[]}],"jetpack_sharing_enabled":true,"_links":{"self":[{"href":"https:\/\/blog.sub.uni-hamburg.de\/index.php?rest_route=\/wp\/v2\/posts\/227","targetHints":{"allow":["GET"]}}],"collection":[{"href":"https:\/\/blog.sub.uni-hamburg.de\/index.php?rest_route=\/wp\/v2\/posts"}],"about":[{"href":"https:\/\/blog.sub.uni-hamburg.de\/index.php?rest_route=\/wp\/v2\/types\/post"}],"author":[{"embeddable":true,"href":"https:\/\/blog.sub.uni-hamburg.de\/index.php?rest_route=\/wp\/v2\/users\/12"}],"replies":[{"embeddable":true,"href":"https:\/\/blog.sub.uni-hamburg.de\/index.php?rest_route=%2Fwp%2Fv2%2Fcomments&post=227"}],"version-history":[{"count":0,"href":"https:\/\/blog.sub.uni-hamburg.de\/index.php?rest_route=\/wp\/v2\/posts\/227\/revisions"}],"wp:attachment":[{"href":"https:\/\/blog.sub.uni-hamburg.de\/index.php?rest_route=%2Fwp%2Fv2%2Fmedia&parent=227"}],"wp:term":[{"taxonomy":"category","embeddable":true,"href":"https:\/\/blog.sub.uni-hamburg.de\/index.php?rest_route=%2Fwp%2Fv2%2Fcategories&post=227"},{"taxonomy":"post_tag","embeddable":true,"href":"https:\/\/blog.sub.uni-hamburg.de\/index.php?rest_route=%2Fwp%2Fv2%2Ftags&post=227"}],"curies":[{"name":"wp","href":"https:\/\/api.w.org\/{rel}","templated":true}]}}