{"id":22492,"date":"2017-04-18T11:42:08","date_gmt":"2017-04-18T09:42:08","guid":{"rendered":"http:\/\/blog.sub.uni-hamburg.de\/?p=22492"},"modified":"2017-06-29T09:07:07","modified_gmt":"2017-06-29T07:07:07","slug":"georg-philipp-telemann-in-hamburg-ausstellung-und-konzert-4-5-28-6","status":"publish","type":"post","link":"https:\/\/blog.sub.uni-hamburg.de\/?p=22492","title":{"rendered":"Ausstellung Georg Philipp Telemann in Hamburg (4.5.-28.6.)"},"content":{"rendered":"<p><a href=\"https:\/\/blog.sub.uni-hamburg.de\/wp-content\/uploads\/2017\/04\/Telemann-Plakat-gr.jpg\"><img loading=\"lazy\" decoding=\"async\" data-attachment-id=\"22494\" data-permalink=\"https:\/\/blog.sub.uni-hamburg.de\/?attachment_id=22494\" data-orig-file=\"https:\/\/blog.sub.uni-hamburg.de\/wp-content\/uploads\/2017\/04\/Telemann-Plakat.jpg\" data-orig-size=\"350,494\" data-comments-opened=\"1\" data-image-meta=\"{&quot;aperture&quot;:&quot;0&quot;,&quot;credit&quot;:&quot;&quot;,&quot;camera&quot;:&quot;&quot;,&quot;caption&quot;:&quot;&quot;,&quot;created_timestamp&quot;:&quot;0&quot;,&quot;copyright&quot;:&quot;&quot;,&quot;focal_length&quot;:&quot;0&quot;,&quot;iso&quot;:&quot;0&quot;,&quot;shutter_speed&quot;:&quot;0&quot;,&quot;title&quot;:&quot;&quot;,&quot;orientation&quot;:&quot;0&quot;}\" data-image-title=\"Telemann-Plakat\" data-image-description=\"\" data-image-caption=\"\" data-large-file=\"https:\/\/blog.sub.uni-hamburg.de\/wp-content\/uploads\/2017\/04\/Telemann-Plakat.jpg\" src=\"https:\/\/blog.sub.uni-hamburg.de\/wp-content\/uploads\/2017\/04\/Telemann-Plakat.jpg\" alt=\"Georg Philipp Telemann in Hamburg\" title=\"Georg Philipp Telemann in Hamburg\" width=\"350\" height=\"494\" class=\"alignright size-full wp-image-22494\" srcset=\"https:\/\/blog.sub.uni-hamburg.de\/wp-content\/uploads\/2017\/04\/Telemann-Plakat.jpg 350w, https:\/\/blog.sub.uni-hamburg.de\/wp-content\/uploads\/2017\/04\/Telemann-Plakat-106x150.jpg 106w, https:\/\/blog.sub.uni-hamburg.de\/wp-content\/uploads\/2017\/04\/Telemann-Plakat-213x300.jpg 213w\" sizes=\"auto, (max-width: 350px) 100vw, 350px\" \/><\/a> <strong>Georg Philipp Telemann in Hamburg &#8211; Schl\u00fcsseldokumente seines Wirkens in der Elbmetropole.<\/strong><\/p>\n<p>Von 1721 bis zu seinem Tod am 25. Juni 1767 war Georg Philipp Telemann st\u00e4dtischer Kantor und Musikdirektor an den Haupt- und Nebenkirchen Hamburgs. Dar\u00fcber hinaus pr\u00e4gte er das Musikleben der Stadt als Komponist, Konzertveranstalter und musikalischer Leiter der Oper am G\u00e4nsemarkt.<\/p>\n<p>Die Ausstellung zeigt Dokumente rund um Telemanns Wirken in Hamburg: seine kirchenmusikalische T\u00e4tigkeit, speziell f\u00fcr Hamburger Anl\u00e4sse komponierte Fest- und Gedenkmusiken, die f\u00fcr die klangliche Realisierung so wichtigen Musiker und Ensembles, sein Wirken an der G\u00e4nsemarkt-Oper, als Konzertveranstalter sowie als Verleger. Au\u00dferdem beleuchtet sie Telemanns Zusammenarbeit mit Hamburger Dichtern und Gelehrten sowie sein Verh\u00e4ltnis zu komponierenden Hamburger Kollegen.<br \/>\n<!--more--><\/p>\n<p>Neben einigen erstmals gezeigten Dokumenten aus den Best\u00e4nden der Staats- und Universit\u00e4tsbibliothek werden zahlreiche Leihgaben anderer Hamburger und ausw\u00e4rtiger Einrichtungen pr\u00e4sentiert, darunter eigenh\u00e4ndige Musik- und Textmanuskripte Telemanns, in seinem Umfeld entstandene, aufschlussreiche Kopistenabschriften, Archivalien voll spannender Geschichten, au\u00dferdem Portr\u00e4ts, Ansichten sowie selten zu sehende Originaldrucke.<\/p>\n<p>Zusammen mit informativen Kurztexten entsteht so ein lebendiges Bild des Hamburger Musiklebens im 18. Jahrhundert zur Telemann-Zeit.<br \/>\n<strong><br \/>\n5. Mai bis 28. Juni 2017<br \/>\nOrt: Ausstellungsraum, Erdgeschoss, der Eintritt ist frei.<\/strong><\/p>\n<hr \/>\n<p><strong>Donnerstag, 4. Mai 2017, 18 Uhr<br \/>\nTelemann in Paris<br \/>\nEr\u00f6ffnungskonzert zur Ausstellung \u201eGeorg Philipp Telemann in Hamburg\u201c<\/strong><\/p>\n<p>1730 ver\u00f6ffentlichte Telemann einen Druck mit Quartetten f\u00fcr Traversfl\u00f6te, Violine, Viola da gamba und Basso continuo, die in Frankreich Furore machten. Er wurde daraufhin von den angesehensten Virtuosen nach Paris eingeladen. 1737 konnte sich Telemann f\u00fcr acht Monate von seinen Amtspflichten in Hamburg entbinden lassen und mit dem Fl\u00f6tisten Michel Blavet, dem Geiger Jean-Pierre Guignon und dem Gambisten Jean-Baptiste Antoine Forqueray in Paris seine Nouveaux Quatuors musizieren, die er auch 1738 in Paris mit einem k\u00f6niglichen Druckprivileg ver\u00f6ffentlichte.<\/p>\n<p>An diesem Abend erklingen Quartette aus beiden Sammlungen, einige der ebenfalls in Frankreich publizierten Canons m\u00e9lodieux f\u00fcr Violine und Traversfl\u00f6te und zudem Werke der genannten Pariser Kollegen Telemanns.<\/p>\n<p>Es musiziert das <strong><a href=\"http:\/\/www.armonicotributo.com\/\">Ensemble Armonico Tributo \u2013 Hamburg<\/a><\/strong>, mit <strong>Ulf Grapenthin<\/strong> (Violine), <strong>Peter Holtslag<\/strong> (Traversfl\u00f6te), <strong>Cassandra Luckhardt<\/strong> (Viola da gamba) und <strong>Pieter Dirksen<\/strong> (Cembalo).<\/p>\n<p><strong>Ort: Lichthof im Altbau, Eingang Edmund-Siemers-Allee \/ Ecke Grindelallee<br \/>\nDer Eintritt ist frei<\/strong><\/p>\n<p><a href=\"https:\/\/blog.sub.uni-hamburg.de\/wp-content\/uploads\/2017\/04\/Telemann-Banner-gr.jpg\"><img loading=\"lazy\" decoding=\"async\" data-attachment-id=\"22499\" data-permalink=\"https:\/\/blog.sub.uni-hamburg.de\/?attachment_id=22499\" data-orig-file=\"https:\/\/blog.sub.uni-hamburg.de\/wp-content\/uploads\/2017\/04\/Telemann-Banner.jpg\" data-orig-size=\"640,192\" data-comments-opened=\"1\" data-image-meta=\"{&quot;aperture&quot;:&quot;0&quot;,&quot;credit&quot;:&quot;&quot;,&quot;camera&quot;:&quot;&quot;,&quot;caption&quot;:&quot;&quot;,&quot;created_timestamp&quot;:&quot;0&quot;,&quot;copyright&quot;:&quot;&quot;,&quot;focal_length&quot;:&quot;0&quot;,&quot;iso&quot;:&quot;0&quot;,&quot;shutter_speed&quot;:&quot;0&quot;,&quot;title&quot;:&quot;&quot;,&quot;orientation&quot;:&quot;0&quot;}\" data-image-title=\"Telemann-Banner\" data-image-description=\"\" data-image-caption=\"\" data-large-file=\"https:\/\/blog.sub.uni-hamburg.de\/wp-content\/uploads\/2017\/04\/Telemann-Banner.jpg\" src=\"https:\/\/blog.sub.uni-hamburg.de\/wp-content\/uploads\/2017\/04\/Telemann-Banner.jpg\" alt=\"Georg Philipp Telemann in Hamburg\" title=\"Georg Philipp Telemann in Hamburg\" width=\"640\" height=\"192\" class=\"alignnone size-full wp-image-22499\" srcset=\"https:\/\/blog.sub.uni-hamburg.de\/wp-content\/uploads\/2017\/04\/Telemann-Banner.jpg 640w, https:\/\/blog.sub.uni-hamburg.de\/wp-content\/uploads\/2017\/04\/Telemann-Banner-150x45.jpg 150w, https:\/\/blog.sub.uni-hamburg.de\/wp-content\/uploads\/2017\/04\/Telemann-Banner-300x90.jpg 300w\" sizes=\"auto, (max-width: 640px) 100vw, 640px\" \/><\/a><\/p>\n<hr \/>\n<h3>Weitere Veranstaltungen in der Staatsbibliothek im Telemann-Jahr:<\/h3>\n<ul>\n<li>23. \u2013 25. 6. 2017<br \/>\n<strong>Extravaganz und Gesch\u00e4ftssinn \u2013 Telemanns Hamburger Innovationen<\/strong><br \/>\nInternationale Tagung. Leitung Prof. Dr. Bernhard Jahn und Prof. Dr. Ivana Rentsch (Universit\u00e4t Hamburg); im Vortragsraum.<\/li>\n<li>Freitag, 23. 6. 2017, 19 Uhr<br \/>\n<strong>Konzert mit Hamburger Erstauff\u00fchrungen<\/strong><br \/>\nGeorg Philipp Telemann: Musiken zur Einweihung des Altonaer Akademischen Gymnasiums (Christianeum) 1744 sowie zur Einweihung der Kirche im Hamburger St. Hiob-Hospital 1745. Es musiziert das Ensemble barockwerk hamburg. Eintritt: 20 Euro, f\u00fcr Sch\u00fcler und Studenten 10 Euro.<br \/>\nKartenvorverkauf: Konzertkasse Gerdes, Abendkasse.<br \/>\nLichthof im Altbau (Eingang Edmund-Siemers-Allee\/Ecke Grindelallee).<\/li>\n<\/ul>\n","protected":false},"excerpt":{"rendered":"<p>Georg Philipp Telemann in Hamburg &#8211; Schl\u00fcsseldokumente seines Wirkens in der Elbmetropole. Von 1721 bis zu seinem Tod am 25. Juni 1767 war Georg Philipp Telemann st\u00e4dtischer Kantor und Musikdirektor an den Haupt- und Nebenkirchen Hamburgs. Dar\u00fcber hinaus pr\u00e4gte er das Musikleben der Stadt als Komponist, Konzertveranstalter und musikalischer Leiter der Oper am G\u00e4nsemarkt. Die [&hellip;]<\/p>\n","protected":false},"author":19,"featured_media":0,"comment_status":"open","ping_status":"open","sticky":false,"template":"","format":"standard","meta":{"jetpack_post_was_ever_published":false,"_jetpack_newsletter_access":"","_jetpack_dont_email_post_to_subs":false,"_jetpack_newsletter_tier_id":0,"_jetpack_memberships_contains_paywalled_content":false,"_jetpack_memberships_contains_paid_content":false,"footnotes":"","jetpack_publicize_message":"","jetpack_publicize_feature_enabled":true,"jetpack_social_post_already_shared":true,"jetpack_social_options":{"image_generator_settings":{"template":"highway","default_image_id":0,"font":"","enabled":false},"version":2}},"categories":[9],"tags":[],"class_list":["post-22492","post","type-post","status-publish","format-standard","hentry","category-ausstellungen"],"views":4762,"jetpack_publicize_connections":[],"jetpack_featured_media_url":"","jetpack_shortlink":"https:\/\/wp.me\/p7hfNR-5QM","jetpack-related-posts":[{"id":22619,"url":"https:\/\/blog.sub.uni-hamburg.de\/?p=22619","url_meta":{"origin":22492,"position":0},"title":"Telemann-Ausstellung er\u00f6ffnet","author":"JN","date":"05-05-17","format":false,"excerpt":"Streifz\u00fcge in der Stabi Hamburg. Die Staats- und Universit\u00e4tsbibliothek Hamburg zeigt als Beitrag zum diesj\u00e4hrigen Gedenken an den 250. Todestag Georg Philipp Telemanns vom 5. Mai bis 28. Juni einzigartige Dokumente zum fast 50j\u00e4hrigen Wirken dieses \u00fcberragenden Komponisten in Hamburg, dessen Musik heute international wieder auf gro\u00dfes Interesse st\u00f6\u00dft. Ausgehend\u2026","rel":"","context":"In &quot;Ausstellungen und Veranstaltungen&quot;","block_context":{"text":"Ausstellungen und Veranstaltungen","link":"https:\/\/blog.sub.uni-hamburg.de\/?cat=9"},"img":{"alt_text":"","src":"https:\/\/i0.wp.com\/blog.sub.uni-hamburg.de\/wp-content\/uploads\/2017\/05\/TM-Noten1.jpg?resize=350%2C200&ssl=1","width":350,"height":200,"srcset":"https:\/\/i0.wp.com\/blog.sub.uni-hamburg.de\/wp-content\/uploads\/2017\/05\/TM-Noten1.jpg?resize=350%2C200&ssl=1 1x, https:\/\/i0.wp.com\/blog.sub.uni-hamburg.de\/wp-content\/uploads\/2017\/05\/TM-Noten1.jpg?resize=525%2C300&ssl=1 1.5x"},"classes":[]},{"id":17042,"url":"https:\/\/blog.sub.uni-hamburg.de\/?p=17042","url_meta":{"origin":22492,"position":1},"title":"Hamburger Theaterfr\u00fchling 2015","author":"JN","date":"27-01-15","format":false,"excerpt":"Frischen Wind in die Annalen der Hamburger Theatergeschichte bl\u00e4st ein Theaterfr\u00fchling der besonderen Art, wie er sich in den Tagen zwischen dem 11. und 22. M\u00e4rz 2015 an der Universit\u00e4t Hamburg pr\u00e4sentieren wird. Zun\u00e4chst werden zwei Konzerte des Ensembles barockwerk hamburg am 11. und 12. M\u00e4rz (PDF) im imposanten Lichthof\u2026","rel":"","context":"In &quot;Ausstellungen und Veranstaltungen&quot;","block_context":{"text":"Ausstellungen und Veranstaltungen","link":"https:\/\/blog.sub.uni-hamburg.de\/?cat=9"},"img":{"alt_text":"Carl Heinrich Kitzerow: Das Ackermannsche Com\u00f6dienhaus, Aquarell, Hamburg 1832 (SUB, Theatersammlung, G 31)","src":"https:\/\/i0.wp.com\/blog.sub.uni-hamburg.de\/wp-content\/uploads\/2015\/01\/Konzert-11032015-Bild-4kl.jpg?resize=350%2C200&ssl=1","width":350,"height":200},"classes":[]},{"id":22904,"url":"https:\/\/blog.sub.uni-hamburg.de\/?p=22904","url_meta":{"origin":22492,"position":2},"title":"Konzert barockwerk hamburg: Georg Philipp Telemann (23.6.)","author":"Markus Trapp","date":"07-06-17","format":false,"excerpt":"Konzert mit Hamburger Erstauff\u00fchrungen. Georg Philipp Telemann: Musiken zur Einweihung des Altonaer Akademischen Gymnasiums (Christianeum) 1744 sowie zur Einweihung der Kirche im Hamburger St. Hiob-Hospital 1745 Anl\u00e4sslich des 250. Todestages von Georg Philipp Telemann bringt das Ensemble barockwerk hamburg drei in Hamburg entstandene Kompositionen zum Klingen. Zum ersten Mal seit\u2026","rel":"","context":"In &quot;Ausstellungen und Veranstaltungen&quot;","block_context":{"text":"Ausstellungen und Veranstaltungen","link":"https:\/\/blog.sub.uni-hamburg.de\/?cat=9"},"img":{"alt_text":"","src":"https:\/\/i0.wp.com\/blog.sub.uni-hamburg.de\/wp-content\/uploads\/2017\/06\/Telemann-barockwerk.jpg?resize=350%2C200&ssl=1","width":350,"height":200,"srcset":"https:\/\/i0.wp.com\/blog.sub.uni-hamburg.de\/wp-content\/uploads\/2017\/06\/Telemann-barockwerk.jpg?resize=350%2C200&ssl=1 1x, https:\/\/i0.wp.com\/blog.sub.uni-hamburg.de\/wp-content\/uploads\/2017\/06\/Telemann-barockwerk.jpg?resize=525%2C300&ssl=1 1.5x"},"classes":[]},{"id":2990,"url":"https:\/\/blog.sub.uni-hamburg.de\/?p=2990","url_meta":{"origin":22492,"position":3},"title":"Barock 2010: Stabi pr\u00e4sentiert historische Musikbest\u00e4nde, abends Concerti d&#8217;amore (28.9.2010)","author":"MG","date":"06-09-10","format":false,"excerpt":"Pr\u00e4sentation historischer Musikbest\u00e4nde Originale aus dem reichen Musikbestand der Bibliothek\u00a0 zeigt Dr. J\u00fcrgen Neubacher, Musikreferent der Staats- und Universit\u00e4tsbibliothek Hamburg. Ihre Herkunft und Bedeutung werden anhand von Klangbeispielen erl\u00e4utert. Im Zentrum stehen Dokumente von Hieronymus Praetorius, Thomas Selle, Johann Mattheson, Georg Philipp Telemann, Georg Friedrich H\u00e4ndel und Johannes Brahms, wobei\u2026","rel":"","context":"In &quot;Ausstellungen und Veranstaltungen&quot;","block_context":{"text":"Ausstellungen und Veranstaltungen","link":"https:\/\/blog.sub.uni-hamburg.de\/?cat=9"},"img":{"alt_text":"","src":"https:\/\/i0.wp.com\/blog.sub.uni-hamburg.de\/wp-content\/uploads\/2010\/09\/BellArte-Salzburg.jpg?resize=350%2C200&ssl=1","width":350,"height":200,"srcset":"https:\/\/i0.wp.com\/blog.sub.uni-hamburg.de\/wp-content\/uploads\/2010\/09\/BellArte-Salzburg.jpg?resize=350%2C200&ssl=1 1x, https:\/\/i0.wp.com\/blog.sub.uni-hamburg.de\/wp-content\/uploads\/2010\/09\/BellArte-Salzburg.jpg?resize=525%2C300&ssl=1 1.5x, https:\/\/i0.wp.com\/blog.sub.uni-hamburg.de\/wp-content\/uploads\/2010\/09\/BellArte-Salzburg.jpg?resize=700%2C400&ssl=1 2x, https:\/\/i0.wp.com\/blog.sub.uni-hamburg.de\/wp-content\/uploads\/2010\/09\/BellArte-Salzburg.jpg?resize=1050%2C600&ssl=1 3x"},"classes":[]},{"id":22909,"url":"https:\/\/blog.sub.uni-hamburg.de\/?p=22909","url_meta":{"origin":22492,"position":4},"title":"Internationale Telemann Tagung (23.-25.6.)","author":"Markus Trapp","date":"07-06-17","format":false,"excerpt":"Freitag, 23. Juni, bis Sonntag, 25. Juni 2017 Extravaganz und Gesch\u00e4ftssinn \u2013 Telemanns Hamburger Innovationen. Internationale Tagung unter der Leitung von Prof. Dr. Bernhard Jahn und Prof. Dr. Ivana Rentsch, Universit\u00e4t Hamburg Georg Philipp Telemanns T\u00e4tigkeit in Hamburg wird \u00fcber 46 Jahre hinweg von einer permanenten Innovationskraft getragen, die ihre\u2026","rel":"","context":"In &quot;Ausstellungen und Veranstaltungen&quot;","block_context":{"text":"Ausstellungen und Veranstaltungen","link":"https:\/\/blog.sub.uni-hamburg.de\/?cat=9"},"img":{"alt_text":"","src":"https:\/\/i0.wp.com\/blog.sub.uni-hamburg.de\/wp-content\/uploads\/2017\/06\/telemann-tagung-portr.jpg?resize=350%2C200&ssl=1","width":350,"height":200},"classes":[]},{"id":35207,"url":"https:\/\/blog.sub.uni-hamburg.de\/?p=35207","url_meta":{"origin":22492,"position":5},"title":"Konzert barockwerk hamburg: Ein Fest f\u00fcr Hamburg. Telemanns \u201efestt\u00e4gliche\u201c Kantaten von 1757 (8.+9.3.)","author":"Markus Trapp","date":"14-02-23","format":false,"excerpt":"Mittwoch, 8.3., 19 Uhr, Lichthof Donnerstag, 9.3., 19 Uhr, Lichthof. Als einen \u201enoch in seinem hohen Alter feurig denkenden Tonk\u00fcnstler\u201c bezeichnete 1764 die Hamburger Presse den damals bereits 83-j\u00e4hrigen Georg Philipp Telemann. Diese Einsch\u00e4tzung gilt erst recht f\u00fcr den sieben Jahre j\u00fcngeren, im Zenit seiner Kunst stehenden Komponisten der Festtagskantaten\u2026","rel":"","context":"In &quot;Ausstellungen und Veranstaltungen&quot;","block_context":{"text":"Ausstellungen und Veranstaltungen","link":"https:\/\/blog.sub.uni-hamburg.de\/?cat=9"},"img":{"alt_text":"","src":"https:\/\/i0.wp.com\/blog.sub.uni-hamburg.de\/wp-content\/uploads\/2023\/02\/barockwerk-2023.jpg?resize=350%2C200&ssl=1","width":350,"height":200},"classes":[]}],"jetpack_sharing_enabled":true,"_links":{"self":[{"href":"https:\/\/blog.sub.uni-hamburg.de\/index.php?rest_route=\/wp\/v2\/posts\/22492","targetHints":{"allow":["GET"]}}],"collection":[{"href":"https:\/\/blog.sub.uni-hamburg.de\/index.php?rest_route=\/wp\/v2\/posts"}],"about":[{"href":"https:\/\/blog.sub.uni-hamburg.de\/index.php?rest_route=\/wp\/v2\/types\/post"}],"author":[{"embeddable":true,"href":"https:\/\/blog.sub.uni-hamburg.de\/index.php?rest_route=\/wp\/v2\/users\/19"}],"replies":[{"embeddable":true,"href":"https:\/\/blog.sub.uni-hamburg.de\/index.php?rest_route=%2Fwp%2Fv2%2Fcomments&post=22492"}],"version-history":[{"count":7,"href":"https:\/\/blog.sub.uni-hamburg.de\/index.php?rest_route=\/wp\/v2\/posts\/22492\/revisions"}],"predecessor-version":[{"id":22976,"href":"https:\/\/blog.sub.uni-hamburg.de\/index.php?rest_route=\/wp\/v2\/posts\/22492\/revisions\/22976"}],"wp:attachment":[{"href":"https:\/\/blog.sub.uni-hamburg.de\/index.php?rest_route=%2Fwp%2Fv2%2Fmedia&parent=22492"}],"wp:term":[{"taxonomy":"category","embeddable":true,"href":"https:\/\/blog.sub.uni-hamburg.de\/index.php?rest_route=%2Fwp%2Fv2%2Fcategories&post=22492"},{"taxonomy":"post_tag","embeddable":true,"href":"https:\/\/blog.sub.uni-hamburg.de\/index.php?rest_route=%2Fwp%2Fv2%2Ftags&post=22492"}],"curies":[{"name":"wp","href":"https:\/\/api.w.org\/{rel}","templated":true}]}}