{"id":22486,"date":"2017-04-12T10:44:24","date_gmt":"2017-04-12T08:44:24","guid":{"rendered":"http:\/\/blog.sub.uni-hamburg.de\/?p=22486"},"modified":"2017-04-28T09:30:35","modified_gmt":"2017-04-28T07:30:35","slug":"hundert-tage-praesident-trump-und-die-folgen-fuer-amerika-und-europa-27-4","status":"publish","type":"post","link":"https:\/\/blog.sub.uni-hamburg.de\/?p=22486","title":{"rendered":"Hundert Tage Pr\u00e4sident Trump und die Folgen f\u00fcr Amerika und Europa (27.4.)"},"content":{"rendered":"<p><img loading=\"lazy\" decoding=\"async\" data-attachment-id=\"22487\" data-permalink=\"https:\/\/blog.sub.uni-hamburg.de\/?attachment_id=22487\" data-orig-file=\"https:\/\/blog.sub.uni-hamburg.de\/wp-content\/uploads\/2017\/04\/wasistmitamislos.png\" data-orig-size=\"450,680\" data-comments-opened=\"1\" data-image-meta=\"{&quot;aperture&quot;:&quot;0&quot;,&quot;credit&quot;:&quot;&quot;,&quot;camera&quot;:&quot;&quot;,&quot;caption&quot;:&quot;&quot;,&quot;created_timestamp&quot;:&quot;0&quot;,&quot;copyright&quot;:&quot;&quot;,&quot;focal_length&quot;:&quot;0&quot;,&quot;iso&quot;:&quot;0&quot;,&quot;shutter_speed&quot;:&quot;0&quot;,&quot;title&quot;:&quot;&quot;,&quot;orientation&quot;:&quot;0&quot;}\" data-image-title=\"wasistmitamislos\" data-image-description=\"\" data-image-caption=\"\" data-large-file=\"https:\/\/blog.sub.uni-hamburg.de\/wp-content\/uploads\/2017\/04\/wasistmitamislos.png\" src=\"https:\/\/blog.sub.uni-hamburg.de\/wp-content\/uploads\/2017\/04\/wasistmitamislos.png\" alt=\"\" width=\"300\" height=\"453\" class=\"alignright size-full wp-image-22487\" srcset=\"https:\/\/blog.sub.uni-hamburg.de\/wp-content\/uploads\/2017\/04\/wasistmitamislos.png 450w, https:\/\/blog.sub.uni-hamburg.de\/wp-content\/uploads\/2017\/04\/wasistmitamislos-99x150.png 99w, https:\/\/blog.sub.uni-hamburg.de\/wp-content\/uploads\/2017\/04\/wasistmitamislos-199x300.png 199w\" sizes=\"auto, (max-width: 300px) 100vw, 300px\" \/> <strong>Was ist mit den Amis los? Hundert Tage Pr\u00e4sident Trump und die Folgen f\u00fcr Amerika und Europa.<\/strong> Donald Trumps erste Monate im Amt haben Aufruhr ausgel\u00f6st, in den USA und in den transatlantischen Beziehungen. Vieles, was selbstverst\u00e4ndlich erschien, steht in Frage: der Respekt eines Pr\u00e4sidenten vor Gerichten und Medien, die Beistandsgarantie der NATO, die Bindung an die Werte einer offenen und liberalen Gesellschaft. Welche US-B\u00fcrger haben Trump gew\u00e4hlt, f\u00fcr wen macht er Politik?<\/p>\n<p><a href=\"https:\/\/de.wikipedia.org\/wiki\/Christoph_von_Marschall\">Christoph von Marschall<\/a> hat acht Jahre lang f\u00fcr den Berliner &#8220;Tagesspiegel&#8221; aus Washington berichtet, Pr\u00e4sident Obama als <em>White House Correspondent<\/em> aus der N\u00e4he beobachtet und Donald Trump im Wahlkampf begleitet. \u00dcber die Unterschiede in der politischen Kultur zwischen den USA und Deutschland hat er das Buch &#8220;Was ist mit den Amis los?&#8221; geschrieben, das er bei der Gelegenheit vorstellt.<br \/>\n<!--more--><\/p>\n<p><a href=\"http:\/\/www.umdenken-boell.de\"><img loading=\"lazy\" decoding=\"async\" title=\"Heinrich-B\u00f6ll-Stiftung\" alt=\"Heinrich-B\u00f6ll-Stiftung\" src=\"https:\/\/blog.sub.uni-hamburg.de\/wp-content\/uploads\/2011\/02\/umdenken_Logo.jpg\" width=\"300\" height=\"171\" style=\"float: left; padding-left:0px; margin-right:25px; margin-bottom:25px;\" \/><\/a> Eine Veranstaltung von <a href=\"http:\/\/www.umdenken-boell.de\">umdenken<\/a> Heinrich-B\u00f6ll-Stiftung Hamburg e.V.<\/p>\n<p><strong>Donnerstag, 27. April 2017, 19 Uhr<br \/>\nOrt: Vortragsraum, 1. Etage. Eintritt frei.<\/strong><\/p>\n","protected":false},"excerpt":{"rendered":"<p>Was ist mit den Amis los? Hundert Tage Pr\u00e4sident Trump und die Folgen f\u00fcr Amerika und Europa. Donald Trumps erste Monate im Amt haben Aufruhr ausgel\u00f6st, in den USA und in den transatlantischen Beziehungen. Vieles, was selbstverst\u00e4ndlich erschien, steht in Frage: der Respekt eines Pr\u00e4sidenten vor Gerichten und Medien, die Beistandsgarantie der NATO, die Bindung [&hellip;]<\/p>\n","protected":false},"author":19,"featured_media":0,"comment_status":"open","ping_status":"open","sticky":false,"template":"","format":"standard","meta":{"jetpack_post_was_ever_published":false,"_jetpack_newsletter_access":"","_jetpack_dont_email_post_to_subs":false,"_jetpack_newsletter_tier_id":0,"_jetpack_memberships_contains_paywalled_content":false,"_jetpack_memberships_contains_paid_content":false,"footnotes":"","jetpack_publicize_message":"","jetpack_publicize_feature_enabled":true,"jetpack_social_post_already_shared":true,"jetpack_social_options":{"image_generator_settings":{"template":"highway","default_image_id":0,"font":"","enabled":false},"version":2}},"categories":[9],"tags":[],"class_list":["post-22486","post","type-post","status-publish","format-standard","hentry","category-ausstellungen"],"views":2171,"jetpack_publicize_connections":[],"jetpack_featured_media_url":"","jetpack_shortlink":"https:\/\/wp.me\/p7hfNR-5QG","jetpack-related-posts":[{"id":39327,"url":"https:\/\/blog.sub.uni-hamburg.de\/?p=39327","url_meta":{"origin":22486,"position":0},"title":"eXit &#8211; Die Stabi Hamburg verl\u00e4sst X","author":"Markus Trapp","date":"04-12-24","format":false,"excerpt":"Der seit der \u00dcbernahme von Twitter durch Elon Musk im Oktober 2022 eingeleitete Niedergang des Kurznachrichtendienstes X hat durch die Implikation von Musk in den US-amerikanischen Wahlkampf als Unterst\u00fctzer von Donald Trump und von rechtsextremen Fundamentalisten, sowie durch die Berufung von Musk in die kommende Regierung Trump einen neuen Tiefpunkt\u2026","rel":"","context":"In &quot;Aktuelles&quot;","block_context":{"text":"Aktuelles","link":"https:\/\/blog.sub.uni-hamburg.de\/?cat=1"},"img":{"alt_text":"","src":"https:\/\/i0.wp.com\/blog.sub.uni-hamburg.de\/wp-content\/uploads\/2024\/12\/exit.jpg?resize=350%2C200&ssl=1","width":350,"height":200},"classes":[]},{"id":1303,"url":"https:\/\/blog.sub.uni-hamburg.de\/?p=1303","url_meta":{"origin":22486,"position":1},"title":"MISSION AMERIKA &#8211; Weltmacht am Wendepunkt &#8211; Kornblum und Kronzucker analysieren Obamas Kurs (16.6.)","author":"MG","date":"05-06-09","format":false,"excerpt":"Dienstag, 16. Juni, 20.00 Uhr Lichthof im Altbau der Staats- und Universit\u00e4tsbibliothek Eingang Edmund-Siemers-Allee \/ Ecke Grindelallee 100 Tage Barack Obama: Zwei kompetente Stimmen zeigen auf, welchen Weg Amerika mit seinem 44. Pr\u00e4sidenten eingeschlagen hat \u2013 eine Zeitenwende, der sich auch die L\u00e4nder, die mit den USA in politischen und\u2026","rel":"","context":"In &quot;Ausstellungen und Veranstaltungen&quot;","block_context":{"text":"Ausstellungen und Veranstaltungen","link":"https:\/\/blog.sub.uni-hamburg.de\/?cat=9"},"img":{"alt_text":"","src":"","width":0,"height":0},"classes":[]},{"id":15650,"url":"https:\/\/blog.sub.uni-hamburg.de\/?p=15650","url_meta":{"origin":22486,"position":2},"title":"Wie gro\u00df ist Europa? Die EU, die T\u00fcrkei und die z\u00e4hen Beitrittsverhandlungen (27.8.)","author":"MG","date":"19-08-14","format":false,"excerpt":"Mittwoch, 27.8.2014, 18 Uhr, Vortragsraum der Stabi In der Europ\u00e4ischen Union leben mehr als 700 Millionen Menschen in 28 Staaten. Derzeit finden mit sechs weiteren L\u00e4ndern offizielle Beitrittsverhandlungen statt, darunter mit der T\u00fcrkei auch ein muslimisches Land mit einer Bev\u00f6lkerung von ca. 74 Millionen. Offiziell wird seit 2005 verhandelt, doch\u2026","rel":"","context":"In &quot;Ausstellungen und Veranstaltungen&quot;","block_context":{"text":"Ausstellungen und Veranstaltungen","link":"https:\/\/blog.sub.uni-hamburg.de\/?cat=9"},"img":{"alt_text":"Istanbul-Stadtteile","src":"https:\/\/i0.wp.com\/blog.sub.uni-hamburg.de\/wp-content\/uploads\/2014\/08\/14-B%C3%B6ll-Istanbul-Stadtteile-257x300.jpg?resize=350%2C200&ssl=1","width":350,"height":200},"classes":[]},{"id":39538,"url":"https:\/\/blog.sub.uni-hamburg.de\/?p=39538","url_meta":{"origin":22486,"position":3},"title":"Diskussion: \u201eDer Freihandel hat fertig\u201c mit Prof. Gabriel Felbermayr (29.1.)","author":"Markus Trapp","date":"14-01-25","format":false,"excerpt":"Mittwoch, 29.1., 17 Uhr, Vortragsraum. Gemeinsam mit dem renommierten Wirtschaftswissenschaftler Prof. Gabriel Felbermayr (WIFO, Wien) werden anl\u00e4sslich der Ver\u00f6ffentlichung seines Buches \u201eDer Freihandel hat fertig\u201c Themen rund um Freihandel, De-Globalisierung und De-Risking diskutiert. Wie stellen sich Deutschland und Europa f\u00fcr die Wirtschaftspolitik der Trump-Administration auf? Wie begegnet Europa weiteren au\u00dfenwirtschaftlichen\u2026","rel":"","context":"In &quot;Ausstellungen und Veranstaltungen&quot;","block_context":{"text":"Ausstellungen und Veranstaltungen","link":"https:\/\/blog.sub.uni-hamburg.de\/?cat=9"},"img":{"alt_text":"Der Freihandel hat fertig","src":"https:\/\/i0.wp.com\/blog.sub.uni-hamburg.de\/wp-content\/uploads\/2025\/01\/Felbermayr_Freihandel.jpg?resize=350%2C200&ssl=1","width":350,"height":200},"classes":[]},{"id":42389,"url":"https:\/\/blog.sub.uni-hamburg.de\/?p=42389","url_meta":{"origin":22486,"position":4},"title":"Geraubte Tr\u00e4ume: Der doppelte Olympia-Boykott 1980 und 1984 (6.5.)","author":"Markus Trapp","date":"21-04-26","format":false,"excerpt":"Mittwoch, 6.5., 19 Uhr, Ossietzky-Forum. Im Zentrum der Veranstaltung der Landeszentrale f\u00fcr politische Bildung Hamburg stehen die Olympischen Spiele von 1980 (Moskau) und 1984 (Los Angeles). W\u00e4hrend die Bundesrepublik Deutschland 1980 dem Boykottaufruf der USA gegen die Spiele in Moskau folgte, schloss sich die DDR 1984 dem sowjetischen Gegenboykott von\u2026","rel":"","context":"In &quot;Ausstellungen und Veranstaltungen&quot;","block_context":{"text":"Ausstellungen und Veranstaltungen","link":"https:\/\/blog.sub.uni-hamburg.de\/?cat=9"},"img":{"alt_text":"","src":"https:\/\/i0.wp.com\/blog.sub.uni-hamburg.de\/wp-content\/uploads\/2026\/04\/Olympiastadion_Moskau_1980.jpg?resize=350%2C200&ssl=1","width":350,"height":200},"classes":[]},{"id":13669,"url":"https:\/\/blog.sub.uni-hamburg.de\/?p=13669","url_meta":{"origin":22486,"position":5},"title":"Wie geht es weiter in der Ukraine? (11.2.)","author":"Markus Trapp","date":"27-01-14","format":false,"excerpt":"Eine Veranstaltung der Friedrich Naumann-Stiftung: Wie geht es weiter in der Ukraine? Demonstrationen und Konfrontationen - Ein ukrainischer Journalist berichtet. Dienstag, 11.02.2014, 19 bis 21 Uhr in Hamburg, Vortragsraum (1. Etage) Foto: Dmitry A. Mottl (Wikipedia, CC BY-SA 3.0) Impulsreferat: \u201eDas Assoziierungsabkommen - was beinhaltet es und was kann sich\u2026","rel":"","context":"In &quot;Ausstellungen und Veranstaltungen&quot;","block_context":{"text":"Ausstellungen und Veranstaltungen","link":"https:\/\/blog.sub.uni-hamburg.de\/?cat=9"},"img":{"alt_text":"Kiew","src":"https:\/\/i0.wp.com\/blog.sub.uni-hamburg.de\/wp-content\/uploads\/2014\/01\/kiew.jpg?resize=350%2C200&ssl=1","width":350,"height":200,"srcset":"https:\/\/i0.wp.com\/blog.sub.uni-hamburg.de\/wp-content\/uploads\/2014\/01\/kiew.jpg?resize=350%2C200&ssl=1 1x, https:\/\/i0.wp.com\/blog.sub.uni-hamburg.de\/wp-content\/uploads\/2014\/01\/kiew.jpg?resize=525%2C300&ssl=1 1.5x"},"classes":[]}],"jetpack_sharing_enabled":true,"_links":{"self":[{"href":"https:\/\/blog.sub.uni-hamburg.de\/index.php?rest_route=\/wp\/v2\/posts\/22486","targetHints":{"allow":["GET"]}}],"collection":[{"href":"https:\/\/blog.sub.uni-hamburg.de\/index.php?rest_route=\/wp\/v2\/posts"}],"about":[{"href":"https:\/\/blog.sub.uni-hamburg.de\/index.php?rest_route=\/wp\/v2\/types\/post"}],"author":[{"embeddable":true,"href":"https:\/\/blog.sub.uni-hamburg.de\/index.php?rest_route=\/wp\/v2\/users\/19"}],"replies":[{"embeddable":true,"href":"https:\/\/blog.sub.uni-hamburg.de\/index.php?rest_route=%2Fwp%2Fv2%2Fcomments&post=22486"}],"version-history":[{"count":4,"href":"https:\/\/blog.sub.uni-hamburg.de\/index.php?rest_route=\/wp\/v2\/posts\/22486\/revisions"}],"predecessor-version":[{"id":22491,"href":"https:\/\/blog.sub.uni-hamburg.de\/index.php?rest_route=\/wp\/v2\/posts\/22486\/revisions\/22491"}],"wp:attachment":[{"href":"https:\/\/blog.sub.uni-hamburg.de\/index.php?rest_route=%2Fwp%2Fv2%2Fmedia&parent=22486"}],"wp:term":[{"taxonomy":"category","embeddable":true,"href":"https:\/\/blog.sub.uni-hamburg.de\/index.php?rest_route=%2Fwp%2Fv2%2Fcategories&post=22486"},{"taxonomy":"post_tag","embeddable":true,"href":"https:\/\/blog.sub.uni-hamburg.de\/index.php?rest_route=%2Fwp%2Fv2%2Ftags&post=22486"}],"curies":[{"name":"wp","href":"https:\/\/api.w.org\/{rel}","templated":true}]}}