{"id":22227,"date":"2017-03-03T10:11:58","date_gmt":"2017-03-03T09:11:58","guid":{"rendered":"http:\/\/blog.sub.uni-hamburg.de\/?p=22227"},"modified":"2017-03-23T10:45:15","modified_gmt":"2017-03-23T09:45:15","slug":"die-hamburger-juden-im-ns-staat-zwischen-1933-und-193839-historische-forschung-22-3","status":"publish","type":"post","link":"https:\/\/blog.sub.uni-hamburg.de\/?p=22227","title":{"rendered":"Die Hamburger Juden im NS-Staat zwischen 1933 und 1938\/39. Historische Forschung (22.3.)"},"content":{"rendered":"<p><a href=\"http:\/\/www.igdj-hh.de\/publikation-details-165\/die-hamburger-juden-im-ns-staat-1933-bis-193839.html\"><img loading=\"lazy\" decoding=\"async\" data-attachment-id=\"22228\" data-permalink=\"https:\/\/blog.sub.uni-hamburg.de\/?attachment_id=22228\" data-orig-file=\"https:\/\/blog.sub.uni-hamburg.de\/wp-content\/uploads\/2017\/03\/hh-juden-nsstaat-640.png\" data-orig-size=\"640,549\" data-comments-opened=\"1\" data-image-meta=\"{&quot;aperture&quot;:&quot;0&quot;,&quot;credit&quot;:&quot;&quot;,&quot;camera&quot;:&quot;&quot;,&quot;caption&quot;:&quot;&quot;,&quot;created_timestamp&quot;:&quot;0&quot;,&quot;copyright&quot;:&quot;&quot;,&quot;focal_length&quot;:&quot;0&quot;,&quot;iso&quot;:&quot;0&quot;,&quot;shutter_speed&quot;:&quot;0&quot;,&quot;title&quot;:&quot;&quot;,&quot;orientation&quot;:&quot;0&quot;}\" data-image-title=\"hh-juden-nsstaat-640\" data-image-description=\"\" data-image-caption=\"\" data-large-file=\"https:\/\/blog.sub.uni-hamburg.de\/wp-content\/uploads\/2017\/03\/hh-juden-nsstaat-640.png\" src=\"https:\/\/blog.sub.uni-hamburg.de\/wp-content\/uploads\/2017\/03\/hh-juden-nsstaat-640.png\" alt=\"Die Hamburger Juden im NS-Staat zwischen 1933 und 1938\/39\" title=\"Die Hamburger Juden im NS-Staat zwischen 1933 und 1938\/39\" width=\"640\" height=\"549\" class=\"alignnone size-full wp-image-22228\" srcset=\"https:\/\/blog.sub.uni-hamburg.de\/wp-content\/uploads\/2017\/03\/hh-juden-nsstaat-640.png 640w, https:\/\/blog.sub.uni-hamburg.de\/wp-content\/uploads\/2017\/03\/hh-juden-nsstaat-640-150x129.png 150w, https:\/\/blog.sub.uni-hamburg.de\/wp-content\/uploads\/2017\/03\/hh-juden-nsstaat-640-300x257.png 300w\" sizes=\"auto, (max-width: 640px) 100vw, 640px\" \/><\/a><\/p>\n<p>Prof. Dr. J\u00f6rg Berkemann \/ Prof. Dr. Ina Lorenz: Die Hamburger Juden im NS-Staat zwischen 1933 und 1938\/39. Historische Forschung \u2013 ihre Zielsetzung und Umsetzung.<\/p>\n<p>Juden unterlagen nach der nationalsozialistischen \u201eMachtergreifung\u201c der offiziellen rassistischen Staatsdoktrin. Die rassenpolitischen Ziele wurden schrittweise immer radikaler durchgesetzt, um zun\u00e4chst sektoral, dann nahezu vollst\u00e4ndig alle gesellschaftlichen Lebensbereiche auch der Hamburger Juden zu erfassen. Dagegen steht die innerj\u00fcdische Solidarit\u00e4t der Diskriminierten und Verfolgten untereinander. Die Historikerin Ina Lorenz und<br \/>\nder Jurist J\u00f6rg Berkemann zeigen auf der Grundlage einer 20-j\u00e4hrigen Forschungsarbeit, wie j\u00fcdisches Leben in Hamburg trotz massiver Repressionen \u00fcber einen Zeitraum von nur f\u00fcnf Jahren noch m\u00f6glich war.<\/p>\n<p><strong><a href=\"https:\/\/www.geschichte.uni-hamburg.de\/arbeitsbereiche\/deutsche-geschichte\/personen\/lorenz-i.html\">Ina Lorenz<\/a><\/strong> war Mitarbeiterin und stellvertretende Direktorin am Institut f\u00fcr die Geschichte der deutschen Juden in Hamburg; <strong><a href=\"https:\/\/www.jura.uni-hamburg.de\/ueber-die-fakultaet\/personenverzeichnis\/berkemann-joerg.html\">J\u00f6rg Berkemann<\/a><\/strong> war als Richter am Bundesverwaltungsgericht Berlin\/Leipzig t\u00e4tig.<br \/>\n<!--more--><\/p>\n<p><img loading=\"lazy\" decoding=\"async\" data-attachment-id=\"22230\" data-permalink=\"https:\/\/blog.sub.uni-hamburg.de\/?attachment_id=22230\" data-orig-file=\"https:\/\/blog.sub.uni-hamburg.de\/wp-content\/uploads\/2017\/03\/vhg-logo-450.jpg\" data-orig-size=\"450,200\" data-comments-opened=\"1\" data-image-meta=\"{&quot;aperture&quot;:&quot;0&quot;,&quot;credit&quot;:&quot;&quot;,&quot;camera&quot;:&quot;&quot;,&quot;caption&quot;:&quot;&quot;,&quot;created_timestamp&quot;:&quot;0&quot;,&quot;copyright&quot;:&quot;&quot;,&quot;focal_length&quot;:&quot;0&quot;,&quot;iso&quot;:&quot;0&quot;,&quot;shutter_speed&quot;:&quot;0&quot;,&quot;title&quot;:&quot;&quot;,&quot;orientation&quot;:&quot;0&quot;}\" data-image-title=\"vhg-logo-450\" data-image-description=\"\" data-image-caption=\"\" data-large-file=\"https:\/\/blog.sub.uni-hamburg.de\/wp-content\/uploads\/2017\/03\/vhg-logo-450.jpg\" src=\"https:\/\/blog.sub.uni-hamburg.de\/wp-content\/uploads\/2017\/03\/vhg-logo-450.jpg\" alt=\"Verein f\u00fcr Hamburgische Geschichte\" title=\"Verein f\u00fcr Hamburgische Geschichte\"  width=\"250\" height=\"111\" class=\"alignleft size-full wp-image-22230\" srcset=\"https:\/\/blog.sub.uni-hamburg.de\/wp-content\/uploads\/2017\/03\/vhg-logo-450.jpg 450w, https:\/\/blog.sub.uni-hamburg.de\/wp-content\/uploads\/2017\/03\/vhg-logo-450-150x67.jpg 150w, https:\/\/blog.sub.uni-hamburg.de\/wp-content\/uploads\/2017\/03\/vhg-logo-450-300x133.jpg 300w\" sizes=\"auto, (max-width: 250px) 100vw, 250px\" \/> Eine Veranstaltung des <a href=\"http:\/\/www.vfhg.de\/\">Vereins f\u00fcr Hamburgische Geschichte<\/a> in Kooperation mit der Staats- und Universit\u00e4tsbibliothek.<\/p>\n<p><strong>Mittwoch, 22. M\u00e4rz 2017, 18 Uhr<br \/>\nOrt: Vortragsraum, 1. Etage. Eintritt frei.<\/strong><\/p>\n<p>Informationen zur Ver\u00f6ffentlichung von \u00abDie Hamburger Juden im NS-Staat zwischen 1933 und 1938\/39\u00bb auf der Website des <a href=\"http:\/\/www.igdj-hh.de\/publikation-details-165\/die-hamburger-juden-im-ns-staat-1933-bis-193839.html\">Instituts f\u00fcr die Geschichte der deutschen Juden<\/a>.<\/p>\n","protected":false},"excerpt":{"rendered":"<p>Prof. Dr. J\u00f6rg Berkemann \/ Prof. Dr. Ina Lorenz: Die Hamburger Juden im NS-Staat zwischen 1933 und 1938\/39. Historische Forschung \u2013 ihre Zielsetzung und Umsetzung. Juden unterlagen nach der nationalsozialistischen \u201eMachtergreifung\u201c der offiziellen rassistischen Staatsdoktrin. Die rassenpolitischen Ziele wurden schrittweise immer radikaler durchgesetzt, um zun\u00e4chst sektoral, dann nahezu vollst\u00e4ndig alle gesellschaftlichen Lebensbereiche auch der Hamburger [&hellip;]<\/p>\n","protected":false},"author":19,"featured_media":0,"comment_status":"open","ping_status":"open","sticky":false,"template":"","format":"standard","meta":{"jetpack_post_was_ever_published":false,"_jetpack_newsletter_access":"","_jetpack_dont_email_post_to_subs":true,"_jetpack_newsletter_tier_id":0,"_jetpack_memberships_contains_paywalled_content":false,"_jetpack_memberships_contains_paid_content":false,"footnotes":"","jetpack_publicize_message":"","jetpack_publicize_feature_enabled":true,"jetpack_social_post_already_shared":true,"jetpack_social_options":{"image_generator_settings":{"template":"highway","default_image_id":0,"font":"","enabled":false},"version":2}},"categories":[9,17],"tags":[],"class_list":["post-22227","post","type-post","status-publish","format-standard","hentry","category-ausstellungen","category-hamburg"],"views":2769,"jetpack_publicize_connections":[],"jetpack_featured_media_url":"","jetpack_shortlink":"https:\/\/wp.me\/p7hfNR-5Mv","jetpack-related-posts":[{"id":20476,"url":"https:\/\/blog.sub.uni-hamburg.de\/?p=20476","url_meta":{"origin":22227,"position":0},"title":"Shortlist von HamburgLesen 2016","author":"Markus Trapp","date":"14-07-16","format":false,"excerpt":"Im Herbst ist es wieder so weit: Zum vierten Mal vergibt die Staatsbibliothek ihren Buchpreis HamburgLesen an ein Buch der aktuellen \"Jahresproduktion\", das sich in herausragender Weise mit dem Thema Hamburg befasst. Im Rennen um den mit 5.000 \u20ac dotierten Buchpreis, der am Freitag, den 28. Oktober 2016 im Lichthof\u2026","rel":"","context":"In &quot;Aktuelles&quot;","block_context":{"text":"Aktuelles","link":"https:\/\/blog.sub.uni-hamburg.de\/?cat=1"},"img":{"alt_text":"HHL-logo2016","src":"https:\/\/i0.wp.com\/blog.sub.uni-hamburg.de\/wp-content\/uploads\/2016\/07\/HHL-logo2016.jpg?resize=350%2C200&ssl=1","width":350,"height":200},"classes":[]},{"id":34533,"url":"https:\/\/blog.sub.uni-hamburg.de\/?p=34533","url_meta":{"origin":22227,"position":1},"title":"Die Stabi gibt NS-Raubgut zur\u00fcck \u2013 und bekommt es geschenkt.","author":"Redaktion","date":"19-10-22","format":false,"excerpt":"Zur Restitution von Autographen aus der Sammlung Dr. Heinrich Spiero. Von Anneke de Rudder. Am 22. September restituierte die Stabi mehr als 250 Briefe der bekannten Hamburger Schriftsteller Detlev von Liliencron, Gustav Falke und Richard Dehmel an ihre rechtm\u00e4\u00dfigen Eigent\u00fcmer:innen. Die Unikate, die 1937 im Berliner Auktionshaus J. A. Stargardt\u2026","rel":"","context":"In &quot;Aktuelles&quot;","block_context":{"text":"Aktuelles","link":"https:\/\/blog.sub.uni-hamburg.de\/?cat=1"},"img":{"alt_text":"","src":"https:\/\/i0.wp.com\/blog.sub.uni-hamburg.de\/wp-content\/uploads\/2022\/10\/Restitution-Spiero1-Zepf-Begruessung-150x113.jpg?resize=350%2C200&ssl=1","width":350,"height":200,"srcset":"https:\/\/i0.wp.com\/blog.sub.uni-hamburg.de\/wp-content\/uploads\/2022\/10\/Restitution-Spiero1-Zepf-Begruessung-150x113.jpg?resize=350%2C200&ssl=1 1x, https:\/\/i0.wp.com\/blog.sub.uni-hamburg.de\/wp-content\/uploads\/2022\/10\/Restitution-Spiero1-Zepf-Begruessung-150x113.jpg?resize=525%2C300&ssl=1 1.5x, https:\/\/i0.wp.com\/blog.sub.uni-hamburg.de\/wp-content\/uploads\/2022\/10\/Restitution-Spiero1-Zepf-Begruessung-150x113.jpg?resize=700%2C400&ssl=1 2x, https:\/\/i0.wp.com\/blog.sub.uni-hamburg.de\/wp-content\/uploads\/2022\/10\/Restitution-Spiero1-Zepf-Begruessung-150x113.jpg?resize=1050%2C600&ssl=1 3x, https:\/\/i0.wp.com\/blog.sub.uni-hamburg.de\/wp-content\/uploads\/2022\/10\/Restitution-Spiero1-Zepf-Begruessung-150x113.jpg?resize=1400%2C800&ssl=1 4x"},"classes":[]},{"id":34095,"url":"https:\/\/blog.sub.uni-hamburg.de\/?p=34095","url_meta":{"origin":22227,"position":2},"title":"Finissage: \u201eSehr erfreuliche Vermehrungen\u201c. Die Autographen aus der Sammlung Heinrich Spiero (22.9.)","author":"Markus Trapp","date":"14-09-22","format":false,"excerpt":"Donnerstag, 22.9., 18 Uhr, Vortragsraum. Seit dem 20. Juli zeigt die Stabi die Ausstellung \u201eSehr erfreuliche Vermehrungen\u201c \u00fcber NS-Raubgut in den Sondersammlungen. Die Finissage am 22. September ist zugleich eine Restitution: Es geht um die R\u00fcckgabe von \u00fcber 250 Autographen, die die Bibliothek 1937 im Handel erwarb. Sie geh\u00f6rten dem\u2026","rel":"","context":"In &quot;Ausstellungen und Veranstaltungen&quot;","block_context":{"text":"Ausstellungen und Veranstaltungen","link":"https:\/\/blog.sub.uni-hamburg.de\/?cat=9"},"img":{"alt_text":"Plakat 'Sehr erfreuliche Vermehrungen'. Zur Suche nach NS-Raubgut in den Sondersammlungen der SUB","src":"https:\/\/i0.wp.com\/blog.sub.uni-hamburg.de\/wp-content\/uploads\/2022\/07\/Raubgut-Plakat.jpg?resize=350%2C200&ssl=1","width":350,"height":200},"classes":[]},{"id":32085,"url":"https:\/\/blog.sub.uni-hamburg.de\/?p=32085","url_meta":{"origin":22227,"position":3},"title":"Helfen bedeutet Leben. Jacob Teitel und der Verband russischer Juden in Deutschland (1920-1935) (9.11.-2.12.)","author":"Markus Trapp","date":"21-10-21","format":false,"excerpt":"Eine Ausstellung der J\u00fcdischen Gemeinde D\u00fcsseldorf im Rahmen des Festjahres 1700 Jahre j\u00fcdisches Leben in Deutschland. Nach der Russischen Revolution von 1917 und dem folgenden blutigen B\u00fcrgerkrieg fl\u00fcchteten Tausende Juden aus Russland nach Deutschland. Hier erwartete sie h\u00e4ufig ein Leben in Armut und gesellschaftlicher Randst\u00e4ndigkeit. Mit dem Verband russischer Juden\u2026","rel":"","context":"In &quot;Ausstellungen und Veranstaltungen&quot;","block_context":{"text":"Ausstellungen und Veranstaltungen","link":"https:\/\/blog.sub.uni-hamburg.de\/?cat=9"},"img":{"alt_text":"Helfen bedeutet Leben. Jacob Teitel und der Verband russischer Juden in Deutschland (1920-1935)","src":"https:\/\/i0.wp.com\/blog.sub.uni-hamburg.de\/wp-content\/uploads\/2021\/10\/Stabi-Teitel-Plakat.jpg?resize=350%2C200&ssl=1","width":350,"height":200},"classes":[]},{"id":11741,"url":"https:\/\/blog.sub.uni-hamburg.de\/?p=11741","url_meta":{"origin":22227,"position":4},"title":"\u201eWo man B\u00fccher verbrennt\u2026\u201c Verbrannte B\u00fccher, verbannte und ermordete Autoren Hamburgs (15.5.-28.6.)","author":"Markus Trapp","date":"29-04-13","format":false,"excerpt":"Am 10. Mai j\u00e4hrt sich zum achtzigsten Mal die B\u00fccherverbrennung der Nationalsozialisten. Die von der \u201eDeutschen Studentenschaft\u201c reichsweit organisierte Aktion \u201eWider den undeutschen Geist\u201c gipfelte in der \u00f6ffentlich inszenierten Verbrennung von B\u00fcchern missliebiger Autoren. Die Scheiterhaufen waren Fanale, die die vollkommene Beseitigung jeder demokratischen und freiheitlichen Kultur in Deutschland zum\u2026","rel":"","context":"In &quot;Ausstellungen und Veranstaltungen&quot;","block_context":{"text":"Ausstellungen und Veranstaltungen","link":"https:\/\/blog.sub.uni-hamburg.de\/?cat=9"},"img":{"alt_text":"Wo man B\u00fccher verbrennt\u2026","src":"https:\/\/i0.wp.com\/blog.sub.uni-hamburg.de\/wp-content\/uploads\/2013\/04\/buecherverbrennung.jpg?resize=350%2C200&ssl=1","width":350,"height":200,"srcset":"https:\/\/i0.wp.com\/blog.sub.uni-hamburg.de\/wp-content\/uploads\/2013\/04\/buecherverbrennung.jpg?resize=350%2C200&ssl=1 1x, https:\/\/i0.wp.com\/blog.sub.uni-hamburg.de\/wp-content\/uploads\/2013\/04\/buecherverbrennung.jpg?resize=525%2C300&ssl=1 1.5x"},"classes":[]},{"id":33628,"url":"https:\/\/blog.sub.uni-hamburg.de\/?p=33628","url_meta":{"origin":22227,"position":5},"title":"\u201eSehr erfreuliche Vermehrungen\u201c. Zur Suche nach NS-Raubgut in den Sondersammlungen der SUB (20.7.-22.9.)","author":"Markus Trapp","date":"04-07-22","format":false,"excerpt":"\u201eSehr erfreuliche Vermehrungen\u201c \u2013 so beschrieb der damalige Bibliotheksdirektor Gustav Wahl 1942 eine Reihe von Erwerbungen f\u00fcr die Sondersammlungen, darunter eine gro\u00dfe Autographensammlung \u201eaus dem Besitz eines evakuierten Juden\u201c. Was verbarg sich hinter solchen Zug\u00e4ngen? Woher kamen die vielen Handschriften, alten Drucke und besonderen B\u00fccher, die in der NS-Zeit erworben\u2026","rel":"","context":"In &quot;Ausstellungen und Veranstaltungen&quot;","block_context":{"text":"Ausstellungen und Veranstaltungen","link":"https:\/\/blog.sub.uni-hamburg.de\/?cat=9"},"img":{"alt_text":"","src":"https:\/\/i0.wp.com\/blog.sub.uni-hamburg.de\/wp-content\/uploads\/2022\/07\/Exlibris-Otto-Elias-kl.jpg?resize=350%2C200&ssl=1","width":350,"height":200,"srcset":"https:\/\/i0.wp.com\/blog.sub.uni-hamburg.de\/wp-content\/uploads\/2022\/07\/Exlibris-Otto-Elias-kl.jpg?resize=350%2C200&ssl=1 1x, https:\/\/i0.wp.com\/blog.sub.uni-hamburg.de\/wp-content\/uploads\/2022\/07\/Exlibris-Otto-Elias-kl.jpg?resize=525%2C300&ssl=1 1.5x"},"classes":[]}],"jetpack_sharing_enabled":true,"_links":{"self":[{"href":"https:\/\/blog.sub.uni-hamburg.de\/index.php?rest_route=\/wp\/v2\/posts\/22227","targetHints":{"allow":["GET"]}}],"collection":[{"href":"https:\/\/blog.sub.uni-hamburg.de\/index.php?rest_route=\/wp\/v2\/posts"}],"about":[{"href":"https:\/\/blog.sub.uni-hamburg.de\/index.php?rest_route=\/wp\/v2\/types\/post"}],"author":[{"embeddable":true,"href":"https:\/\/blog.sub.uni-hamburg.de\/index.php?rest_route=\/wp\/v2\/users\/19"}],"replies":[{"embeddable":true,"href":"https:\/\/blog.sub.uni-hamburg.de\/index.php?rest_route=%2Fwp%2Fv2%2Fcomments&post=22227"}],"version-history":[{"count":6,"href":"https:\/\/blog.sub.uni-hamburg.de\/index.php?rest_route=\/wp\/v2\/posts\/22227\/revisions"}],"predecessor-version":[{"id":22236,"href":"https:\/\/blog.sub.uni-hamburg.de\/index.php?rest_route=\/wp\/v2\/posts\/22227\/revisions\/22236"}],"wp:attachment":[{"href":"https:\/\/blog.sub.uni-hamburg.de\/index.php?rest_route=%2Fwp%2Fv2%2Fmedia&parent=22227"}],"wp:term":[{"taxonomy":"category","embeddable":true,"href":"https:\/\/blog.sub.uni-hamburg.de\/index.php?rest_route=%2Fwp%2Fv2%2Fcategories&post=22227"},{"taxonomy":"post_tag","embeddable":true,"href":"https:\/\/blog.sub.uni-hamburg.de\/index.php?rest_route=%2Fwp%2Fv2%2Ftags&post=22227"}],"curies":[{"name":"wp","href":"https:\/\/api.w.org\/{rel}","templated":true}]}}