{"id":215,"date":"2006-07-20T06:10:59","date_gmt":"2006-07-20T06:10:59","guid":{"rendered":"http:\/\/www.sub.uni-hamburg.de\/blog\/?p=215"},"modified":"2006-07-20T08:24:12","modified_gmt":"2006-07-20T08:24:12","slug":"behindertengerechtes-wegenetz-auf-dem-campus-gelande","status":"publish","type":"post","link":"https:\/\/blog.sub.uni-hamburg.de\/?p=215","title":{"rendered":"Behindertengerechtes Wegenetz auf dem Campus-Gel\u00e4nde"},"content":{"rendered":"<p>Der weitere Ausbau des behindertengerechten Wegenetzes auf dem Campus, die Anbindung der Stabi, wird am 24.07.2006 beginnen und etwa 6 Wochen dauern.<\/p>\n<p>Die Abzweigung zum Behinderteneingang der Stabi wird voraussichtlich in der 2. Augustwoche in Angriff genommen.<\/p>\n<p>W\u00e4hrend der Bauarbeiten ist mit Behinderungen auf dem Vorplatz der Bibliothek zu rechnen.  F\u00fcr etwa eine Woche mu\u00df \u00fcbergangsweise der Notausgang unmittelbar links vom Haupteingang von Rollstuhlfahrern usw. genutzt werden. Rechts vom Haupteingang der Bibliothek k\u00f6nnen die Fahrradst\u00e4nder nicht genutzt werden.<\/p>\n<p>F\u00fcr diesen Bauabschnitt des Wegenetzes hat die Beh\u00f6rde f\u00fcr Wissenschaft und Forschung Mittel aus zentralen Titeln (Infrastrukturma\u00dfnahmen zugunsten Behinderter) im Umfang von 70.000 \u20ac bereitgestellt.<\/p>\n","protected":false},"excerpt":{"rendered":"<p>Der weitere Ausbau des behindertengerechten Wegenetzes auf dem Campus, die Anbindung der Stabi, wird am 24.07.2006 beginnen und etwa 6 Wochen dauern. Die Abzweigung zum Behinderteneingang der Stabi wird voraussichtlich in der 2. Augustwoche in Angriff genommen. W\u00e4hrend der Bauarbeiten ist mit Behinderungen auf dem Vorplatz der Bibliothek zu rechnen. F\u00fcr etwa eine Woche mu\u00df [&hellip;]<\/p>\n","protected":false},"author":16,"featured_media":0,"comment_status":"open","ping_status":"open","sticky":false,"template":"","format":"standard","meta":{"jetpack_post_was_ever_published":false,"_jetpack_newsletter_access":"","_jetpack_dont_email_post_to_subs":false,"_jetpack_newsletter_tier_id":0,"_jetpack_memberships_contains_paywalled_content":false,"_jetpack_memberships_contains_paid_content":false,"footnotes":"","jetpack_publicize_message":"","jetpack_publicize_feature_enabled":true,"jetpack_social_post_already_shared":false,"jetpack_social_options":{"image_generator_settings":{"template":"highway","default_image_id":0,"font":"","enabled":false},"version":2}},"categories":[1,10],"tags":[],"class_list":["post-215","post","type-post","status-publish","format-standard","hentry","category-1","category-baustelle-stabi"],"views":7944,"jetpack_publicize_connections":[],"jetpack_featured_media_url":"","jetpack_shortlink":"https:\/\/wp.me\/p7hfNR-3t","jetpack-related-posts":[{"id":598,"url":"https:\/\/blog.sub.uni-hamburg.de\/?p=598","url_meta":{"origin":215,"position":0},"title":"Stabi: Einf\u00fchrung eines Kassenautomaten. Zahlstelle zuk\u00fcnftig im Bereich der Leihstelle.","author":"DL","date":"01-07-07","format":false,"excerpt":"Am Montag und Dienstag, den 2.\/3.7. 2007, wird in der Stabi im Bereich der Leihstelle ein Kassenautomat installiert, der dann auch z\u00fcgig\u00a0in Betrieb genommen werden soll. Die Zahlstelle an ihrem bisherigen Standort wird geschlossen.\u00a0Die Mitarbeiter der\u00a0Zahlstelle finden Sie zuk\u00fcnftig neben dem Kassenautomaten in der Leihstelle. Der Automat arbeitet mit dem\u2026","rel":"","context":"In &quot;Aktuelles&quot;","block_context":{"text":"Aktuelles","link":"https:\/\/blog.sub.uni-hamburg.de\/?cat=1"},"img":{"alt_text":"","src":"","width":0,"height":0},"classes":[]},{"id":30199,"url":"https:\/\/blog.sub.uni-hamburg.de\/?p=30199","url_meta":{"origin":215,"position":1},"title":"Zeit f\u00fcr Inklusion","author":"Redaktion","date":"27-10-20","format":false,"excerpt":"von Hajo Seng (Schwerbehindertenvertreter), Korinna Meschke & Birgit Straubel (Gleichstellungsbeauftragte). Der virtuelle B\u00fcchertisch mit diversesensibler Kinderliteratur, den die Gleichstellungsbeauftragten der SUB Hamburg im Rahmen der Diversity Tage im Stabi-Blog ver\u00f6ffentlicht haben, erwacht wieder zum Leben - diesmal mit dem Schwerpunkt Inklusion zur Veranstaltungsreihe \"Zeit f\u00fcr Inklusion\". Mit diesem Beitrag versuchen\u2026","rel":"","context":"In &quot;Aktuelles&quot;","block_context":{"text":"Aktuelles","link":"https:\/\/blog.sub.uni-hamburg.de\/?cat=1"},"img":{"alt_text":"","src":"https:\/\/i0.wp.com\/blog.sub.uni-hamburg.de\/wp-content\/uploads\/2020\/10\/inklusion.jpg?resize=350%2C200&ssl=1","width":350,"height":200},"classes":[]},{"id":17426,"url":"https:\/\/blog.sub.uni-hamburg.de\/?p=17426","url_meta":{"origin":215,"position":2},"title":"&#8220;Ein Ged\u00e4chtnis der Stadt.&#8221; \u2013 Neues Stra\u00dfenverzeichnis","author":"HS","date":"01-04-15","format":false,"excerpt":"Die Landeszentrale f\u00fcr politische Bildung Hamburg gibt den ersten Band dieses ganz besonderen, dreib\u00e4ndigen Stra\u00dfenverzeichnisses heraus: \u201eEin Ged\u00e4chtnis der Stadt. Nach Frauen und M\u00e4nnern benannte Stra\u00dfen, Pl\u00e4tze, Br\u00fccken in Hamburg\" Das Stra\u00dfen- und Wegenetz Hamburgs funktioniert auch wie ein begeh- und befahrbares Ged\u00e4chtnis und wird von Frauen und M\u00e4nnern benutzt.\u2026","rel":"","context":"In &quot;Aktuelles&quot;","block_context":{"text":"Aktuelles","link":"https:\/\/blog.sub.uni-hamburg.de\/?cat=1"},"img":{"alt_text":"","src":"https:\/\/i0.wp.com\/blog.sub.uni-hamburg.de\/wp-content\/uploads\/2015\/04\/gedaechtnis-der-stadt.jpg?resize=350%2C200&ssl=1","width":350,"height":200},"classes":[]},{"id":18176,"url":"https:\/\/blog.sub.uni-hamburg.de\/?p=18176","url_meta":{"origin":215,"position":3},"title":"Update f\u00fcr den E-Medien-Server","author":"ST","date":"29-07-15","format":false,"excerpt":"Eine gute Nachricht f\u00fcr alle Nutzer unseres E-Medien-Angebots: heute geht der neue E-Medien-Zugangsserver (\"HAN-Server\") der Stabi an den Start. Der HAN-Server (\"HAN\" steht f\u00fcr \"Hidden Automatic Navigator\") erm\u00f6glicht es uns, Ihnen lizenzierte E-Medien bequem auch f\u00fcr die externe Nutzung\u00a0 bereitzustellen. Er bildet dabei die Zugriffsrechte ab, die in den Lizenzbedingungen\u2026","rel":"","context":"In &quot;Aktuelles&quot;","block_context":{"text":"Aktuelles","link":"https:\/\/blog.sub.uni-hamburg.de\/?cat=1"},"img":{"alt_text":"HAN-Anmeldung","src":"https:\/\/i0.wp.com\/blog.sub.uni-hamburg.de\/wp-content\/uploads\/2015\/07\/HAN-Anmeldung.jpg?resize=350%2C200&ssl=1","width":350,"height":200},"classes":[]},{"id":139,"url":"https:\/\/blog.sub.uni-hamburg.de\/?p=139","url_meta":{"origin":215,"position":4},"title":"Stabi f\u00fchrt E-Books in ihre Service-Palette ein","author":"AC","date":"11-05-06","format":false,"excerpt":"Mit den E-Books erweitert die Stabi ihr umfangreiches Angebot an elektronischen Medien um eine neue, interessante Sparte. In einem ersten Schritt wurden rund 400 attraktive Titel aus allen Wissensgebieten ausgew\u00e4hlt, die regelm\u00e4\u00dfig um Neuerscheinungen erg\u00e4nzt werden. Die E-Books - elektronische Buchausgaben im PDF-Format \u2013 finden sich sowohl im Campus-Katalog als\u2026","rel":"","context":"In &quot;E-Medien&quot;","block_context":{"text":"E-Medien","link":"https:\/\/blog.sub.uni-hamburg.de\/?cat=11"},"img":{"alt_text":"","src":"","width":0,"height":0},"classes":[]},{"id":41013,"url":"https:\/\/blog.sub.uni-hamburg.de\/?p=41013","url_meta":{"origin":215,"position":5},"title":"Einrichtung eines Lesesaals durch die Stabi vor 80 Jahren","author":"Redaktion","date":"19-11-25","format":false,"excerpt":"Von Dr. Gerd R\u00f6ndigs. Am 19. November vor 80 Jahren nahm die Staats- und Universit\u00e4tsbibliothek Hamburg ihren Benutzungsbetrieb im ehemaligen Wilhelm-Gymnasium auf. Damit erf\u00fcllte sie eine wichtige Bedingung f\u00fcr die Wiederer\u00f6ffnung der Universit\u00e4t nach dem Zweiten Weltkrieg, weil die britische Milit\u00e4rregierung am 24. Oktober 1945 angeordnet hatte: \u201eVoraussetzung f\u00fcr die\u2026","rel":"","context":"In &quot;Aktuelles&quot;","block_context":{"text":"Aktuelles","link":"https:\/\/blog.sub.uni-hamburg.de\/?cat=1"},"img":{"alt_text":"Frontalansicht auf das Bibliotheksgeb\u00e4ude 1956","src":"https:\/\/i0.wp.com\/blog.sub.uni-hamburg.de\/wp-content\/uploads\/2025\/10\/altbau-stabi-1945.jpg?resize=350%2C200&ssl=1","width":350,"height":200,"srcset":"https:\/\/i0.wp.com\/blog.sub.uni-hamburg.de\/wp-content\/uploads\/2025\/10\/altbau-stabi-1945.jpg?resize=350%2C200&ssl=1 1x, https:\/\/i0.wp.com\/blog.sub.uni-hamburg.de\/wp-content\/uploads\/2025\/10\/altbau-stabi-1945.jpg?resize=525%2C300&ssl=1 1.5x"},"classes":[]}],"jetpack_sharing_enabled":true,"_links":{"self":[{"href":"https:\/\/blog.sub.uni-hamburg.de\/index.php?rest_route=\/wp\/v2\/posts\/215","targetHints":{"allow":["GET"]}}],"collection":[{"href":"https:\/\/blog.sub.uni-hamburg.de\/index.php?rest_route=\/wp\/v2\/posts"}],"about":[{"href":"https:\/\/blog.sub.uni-hamburg.de\/index.php?rest_route=\/wp\/v2\/types\/post"}],"author":[{"embeddable":true,"href":"https:\/\/blog.sub.uni-hamburg.de\/index.php?rest_route=\/wp\/v2\/users\/16"}],"replies":[{"embeddable":true,"href":"https:\/\/blog.sub.uni-hamburg.de\/index.php?rest_route=%2Fwp%2Fv2%2Fcomments&post=215"}],"version-history":[{"count":0,"href":"https:\/\/blog.sub.uni-hamburg.de\/index.php?rest_route=\/wp\/v2\/posts\/215\/revisions"}],"wp:attachment":[{"href":"https:\/\/blog.sub.uni-hamburg.de\/index.php?rest_route=%2Fwp%2Fv2%2Fmedia&parent=215"}],"wp:term":[{"taxonomy":"category","embeddable":true,"href":"https:\/\/blog.sub.uni-hamburg.de\/index.php?rest_route=%2Fwp%2Fv2%2Fcategories&post=215"},{"taxonomy":"post_tag","embeddable":true,"href":"https:\/\/blog.sub.uni-hamburg.de\/index.php?rest_route=%2Fwp%2Fv2%2Ftags&post=215"}],"curies":[{"name":"wp","href":"https:\/\/api.w.org\/{rel}","templated":true}]}}