{"id":21317,"date":"2016-10-17T17:48:17","date_gmt":"2016-10-17T15:48:17","guid":{"rendered":"http:\/\/blog.sub.uni-hamburg.de\/?p=21317"},"modified":"2016-11-04T00:46:20","modified_gmt":"2016-11-03T23:46:20","slug":"die-oktoberrevolution-1917-und-der-volksaufstand-in-ungarn-1956-3-11","status":"publish","type":"post","link":"https:\/\/blog.sub.uni-hamburg.de\/?p=21317","title":{"rendered":"Die Oktoberrevolution 1917 und der Volksaufstand in Ungarn 1956 (3.11.)"},"content":{"rendered":"<p><a href=\"https:\/\/blog.sub.uni-hamburg.de\/wp-content\/uploads\/2016\/10\/16-LzPolbi-Nov.jpg\"><img loading=\"lazy\" decoding=\"async\" data-attachment-id=\"21319\" data-permalink=\"https:\/\/blog.sub.uni-hamburg.de\/?attachment_id=21319\" data-orig-file=\"https:\/\/blog.sub.uni-hamburg.de\/wp-content\/uploads\/2016\/10\/16-LzPolbi-Nov.jpg\" data-orig-size=\"640,434\" data-comments-opened=\"1\" data-image-meta=\"{&quot;aperture&quot;:&quot;0&quot;,&quot;credit&quot;:&quot;&quot;,&quot;camera&quot;:&quot;&quot;,&quot;caption&quot;:&quot;&quot;,&quot;created_timestamp&quot;:&quot;0&quot;,&quot;copyright&quot;:&quot;&quot;,&quot;focal_length&quot;:&quot;0&quot;,&quot;iso&quot;:&quot;0&quot;,&quot;shutter_speed&quot;:&quot;0&quot;,&quot;title&quot;:&quot;&quot;,&quot;orientation&quot;:&quot;0&quot;}\" data-image-title=\"16-lzpolbi-nov\" data-image-description=\"\" data-image-caption=\"\" data-large-file=\"https:\/\/blog.sub.uni-hamburg.de\/wp-content\/uploads\/2016\/10\/16-LzPolbi-Nov.jpg\" src=\"https:\/\/blog.sub.uni-hamburg.de\/wp-content\/uploads\/2016\/10\/16-LzPolbi-Nov.jpg\" alt=\"Kopf eines Stalin-Denkmals in Budapest, 31. Oktober 1956\" title=\"Kopf eines Stalin-Denkmals in Budapest, 31. Oktober 1956\" width=\"640\" height=\"434\" class=\"alignnone size-full wp-image-21319\" srcset=\"https:\/\/blog.sub.uni-hamburg.de\/wp-content\/uploads\/2016\/10\/16-LzPolbi-Nov.jpg 640w, https:\/\/blog.sub.uni-hamburg.de\/wp-content\/uploads\/2016\/10\/16-LzPolbi-Nov-150x102.jpg 150w, https:\/\/blog.sub.uni-hamburg.de\/wp-content\/uploads\/2016\/10\/16-LzPolbi-Nov-300x203.jpg 300w\" sizes=\"auto, (max-width: 640px) 100vw, 640px\" \/><\/a><br \/>\n<strong>Donnerstag, 3. November 2016, 14.30 bis 21.30 Uhr<br \/>\nAufruhr gegen das Erbe der Revolution &#8211; Die Oktoberrevolution 1917 und der Volksaufstand in Ungarn 1956<\/strong><\/p>\n<p>Mit Spannung darf erwartet werden, wie Russland den hundertsten Jahrestag der Oktoberrevolution begeht. Und wie erinnert sich Ungarn in diesem Herbst an den Volksaufstand im eigenen Land gegen die Sowjetmacht? Dazu laden die <a href=\"http:\/\/www.akademie-nordkirche.de\/\">Evangelische Akademie der Nordkirche<\/a> und die <a href=\"http:\/\/www.hamburg.de\/politische-bildung\/\">Landeszentrale f\u00fcr politische Bildung<\/a> zu einer \u00f6ffentlichen Tagung in die Hamburger Staats- und Universit\u00e4tsbibliothek ein. Unter dem Motto &#8220;Aufruhr gegen das Erbe der Revolution&#8221; richten dabei der Osteuropahistoriker Prof. J\u00f6rg Baberowski und Dr. Irina Scherbakowa von der Menschenrechtsorganisation Memorial den Blick auch auf das heutige Russland. Der Schriftsteller Gy\u00f6rgy Dalos und Prof. Pal Tamas von der Budapester Akademie der Wissenschaften er\u00f6ffnen Einblicke in die ungarische Gesellschaft. Die Tagung ist eine Veranstaltung im Rahmen der diesj\u00e4hrigen Evangelischen Akademiewoche zum Thema &#8220;R\u0258volution&#8221;.<\/p>\n<p><!--more--><\/p>\n<ul>\n<li><strong>14.30 bis 19 Uhr<\/strong> Tagung im <strong>Vortragsraum<\/strong>, 1. Etage<\/li>\n<li><strong>19.30 bis 21.30 Uhr<\/strong> Gespr\u00e4chsrunde \u201eOktoberrevolution und Ungarnaufstand \u2013 Was geht das Deutschland an? <strong>Lichthof<\/strong> im Altbau, Eingang Edmund-Siemers-Allee\/Ecke Grindelallee<\/li>\n<\/ul>\n<p>Die Teilnahme ist kostenlos, eine Anmeldung ist erforderlich: <a href=\"mailto:hamburg@akademie.nordkirche.de\">hamburg@akademie.nordkirche.de<\/a>,<br \/>\n<a href=\"http:\/\/www.akademie-nordkirche.de\/veranstaltungen\/aktuelles\/265\">http:\/\/www.akademie-nordkirche.de\/veranstaltungen\/aktuelles\/265<\/a><\/p>\n","protected":false},"excerpt":{"rendered":"<p>Donnerstag, 3. November 2016, 14.30 bis 21.30 Uhr Aufruhr gegen das Erbe der Revolution &#8211; Die Oktoberrevolution 1917 und der Volksaufstand in Ungarn 1956 Mit Spannung darf erwartet werden, wie Russland den hundertsten Jahrestag der Oktoberrevolution begeht. Und wie erinnert sich Ungarn in diesem Herbst an den Volksaufstand im eigenen Land gegen die Sowjetmacht? Dazu [&hellip;]<\/p>\n","protected":false},"author":19,"featured_media":0,"comment_status":"open","ping_status":"open","sticky":false,"template":"","format":"standard","meta":{"jetpack_post_was_ever_published":false,"_jetpack_newsletter_access":"","_jetpack_dont_email_post_to_subs":true,"_jetpack_newsletter_tier_id":0,"_jetpack_memberships_contains_paywalled_content":false,"_jetpack_memberships_contains_paid_content":false,"footnotes":"","jetpack_publicize_message":"","jetpack_publicize_feature_enabled":true,"jetpack_social_post_already_shared":true,"jetpack_social_options":{"image_generator_settings":{"template":"highway","default_image_id":0,"font":"","enabled":false},"version":2}},"categories":[9],"tags":[],"class_list":["post-21317","post","type-post","status-publish","format-standard","hentry","category-ausstellungen"],"views":2936,"jetpack_publicize_connections":[],"jetpack_featured_media_url":"","jetpack_shortlink":"https:\/\/wp.me\/p7hfNR-5xP","jetpack-related-posts":[{"id":21200,"url":"https:\/\/blog.sub.uni-hamburg.de\/?p=21200","url_meta":{"origin":21317,"position":0},"title":"Die Ungarn \u2013 von den Aufst\u00e4ndischen zum Volk der Legitimisten (20.10.)","author":"Markus Trapp","date":"06-10-16","format":false,"excerpt":"Zur Rolle der Zivilgesellschaft im politischen Ungarn 1956 und heute. Manuel Sarrazin, MdB, im Gespr\u00e4ch mit Melani Barlai, Andr\u00e1ssy Universit\u00e4t Budapest. Im Oktober j\u00e4hrt sich der Jahrestag des ungarischen Volksaufstands von 1956 zum 60sten Mal. Der Aufstand der Bev\u00f6lkerung, der blutig niedergeschlagen wurde, war das ausl\u00f6sende Moment f\u00fcr die sp\u00e4tere\u2026","rel":"","context":"In &quot;Ausstellungen und Veranstaltungen&quot;","block_context":{"text":"Ausstellungen und Veranstaltungen","link":"https:\/\/blog.sub.uni-hamburg.de\/?cat=9"},"img":{"alt_text":"","src":"https:\/\/i0.wp.com\/blog.sub.uni-hamburg.de\/wp-content\/uploads\/2016\/10\/Boell-Oktober-melani-barlai.jpg?resize=350%2C200&ssl=1","width":350,"height":200,"srcset":"https:\/\/i0.wp.com\/blog.sub.uni-hamburg.de\/wp-content\/uploads\/2016\/10\/Boell-Oktober-melani-barlai.jpg?resize=350%2C200&ssl=1 1x, https:\/\/i0.wp.com\/blog.sub.uni-hamburg.de\/wp-content\/uploads\/2016\/10\/Boell-Oktober-melani-barlai.jpg?resize=525%2C300&ssl=1 1.5x"},"classes":[]},{"id":25047,"url":"https:\/\/blog.sub.uni-hamburg.de\/?p=25047","url_meta":{"origin":21317,"position":1},"title":"1968 in Osteuropa: Reformen und Gegenbewegungen (13., 20. + 27.6.)","author":"Markus Trapp","date":"31-05-18","format":false,"excerpt":"Das Jahr 1968 war in Osteuropa ein Jahr voller dramatischer Ereignisse, verbunden mit gro\u00dfen politischen Hoffnungen und gro\u00dfen Entt\u00e4uschungen. Doch in Deutschland ist die Erinnerung an 1968 bis heute vor allem durch die Studentenproteste in den westlichen L\u00e4ndern gepr\u00e4gt. Was in den sozialistischen Ostblockstaaten passierte ist, abgesehen von den Ereignissen\u2026","rel":"","context":"In &quot;Ausstellungen und Veranstaltungen&quot;","block_context":{"text":"Ausstellungen und Veranstaltungen","link":"https:\/\/blog.sub.uni-hamburg.de\/?cat=9"},"img":{"alt_text":"","src":"https:\/\/i0.wp.com\/blog.sub.uni-hamburg.de\/wp-content\/uploads\/2018\/05\/18-06-osteuropa_ome1968hamburg.jpg?resize=350%2C200&ssl=1","width":350,"height":200},"classes":[]},{"id":13203,"url":"https:\/\/blog.sub.uni-hamburg.de\/?p=13203","url_meta":{"origin":21317,"position":2},"title":"Die Verwandlung \u2013 25 Jahre russische K\u00fcnstlerb\u00fccher 1989-2013 (13.12.-2.3.)","author":"MG","date":"25-11-13","format":false,"excerpt":"(Grafik: Vladimir Sitnikov) W\u00e4hrend der Avantgarde-Bewegungen wie Futurismus, Dadaismus und Surrealismus Anfang des 20. Jahrhunderts z\u00e4hlte die russische Avantgarde zu der wichtigsten und war f\u00fchrend in der Entwicklung nicht nur des abstrakten Bildes, sondern auch eines neuen Buchdesigns. Nach der Oktoberrevolution 1917 f\u00fcr den Aufbau des neuen Landes ideologisch vereinnahmt,\u2026","rel":"","context":"In &quot;Ausstellungen und Veranstaltungen&quot;","block_context":{"text":"Ausstellungen und Veranstaltungen","link":"https:\/\/blog.sub.uni-hamburg.de\/?cat=9"},"img":{"alt_text":"","src":"https:\/\/i0.wp.com\/blog.sub.uni-hamburg.de\/wp-content\/uploads\/2013\/11\/RussKuenstbuch-einl.jpg?resize=350%2C200&ssl=1","width":350,"height":200,"srcset":"https:\/\/i0.wp.com\/blog.sub.uni-hamburg.de\/wp-content\/uploads\/2013\/11\/RussKuenstbuch-einl.jpg?resize=350%2C200&ssl=1 1x, https:\/\/i0.wp.com\/blog.sub.uni-hamburg.de\/wp-content\/uploads\/2013\/11\/RussKuenstbuch-einl.jpg?resize=525%2C300&ssl=1 1.5x"},"classes":[]},{"id":12517,"url":"https:\/\/blog.sub.uni-hamburg.de\/?p=12517","url_meta":{"origin":21317,"position":3},"title":"Ungarn auf dem Weg ins Abseits (22.8.)","author":"Markus Trapp","date":"06-08-13","format":false,"excerpt":"Die Heinrich B\u00f6ll-Stiftung setzt ihre dreiteilige Veranstaltungsreihe \u201eEuropas Krisen \u2013 Europas Chancen?\u201c nach Portugal und Polen mit einem Blick nach Ungarn fort. Ungarn wird seit 2010 von der rechtskonservativen Regierung der Fidesz-Partei unter Ministerpr\u00e4sident Viktor Orb\u00e1n gef\u00fchrt. Die Regierung nutzt ihre Zweidrittelmehrheit f\u00fcr eine autorit\u00e4re Wende: Die Rechte von demokratischen\u2026","rel":"","context":"In &quot;Ausstellungen und Veranstaltungen&quot;","block_context":{"text":"Ausstellungen und Veranstaltungen","link":"https:\/\/blog.sub.uni-hamburg.de\/?cat=9"},"img":{"alt_text":"","src":"https:\/\/i0.wp.com\/blog.sub.uni-hamburg.de\/wp-content\/uploads\/2013\/08\/budapest-parlament.jpg?resize=350%2C200&ssl=1","width":350,"height":200,"srcset":"https:\/\/i0.wp.com\/blog.sub.uni-hamburg.de\/wp-content\/uploads\/2013\/08\/budapest-parlament.jpg?resize=350%2C200&ssl=1 1x, https:\/\/i0.wp.com\/blog.sub.uni-hamburg.de\/wp-content\/uploads\/2013\/08\/budapest-parlament.jpg?resize=525%2C300&ssl=1 1.5x"},"classes":[]},{"id":34105,"url":"https:\/\/blog.sub.uni-hamburg.de\/?p=34105","url_meta":{"origin":21317,"position":4},"title":"Harbour Front Literaturfestival 2022 (15. + 17.10.)","author":"Markus Trapp","date":"02-09-22","format":false,"excerpt":"Zum zweiten Mal wird in diesem Jahr das Harbour Front Literaturfestival auch wieder in der Stabi Station machen. Am 15. und am 17. Oktober 2022 finden um 20 Uhr Lesungen im wundersch\u00f6nen Lichthof im Altbau der Stabi statt. Die Karten daf\u00fcr k\u00f6nnen auf der Website des Harbour Front Literaturfestival gekauft\u2026","rel":"","context":"In &quot;Ausstellungen und Veranstaltungen&quot;","block_context":{"text":"Ausstellungen und Veranstaltungen","link":"https:\/\/blog.sub.uni-hamburg.de\/?cat=9"},"img":{"alt_text":"","src":"https:\/\/i0.wp.com\/blog.sub.uni-hamburg.de\/wp-content\/uploads\/2022\/09\/lichthof-harbourfront-2022.jpg?resize=350%2C200&ssl=1","width":350,"height":200,"srcset":"https:\/\/i0.wp.com\/blog.sub.uni-hamburg.de\/wp-content\/uploads\/2022\/09\/lichthof-harbourfront-2022.jpg?resize=350%2C200&ssl=1 1x, https:\/\/i0.wp.com\/blog.sub.uni-hamburg.de\/wp-content\/uploads\/2022\/09\/lichthof-harbourfront-2022.jpg?resize=525%2C300&ssl=1 1.5x"},"classes":[]},{"id":15550,"url":"https:\/\/blog.sub.uni-hamburg.de\/?p=15550","url_meta":{"origin":21317,"position":5},"title":"Fotos und Zeitungsseiten des 1. Weltkriegs: September 1914","author":"Markus Trapp","date":"29-08-14","format":false,"excerpt":"Als Erg\u00e4nzung zur Stabi-App \"Weltbrand 1914\" stellen wir beginnend mit dem Monat Juli 1914 sukzessive eine Bildergalerie mit Fotos aus den ersten Kriegsmonaten ins Netz. Sie zeigt zus\u00e4tzlich zu dem \u00fcber die App zug\u00e4nglichen Material weitere Abbildungen aus der \"Illustrierten Rundschau\", der t\u00e4glichen Beilage des Hamburger Fremdenblatts. So werden Sie\u2026","rel":"","context":"In &quot;E-Medien&quot;","block_context":{"text":"E-Medien","link":"https:\/\/blog.sub.uni-hamburg.de\/?cat=11"},"img":{"alt_text":"","src":"https:\/\/i0.wp.com\/blog.sub.uni-hamburg.de\/wp-content\/uploads\/2014\/08\/1914_09_03_1-106x150.jpg?resize=350%2C200&ssl=1","width":350,"height":200,"srcset":"https:\/\/i0.wp.com\/blog.sub.uni-hamburg.de\/wp-content\/uploads\/2014\/08\/1914_09_03_1-106x150.jpg?resize=350%2C200&ssl=1 1x, https:\/\/i0.wp.com\/blog.sub.uni-hamburg.de\/wp-content\/uploads\/2014\/08\/1914_09_03_1-106x150.jpg?resize=525%2C300&ssl=1 1.5x, https:\/\/i0.wp.com\/blog.sub.uni-hamburg.de\/wp-content\/uploads\/2014\/08\/1914_09_03_1-106x150.jpg?resize=700%2C400&ssl=1 2x, https:\/\/i0.wp.com\/blog.sub.uni-hamburg.de\/wp-content\/uploads\/2014\/08\/1914_09_03_1-106x150.jpg?resize=1050%2C600&ssl=1 3x, https:\/\/i0.wp.com\/blog.sub.uni-hamburg.de\/wp-content\/uploads\/2014\/08\/1914_09_03_1-106x150.jpg?resize=1400%2C800&ssl=1 4x"},"classes":[]}],"jetpack_sharing_enabled":true,"_links":{"self":[{"href":"https:\/\/blog.sub.uni-hamburg.de\/index.php?rest_route=\/wp\/v2\/posts\/21317","targetHints":{"allow":["GET"]}}],"collection":[{"href":"https:\/\/blog.sub.uni-hamburg.de\/index.php?rest_route=\/wp\/v2\/posts"}],"about":[{"href":"https:\/\/blog.sub.uni-hamburg.de\/index.php?rest_route=\/wp\/v2\/types\/post"}],"author":[{"embeddable":true,"href":"https:\/\/blog.sub.uni-hamburg.de\/index.php?rest_route=\/wp\/v2\/users\/19"}],"replies":[{"embeddable":true,"href":"https:\/\/blog.sub.uni-hamburg.de\/index.php?rest_route=%2Fwp%2Fv2%2Fcomments&post=21317"}],"version-history":[{"count":2,"href":"https:\/\/blog.sub.uni-hamburg.de\/index.php?rest_route=\/wp\/v2\/posts\/21317\/revisions"}],"predecessor-version":[{"id":21320,"href":"https:\/\/blog.sub.uni-hamburg.de\/index.php?rest_route=\/wp\/v2\/posts\/21317\/revisions\/21320"}],"wp:attachment":[{"href":"https:\/\/blog.sub.uni-hamburg.de\/index.php?rest_route=%2Fwp%2Fv2%2Fmedia&parent=21317"}],"wp:term":[{"taxonomy":"category","embeddable":true,"href":"https:\/\/blog.sub.uni-hamburg.de\/index.php?rest_route=%2Fwp%2Fv2%2Fcategories&post=21317"},{"taxonomy":"post_tag","embeddable":true,"href":"https:\/\/blog.sub.uni-hamburg.de\/index.php?rest_route=%2Fwp%2Fv2%2Ftags&post=21317"}],"curies":[{"name":"wp","href":"https:\/\/api.w.org\/{rel}","templated":true}]}}