{"id":209,"date":"2006-07-17T07:47:23","date_gmt":"2006-07-17T07:47:23","guid":{"rendered":"http:\/\/www.sub.uni-hamburg.de\/blog\/?p=209"},"modified":"2006-07-17T07:48:39","modified_gmt":"2006-07-17T07:48:39","slug":"fotoausstellung-im-informatikum-naturpark-st-ellingen","status":"publish","type":"post","link":"https:\/\/blog.sub.uni-hamburg.de\/?p=209","title":{"rendered":"Fotoausstellung im Informatikum: Naturpark St. Ellingen"},"content":{"rendered":"<p>Fotografien von Wolfgang Menzel<\/p>\n<p><img decoding=\"async\" align=\"left\" alt=\"Graureiher\" id=\"image210\" title=\"Graureiher\" src=\"https:\/\/blog.sub.uni-hamburg.de\/wp-content\/uploads\/2006\/07\/graureiher200x300.jpg\" \/>\u00dcber ein Jahr hinweg hat Prof. Wolfgang Menzel vom Department Informatik die Entwicklung der Natur auf dem Gel\u00e4nde des Informatikums in Stellingen, dem  &#8220;Naturpark St. Ellingen&#8221;, mit der Kamera verfolgt und einige Motive in einer kleinen Ausstellung zusammengestellt, die in der Bibliothek des Departments Informatik  zu sehen ist.<\/p>\n<p><!--more--><br \/>\nIm Umfeld der weitgehend naturbelassenen Wiesen und der kleinen, dichtbewachsenen Wasserfl\u00e4che auf dem Stellinger Gel\u00e4nde sowie der sich anschlie\u00dfenden Bereiche des Niendorfer Geheges h\u00e4lt sich ein kleines Biotop, in dem man das vielf\u00e4ltige Zusammenspiel der Arten im R\u00e4derwerk der Natur sehr sch\u00f6n beobachten kann: Hier der Bussard, f\u00fcr den die mit ihrem Laichgesch\u00e4ft voll besch\u00e4ftigten Erdkr\u00f6ten eine leichte Beute sind, dort der Eichelbohrer und der Seelilien-R\u00fcsselk\u00e4fer, die beide ihren Nachwuchs in den jeweiligen Wirtspflanzen aufwachsen lassen, und da schlie\u00dflich die Amsel, die f\u00fcr ihren Nachwuchs die Raupen des Kleinen Fuchses von den Brennesselpflanzen absammelt. Regelm\u00e4\u00dfig zieht  das Teichhuhn eine beachtliche Kinderschar auf dem kleinen Teich gro\u00df, und in diesem Jahr hat hier zum ersten Mal auch ein Stockentenpaar erfolgreich gebr\u00fctet. Selbst das kleine Stellinger Rehrudel scheint von Jahr zu Jahr anzuwachsen und auch immer wieder neue L\u00fccken im Zaun zu entdecken.<br \/>\n\u00d6ffnungszeiten der <a href=\"http:\/\/www.informatik.uni-hamburg.de\/bib\/\">Bibliothek<\/a>: Mo &#8211; Fr von 9.00 bis 18.00 Uhr<\/p>\n","protected":false},"excerpt":{"rendered":"<p>Fotografien von Wolfgang Menzel \u00dcber ein Jahr hinweg hat Prof. Wolfgang Menzel vom Department Informatik die Entwicklung der Natur auf dem Gel\u00e4nde des Informatikums in Stellingen, dem &#8220;Naturpark St. Ellingen&#8221;, mit der Kamera verfolgt und einige Motive in einer kleinen Ausstellung zusammengestellt, die in der Bibliothek des Departments Informatik zu sehen ist.<\/p>\n","protected":false},"author":3,"featured_media":0,"comment_status":"open","ping_status":"open","sticky":false,"template":"","format":"standard","meta":{"jetpack_post_was_ever_published":false,"_jetpack_newsletter_access":"","_jetpack_dont_email_post_to_subs":false,"_jetpack_newsletter_tier_id":0,"_jetpack_memberships_contains_paywalled_content":false,"_jetpack_memberships_contains_paid_content":false,"footnotes":"","jetpack_publicize_message":"","jetpack_publicize_feature_enabled":true,"jetpack_social_post_already_shared":false,"jetpack_social_options":{"image_generator_settings":{"template":"highway","default_image_id":0,"font":"","enabled":false},"version":2}},"categories":[9,15],"tags":[],"class_list":["post-209","post","type-post","status-publish","format-standard","hentry","category-ausstellungen","category-fachbibliotheken"],"views":8361,"jetpack_publicize_connections":[],"jetpack_featured_media_url":"","jetpack_shortlink":"https:\/\/wp.me\/p7hfNR-3n","jetpack-related-posts":[{"id":196,"url":"https:\/\/blog.sub.uni-hamburg.de\/?p=196","url_meta":{"origin":209,"position":0},"title":"Tag der Informatik am 5.7","author":"AC","date":"03-07-06","format":false,"excerpt":"Das Department Informatik l\u00e4dt am 5.7. zum Tag der Informatik ein.\u00a0 Ab 13 Uhr wird auf dem Stellinger Campus mit einem bunt gemischten Programm gefeiert. Das komplette Festprogramm finden Sie hier.","rel":"","context":"In &quot;Ausstellungen und Veranstaltungen&quot;","block_context":{"text":"Ausstellungen und Veranstaltungen","link":"https:\/\/blog.sub.uni-hamburg.de\/?cat=9"},"img":{"alt_text":"","src":"","width":0,"height":0},"classes":[]},{"id":3648,"url":"https:\/\/blog.sub.uni-hamburg.de\/?p=3648","url_meta":{"origin":209,"position":1},"title":"Autorenlesung in der Informatik-Bibliothek: Gewissensbisse: Ethische Probleme der Informatik (18.11.)","author":"Markus Trapp","date":"10-11-10","format":false,"excerpt":"Selbstverst\u00e4ndlich ist ein Fachgebiet wie die Informatik auch mit Fragen der Ethik konfrontiert. Ein Autorenkollektiv, bestehend aus Debora Weber-Wulff, Christina Class, Wolfgang Coy, Constanze Kurz, David Zellh\u00f6fer, ist angetreten, ein Lehrwerk zu verfassen, das Dozenten aus der Informatik Fallbeispiele an die Hand gibt, um diese wichtige gesellschaftspolitische Frage mit in\u2026","rel":"","context":"In &quot;Ausstellungen und Veranstaltungen&quot;","block_context":{"text":"Ausstellungen und Veranstaltungen","link":"https:\/\/blog.sub.uni-hamburg.de\/?cat=9"},"img":{"alt_text":"Gewissensbisse : ethische Probleme der Informatik","src":"https:\/\/i0.wp.com\/blog.sub.uni-hamburg.de\/wp-content\/uploads\/2010\/11\/ts1221g.jpg?resize=350%2C200&ssl=1","width":350,"height":200},"classes":[]},{"id":522,"url":"https:\/\/blog.sub.uni-hamburg.de\/?p=522","url_meta":{"origin":209,"position":2},"title":"Die Kunst eines Computerpioniers: Konrad Zuse als Maler (23.4. \u2013 14.7.2007)","author":"AC","date":"17-04-07","format":false,"excerpt":"Prof. Dr. Konrad Zuse, der Erfinder des Computers und erste Ehrendoktor der Hamburger Informatik war auch ein K\u00fcnstler. Ein doppelter Autodidakt mit erstaunlichen Leistungen in der Informatik und der Kunst! \u00dcber 500 Bilder \/ Gem\u00e4lde sind von ihm bekannt. Sie stammen aus unterschiedlichen Lebensphasen. Ein umfassender \u00dcberblick wird im Sommersemester\u2026","rel":"","context":"In &quot;Ausstellungen und Veranstaltungen&quot;","block_context":{"text":"Ausstellungen und Veranstaltungen","link":"https:\/\/blog.sub.uni-hamburg.de\/?cat=9"},"img":{"alt_text":"","src":"","width":0,"height":0},"classes":[]},{"id":444,"url":"https:\/\/blog.sub.uni-hamburg.de\/?p=444","url_meta":{"origin":209,"position":3},"title":"Fotoausstellung \u00fcber Rum\u00e4nien in der Informatik-Bibliothek (9.2.-31.3.2007)","author":"AC","date":"07-02-07","format":false,"excerpt":"Mit einer Fl\u00e4che von 237.500 km2 ist Rum\u00e4nien das zw\u00f6lftgr\u00f6\u00dfte Land Europas und entspricht damit 66% der Fl\u00e4che Deutschlands. Abgesehen von politischen und \u00f6konomischen Schlagzeilen, ist jedoch \u00fcber das Land zwischen den Karpaten und dem schwarzen Meer wenig bekannt. Die aktuelle Fotoausstellung m\u00f6chte Rum\u00e4nien mit seinen Natur- und Kultursehensw\u00fcrdigkeiten, von\u2026","rel":"","context":"In &quot;Ausstellungen und Veranstaltungen&quot;","block_context":{"text":"Ausstellungen und Veranstaltungen","link":"https:\/\/blog.sub.uni-hamburg.de\/?cat=9"},"img":{"alt_text":"","src":"","width":0,"height":0},"classes":[]},{"id":1928,"url":"https:\/\/blog.sub.uni-hamburg.de\/?p=1928","url_meta":{"origin":209,"position":4},"title":"INFDok erh\u00e4lt Open Access Award 2010 der Fachschaft Informatik","author":"Markus Trapp","date":"10-05-10","format":false,"excerpt":"Die Fachschaft Informatik der Universit\u00e4t Hamburg hat ihren Open Access Award 2010 an die Kollegen der Informatik-Bibliothek vergeben. Sie erhalten diese Auszeichnung f\u00fcr die Einrichtung der Plattform INFDok, die allen wissenschaftlichen Departmentmitgliedern sowie den Studierenden das elektronische Publizieren nach dem Open-Access- Prinzip erm\u00f6glicht. Die Stabi sagt \u00abHerzlichen Gl\u00fcckwunsch!\u00bb und empfiehlt\u2026","rel":"","context":"In &quot;Fachbibliotheken&quot;","block_context":{"text":"Fachbibliotheken","link":"https:\/\/blog.sub.uni-hamburg.de\/?cat=15"},"img":{"alt_text":"INFDok - Dokumentenvolltextserver des Departments Informatik","src":"https:\/\/i0.wp.com\/blog.sub.uni-hamburg.de\/wp-content\/uploads\/2010\/05\/infdok.jpg?resize=350%2C200&ssl=1","width":350,"height":200},"classes":[]},{"id":601,"url":"https:\/\/blog.sub.uni-hamburg.de\/?p=601","url_meta":{"origin":209,"position":5},"title":"MIN-Bibliotheken: Auswertung der Nutzerumfrage","author":"AC","date":"03-07-07","format":false,"excerpt":"Die Auswertung der Umfrageaktion der MIN-Bibliotheken ist nun abgeschlossen. Die Resonanz war beeindruckend: Insgesamt haben 2328 Personen teilgenommen. Das sind ca. 22% der Studierenden und WissenschaftlerInnen in der MIN-Fakult\u00e4t. 501 Frageb\u00f6gen wurden von WissenschaftlerInnen ausgef\u00fcllt (ca. 42%), 1807 Frageb\u00f6gen von MIN-Studierenden (ca. 20%). An dieser Stelle m\u00f6chten wir uns nochmals\u2026","rel":"","context":"In &quot;Aktuelles&quot;","block_context":{"text":"Aktuelles","link":"https:\/\/blog.sub.uni-hamburg.de\/?cat=1"},"img":{"alt_text":"","src":"","width":0,"height":0},"classes":[]}],"jetpack_sharing_enabled":true,"_links":{"self":[{"href":"https:\/\/blog.sub.uni-hamburg.de\/index.php?rest_route=\/wp\/v2\/posts\/209","targetHints":{"allow":["GET"]}}],"collection":[{"href":"https:\/\/blog.sub.uni-hamburg.de\/index.php?rest_route=\/wp\/v2\/posts"}],"about":[{"href":"https:\/\/blog.sub.uni-hamburg.de\/index.php?rest_route=\/wp\/v2\/types\/post"}],"author":[{"embeddable":true,"href":"https:\/\/blog.sub.uni-hamburg.de\/index.php?rest_route=\/wp\/v2\/users\/3"}],"replies":[{"embeddable":true,"href":"https:\/\/blog.sub.uni-hamburg.de\/index.php?rest_route=%2Fwp%2Fv2%2Fcomments&post=209"}],"version-history":[{"count":0,"href":"https:\/\/blog.sub.uni-hamburg.de\/index.php?rest_route=\/wp\/v2\/posts\/209\/revisions"}],"wp:attachment":[{"href":"https:\/\/blog.sub.uni-hamburg.de\/index.php?rest_route=%2Fwp%2Fv2%2Fmedia&parent=209"}],"wp:term":[{"taxonomy":"category","embeddable":true,"href":"https:\/\/blog.sub.uni-hamburg.de\/index.php?rest_route=%2Fwp%2Fv2%2Fcategories&post=209"},{"taxonomy":"post_tag","embeddable":true,"href":"https:\/\/blog.sub.uni-hamburg.de\/index.php?rest_route=%2Fwp%2Fv2%2Ftags&post=209"}],"curies":[{"name":"wp","href":"https:\/\/api.w.org\/{rel}","templated":true}]}}