{"id":206,"date":"2006-07-11T15:24:16","date_gmt":"2006-07-11T15:24:16","guid":{"rendered":"http:\/\/www.sub.uni-hamburg.de\/blog\/?p=206"},"modified":"2006-07-11T16:01:24","modified_gmt":"2006-07-11T16:01:24","slug":"studentenstammbuch-aus-dem-16-jahrhundert","status":"publish","type":"post","link":"https:\/\/blog.sub.uni-hamburg.de\/?p=206","title":{"rendered":"Studentenstammbuch aus dem 16. Jahrhundert"},"content":{"rendered":"<p><img decoding=\"async\" src=\"http:\/\/www.v-r.de\/data\/images\/352582546\/image_m.jpg\" align=\"right\" \/>Im Besitz der\u00a0SUB befindet sich das Stammbuch des norddeutschen Adligen Heinrich Carlhack Hermeling (1571-1614). Das in Schweinsleder gebundene B\u00fcchlein ist durch die neu erschienene, kommentierte Edition &#8220;Das Stammbuch als Bestandteil humanistischer Kultur: Das Album des Heinrich Carlhack Hermeling (1587-1592)&#8221; von Walther Ludwig nun in den Blickpunkt der Stammbuchforschung ger\u00fcckt. Hauptaugenmerk liegt u.a. auf der literaturwissenschaftlichen Beschreibung, der vollst\u00e4ndigen Pr\u00e4sentation und Erschlie\u00dfung der Eintragungen.<\/p>\n<p>Bereits als 16j\u00e4hriger Sch\u00fcler hatte\u00a0Hermeling die <em>Symbola Heroica<\/em> (Antwerpen 1583) des Claudius Paradinus erworben und ein Album angelegt. Auf den durchschossenen leeren Bl\u00e4ttern sammelte er von 1587-1592, vor allem w\u00e4hrend seiner Studienzeit\u00a0an Universit\u00e4ten zwischen Rostock und Basel, insgesamt 93 Eintragungen von Autorit\u00e4tspersonen und Freunden.<\/p>\n","protected":false},"excerpt":{"rendered":"<p>Im Besitz der\u00a0SUB befindet sich das Stammbuch des norddeutschen Adligen Heinrich Carlhack Hermeling (1571-1614). Das in Schweinsleder gebundene B\u00fcchlein ist durch die neu erschienene, kommentierte Edition &#8220;Das Stammbuch als Bestandteil humanistischer Kultur: Das Album des Heinrich Carlhack Hermeling (1587-1592)&#8221; von Walther Ludwig nun in den Blickpunkt der Stammbuchforschung ger\u00fcckt. Hauptaugenmerk liegt u.a. auf der literaturwissenschaftlichen [&hellip;]<\/p>\n","protected":false},"author":15,"featured_media":0,"comment_status":"open","ping_status":"open","sticky":false,"template":"","format":"standard","meta":{"jetpack_post_was_ever_published":false,"_jetpack_newsletter_access":"","_jetpack_dont_email_post_to_subs":false,"_jetpack_newsletter_tier_id":0,"_jetpack_memberships_contains_paywalled_content":false,"_jetpack_memberships_contains_paid_content":false,"footnotes":"","jetpack_publicize_message":"","jetpack_publicize_feature_enabled":true,"jetpack_social_post_already_shared":false,"jetpack_social_options":{"image_generator_settings":{"template":"highway","default_image_id":0,"font":"","enabled":false},"version":2}},"categories":[13],"tags":[],"class_list":["post-206","post","type-post","status-publish","format-standard","hentry","category-das-besondere-buch"],"views":5556,"jetpack_publicize_connections":[],"jetpack_featured_media_url":"","jetpack_shortlink":"https:\/\/wp.me\/p7hfNR-3k","jetpack-related-posts":[{"id":35313,"url":"https:\/\/blog.sub.uni-hamburg.de\/?p=35313","url_meta":{"origin":206,"position":0},"title":"Hamburger Stammb\u00fccher online","author":"Markus Trapp","date":"06-03-23","format":false,"excerpt":"Von Nele Leiner. Im Februar 2023 konnte an der SUB ein weiteres besonderes Projekt abgeschlossen werden: die Digitalisierung von 350 Stammb\u00fcchern aus Hamburg. Dabei wurden Best\u00e4nde der SUB, der Bibliothek des Museums f\u00fcr Hamburgische Geschichte (MHG) und der Bibliothek des Altonaer Museums (AM) digital zusammengef\u00fchrt. Stammbuch meint hier nicht den\u2026","rel":"","context":"In &quot;Hamburg&quot;","block_context":{"text":"Hamburg","link":"https:\/\/blog.sub.uni-hamburg.de\/?cat=17"},"img":{"alt_text":"","src":"https:\/\/i0.wp.com\/blog.sub.uni-hamburg.de\/wp-content\/uploads\/2023\/03\/G5A3089_1.jpg?resize=350%2C200&ssl=1","width":350,"height":200,"srcset":"https:\/\/i0.wp.com\/blog.sub.uni-hamburg.de\/wp-content\/uploads\/2023\/03\/G5A3089_1.jpg?resize=350%2C200&ssl=1 1x, https:\/\/i0.wp.com\/blog.sub.uni-hamburg.de\/wp-content\/uploads\/2023\/03\/G5A3089_1.jpg?resize=525%2C300&ssl=1 1.5x"},"classes":[]},{"id":5356,"url":"https:\/\/blog.sub.uni-hamburg.de\/?p=5356","url_meta":{"origin":206,"position":1},"title":"Exponat des Monats: Stammbuch von Paul Langermann (13.7.)","author":"Markus Trapp","date":"01-07-11","format":false,"excerpt":"Exponat des Monats Juli ist das Stammbuch des Hamburger Kaufmanns und Senators Paul Langermann, das dieser von 1614 bis 1617 f\u00fchrte. Den kostbaren Band erwarb die Staats- und Universit\u00e4tsbibliothek 2010. Er enth\u00e4lt zahlreiche handschriftliche Stammbucheintr\u00e4ge und Wappendarstellungen von Freunden und Gef\u00e4hrten Langermanns, dazu eine bunte Sammlung von kostbar kalligraphierten Seiten,\u2026","rel":"","context":"In &quot;Ausstellungen und Veranstaltungen&quot;","block_context":{"text":"Ausstellungen und Veranstaltungen","link":"https:\/\/blog.sub.uni-hamburg.de\/?cat=9"},"img":{"alt_text":"","src":"https:\/\/i0.wp.com\/blog.sub.uni-hamburg.de\/wp-content\/uploads\/2011\/06\/expo-juli11-langermann-deta1.jpg?resize=350%2C200&ssl=1","width":350,"height":200,"srcset":"https:\/\/i0.wp.com\/blog.sub.uni-hamburg.de\/wp-content\/uploads\/2011\/06\/expo-juli11-langermann-deta1.jpg?resize=350%2C200&ssl=1 1x, https:\/\/i0.wp.com\/blog.sub.uni-hamburg.de\/wp-content\/uploads\/2011\/06\/expo-juli11-langermann-deta1.jpg?resize=525%2C300&ssl=1 1.5x"},"classes":[]},{"id":40455,"url":"https:\/\/blog.sub.uni-hamburg.de\/?p=40455","url_meta":{"origin":206,"position":2},"title":"Preziose f\u00fcr die Sondersammlungen: Das Stammbuch von Emilie Meyer","author":"Markus Trapp","date":"30-06-25","format":false,"excerpt":"Stabi erh\u00e4lt Unterst\u00fctzung beim Ankauf von Kleinod mit Klopstock-Autograph. (Alle Abbildungen werden auf Klick in gro\u00df angezeigt) \u00a0 Die Gesellschaft der Freunde der Staats- und Universit\u00e4tsbibliothek Hamburg (GdF) hatte Ende des vergangenen Jahres einen Spendenaufruf f\u00fcr das Stammbuch von Emilie Meyer ver\u00f6ffentlicht, Tochter des Domherrn Friedrich Johann Lorenz Meyer (1760\u20131844).\u2026","rel":"","context":"In &quot;Aktuelles&quot;","block_context":{"text":"Aktuelles","link":"https:\/\/blog.sub.uni-hamburg.de\/?cat=1"},"img":{"alt_text":"","src":"https:\/\/i0.wp.com\/blog.sub.uni-hamburg.de\/wp-content\/uploads\/2025\/06\/emilie-meyer-1.jpg?resize=350%2C200&ssl=1","width":350,"height":200,"srcset":"https:\/\/i0.wp.com\/blog.sub.uni-hamburg.de\/wp-content\/uploads\/2025\/06\/emilie-meyer-1.jpg?resize=350%2C200&ssl=1 1x, https:\/\/i0.wp.com\/blog.sub.uni-hamburg.de\/wp-content\/uploads\/2025\/06\/emilie-meyer-1.jpg?resize=525%2C300&ssl=1 1.5x"},"classes":[]},{"id":25005,"url":"https:\/\/blog.sub.uni-hamburg.de\/?p=25005","url_meta":{"origin":206,"position":3},"title":"&#8220;Vergi\u00df mein nicht&#8221; (7.6.-12.8.)","author":"Markus Trapp","date":"22-05-18","format":false,"excerpt":"Stammb\u00fccher und Freundschaftsalben des 16. bis 20. Jahrhunderts aus Hamburg. In Stammb\u00fccher oder sogenannte Freundschaftsalben (\"Alba Amicorum\") etwas hinein zu schreiben, war eine beliebte Sitte in der Fr\u00fchen Neuzeit, die bis heute in Poesiealben sowie Freunde- und G\u00e4steb\u00fcchern weiterlebt. Beginnend im adligen und im akademischen Milieu weitete sich dieser Trend\u2026","rel":"","context":"In &quot;Ausstellungen und Veranstaltungen&quot;","block_context":{"text":"Ausstellungen und Veranstaltungen","link":"https:\/\/blog.sub.uni-hamburg.de\/?cat=9"},"img":{"alt_text":"","src":"https:\/\/i0.wp.com\/blog.sub.uni-hamburg.de\/wp-content\/uploads\/2018\/05\/stammbuch-andromeda-gr.png?resize=350%2C200&ssl=1","width":350,"height":200,"srcset":"https:\/\/i0.wp.com\/blog.sub.uni-hamburg.de\/wp-content\/uploads\/2018\/05\/stammbuch-andromeda-gr.png?resize=350%2C200&ssl=1 1x, https:\/\/i0.wp.com\/blog.sub.uni-hamburg.de\/wp-content\/uploads\/2018\/05\/stammbuch-andromeda-gr.png?resize=525%2C300&ssl=1 1.5x, https:\/\/i0.wp.com\/blog.sub.uni-hamburg.de\/wp-content\/uploads\/2018\/05\/stammbuch-andromeda-gr.png?resize=700%2C400&ssl=1 2x, https:\/\/i0.wp.com\/blog.sub.uni-hamburg.de\/wp-content\/uploads\/2018\/05\/stammbuch-andromeda-gr.png?resize=1050%2C600&ssl=1 3x"},"classes":[]},{"id":31972,"url":"https:\/\/blog.sub.uni-hamburg.de\/?p=31972","url_meta":{"origin":206,"position":4},"title":"Neue Digitalisate durch &#8220;Hamburger Kulturgut im Netz&#8221; online","author":"Redaktion","date":"18-10-21","format":false,"excerpt":"Von Nele Leiner. Im Rahmen des an der Stabi angesiedelten Projektes \"Hamburger Kulturgut im Netz\" (HaKiN) konnten wieder weitere B\u00e4nde aus den vielf\u00e4ltigen Best\u00e4nden der wissenschaftlichen Bibliothekslandschaft Hamburgs digital frei verf\u00fcgbar gemacht werden. Seit 2018 werden mit F\u00f6rderung der Stadt Hamburg Best\u00e4nde wissenschaftlicher Bibliotheken in Hamburg digitalisiert. Die Stabi \u00fcbernimmt\u2026","rel":"","context":"In &quot;E-Medien&quot;","block_context":{"text":"E-Medien","link":"https:\/\/blog.sub.uni-hamburg.de\/?cat=11"},"img":{"alt_text":"","src":"https:\/\/i0.wp.com\/blog.sub.uni-hamburg.de\/wp-content\/uploads\/2021\/10\/Stammbuch-kl.jpg?resize=350%2C200&ssl=1","width":350,"height":200,"srcset":"https:\/\/i0.wp.com\/blog.sub.uni-hamburg.de\/wp-content\/uploads\/2021\/10\/Stammbuch-kl.jpg?resize=350%2C200&ssl=1 1x, https:\/\/i0.wp.com\/blog.sub.uni-hamburg.de\/wp-content\/uploads\/2021\/10\/Stammbuch-kl.jpg?resize=525%2C300&ssl=1 1.5x"},"classes":[]},{"id":25501,"url":"https:\/\/blog.sub.uni-hamburg.de\/?p=25501","url_meta":{"origin":206,"position":5},"title":"Kurze Ausstellungspause wegen Sicherheitssanierung","author":"Markus Trapp","date":"13-08-18","format":false,"excerpt":"Heute wird in unserem Ausstellungsraum die bis gestern gezeigte Ausstellung \u00fcber Stammb\u00fccher und Freundschaftsalben in Hamburg abgebaut. Dann beginnen wir mit den geplanten Ma\u00dfnahmen der Sicherheitssanierung im Ausstellungsraum. Die n\u00e4chste Ausstellung er\u00f6ffnen wir am 26. September 2018: \u00abKopieren, bewahren, Neues schaffen \u2013 Die Schriftkunst von Chen Songzhang und Zhu Yongling\u2026","rel":"","context":"In &quot;Ausstellungen und Veranstaltungen&quot;","block_context":{"text":"Ausstellungen und Veranstaltungen","link":"https:\/\/blog.sub.uni-hamburg.de\/?cat=9"},"img":{"alt_text":"","src":"https:\/\/i0.wp.com\/blog.sub.uni-hamburg.de\/wp-content\/uploads\/2018\/08\/ausstellungsraum-sanierung.jpg?resize=350%2C200&ssl=1","width":350,"height":200,"srcset":"https:\/\/i0.wp.com\/blog.sub.uni-hamburg.de\/wp-content\/uploads\/2018\/08\/ausstellungsraum-sanierung.jpg?resize=350%2C200&ssl=1 1x, https:\/\/i0.wp.com\/blog.sub.uni-hamburg.de\/wp-content\/uploads\/2018\/08\/ausstellungsraum-sanierung.jpg?resize=525%2C300&ssl=1 1.5x"},"classes":[]}],"jetpack_sharing_enabled":true,"_links":{"self":[{"href":"https:\/\/blog.sub.uni-hamburg.de\/index.php?rest_route=\/wp\/v2\/posts\/206","targetHints":{"allow":["GET"]}}],"collection":[{"href":"https:\/\/blog.sub.uni-hamburg.de\/index.php?rest_route=\/wp\/v2\/posts"}],"about":[{"href":"https:\/\/blog.sub.uni-hamburg.de\/index.php?rest_route=\/wp\/v2\/types\/post"}],"author":[{"embeddable":true,"href":"https:\/\/blog.sub.uni-hamburg.de\/index.php?rest_route=\/wp\/v2\/users\/15"}],"replies":[{"embeddable":true,"href":"https:\/\/blog.sub.uni-hamburg.de\/index.php?rest_route=%2Fwp%2Fv2%2Fcomments&post=206"}],"version-history":[{"count":0,"href":"https:\/\/blog.sub.uni-hamburg.de\/index.php?rest_route=\/wp\/v2\/posts\/206\/revisions"}],"wp:attachment":[{"href":"https:\/\/blog.sub.uni-hamburg.de\/index.php?rest_route=%2Fwp%2Fv2%2Fmedia&parent=206"}],"wp:term":[{"taxonomy":"category","embeddable":true,"href":"https:\/\/blog.sub.uni-hamburg.de\/index.php?rest_route=%2Fwp%2Fv2%2Fcategories&post=206"},{"taxonomy":"post_tag","embeddable":true,"href":"https:\/\/blog.sub.uni-hamburg.de\/index.php?rest_route=%2Fwp%2Fv2%2Ftags&post=206"}],"curies":[{"name":"wp","href":"https:\/\/api.w.org\/{rel}","templated":true}]}}