{"id":20476,"date":"2016-07-14T15:48:30","date_gmt":"2016-07-14T13:48:30","guid":{"rendered":"http:\/\/blog.sub.uni-hamburg.de\/?p=20476"},"modified":"2016-09-08T16:49:59","modified_gmt":"2016-09-08T14:49:59","slug":"shortlist-von-hamburglesen-2016","status":"publish","type":"post","link":"https:\/\/blog.sub.uni-hamburg.de\/?p=20476","title":{"rendered":"Shortlist von HamburgLesen 2016"},"content":{"rendered":"<p><a href=\"http:\/\/hamburglesen.de\"><img loading=\"lazy\" decoding=\"async\" data-attachment-id=\"20482\" data-permalink=\"https:\/\/blog.sub.uni-hamburg.de\/?attachment_id=20482\" data-orig-file=\"https:\/\/blog.sub.uni-hamburg.de\/wp-content\/uploads\/2016\/07\/HHL-logo2016.jpg\" data-orig-size=\"316,200\" data-comments-opened=\"1\" data-image-meta=\"{&quot;aperture&quot;:&quot;0&quot;,&quot;credit&quot;:&quot;&quot;,&quot;camera&quot;:&quot;&quot;,&quot;caption&quot;:&quot;&quot;,&quot;created_timestamp&quot;:&quot;0&quot;,&quot;copyright&quot;:&quot;&quot;,&quot;focal_length&quot;:&quot;0&quot;,&quot;iso&quot;:&quot;0&quot;,&quot;shutter_speed&quot;:&quot;0&quot;,&quot;title&quot;:&quot;&quot;,&quot;orientation&quot;:&quot;0&quot;}\" data-image-title=\"HHL-logo2016\" data-image-description=\"\" data-image-caption=\"\" data-large-file=\"https:\/\/blog.sub.uni-hamburg.de\/wp-content\/uploads\/2016\/07\/HHL-logo2016.jpg\" src=\"https:\/\/blog.sub.uni-hamburg.de\/wp-content\/uploads\/2016\/07\/HHL-logo2016.jpg\" alt=\"HHL-logo2016\" width=\"237\" height=\"150\" class=\"alignright size-full wp-image-20482\" srcset=\"https:\/\/blog.sub.uni-hamburg.de\/wp-content\/uploads\/2016\/07\/HHL-logo2016.jpg 316w, https:\/\/blog.sub.uni-hamburg.de\/wp-content\/uploads\/2016\/07\/HHL-logo2016-150x95.jpg 150w, https:\/\/blog.sub.uni-hamburg.de\/wp-content\/uploads\/2016\/07\/HHL-logo2016-300x190.jpg 300w\" sizes=\"auto, (max-width: 237px) 100vw, 237px\" \/><\/a> Im Herbst ist es wieder so weit: Zum vierten Mal vergibt die Staatsbibliothek ihren Buchpreis HamburgLesen an ein Buch der aktuellen &#8220;Jahresproduktion&#8221;, das sich in herausragender Weise mit dem Thema Hamburg befasst. <\/p>\n<p>Im Rennen um den mit 5.000 \u20ac dotierten Buchpreis, der am <strong>Freitag, den 28. Oktober 2016 im Lichthof der Staatsbibliothek<\/strong> feierlich verliehen wird, sind noch folgende sieben Titel:<br \/>\n<!--more--><\/p>\n<p><a href=\"http:\/\/blogs.sub.uni-hamburg.de\/hamburglesen\/?page_id=832\"><img loading=\"lazy\" decoding=\"async\" data-attachment-id=\"20490\" data-permalink=\"https:\/\/blog.sub.uni-hamburg.de\/?attachment_id=20490\" data-orig-file=\"https:\/\/blog.sub.uni-hamburg.de\/wp-content\/uploads\/2016\/07\/hhlesenshortlist.jpg\" data-orig-size=\"640,135\" data-comments-opened=\"1\" data-image-meta=\"{&quot;aperture&quot;:&quot;0&quot;,&quot;credit&quot;:&quot;&quot;,&quot;camera&quot;:&quot;&quot;,&quot;caption&quot;:&quot;&quot;,&quot;created_timestamp&quot;:&quot;0&quot;,&quot;copyright&quot;:&quot;&quot;,&quot;focal_length&quot;:&quot;0&quot;,&quot;iso&quot;:&quot;0&quot;,&quot;shutter_speed&quot;:&quot;0&quot;,&quot;title&quot;:&quot;&quot;,&quot;orientation&quot;:&quot;0&quot;}\" data-image-title=\"hhlesenshortlist\" data-image-description=\"\" data-image-caption=\"\" data-large-file=\"https:\/\/blog.sub.uni-hamburg.de\/wp-content\/uploads\/2016\/07\/hhlesenshortlist.jpg\" src=\"https:\/\/blog.sub.uni-hamburg.de\/wp-content\/uploads\/2016\/07\/hhlesenshortlist.jpg\" alt=\"Die Shortlist von HamburgLesen 2016\" title=\"Die Shortlist von HamburgLesen 2016\" width=\"640\" height=\"135\" class=\"alignnone size-full wp-image-20490\" srcset=\"https:\/\/blog.sub.uni-hamburg.de\/wp-content\/uploads\/2016\/07\/hhlesenshortlist.jpg 640w, https:\/\/blog.sub.uni-hamburg.de\/wp-content\/uploads\/2016\/07\/hhlesenshortlist-150x32.jpg 150w, https:\/\/blog.sub.uni-hamburg.de\/wp-content\/uploads\/2016\/07\/hhlesenshortlist-300x63.jpg 300w\" sizes=\"auto, (max-width: 640px) 100vw, 640px\" \/><\/a><\/p>\n<p><strong>Sch\u00fctt, R\u00fcdiger:<br \/>\nSeefahrt ist not!: Gorch Fock &#8211; Die Biographie<\/strong><br \/>\nDarmstadt: <a href=\"http:\/\/www.froelichundkaufmann.de\/Literatur\/Seefahrt-ist-not-Gorch-Fock-Die-Biographie.html\">Lambert Schneider<\/a>, 2016<br \/>\nSignatur: <a href=\"https:\/\/beluga.sub.uni-hamburg.de\/vufind\/Record\/842252509\">A 2016\/1297<\/a><\/p>\n<p><strong>Beneke, Ferdinand:<br \/>\nDie Tageb\u00fccher. Hrsg. von Frank Hatje und Ariane Smith. B\u00e4nde III,1 bis III,6 und Begleitband \u201eLeben und Ansichten\u201c<\/strong><br \/>\nG\u00f6ttingen: <a href=\"http:\/\/www.ferdinand-beneke.de\/index-Dateien\/Page1400.htm\">Wallstein-Verlag<\/a>, 2016<br \/>\nSignaturen: <a href=\"https:\/\/beluga.sub.uni-hamburg.de\/vufind\/Record\/642881871\">A 2016\/1817 bis A 2016\/1823<\/a> und HH 2933\/7: 3,1 bis HH 2933\/7:3,6, HH 2933\/7: Begleitbd. 3<\/p>\n<p><strong>Lange, Ralf:<br \/>\nDas Hamburger Kontorhaus: Architektur, Geschichte, Denkmal<\/strong><br \/>\nM\u00fcnchen; Hamburg [u.a.]: <a href=\"http:\/\/www.dugverlag.de\/isbn-3-86218-067-0\">D\u00f6lling und Galitz<\/a>, 2015<br \/>\nSignatur: <a href=\"https:\/\/beluga.sub.uni-hamburg.de\/vufind\/Record\/791587622\">B\/145346 und HH 5060\/1<\/a><\/p>\n<p><strong>Sch\u00fctt, Ernst Christian:<br \/>\nDas Hamburger Kinderlexikon: von Alster bis Zitronenjette<\/strong><br \/>\nBremen: <a href=\"http:\/\/www.froelichundkaufmann.de\/Literatur\/Seefahrt-ist-not-Gorch-Fock-Die-Biographie.html\">Sch\u00fcnemann<\/a>, 2015<br \/>\nSignatur: <a href=\"https:\/\/beluga.sub.uni-hamburg.de\/vufind\/Record\/824944178\">A 2016\/2577 und HH 1703\/18<\/a><\/p>\n<p><strong>Albrecht, Henning:<br \/>\nHorst Janssen: ein Leben<\/strong><br \/>\nReinbek bei Hamburg: <a href=\"http:\/\/www.rowohlt.de\/hardcover\/henning-albrecht-horst-janssen.html\">Rowohlt<\/a>, 2016<br \/>\nSignatur: <a href=\"https:\/\/beluga.sub.uni-hamburg.de\/vufind\/Record\/805643109\">A 2016\/1473<\/a><\/p>\n<p><strong>Lorenz, Ina und Berkemann, J\u00f6rg:<br \/>\nDie Hamburger Juden im NS-Staat 1933 bis 1938\/39<\/strong><br \/>\nG\u00f6ttingen: <a href=\"http:\/\/www.wallstein-verlag.de\/9783835318113-ina-lorenz-joerg-berkemann-die-hamburger-juden-im-ns-staat-1933-bis-1938-39.html\">Wallstein Verlag<\/a>, 2016<br \/>\nSignatur: A 2016\/700 \u2013 A 2016\/706 und <a href=\"https:\/\/beluga.sub.uni-hamburg.de\/vufind\/Record\/842646523\">HH 3157\/41: 1 \u2013 HH 3157\/41: 7<\/a><\/p>\n<p><strong>Der Hafen: Fotografien des Hamburger Hafens 1930-1970 ; Gustav Werbeck, John Holler, Germin, Harald Zoch<\/strong><br \/>\nHamburg: <a href=\"http:\/\/www.junius-verlag.de\/buecher\/der-hafen\">Junius<\/a>, 2015<br \/>\nSignatur: <a href=\"https:\/\/beluga.sub.uni-hamburg.de\/vufind\/Record\/82884898X\">C\/16553<\/a><\/p>\n<p><a href=\"http:\/\/hamburglesen.de\"><img loading=\"lazy\" decoding=\"async\" data-attachment-id=\"20489\" data-permalink=\"https:\/\/blog.sub.uni-hamburg.de\/?attachment_id=20489\" data-orig-file=\"https:\/\/blog.sub.uni-hamburg.de\/wp-content\/uploads\/2016\/07\/Buchpreis_2016_Statue.jpg\" data-orig-size=\"300,374\" data-comments-opened=\"1\" data-image-meta=\"{&quot;aperture&quot;:&quot;0&quot;,&quot;credit&quot;:&quot;&quot;,&quot;camera&quot;:&quot;&quot;,&quot;caption&quot;:&quot;&quot;,&quot;created_timestamp&quot;:&quot;0&quot;,&quot;copyright&quot;:&quot;&quot;,&quot;focal_length&quot;:&quot;0&quot;,&quot;iso&quot;:&quot;0&quot;,&quot;shutter_speed&quot;:&quot;0&quot;,&quot;title&quot;:&quot;&quot;,&quot;orientation&quot;:&quot;0&quot;}\" data-image-title=\"Buchpreis_2016_Statue\" data-image-description=\"\" data-image-caption=\"\" data-large-file=\"https:\/\/blog.sub.uni-hamburg.de\/wp-content\/uploads\/2016\/07\/Buchpreis_2016_Statue.jpg\" src=\"https:\/\/blog.sub.uni-hamburg.de\/wp-content\/uploads\/2016\/07\/Buchpreis_2016_Statue.jpg\" alt=\"Buchpreis_2016_Statue\" width=\"300\" height=\"374\" class=\"alignleft size-full wp-image-20489\" srcset=\"https:\/\/blog.sub.uni-hamburg.de\/wp-content\/uploads\/2016\/07\/Buchpreis_2016_Statue.jpg 300w, https:\/\/blog.sub.uni-hamburg.de\/wp-content\/uploads\/2016\/07\/Buchpreis_2016_Statue-120x150.jpg 120w, https:\/\/blog.sub.uni-hamburg.de\/wp-content\/uploads\/2016\/07\/Buchpreis_2016_Statue-241x300.jpg 241w\" sizes=\"auto, (max-width: 300px) 100vw, 300px\" \/><\/a> Wie ist es zu dieser <a href=\"http:\/\/blogs.sub.uni-hamburg.de\/hamburglesen\/?page_id=832\">Shortlist<\/a> gekommen? Diese Auswahl steht am Ende eines mehrstufigen Prozesses, in dem aus verschiedenen Beteiligten und Jurys aus den ca. 1.500 (!) Werken der Jahresproduktion zun\u00e4chst eine Longlist (mit knapp 200 Werken) dann eine Vorschlagsliste mit 30 Titeln vorausgew\u00e4hlt wurde. Wer zu diesen Jurys geh\u00f6rt, und welche Titel auf der Longlist und auf der Vorschlagsliste (30) standen, ist auf der Website des Buchpreises <a href=\"http:\/\/blogs.sub.uni-hamburg.de\/hamburglesen\/?page_id=11\">hamburglesen.de<\/a> genau dokumentiert.<\/p>\n<p>Die Vorjahrespreistr\u00e4ger waren:<\/p>\n<ul>\n<li>HamburgLesen 2015 \u2013 <a href=\"https:\/\/blog.sub.uni-hamburg.de\/?p=18751\">Michael Kleeberg: Vaterjahre<\/a><\/li>\n<li>HamburgLesen 2014 \u2013 <a href=\"https:\/\/blog.sub.uni-hamburg.de\/?p=16359\">Maike Bruhns: Bauschmuck bei Fritz Schumacher<\/a><\/li>\n<li>HamburgLesen 2013 \u2013 <a href=\"https:\/\/blog.sub.uni-hamburg.de\/?p=13014\">Joachim Kersten: Arno Schmidt in Hamburg<\/a><\/li>\n<\/ul>\n<p>Wir sind schon sehr gespannt, welcher der sieben Titel der Shortlist am Ende mit dem Preis <em>HamburgLesen 2016<\/em> ausgezeichnet wird.<\/p>\n","protected":false},"excerpt":{"rendered":"<p>Im Herbst ist es wieder so weit: Zum vierten Mal vergibt die Staatsbibliothek ihren Buchpreis HamburgLesen an ein Buch der aktuellen &#8220;Jahresproduktion&#8221;, das sich in herausragender Weise mit dem Thema Hamburg befasst. Im Rennen um den mit 5.000 \u20ac dotierten Buchpreis, der am Freitag, den 28. Oktober 2016 im Lichthof der Staatsbibliothek feierlich verliehen wird, [&hellip;]<\/p>\n","protected":false},"author":19,"featured_media":0,"comment_status":"open","ping_status":"open","sticky":false,"template":"","format":"standard","meta":{"jetpack_post_was_ever_published":false,"_jetpack_newsletter_access":"","_jetpack_dont_email_post_to_subs":false,"_jetpack_newsletter_tier_id":0,"_jetpack_memberships_contains_paywalled_content":false,"_jetpack_memberships_contains_paid_content":false,"footnotes":"","jetpack_publicize_message":"","jetpack_publicize_feature_enabled":true,"jetpack_social_post_already_shared":true,"jetpack_social_options":{"image_generator_settings":{"template":"highway","default_image_id":0,"font":"","enabled":false},"version":2}},"categories":[1,17],"tags":[29],"class_list":["post-20476","post","type-post","status-publish","format-standard","hentry","category-1","category-hamburg","tag-hamburg-2"],"views":3220,"jetpack_publicize_connections":[],"jetpack_featured_media_url":"","jetpack_shortlink":"https:\/\/wp.me\/p7hfNR-5kg","jetpack-related-posts":[{"id":21288,"url":"https:\/\/blog.sub.uni-hamburg.de\/?p=21288","url_meta":{"origin":20476,"position":0},"title":"Buchpreis der Staatsbibliothek &#8220;HamburgLesen 2016&#8221; wird verliehen (28.10.)","author":"MG","date":"17-10-16","format":false,"excerpt":"Lichthof im Altbau der Staats- und Universit\u00e4tsbibliothek. Eingang Edmund-Siemers-Allee\/Ecke Grindelallee Freitag, 28. Oktober 2016, 17 Uhr. Der Eintritt ist frei. \u00a0Zum vierten Mal verleiht die Staats- und Universit\u00e4tsbibliothek Hamburg den Buchpreis \u201eHamburgLesen\u201c. Der mit 5.000 \u20ac dotierte Preis ist einmalig in der deutschen Buchpreis-Landschaft. Er hebt ein Werk hervor, das\u2026","rel":"","context":"In &quot;Ausstellungen und Veranstaltungen&quot;","block_context":{"text":"Ausstellungen und Veranstaltungen","link":"https:\/\/blog.sub.uni-hamburg.de\/?cat=9"},"img":{"alt_text":"","src":"https:\/\/i0.wp.com\/blog.sub.uni-hamburg.de\/wp-content\/uploads\/2016\/10\/hhlesen-2016-lichthof.jpg?resize=350%2C200&ssl=1","width":350,"height":200,"srcset":"https:\/\/i0.wp.com\/blog.sub.uni-hamburg.de\/wp-content\/uploads\/2016\/10\/hhlesen-2016-lichthof.jpg?resize=350%2C200&ssl=1 1x, https:\/\/i0.wp.com\/blog.sub.uni-hamburg.de\/wp-content\/uploads\/2016\/10\/hhlesen-2016-lichthof.jpg?resize=525%2C300&ssl=1 1.5x"},"classes":[]},{"id":21420,"url":"https:\/\/blog.sub.uni-hamburg.de\/?p=21420","url_meta":{"origin":20476,"position":1},"title":"HamburgLesen 2016: Fotoband \u00abDer Hafen\u00bb","author":"Markus Trapp","date":"31-10-16","format":false,"excerpt":"Der Buchpreis der Staatsbibliothek HamburgLesen 2016 geht an \u00abDer Hafen. Fotografien des Hamburger Hafens 1930-1970; Gustav Werbeck, John Holler, Germin, Harald Zoch\u00bb, Hrsg. von Henning Rademacher. Am Freitag, 28.10.2016, fand die feierliche Preisverleihung im Lichthof der Staats- und Universit\u00e4tsbibliothek statt. Die Direktorin der Staats- und Universit\u00e4tsbibliothek, Prof. Dr. Gabriele Beger\u2026","rel":"","context":"In &quot;Aktuelles&quot;","block_context":{"text":"Aktuelles","link":"https:\/\/blog.sub.uni-hamburg.de\/?cat=1"},"img":{"alt_text":"","src":"https:\/\/i0.wp.com\/blog.sub.uni-hamburg.de\/wp-content\/uploads\/2016\/10\/pf-hhlesen2016-1-150x100.jpg?resize=350%2C200&ssl=1","width":350,"height":200,"srcset":"https:\/\/i0.wp.com\/blog.sub.uni-hamburg.de\/wp-content\/uploads\/2016\/10\/pf-hhlesen2016-1-150x100.jpg?resize=350%2C200&ssl=1 1x, https:\/\/i0.wp.com\/blog.sub.uni-hamburg.de\/wp-content\/uploads\/2016\/10\/pf-hhlesen2016-1-150x100.jpg?resize=525%2C300&ssl=1 1.5x, https:\/\/i0.wp.com\/blog.sub.uni-hamburg.de\/wp-content\/uploads\/2016\/10\/pf-hhlesen2016-1-150x100.jpg?resize=700%2C400&ssl=1 2x, https:\/\/i0.wp.com\/blog.sub.uni-hamburg.de\/wp-content\/uploads\/2016\/10\/pf-hhlesen2016-1-150x100.jpg?resize=1050%2C600&ssl=1 3x, https:\/\/i0.wp.com\/blog.sub.uni-hamburg.de\/wp-content\/uploads\/2016\/10\/pf-hhlesen2016-1-150x100.jpg?resize=1400%2C800&ssl=1 4x"},"classes":[]},{"id":23057,"url":"https:\/\/blog.sub.uni-hamburg.de\/?p=23057","url_meta":{"origin":20476,"position":2},"title":"Die Shortlist von HamburgLesen 2017 steht fest","author":"Markus Trapp","date":"10-07-17","format":false,"excerpt":"Im Herbst ist es wieder soweit: Zum nunmehr f\u00fcnften Mal vergibt die Staatsbibliothek ihren Buchpreis HamburgLesen an ein Buch der aktuellen \"Jahresproduktion\", das sich in herausragender Weise mit dem Thema Hamburg befasst. Im Rennen um den mit 5.000 \u20ac dotierten Buchpreis, der am Freitag, den 27. Oktober 2017 im Lichthof\u2026","rel":"","context":"In &quot;Aktuelles&quot;","block_context":{"text":"Aktuelles","link":"https:\/\/blog.sub.uni-hamburg.de\/?cat=1"},"img":{"alt_text":"","src":"https:\/\/i0.wp.com\/blog.sub.uni-hamburg.de\/wp-content\/uploads\/2017\/07\/shortlist2017-640.jpg?resize=350%2C200&ssl=1","width":350,"height":200,"srcset":"https:\/\/i0.wp.com\/blog.sub.uni-hamburg.de\/wp-content\/uploads\/2017\/07\/shortlist2017-640.jpg?resize=350%2C200&ssl=1 1x, https:\/\/i0.wp.com\/blog.sub.uni-hamburg.de\/wp-content\/uploads\/2017\/07\/shortlist2017-640.jpg?resize=525%2C300&ssl=1 1.5x"},"classes":[]},{"id":25743,"url":"https:\/\/blog.sub.uni-hamburg.de\/?p=25743","url_meta":{"origin":20476,"position":3},"title":"Preisverleihung HamburgLesen 2018 (26.10.)","author":"Markus Trapp","date":"10-10-18","format":false,"excerpt":"Am Freitag, dem 26. Oktober, ab 17 Uhr ist es wieder soweit: Zum sechsten Mal vergibt die Staatsbibliothek ihren Buchpreis HamburgLesen an ein Buch der aktuellen \"Jahresproduktion\", das sich in herausragender Weise mit dem Thema Hamburg befasst. Im Rennen um den mit 5.000 \u20ac dotierten Buchpreis sind folgende sieben Titel\u2026","rel":"","context":"In &quot;Ausstellungen und Veranstaltungen&quot;","block_context":{"text":"Ausstellungen und Veranstaltungen","link":"https:\/\/blog.sub.uni-hamburg.de\/?cat=9"},"img":{"alt_text":"","src":"https:\/\/i0.wp.com\/blog.sub.uni-hamburg.de\/wp-content\/uploads\/2018\/10\/shortlist2018.jpg?resize=350%2C200&ssl=1","width":350,"height":200,"srcset":"https:\/\/i0.wp.com\/blog.sub.uni-hamburg.de\/wp-content\/uploads\/2018\/10\/shortlist2018.jpg?resize=350%2C200&ssl=1 1x, https:\/\/i0.wp.com\/blog.sub.uni-hamburg.de\/wp-content\/uploads\/2018\/10\/shortlist2018.jpg?resize=525%2C300&ssl=1 1.5x"},"classes":[]},{"id":25247,"url":"https:\/\/blog.sub.uni-hamburg.de\/?p=25247","url_meta":{"origin":20476,"position":4},"title":"Shortlist HamburgLesen 2018","author":"Markus Trapp","date":"10-07-18","format":false,"excerpt":"Im Herbst ist es wieder soweit: Zum nunmehr sechsten Mal vergibt die Staatsbibliothek ihren Buchpreis HamburgLesen an ein Buch der aktuellen \"Jahresproduktion\", das sich in herausragender Weise mit dem Thema Hamburg befasst. Im Rennen um den mit 5.000 \u20ac dotierten Buchpreis, der am Freitag, den 26. Oktober 2018 im Lichthof\u2026","rel":"","context":"In &quot;Aktuelles&quot;","block_context":{"text":"Aktuelles","link":"https:\/\/blog.sub.uni-hamburg.de\/?cat=1"},"img":{"alt_text":"","src":"https:\/\/i0.wp.com\/blog.sub.uni-hamburg.de\/wp-content\/uploads\/2018\/07\/shortlist2018.jpg?resize=350%2C200&ssl=1","width":350,"height":200,"srcset":"https:\/\/i0.wp.com\/blog.sub.uni-hamburg.de\/wp-content\/uploads\/2018\/07\/shortlist2018.jpg?resize=350%2C200&ssl=1 1x, https:\/\/i0.wp.com\/blog.sub.uni-hamburg.de\/wp-content\/uploads\/2018\/07\/shortlist2018.jpg?resize=525%2C300&ssl=1 1.5x"},"classes":[]},{"id":27892,"url":"https:\/\/blog.sub.uni-hamburg.de\/?p=27892","url_meta":{"origin":20476,"position":5},"title":"Preisverleihung HamburgLesen 2019","author":"Markus Trapp","date":"14-10-19","format":false,"excerpt":"Am Freitag, dem 25. Oktober, ab 17 Uhr ist es wieder soweit: Zum siebten Mal vergibt die Staatsbibliothek ihren Buchpreis HamburgLesen an ein Buch der aktuellen \"Jahresproduktion\", das sich in herausragender Weise mit dem Thema Hamburg befasst. Im Rennen um den mit 5.000 \u20ac dotierten Buchpreis sind folgende sieben Titel\u2026","rel":"","context":"In &quot;Ausstellungen und Veranstaltungen&quot;","block_context":{"text":"Ausstellungen und Veranstaltungen","link":"https:\/\/blog.sub.uni-hamburg.de\/?cat=9"},"img":{"alt_text":"","src":"https:\/\/i0.wp.com\/blog.sub.uni-hamburg.de\/wp-content\/uploads\/2019\/10\/8tothebar-hhlesen2019.jpg?resize=350%2C200&ssl=1","width":350,"height":200},"classes":[]}],"jetpack_sharing_enabled":true,"_links":{"self":[{"href":"https:\/\/blog.sub.uni-hamburg.de\/index.php?rest_route=\/wp\/v2\/posts\/20476","targetHints":{"allow":["GET"]}}],"collection":[{"href":"https:\/\/blog.sub.uni-hamburg.de\/index.php?rest_route=\/wp\/v2\/posts"}],"about":[{"href":"https:\/\/blog.sub.uni-hamburg.de\/index.php?rest_route=\/wp\/v2\/types\/post"}],"author":[{"embeddable":true,"href":"https:\/\/blog.sub.uni-hamburg.de\/index.php?rest_route=\/wp\/v2\/users\/19"}],"replies":[{"embeddable":true,"href":"https:\/\/blog.sub.uni-hamburg.de\/index.php?rest_route=%2Fwp%2Fv2%2Fcomments&post=20476"}],"version-history":[{"count":7,"href":"https:\/\/blog.sub.uni-hamburg.de\/index.php?rest_route=\/wp\/v2\/posts\/20476\/revisions"}],"predecessor-version":[{"id":20492,"href":"https:\/\/blog.sub.uni-hamburg.de\/index.php?rest_route=\/wp\/v2\/posts\/20476\/revisions\/20492"}],"wp:attachment":[{"href":"https:\/\/blog.sub.uni-hamburg.de\/index.php?rest_route=%2Fwp%2Fv2%2Fmedia&parent=20476"}],"wp:term":[{"taxonomy":"category","embeddable":true,"href":"https:\/\/blog.sub.uni-hamburg.de\/index.php?rest_route=%2Fwp%2Fv2%2Fcategories&post=20476"},{"taxonomy":"post_tag","embeddable":true,"href":"https:\/\/blog.sub.uni-hamburg.de\/index.php?rest_route=%2Fwp%2Fv2%2Ftags&post=20476"}],"curies":[{"name":"wp","href":"https:\/\/api.w.org\/{rel}","templated":true}]}}