{"id":20223,"date":"2016-05-31T14:50:42","date_gmt":"2016-05-31T12:50:42","guid":{"rendered":"http:\/\/blog.sub.uni-hamburg.de\/?p=20223"},"modified":"2016-06-08T17:59:20","modified_gmt":"2016-06-08T15:59:20","slug":"nutzerbefragung-fuer-ein-neues-lern-und-medienzentrum","status":"publish","type":"post","link":"https:\/\/blog.sub.uni-hamburg.de\/?p=20223","title":{"rendered":"Nutzerbefragung f\u00fcr ein neues Lern- und Medienzentrum"},"content":{"rendered":"<p><img loading=\"lazy\" decoding=\"async\" data-attachment-id=\"20224\" data-permalink=\"https:\/\/blog.sub.uni-hamburg.de\/?attachment_id=20224\" data-orig-file=\"https:\/\/blog.sub.uni-hamburg.de\/wp-content\/uploads\/2016\/05\/glaskugel-gab-450.jpg\" data-orig-size=\"450,450\" data-comments-opened=\"1\" data-image-meta=\"{&quot;aperture&quot;:&quot;0&quot;,&quot;credit&quot;:&quot;&quot;,&quot;camera&quot;:&quot;&quot;,&quot;caption&quot;:&quot;&quot;,&quot;created_timestamp&quot;:&quot;0&quot;,&quot;copyright&quot;:&quot;&quot;,&quot;focal_length&quot;:&quot;0&quot;,&quot;iso&quot;:&quot;0&quot;,&quot;shutter_speed&quot;:&quot;0&quot;,&quot;title&quot;:&quot;&quot;,&quot;orientation&quot;:&quot;0&quot;}\" data-image-title=\"Glaskugelaufnahme aus dem Gruppenarbeitsraum\" data-image-description=\"\" data-image-caption=\"\" data-large-file=\"https:\/\/blog.sub.uni-hamburg.de\/wp-content\/uploads\/2016\/05\/glaskugel-gab-450.jpg\" src=\"https:\/\/blog.sub.uni-hamburg.de\/wp-content\/uploads\/2016\/05\/glaskugel-gab-450.jpg\" alt=\"Glaskugelaufnahme aus dem Gruppenarbeitsraum\" title=\"Glaskugelaufnahme aus dem Gruppenarbeitsraum\" width=\"450\" height=\"450\" class=\"alignright size-full wp-image-20224\" srcset=\"https:\/\/blog.sub.uni-hamburg.de\/wp-content\/uploads\/2016\/05\/glaskugel-gab-450.jpg 450w, https:\/\/blog.sub.uni-hamburg.de\/wp-content\/uploads\/2016\/05\/glaskugel-gab-450-150x150.jpg 150w, https:\/\/blog.sub.uni-hamburg.de\/wp-content\/uploads\/2016\/05\/glaskugel-gab-450-300x300.jpg 300w\" sizes=\"auto, (max-width: 450px) 100vw, 450px\" \/> An folgenden Terminen fragen wir jeweils von 15-16 Uhr an einem Infostand im Foyer der Stabi <strong>\u201eWollen Sie mitmachen?\u201c<\/strong> bei den Planungen f\u00fcr einen neuen Lernort in unserer Bibliothek: <strong>Mi. 01.06, Mo. 06.06 sowie Mi. 08.06.<\/strong><\/p>\n<p>Wir wollen Ihre Bed\u00fcrfnisse zum technischen und wissenschaftlichen Arbeiten in der Stabi anhand eines kleinen Fragebogens erfragen. So wollen wir vor allem wissen:<\/p>\n<ul>\n<li>Was w\u00fcnschen Sie sich f\u00fcr ein zuk\u00fcnftiges technisches Lern- und Medienzentrum in der Stabi?<\/li>\n<li>Welche Services ben\u00f6tigen Sie, um Ihre technisch-wissenschaftlichen Arbeiten zu meistern?<\/li>\n<\/ul>\n<p>Kleinere Fragen zu Ihrem Alter, Ihrem Arbeitszweck, Ihrem Fachgebiet und Ihrer Hochschule\/Schule runden die Befragung ab.<br \/>\nWir w\u00fcrden uns freuen, wenn Sie uns bei den Planungen unterst\u00fctzen. Zur Belohnung gibt\u2019s auch was S\u00fc\u00dfes. Wir sind gespannt auf Ihre Ideen, Anregungen und W\u00fcnsche.<\/p>\n","protected":false},"excerpt":{"rendered":"<p>An folgenden Terminen fragen wir jeweils von 15-16 Uhr an einem Infostand im Foyer der Stabi \u201eWollen Sie mitmachen?\u201c bei den Planungen f\u00fcr einen neuen Lernort in unserer Bibliothek: Mi. 01.06, Mo. 06.06 sowie Mi. 08.06. Wir wollen Ihre Bed\u00fcrfnisse zum technischen und wissenschaftlichen Arbeiten in der Stabi anhand eines kleinen Fragebogens erfragen. So wollen [&hellip;]<\/p>\n","protected":false},"author":19,"featured_media":0,"comment_status":"open","ping_status":"open","sticky":false,"template":"","format":"standard","meta":{"jetpack_post_was_ever_published":false,"_jetpack_newsletter_access":"","_jetpack_dont_email_post_to_subs":false,"_jetpack_newsletter_tier_id":0,"_jetpack_memberships_contains_paywalled_content":false,"_jetpack_memberships_contains_paid_content":false,"footnotes":"","jetpack_publicize_message":"","jetpack_publicize_feature_enabled":true,"jetpack_social_post_already_shared":true,"jetpack_social_options":{"image_generator_settings":{"template":"highway","default_image_id":0,"font":"","enabled":false},"version":2}},"categories":[1],"tags":[],"class_list":["post-20223","post","type-post","status-publish","format-standard","hentry","category-1"],"views":4759,"jetpack_publicize_connections":[],"jetpack_featured_media_url":"","jetpack_shortlink":"https:\/\/wp.me\/p7hfNR-5gb","jetpack-related-posts":[{"id":1283,"url":"https:\/\/blog.sub.uni-hamburg.de\/?p=1283","url_meta":{"origin":20223,"position":0},"title":"Kleine Klassiker: IT-Handb\u00fccher des RRZN","author":"ST","date":"13-05-09","format":false,"excerpt":"Das Regionale Rechenzentrum f\u00fcr Niedersachen\/Leibniz Universit\u00e4t Hannover (RRZN) vertreibt seit \u00fcber 25 Jahren preiswerte IT-Handb\u00fccher, die in Kooperation mit \u00fcber 170 Hochschulen in Deutschland, \u00d6sterreich und der Schweiz entstehen. An der Uni Hamburg sind diese Handb\u00fccher u.a. im Medienzentrum der Fakult\u00e4t EPB (Von-Melle-Park 8, Raum 514) erh\u00e4ltlich. Zum Sommersemester wurde\u2026","rel":"","context":"In &quot;Tipps und Tricks&quot;","block_context":{"text":"Tipps und Tricks","link":"https:\/\/blog.sub.uni-hamburg.de\/?cat=12"},"img":{"alt_text":"","src":"","width":0,"height":0},"classes":[]},{"id":32907,"url":"https:\/\/blog.sub.uni-hamburg.de\/?p=32907","url_meta":{"origin":20223,"position":1},"title":"\u201eWoche der aufgeschobenen Hausarbeiten\u201c (21.-24.3.)","author":"Markus Trapp","date":"03-03-22","format":false,"excerpt":"Au\u00dfergew\u00f6hnliche Zeiten erfordern au\u00dfergew\u00f6hnliche Ma\u00dfnahmen: Um Studierende dabei zu unterst\u00fctzen, auch w\u00e4hrend der Pandemiezeit ihre Haus- oder Abschlussarbeit in Angriff zu nehmen oder fertigzustellen, erweitert das Schreibzentrum der Universit\u00e4t Hamburg wie bereits im Vorjahr die legend\u00e4re \u201eLange Nacht der aufgeschobenen Hausarbeiten\u201c und l\u00e4dt vom 21. bis 24. M\u00e4rz 2022 zu\u2026","rel":"","context":"In &quot;Ausstellungen und Veranstaltungen&quot;","block_context":{"text":"Ausstellungen und Veranstaltungen","link":"https:\/\/blog.sub.uni-hamburg.de\/?cat=9"},"img":{"alt_text":"Woche der aufgeschobenen Hausarbeiten (21.-24.3.)","src":"https:\/\/i0.wp.com\/blog.sub.uni-hamburg.de\/wp-content\/uploads\/2021\/03\/WdaH_2021.jpg?resize=350%2C200&ssl=1","width":350,"height":200,"srcset":"https:\/\/i0.wp.com\/blog.sub.uni-hamburg.de\/wp-content\/uploads\/2021\/03\/WdaH_2021.jpg?resize=350%2C200&ssl=1 1x, https:\/\/i0.wp.com\/blog.sub.uni-hamburg.de\/wp-content\/uploads\/2021\/03\/WdaH_2021.jpg?resize=525%2C300&ssl=1 1.5x"},"classes":[]},{"id":11452,"url":"https:\/\/blog.sub.uni-hamburg.de\/?p=11452","url_meta":{"origin":20223,"position":2},"title":"eCamp in der Stabi: &#8220;Quo vadis LMS? Lehr- und Lernszenarien\u2026&#8221; (18.4.)","author":"Markus Trapp","date":"27-03-13","format":false,"excerpt":"Das eCamp zum Thema \"Quo vadis LMS? Lehr- und Lernszenarien mit Lernmanagementsystemen \u2013 zwischen Anspruch und Wirklichkeit\" findet statt am: Donnerstag, 18. April 2013, 17:00 bis 21:00 Uhr in der Stabi, im Vortragsraum in der 1. Etage eCamps bieten Fachvortr\u00e4ge rund um ein Thema und die M\u00f6glichkeit zum Austausch und\u2026","rel":"","context":"In &quot;Ausstellungen und Veranstaltungen&quot;","block_context":{"text":"Ausstellungen und Veranstaltungen","link":"https:\/\/blog.sub.uni-hamburg.de\/?cat=9"},"img":{"alt_text":"","src":"https:\/\/i0.wp.com\/blog.sub.uni-hamburg.de\/wp-content\/uploads\/2013\/03\/ecamp-mmkh.jpg?resize=350%2C200&ssl=1","width":350,"height":200},"classes":[]},{"id":32352,"url":"https:\/\/blog.sub.uni-hamburg.de\/?p=32352","url_meta":{"origin":20223,"position":3},"title":"Stellenausschreibung: Fachangestellte:r f\u00fcr Medien- und Informationsdienste (E8)","author":"Markus Trapp","date":"26-11-21","format":false,"excerpt":"In der Staats- und Universit\u00e4tsbibliothek Hamburg ist zum 1.1.2022 folgende Stelle zu besetzen: Fachangestellte:r f\u00fcr Medien- und Informationsdienste Die Stelle ist: unbefristet Vollzeit\/Teilzeit Stellennummer: J000005482 Die Ausschreibung richtet sich an: Alle Interessierten Entgelt-\/Besoldungsgruppe: 8 TV-L Bewerbungsschluss: 17.12.2021 verl\u00e4ngert bis 06.01.2022 Ausf\u00fchrliche Informationen zur Bewerbung entnehmen Sie bitte diesem PDF. Wir\u2026","rel":"","context":"In &quot;Aktuelles&quot;","block_context":{"text":"Aktuelles","link":"https:\/\/blog.sub.uni-hamburg.de\/?cat=1"},"img":{"alt_text":"Logo Stabi Hamburg","src":"https:\/\/i0.wp.com\/blog.sub.uni-hamburg.de\/wp-content\/uploads\/2014\/07\/stabilogo-150.jpg?resize=350%2C200&ssl=1","width":350,"height":200},"classes":[]},{"id":29577,"url":"https:\/\/blog.sub.uni-hamburg.de\/?p=29577","url_meta":{"origin":20223,"position":4},"title":"Ab sofort 150 zus\u00e4tzliche Arbeitspl\u00e4tze Mo-Fr von 12-18 Uhr nutzbar","author":"Markus Trapp","date":"17-06-20","format":false,"excerpt":"Ab Mi, 17.6. k\u00f6nnen wir unser Arbeitsplatzangebot zur Pr\u00fcfungsvorbereitung und zur Arbeit mit Materialien aus der Stabi erweitern und Ihnen 150 zus\u00e4tzliche Einzelarbeitspl\u00e4tze in der Zeit von 12-18 Uhr anbieten. Die Arbeitspl\u00e4tze verteilen sich auf den Lesesaal, wo sie reservierungspflichtig sind, und Arbeitsbereiche in der ersten und zweiten Etage des\u2026","rel":"","context":"In &quot;Aktuelles&quot;","block_context":{"text":"Aktuelles","link":"https:\/\/blog.sub.uni-hamburg.de\/?cat=1"},"img":{"alt_text":"","src":"https:\/\/i0.wp.com\/blog.sub.uni-hamburg.de\/wp-content\/uploads\/2020\/06\/ap-iz-2-kl.jpg?resize=350%2C200&ssl=1","width":350,"height":200,"srcset":"https:\/\/i0.wp.com\/blog.sub.uni-hamburg.de\/wp-content\/uploads\/2020\/06\/ap-iz-2-kl.jpg?resize=350%2C200&ssl=1 1x, https:\/\/i0.wp.com\/blog.sub.uni-hamburg.de\/wp-content\/uploads\/2020\/06\/ap-iz-2-kl.jpg?resize=525%2C300&ssl=1 1.5x"},"classes":[]},{"id":40130,"url":"https:\/\/blog.sub.uni-hamburg.de\/?p=40130","url_meta":{"origin":20223,"position":5},"title":"Stellenausschreibung: Vertretung der Gruppenleitung Leses\u00e4le und MediaLab, Koordination Lernraummanagement (E10\/A10)","author":"Markus Trapp","date":"22-04-25","format":false,"excerpt":"In der Staats- und Universit\u00e4tsbibliothek Hamburg ist schnellstm\u00f6glich folgende Stelle zu besetzen: Vertretung der Gruppenleitung Leses\u00e4le und MediaLab, Koordination Lernraummanagement Die Stelle ist: unbefristet Vollzeit\/Teilzeit Stellennummer: B 21.01 Die Ausschreibung richtet sich an: Alle Interessierten Entgelt-\/Besoldungsgruppe: EG 10 TV-L A 10 HmbBesG Bewerbungsschluss: 20.05.2025 Ausf\u00fchrliche Informationen zur Bewerbung entnehmen Sie\u2026","rel":"","context":"In &quot;Aktuelles&quot;","block_context":{"text":"Aktuelles","link":"https:\/\/blog.sub.uni-hamburg.de\/?cat=1"},"img":{"alt_text":"Logo Stabi Hamburg","src":"https:\/\/i0.wp.com\/blog.sub.uni-hamburg.de\/wp-content\/uploads\/2014\/07\/stabilogo-150.jpg?resize=350%2C200&ssl=1","width":350,"height":200},"classes":[]}],"jetpack_sharing_enabled":true,"_links":{"self":[{"href":"https:\/\/blog.sub.uni-hamburg.de\/index.php?rest_route=\/wp\/v2\/posts\/20223","targetHints":{"allow":["GET"]}}],"collection":[{"href":"https:\/\/blog.sub.uni-hamburg.de\/index.php?rest_route=\/wp\/v2\/posts"}],"about":[{"href":"https:\/\/blog.sub.uni-hamburg.de\/index.php?rest_route=\/wp\/v2\/types\/post"}],"author":[{"embeddable":true,"href":"https:\/\/blog.sub.uni-hamburg.de\/index.php?rest_route=\/wp\/v2\/users\/19"}],"replies":[{"embeddable":true,"href":"https:\/\/blog.sub.uni-hamburg.de\/index.php?rest_route=%2Fwp%2Fv2%2Fcomments&post=20223"}],"version-history":[{"count":1,"href":"https:\/\/blog.sub.uni-hamburg.de\/index.php?rest_route=\/wp\/v2\/posts\/20223\/revisions"}],"predecessor-version":[{"id":20225,"href":"https:\/\/blog.sub.uni-hamburg.de\/index.php?rest_route=\/wp\/v2\/posts\/20223\/revisions\/20225"}],"wp:attachment":[{"href":"https:\/\/blog.sub.uni-hamburg.de\/index.php?rest_route=%2Fwp%2Fv2%2Fmedia&parent=20223"}],"wp:term":[{"taxonomy":"category","embeddable":true,"href":"https:\/\/blog.sub.uni-hamburg.de\/index.php?rest_route=%2Fwp%2Fv2%2Fcategories&post=20223"},{"taxonomy":"post_tag","embeddable":true,"href":"https:\/\/blog.sub.uni-hamburg.de\/index.php?rest_route=%2Fwp%2Fv2%2Ftags&post=20223"}],"curies":[{"name":"wp","href":"https:\/\/api.w.org\/{rel}","templated":true}]}}