{"id":20205,"date":"2016-05-30T10:46:09","date_gmt":"2016-05-30T08:46:09","guid":{"rendered":"http:\/\/blog.sub.uni-hamburg.de\/?p=20205"},"modified":"2016-06-13T19:55:57","modified_gmt":"2016-06-13T17:55:57","slug":"konzert-von-elbcanto-11-6","status":"publish","type":"post","link":"https:\/\/blog.sub.uni-hamburg.de\/?p=20205","title":{"rendered":"Konzert von elbcanto (11.6.)"},"content":{"rendered":"<p><a href=\"http:\/\/www.elbcanto.de\"><img loading=\"lazy\" decoding=\"async\" data-attachment-id=\"20206\" data-permalink=\"https:\/\/blog.sub.uni-hamburg.de\/?attachment_id=20206\" data-orig-file=\"https:\/\/blog.sub.uni-hamburg.de\/wp-content\/uploads\/2016\/05\/elbcanto-ensemble.jpg\" data-orig-size=\"480,480\" data-comments-opened=\"1\" data-image-meta=\"{&quot;aperture&quot;:&quot;0&quot;,&quot;credit&quot;:&quot;&quot;,&quot;camera&quot;:&quot;&quot;,&quot;caption&quot;:&quot;&quot;,&quot;created_timestamp&quot;:&quot;0&quot;,&quot;copyright&quot;:&quot;&quot;,&quot;focal_length&quot;:&quot;0&quot;,&quot;iso&quot;:&quot;0&quot;,&quot;shutter_speed&quot;:&quot;0&quot;,&quot;title&quot;:&quot;&quot;,&quot;orientation&quot;:&quot;0&quot;}\" data-image-title=\"elbcanto-ensemble\" data-image-description=\"\" data-image-caption=\"\" data-large-file=\"https:\/\/blog.sub.uni-hamburg.de\/wp-content\/uploads\/2016\/05\/elbcanto-ensemble.jpg\" src=\"https:\/\/blog.sub.uni-hamburg.de\/wp-content\/uploads\/2016\/05\/elbcanto-ensemble.jpg\" alt=\"elbcanto\" title=\"elbcanto\" width=\"426\" height=\"426\" class=\"alignright size-full wp-image-20206\" srcset=\"https:\/\/blog.sub.uni-hamburg.de\/wp-content\/uploads\/2016\/05\/elbcanto-ensemble.jpg 480w, https:\/\/blog.sub.uni-hamburg.de\/wp-content\/uploads\/2016\/05\/elbcanto-ensemble-150x150.jpg 150w, https:\/\/blog.sub.uni-hamburg.de\/wp-content\/uploads\/2016\/05\/elbcanto-ensemble-300x300.jpg 300w\" sizes=\"auto, (max-width: 426px) 100vw, 426px\" \/><\/a> <strong>Es naht sich die Ferne \u2013 von Meeresbrausen und gef\u00e4hrlicher Fahrt.<\/p>\n<p>Sonnabend, 11. Juni 2016, 20 Uhr.<\/strong><\/p>\n<p>Im neuen Programm pr\u00e4sentieren die 16 S\u00e4ngerinnen und S\u00e4nger von elbcanto Chormusik, in der das Meer und die Seefahrt im Mittelpunkt stehen. Heimweh und Fernweh, Naturbilder und -gewalten, ungeheure Tiefen und \u201eseelige\u201c Weiten erklingen in Chorwerken aus f\u00fcnfeinhalb Jahrhunderten. P\u00fcnktlich zum 10j\u00e4hrigen Bestehen von elbcanto kommt also ein Programm mit Bezug zum Wasser auf den Plan. Das Publikum darf gespannt sein.<\/p>\n<p><a href=\"http:\/\/www.elbcanto.de\">www.elbcanto.de<\/a><br \/>\n<strong>Eintritt: 12 \u20ac \/ 4 \u20ac (erm\u00e4\u00dfigt)<br \/>\nOrt: Lichthof im Altbau, Eingang Edmund-Siemers-Allee\/Ecke Grindelallee<\/strong><br \/>\n<!--more--><br \/>\n<a href=\"http:\/\/www.elbcanto.de\"><img loading=\"lazy\" decoding=\"async\" data-attachment-id=\"20207\" data-permalink=\"https:\/\/blog.sub.uni-hamburg.de\/?attachment_id=20207\" data-orig-file=\"https:\/\/blog.sub.uni-hamburg.de\/wp-content\/uploads\/2016\/05\/elbcanto-meer.jpg\" data-orig-size=\"640,426\" data-comments-opened=\"1\" data-image-meta=\"{&quot;aperture&quot;:&quot;0&quot;,&quot;credit&quot;:&quot;&quot;,&quot;camera&quot;:&quot;&quot;,&quot;caption&quot;:&quot;&quot;,&quot;created_timestamp&quot;:&quot;0&quot;,&quot;copyright&quot;:&quot;&quot;,&quot;focal_length&quot;:&quot;0&quot;,&quot;iso&quot;:&quot;0&quot;,&quot;shutter_speed&quot;:&quot;0&quot;,&quot;title&quot;:&quot;&quot;,&quot;orientation&quot;:&quot;0&quot;}\" data-image-title=\"elbcanto-meer\" data-image-description=\"\" data-image-caption=\"\" data-large-file=\"https:\/\/blog.sub.uni-hamburg.de\/wp-content\/uploads\/2016\/05\/elbcanto-meer.jpg\" src=\"https:\/\/blog.sub.uni-hamburg.de\/wp-content\/uploads\/2016\/05\/elbcanto-meer-kl.jpg\" alt=\"elbcanto: Es naht sich die Ferne \u2013 von Meeresbrausen und gef\u00e4hrlicher Fahrt\" title=\"elbcanto: Es naht sich die Ferne \u2013 von Meeresbrausen und gef\u00e4hrlicher Fahrt\" width=\"640\" height=\"426\" class=\"alignnone size-full wp-image-20207\" \/><\/a> <\/p>\n","protected":false},"excerpt":{"rendered":"<p>Es naht sich die Ferne \u2013 von Meeresbrausen und gef\u00e4hrlicher Fahrt. Sonnabend, 11. Juni 2016, 20 Uhr. Im neuen Programm pr\u00e4sentieren die 16 S\u00e4ngerinnen und S\u00e4nger von elbcanto Chormusik, in der das Meer und die Seefahrt im Mittelpunkt stehen. Heimweh und Fernweh, Naturbilder und -gewalten, ungeheure Tiefen und \u201eseelige\u201c Weiten erklingen in Chorwerken aus f\u00fcnfeinhalb [&hellip;]<\/p>\n","protected":false},"author":19,"featured_media":0,"comment_status":"open","ping_status":"open","sticky":false,"template":"","format":"standard","meta":{"jetpack_post_was_ever_published":false,"_jetpack_newsletter_access":"","_jetpack_dont_email_post_to_subs":false,"_jetpack_newsletter_tier_id":0,"_jetpack_memberships_contains_paywalled_content":false,"_jetpack_memberships_contains_paid_content":false,"footnotes":"","jetpack_publicize_message":"","jetpack_publicize_feature_enabled":true,"jetpack_social_post_already_shared":true,"jetpack_social_options":{"image_generator_settings":{"template":"highway","default_image_id":0,"font":"","enabled":false},"version":2}},"categories":[9],"tags":[],"class_list":["post-20205","post","type-post","status-publish","format-standard","hentry","category-ausstellungen"],"views":3835,"jetpack_publicize_connections":[],"jetpack_featured_media_url":"","jetpack_shortlink":"https:\/\/wp.me\/p7hfNR-5fT","jetpack-related-posts":[{"id":9920,"url":"https:\/\/blog.sub.uni-hamburg.de\/?p=9920","url_meta":{"origin":20205,"position":0},"title":"elbcanto: To be sung\u2026  (1.12.)","author":"Markus Trapp","date":"20-11-12","format":false,"excerpt":"Das Ensemble elbcanto gibt musikalische Antworten auf existenzielle Fragen: \u201eDie Tage gehen weiter, gleich drei sch\u00f6nen Fr\u00fchlingstagen. Kalt ist der Abendhauch, und alles ist wie immer (Verw\u00fcstung und Tr\u00fcmmer). Der Tod stiehlt durch die T\u00fcr beide, Junge und Alte, er h\u00e4lt gefangen des Lichtes Schein. Aber: \u00dcber meinem Bett singt\u2026","rel":"","context":"In &quot;Ausstellungen und Veranstaltungen&quot;","block_context":{"text":"Ausstellungen und Veranstaltungen","link":"https:\/\/blog.sub.uni-hamburg.de\/?cat=9"},"img":{"alt_text":"elbcanto: To be sung\u2026","src":"https:\/\/i0.wp.com\/blog.sub.uni-hamburg.de\/wp-content\/uploads\/2012\/11\/elbcanto.jpg?resize=350%2C200&ssl=1","width":350,"height":200},"classes":[]},{"id":17486,"url":"https:\/\/blog.sub.uni-hamburg.de\/?p=17486","url_meta":{"origin":20205,"position":1},"title":"Konzert von Elbcanto (24.4.)","author":"Markus Trapp","date":"09-04-15","format":false,"excerpt":"Geheimnisvoller Garten - Lieder von Liebe, Lust und Leid Elbcanto entf\u00fchrt mit Liedern von Liebe, Lust und Leid in einen geheimnisvollen Garten voller k\u00f6stlicher Fr\u00fcchte, duftender Blumen und zwitschernder V\u00f6gel. Das Vokalensemble streift mal fl\u00fcsternd, mal sprechend, mal t\u00e4nzerisch, mal plump, mal klangvoll, mal schwebend, mal stampfend, mal flie\u00dfend und\u2026","rel":"","context":"In &quot;Ausstellungen und Veranstaltungen&quot;","block_context":{"text":"Ausstellungen und Veranstaltungen","link":"https:\/\/blog.sub.uni-hamburg.de\/?cat=9"},"img":{"alt_text":"","src":"https:\/\/i0.wp.com\/blog.sub.uni-hamburg.de\/wp-content\/uploads\/2015\/04\/elbcanto.jpg?resize=350%2C200&ssl=1","width":350,"height":200},"classes":[]},{"id":25540,"url":"https:\/\/blog.sub.uni-hamburg.de\/?p=25540","url_meta":{"origin":20205,"position":2},"title":"elbcanto singt Gedichtvertonungen von Eichendorff und M\u00f6rike (24.9.)","author":"Markus Trapp","date":"31-08-18","format":false,"excerpt":"Gelassen stieg die Nacht ans Land. Das Hamburger Vokalensemble elbcanto widmet sich in seinem diesj\u00e4hrigen musikalischen Projekt den romantischen Lyrikern Joseph von Eichendorff und Eduard M\u00f6rike. Die Gedichte der beiden Schriftsteller finden an diesem Abend sowohl in der Tonsprache der romantischen Komponisten Fanny Hensel, Felix Mendelssohn Bartholdy, Robert Schumann und\u2026","rel":"","context":"In &quot;Ausstellungen und Veranstaltungen&quot;","block_context":{"text":"Ausstellungen und Veranstaltungen","link":"https:\/\/blog.sub.uni-hamburg.de\/?cat=9"},"img":{"alt_text":"","src":"https:\/\/i0.wp.com\/blog.sub.uni-hamburg.de\/wp-content\/uploads\/2018\/08\/Elbcanto-Bild.jpg?resize=350%2C200&ssl=1","width":350,"height":200,"srcset":"https:\/\/i0.wp.com\/blog.sub.uni-hamburg.de\/wp-content\/uploads\/2018\/08\/Elbcanto-Bild.jpg?resize=350%2C200&ssl=1 1x, https:\/\/i0.wp.com\/blog.sub.uni-hamburg.de\/wp-content\/uploads\/2018\/08\/Elbcanto-Bild.jpg?resize=525%2C300&ssl=1 1.5x"},"classes":[]},{"id":18503,"url":"https:\/\/blog.sub.uni-hamburg.de\/?p=18503","url_meta":{"origin":20205,"position":3},"title":"Stabi-Programm zur Nacht des Wissens (7.11.)","author":"Markus Trapp","date":"09-10-15","format":false,"excerpt":"Am Sonnabend, den 7. November 2015, findet in Hamburg zum sechsten Mal die Nacht des Wissens statt. Von 17-24 Uhr \u00f6ffnen Hamburgs Wissenschaftseinrichtungen ihre T\u00fcren. Nat\u00fcrlich ist die Stabi auch wieder dabei. Eine gute Gelegenheit hinter die Kulissen zu blicken und mehr dar\u00fcber zu erfahren, was wir hier alles so\u2026","rel":"","context":"In &quot;Ausstellungen und Veranstaltungen&quot;","block_context":{"text":"Ausstellungen und Veranstaltungen","link":"https:\/\/blog.sub.uni-hamburg.de\/?cat=9"},"img":{"alt_text":"ndw-stabihh-2015","src":"https:\/\/i0.wp.com\/blog.sub.uni-hamburg.de\/wp-content\/uploads\/2015\/10\/ndw-stabihh-2015.jpg?resize=350%2C200&ssl=1","width":350,"height":200,"srcset":"https:\/\/i0.wp.com\/blog.sub.uni-hamburg.de\/wp-content\/uploads\/2015\/10\/ndw-stabihh-2015.jpg?resize=350%2C200&ssl=1 1x, https:\/\/i0.wp.com\/blog.sub.uni-hamburg.de\/wp-content\/uploads\/2015\/10\/ndw-stabihh-2015.jpg?resize=525%2C300&ssl=1 1.5x"},"classes":[]},{"id":17967,"url":"https:\/\/blog.sub.uni-hamburg.de\/?p=17967","url_meta":{"origin":20205,"position":4},"title":"Lichthof-Konzert: Von Liebe, Lust und Leidenschaft (15.7.)","author":"Markus Trapp","date":"25-06-15","format":false,"excerpt":"Von Liebe, Lust und Leidenschaft - Eine musikalische Reise durch Europa Ein Programm voller Liebe in all ihren unterschiedlichen Facetten erwartet Sie beim Sommerkonzert des Alumni-Chors der Universit\u00e4t Hamburg. Was f\u00fchlen Verliebte? Welche Pr\u00fcfungen m\u00fcssen Paare bestehen? Wie geht es nach der Heirat weiter? Wie schmerzvoll kann unerwiderte Liebe und\u2026","rel":"","context":"In &quot;Ausstellungen und Veranstaltungen&quot;","block_context":{"text":"Ausstellungen und Veranstaltungen","link":"https:\/\/blog.sub.uni-hamburg.de\/?cat=9"},"img":{"alt_text":"","src":"https:\/\/i0.wp.com\/blog.sub.uni-hamburg.de\/wp-content\/uploads\/2015\/06\/Alumni-Chor.jpg?resize=350%2C200&ssl=1","width":350,"height":200,"srcset":"https:\/\/i0.wp.com\/blog.sub.uni-hamburg.de\/wp-content\/uploads\/2015\/06\/Alumni-Chor.jpg?resize=350%2C200&ssl=1 1x, https:\/\/i0.wp.com\/blog.sub.uni-hamburg.de\/wp-content\/uploads\/2015\/06\/Alumni-Chor.jpg?resize=525%2C300&ssl=1 1.5x"},"classes":[]},{"id":22612,"url":"https:\/\/blog.sub.uni-hamburg.de\/?p=22612","url_meta":{"origin":20205,"position":5},"title":"hamburgVOKAL: \u201e597 Jahre \u2013 Chormusik von 1420-2017\u201c (13.5.)","author":"Markus Trapp","date":"02-05-17","format":false,"excerpt":"Der Lichthof der Stabi wird am 13. Mai 2017 wieder mit Chormusik erf\u00fcllt werden. Und wieder einmal erwartet uns ein Klangerlebnis der besonderen Art: \u201e597 Jahre\u201c - der Kammerchor hamburgVOKAL pr\u00e4sentiert ein A-cappella-Programm, das sich der klanglichen Vielfarbigkeit von Chormusik aus sieben Jahrhunderten widmet. Den Anfang machen komplex durchkomponierte Klang-Architekturen\u2026","rel":"","context":"In &quot;Ausstellungen und Veranstaltungen&quot;","block_context":{"text":"Ausstellungen und Veranstaltungen","link":"https:\/\/blog.sub.uni-hamburg.de\/?cat=9"},"img":{"alt_text":"","src":"https:\/\/i0.wp.com\/blog.sub.uni-hamburg.de\/wp-content\/uploads\/2017\/05\/hamburg-vokal.jpg?resize=350%2C200&ssl=1","width":350,"height":200,"srcset":"https:\/\/i0.wp.com\/blog.sub.uni-hamburg.de\/wp-content\/uploads\/2017\/05\/hamburg-vokal.jpg?resize=350%2C200&ssl=1 1x, https:\/\/i0.wp.com\/blog.sub.uni-hamburg.de\/wp-content\/uploads\/2017\/05\/hamburg-vokal.jpg?resize=525%2C300&ssl=1 1.5x"},"classes":[]}],"jetpack_sharing_enabled":true,"_links":{"self":[{"href":"https:\/\/blog.sub.uni-hamburg.de\/index.php?rest_route=\/wp\/v2\/posts\/20205","targetHints":{"allow":["GET"]}}],"collection":[{"href":"https:\/\/blog.sub.uni-hamburg.de\/index.php?rest_route=\/wp\/v2\/posts"}],"about":[{"href":"https:\/\/blog.sub.uni-hamburg.de\/index.php?rest_route=\/wp\/v2\/types\/post"}],"author":[{"embeddable":true,"href":"https:\/\/blog.sub.uni-hamburg.de\/index.php?rest_route=\/wp\/v2\/users\/19"}],"replies":[{"embeddable":true,"href":"https:\/\/blog.sub.uni-hamburg.de\/index.php?rest_route=%2Fwp%2Fv2%2Fcomments&post=20205"}],"version-history":[{"count":7,"href":"https:\/\/blog.sub.uni-hamburg.de\/index.php?rest_route=\/wp\/v2\/posts\/20205\/revisions"}],"predecessor-version":[{"id":20215,"href":"https:\/\/blog.sub.uni-hamburg.de\/index.php?rest_route=\/wp\/v2\/posts\/20205\/revisions\/20215"}],"wp:attachment":[{"href":"https:\/\/blog.sub.uni-hamburg.de\/index.php?rest_route=%2Fwp%2Fv2%2Fmedia&parent=20205"}],"wp:term":[{"taxonomy":"category","embeddable":true,"href":"https:\/\/blog.sub.uni-hamburg.de\/index.php?rest_route=%2Fwp%2Fv2%2Fcategories&post=20205"},{"taxonomy":"post_tag","embeddable":true,"href":"https:\/\/blog.sub.uni-hamburg.de\/index.php?rest_route=%2Fwp%2Fv2%2Ftags&post=20205"}],"curies":[{"name":"wp","href":"https:\/\/api.w.org\/{rel}","templated":true}]}}