{"id":20016,"date":"2016-04-21T13:53:31","date_gmt":"2016-04-21T11:53:31","guid":{"rendered":"http:\/\/blog.sub.uni-hamburg.de\/?p=20016"},"modified":"2016-08-24T17:39:12","modified_gmt":"2016-08-24T15:39:12","slug":"zwei-buecher-reisen-nach-new-york","status":"publish","type":"post","link":"https:\/\/blog.sub.uni-hamburg.de\/?p=20016","title":{"rendered":"Zwei B\u00fccher reisen nach New York"},"content":{"rendered":"<p><em>von Anna v. Villiez:<\/em><\/p>\n<p><a href=\"https:\/\/blog.sub.uni-hamburg.de\/wp-content\/uploads\/2010\/05\/Restitution.jpg\"><img loading=\"lazy\" decoding=\"async\" data-attachment-id=\"20018\" data-permalink=\"https:\/\/blog.sub.uni-hamburg.de\/?attachment_id=20018\" data-orig-file=\"https:\/\/blog.sub.uni-hamburg.de\/wp-content\/uploads\/2016\/04\/restitution-bick.jpg\" data-orig-size=\"450,345\" data-comments-opened=\"1\" data-image-meta=\"{&quot;aperture&quot;:&quot;0&quot;,&quot;credit&quot;:&quot;&quot;,&quot;camera&quot;:&quot;&quot;,&quot;caption&quot;:&quot;&quot;,&quot;created_timestamp&quot;:&quot;0&quot;,&quot;copyright&quot;:&quot;&quot;,&quot;focal_length&quot;:&quot;0&quot;,&quot;iso&quot;:&quot;0&quot;,&quot;shutter_speed&quot;:&quot;0&quot;,&quot;title&quot;:&quot;&quot;,&quot;orientation&quot;:&quot;0&quot;}\" data-image-title=\"restitution-bick\" data-image-description=\"\" data-image-caption=\"\" data-large-file=\"https:\/\/blog.sub.uni-hamburg.de\/wp-content\/uploads\/2016\/04\/restitution-bick.jpg\" src=\"https:\/\/blog.sub.uni-hamburg.de\/wp-content\/uploads\/2016\/04\/restitution-bick.jpg\" alt=\"Restitution Ignatz Bick\" title=\"Restitution Ignatz Bick\" width=\"450\" height=\"345\" class=\"alignright size-full wp-image-20018\" srcset=\"https:\/\/blog.sub.uni-hamburg.de\/wp-content\/uploads\/2016\/04\/restitution-bick.jpg 450w, https:\/\/blog.sub.uni-hamburg.de\/wp-content\/uploads\/2016\/04\/restitution-bick-150x115.jpg 150w, https:\/\/blog.sub.uni-hamburg.de\/wp-content\/uploads\/2016\/04\/restitution-bick-300x230.jpg 300w\" sizes=\"auto, (max-width: 450px) 100vw, 450px\" \/><\/a>Vor sechs Jahren, im Mai 2010, restituierte die Stabi 6 B\u00fccher des Frankfurter Rabbiners Ignatz Israel Bick an seine Tochter und berichtet dar\u00fcber im <a href=\"https:\/\/blog.sub.uni-hamburg.de\/?p=2043\">Blog<\/a>. Ignatz Bick war mit seiner Frau Mira 1939 \u00fcber London in die USA ausgewandert, da sie aufgrund ihrer j\u00fcdischen Herkunft unter der antisemitischen Verfolgung litten und bedroht waren. Ihre Kinder hatten Deutschland angesichts der immer gef\u00e4hrlicheren Lage bereits verlassen. Ihr Hab und Gut hatten  sie in Container verpackt und wollten es \u00fcber den Hamburger Hafen in die USA ausschiffen lassen. Die Container wurden jedoch im Hafen von der Gestapo nach Kriegsbeginn beschlagnahmt und die B\u00fccher am Ende als \u201eGeschenke\u201c in die Stabi verbracht. 2010 konnten die B\u00fccher der Tochter des Ehepaares Bick, Inge Isler, \u00fcbersandt werden. <\/p>\n<p>Inzwischen  fanden sich in unseren Best\u00e4nden zwei weitere B\u00e4nde mit dem Besitzvermerk Ignatz Isaak Bick. Seine Tochter Inge ist inzwischen verstorben. Ihre beiden S\u00f6hne, Robert und Frank Isler (USA), entschieden sich nun, die B\u00fccher als Spende dem <a href=\"https:\/\/www.lbi.org\/\">Leo Baeck Institut<\/a> in New York zu stiften. Die beiden B\u00e4nde befinden sich seit Freitag auf dem Postwege nach New York, wo sie k\u00fcnftig in der Bibliothek des Leo Baeck Institutes genutzt werden k\u00f6nnen.<\/p>\n","protected":false},"excerpt":{"rendered":"<p>von Anna v. Villiez: Vor sechs Jahren, im Mai 2010, restituierte die Stabi 6 B\u00fccher des Frankfurter Rabbiners Ignatz Israel Bick an seine Tochter und berichtet dar\u00fcber im Blog. Ignatz Bick war mit seiner Frau Mira 1939 \u00fcber London in die USA ausgewandert, da sie aufgrund ihrer j\u00fcdischen Herkunft unter der antisemitischen Verfolgung litten und [&hellip;]<\/p>\n","protected":false},"author":38,"featured_media":0,"comment_status":"open","ping_status":"open","sticky":false,"template":"","format":"standard","meta":{"jetpack_post_was_ever_published":false,"_jetpack_newsletter_access":"","_jetpack_dont_email_post_to_subs":false,"_jetpack_newsletter_tier_id":0,"_jetpack_memberships_contains_paywalled_content":false,"_jetpack_memberships_contains_paid_content":false,"footnotes":"","jetpack_publicize_message":"","jetpack_publicize_feature_enabled":true,"jetpack_social_post_already_shared":true,"jetpack_social_options":{"image_generator_settings":{"template":"highway","default_image_id":0,"font":"","enabled":false},"version":2}},"categories":[13],"tags":[102],"class_list":["post-20016","post","type-post","status-publish","format-standard","hentry","category-das-besondere-buch","tag-nsraubgut"],"views":3183,"jetpack_publicize_connections":[],"jetpack_featured_media_url":"","jetpack_shortlink":"https:\/\/wp.me\/p7hfNR-5cQ","jetpack-related-posts":[{"id":2043,"url":"https:\/\/blog.sub.uni-hamburg.de\/?p=2043","url_meta":{"origin":20016,"position":0},"title":"Wieder zu Hause \u2013 B\u00fccher des Rabbiners Dr. Ignatz Isaac Bick","author":"MG","date":"28-05-10","format":false,"excerpt":"1940 kamen sie als \u201eGeschenk\u201c der Gestapo in die Staatsbibliothek. 70 Jahre sp\u00e4ter kehren sie zur Tochter ihres urspr\u00fcnglichen Eigent\u00fcmers zur\u00fcck: 6 B\u00fccher des Frankfurter Rabbiners Dr. Ignatz Isaac Bick. Gemeinsam mit Frau und Tochter emigrierte er 1939 \u00fcber London und Kanada in die USA, wo die Familie fortan in\u2026","rel":"","context":"In &quot;Sch\u00e4tze der Stabi&quot;","block_context":{"text":"Sch\u00e4tze der Stabi","link":"https:\/\/blog.sub.uni-hamburg.de\/?cat=13"},"img":{"alt_text":"","src":"https:\/\/i0.wp.com\/blog.sub.uni-hamburg.de\/wp-content\/uploads\/2010\/05\/Restitution_klein.jpg?resize=350%2C200&ssl=1","width":350,"height":200},"classes":[]},{"id":2925,"url":"https:\/\/blog.sub.uni-hamburg.de\/?p=2925","url_meta":{"origin":20016,"position":1},"title":"Wieder zu Hause \u2013 B\u00fccher des Rabbiners Ignaz Bick feierlich in Empfang genommen","author":"MG","date":"24-08-10","format":false,"excerpt":"Wie bereits\u00a0 am 28.5.2010 hier berichtet, hat die Stabi 5 B\u00fccher des Frankfurter Rabbiners Dr. Ignaz Bick an seine in den USA lebende Tochter restituiert. Inzwischen sind die B\u00fccher in Stamford, CT, angekommen und mit einer feierlichen Zeremonie in der dortigen Synagoge begr\u00fc\u00dft worden. Die Greenwich Post hat in ihrer\u2026","rel":"","context":"In &quot;Aktuelles&quot;","block_context":{"text":"Aktuelles","link":"https:\/\/blog.sub.uni-hamburg.de\/?cat=1"},"img":{"alt_text":"","src":"","width":0,"height":0},"classes":[]},{"id":27339,"url":"https:\/\/blog.sub.uni-hamburg.de\/?p=27339","url_meta":{"origin":20016,"position":2},"title":"Sommer des Wissens &#8211; Die Stabi ist dabei! (20.-23.6.)","author":"Markus Trapp","date":"13-06-19","format":false,"excerpt":"Vom 20. \u2013 23. Juni 2019 erleben die B\u00fcrger*innen der Hansestadt ein buntes Wissenschaftsfestival im Herzen der Stadt: Experimente, Shows, Mitmach-Aktionen, spannende Exponate zu den verschiedensten Themen der Wissenschaft \u2013 und das alles mitten auf dem Rathausmarkt. In vier gro\u00dfen Themenzelten bieten rund 40 Hamburger Hochschulen und Forschungseinrichtungen faszinierende Einblicke\u2026","rel":"","context":"In &quot;Ausstellungen und Veranstaltungen&quot;","block_context":{"text":"Ausstellungen und Veranstaltungen","link":"https:\/\/blog.sub.uni-hamburg.de\/?cat=9"},"img":{"alt_text":"","src":"https:\/\/i0.wp.com\/blog.sub.uni-hamburg.de\/wp-content\/uploads\/2019\/06\/5CdV_projekte.jpg?resize=350%2C200&ssl=1","width":350,"height":200,"srcset":"https:\/\/i0.wp.com\/blog.sub.uni-hamburg.de\/wp-content\/uploads\/2019\/06\/5CdV_projekte.jpg?resize=350%2C200&ssl=1 1x, https:\/\/i0.wp.com\/blog.sub.uni-hamburg.de\/wp-content\/uploads\/2019\/06\/5CdV_projekte.jpg?resize=525%2C300&ssl=1 1.5x"},"classes":[]},{"id":36607,"url":"https:\/\/blog.sub.uni-hamburg.de\/?p=36607","url_meta":{"origin":20016,"position":3},"title":"Ausstellung: Meisterhafte Unikate. 100 Jahre Einbandkunst (13.10.-18.12.)","author":"Konstantin Ulmer","date":"29-09-23","format":false,"excerpt":"Die Wanderausstellung \u201eMeisterhafte Unikate \u2013 100 Jahre Einbandkunst\u201c feiert ihr gro\u00dfes Finale im Herbst 2023 in der Staats- und Universit\u00e4tsbibliothek Hamburg und wird dort ein letztes Mal dem Publikum pr\u00e4sentiert. Die Ausstellung gibt Einblick in die Kunst des Einbands in Deutschland von den Anf\u00e4ngen im fr\u00fchen 20. Jahrhundert bis in\u2026","rel":"","context":"In &quot;Aktuelles&quot;","block_context":{"text":"Aktuelles","link":"https:\/\/blog.sub.uni-hamburg.de\/?cat=1"},"img":{"alt_text":"","src":"https:\/\/i0.wp.com\/blog.sub.uni-hamburg.de\/wp-content\/uploads\/2023\/09\/Plakat_A1_druckdaten_rgb_3mm_Beschnitt-scaled.jpg?resize=350%2C200&ssl=1","width":350,"height":200,"srcset":"https:\/\/i0.wp.com\/blog.sub.uni-hamburg.de\/wp-content\/uploads\/2023\/09\/Plakat_A1_druckdaten_rgb_3mm_Beschnitt-scaled.jpg?resize=350%2C200&ssl=1 1x, https:\/\/i0.wp.com\/blog.sub.uni-hamburg.de\/wp-content\/uploads\/2023\/09\/Plakat_A1_druckdaten_rgb_3mm_Beschnitt-scaled.jpg?resize=525%2C300&ssl=1 1.5x, https:\/\/i0.wp.com\/blog.sub.uni-hamburg.de\/wp-content\/uploads\/2023\/09\/Plakat_A1_druckdaten_rgb_3mm_Beschnitt-scaled.jpg?resize=700%2C400&ssl=1 2x, https:\/\/i0.wp.com\/blog.sub.uni-hamburg.de\/wp-content\/uploads\/2023\/09\/Plakat_A1_druckdaten_rgb_3mm_Beschnitt-scaled.jpg?resize=1050%2C600&ssl=1 3x, https:\/\/i0.wp.com\/blog.sub.uni-hamburg.de\/wp-content\/uploads\/2023\/09\/Plakat_A1_druckdaten_rgb_3mm_Beschnitt-scaled.jpg?resize=1400%2C800&ssl=1 4x"},"classes":[]},{"id":21420,"url":"https:\/\/blog.sub.uni-hamburg.de\/?p=21420","url_meta":{"origin":20016,"position":4},"title":"HamburgLesen 2016: Fotoband \u00abDer Hafen\u00bb","author":"Markus Trapp","date":"31-10-16","format":false,"excerpt":"Der Buchpreis der Staatsbibliothek HamburgLesen 2016 geht an \u00abDer Hafen. Fotografien des Hamburger Hafens 1930-1970; Gustav Werbeck, John Holler, Germin, Harald Zoch\u00bb, Hrsg. von Henning Rademacher. Am Freitag, 28.10.2016, fand die feierliche Preisverleihung im Lichthof der Staats- und Universit\u00e4tsbibliothek statt. Die Direktorin der Staats- und Universit\u00e4tsbibliothek, Prof. Dr. Gabriele Beger\u2026","rel":"","context":"In &quot;Aktuelles&quot;","block_context":{"text":"Aktuelles","link":"https:\/\/blog.sub.uni-hamburg.de\/?cat=1"},"img":{"alt_text":"","src":"https:\/\/i0.wp.com\/blog.sub.uni-hamburg.de\/wp-content\/uploads\/2016\/10\/pf-hhlesen2016-1-150x100.jpg?resize=350%2C200&ssl=1","width":350,"height":200,"srcset":"https:\/\/i0.wp.com\/blog.sub.uni-hamburg.de\/wp-content\/uploads\/2016\/10\/pf-hhlesen2016-1-150x100.jpg?resize=350%2C200&ssl=1 1x, https:\/\/i0.wp.com\/blog.sub.uni-hamburg.de\/wp-content\/uploads\/2016\/10\/pf-hhlesen2016-1-150x100.jpg?resize=525%2C300&ssl=1 1.5x, https:\/\/i0.wp.com\/blog.sub.uni-hamburg.de\/wp-content\/uploads\/2016\/10\/pf-hhlesen2016-1-150x100.jpg?resize=700%2C400&ssl=1 2x, https:\/\/i0.wp.com\/blog.sub.uni-hamburg.de\/wp-content\/uploads\/2016\/10\/pf-hhlesen2016-1-150x100.jpg?resize=1050%2C600&ssl=1 3x, https:\/\/i0.wp.com\/blog.sub.uni-hamburg.de\/wp-content\/uploads\/2016\/10\/pf-hhlesen2016-1-150x100.jpg?resize=1400%2C800&ssl=1 4x"},"classes":[]},{"id":1334,"url":"https:\/\/blog.sub.uni-hamburg.de\/?p=1334","url_meta":{"origin":20016,"position":5},"title":"Zum 95. Geburtstag von Kurt Londenberg","author":"AP","date":"01-07-09","format":false,"excerpt":"Kurt Londenberg wurde am 1. Juli 1914 in Altona geboren. Das Buchbindehandwerk erlernte er in D\u00fcsseldorf. \u00dcber die Stationen Leipzig, Dresden und Kassel kehrte er 1954 als Einbandk\u00fcnstler in seine Heimatstadt zur\u00fcck. Er folgte seinem Lehrer Ignatz Wiemeler (1895-1952) als Leiter der Einbandklasse der Hamburger Landeskunstschule (seit 1955: Hochschule f\u00fcr\u2026","rel":"","context":"In &quot;Aufgelesen&quot;","block_context":{"text":"Aufgelesen","link":"https:\/\/blog.sub.uni-hamburg.de\/?cat=18"},"img":{"alt_text":"","src":"","width":0,"height":0},"classes":[]}],"jetpack_sharing_enabled":true,"_links":{"self":[{"href":"https:\/\/blog.sub.uni-hamburg.de\/index.php?rest_route=\/wp\/v2\/posts\/20016","targetHints":{"allow":["GET"]}}],"collection":[{"href":"https:\/\/blog.sub.uni-hamburg.de\/index.php?rest_route=\/wp\/v2\/posts"}],"about":[{"href":"https:\/\/blog.sub.uni-hamburg.de\/index.php?rest_route=\/wp\/v2\/types\/post"}],"author":[{"embeddable":true,"href":"https:\/\/blog.sub.uni-hamburg.de\/index.php?rest_route=\/wp\/v2\/users\/38"}],"replies":[{"embeddable":true,"href":"https:\/\/blog.sub.uni-hamburg.de\/index.php?rest_route=%2Fwp%2Fv2%2Fcomments&post=20016"}],"version-history":[{"count":2,"href":"https:\/\/blog.sub.uni-hamburg.de\/index.php?rest_route=\/wp\/v2\/posts\/20016\/revisions"}],"predecessor-version":[{"id":20020,"href":"https:\/\/blog.sub.uni-hamburg.de\/index.php?rest_route=\/wp\/v2\/posts\/20016\/revisions\/20020"}],"wp:attachment":[{"href":"https:\/\/blog.sub.uni-hamburg.de\/index.php?rest_route=%2Fwp%2Fv2%2Fmedia&parent=20016"}],"wp:term":[{"taxonomy":"category","embeddable":true,"href":"https:\/\/blog.sub.uni-hamburg.de\/index.php?rest_route=%2Fwp%2Fv2%2Fcategories&post=20016"},{"taxonomy":"post_tag","embeddable":true,"href":"https:\/\/blog.sub.uni-hamburg.de\/index.php?rest_route=%2Fwp%2Fv2%2Ftags&post=20016"}],"curies":[{"name":"wp","href":"https:\/\/api.w.org\/{rel}","templated":true}]}}