{"id":19854,"date":"2016-04-01T09:52:36","date_gmt":"2016-04-01T07:52:36","guid":{"rendered":"http:\/\/blog.sub.uni-hamburg.de\/?p=19854"},"modified":"2016-04-14T10:04:39","modified_gmt":"2016-04-14T08:04:39","slug":"historische-landkonflikte-in-guatemala-im-spiegel-der-aktuellen-menschenrechtslage-13-4","status":"publish","type":"post","link":"https:\/\/blog.sub.uni-hamburg.de\/?p=19854","title":{"rendered":"Historische Landkonflikte in Guatemala im Spiegel der aktuellen Menschenrechtslage (13.4.)"},"content":{"rendered":"<p><a href=\"http:\/\/www.romerotage.de\/\"><img loading=\"lazy\" decoding=\"async\" data-attachment-id=\"19857\" data-permalink=\"https:\/\/blog.sub.uni-hamburg.de\/?attachment_id=19857\" data-orig-file=\"https:\/\/blog.sub.uni-hamburg.de\/wp-content\/uploads\/2016\/04\/romerotage.jpg\" data-orig-size=\"400,221\" data-comments-opened=\"1\" data-image-meta=\"{&quot;aperture&quot;:&quot;0&quot;,&quot;credit&quot;:&quot;&quot;,&quot;camera&quot;:&quot;&quot;,&quot;caption&quot;:&quot;&quot;,&quot;created_timestamp&quot;:&quot;0&quot;,&quot;copyright&quot;:&quot;&quot;,&quot;focal_length&quot;:&quot;0&quot;,&quot;iso&quot;:&quot;0&quot;,&quot;shutter_speed&quot;:&quot;0&quot;,&quot;title&quot;:&quot;&quot;,&quot;orientation&quot;:&quot;0&quot;}\" data-image-title=\"romerotage\" data-image-description=\"\" data-image-caption=\"\" data-large-file=\"https:\/\/blog.sub.uni-hamburg.de\/wp-content\/uploads\/2016\/04\/romerotage.jpg\" src=\"https:\/\/blog.sub.uni-hamburg.de\/wp-content\/uploads\/2016\/04\/romerotage.jpg\" alt=\"Romerotage\" title=\"Romerotage\" width=\"400\" height=\"221\" class=\"alignleft size-full wp-image-19857\" srcset=\"https:\/\/blog.sub.uni-hamburg.de\/wp-content\/uploads\/2016\/04\/romerotage.jpg 400w, https:\/\/blog.sub.uni-hamburg.de\/wp-content\/uploads\/2016\/04\/romerotage-150x83.jpg 150w, https:\/\/blog.sub.uni-hamburg.de\/wp-content\/uploads\/2016\/04\/romerotage-300x166.jpg 300w\" sizes=\"auto, (max-width: 400px) 100vw, 400px\" \/><\/a> <strong>Vortrag von Felix Weiss im Rahmen der <a href=\"http:\/\/www.romerotage.de\/\">Romero-Tage 2016<\/a>.<\/strong><\/p>\n<p>Der Landkonflikt und die damit verbundene Vertreibung von indigener und l\u00e4ndlicher Bev\u00f6lkerung ziehen sich wie ein roter Faden durch die Geschichte Guatemalas. Heute geh\u00f6ren fast 70% des fruchtbaren Landes rund 3% der Grundeigent\u00fcmer.<\/p>\n<p>Anhand des Falles der Finca Primavera in Alta Verapaz soll der historische Landkonflikt nachgezeichnet und in die Gegenwart gesetzt werden. Die Poqomchi-Gemeinden aus ehemaligen &#8220;mozos colones&#8221;, eine Art feudaler Lehensabh\u00e4ngigkeit, sind heute wieder von Vertreibung bedroht. Industrielle Agrar- und Forstwirtschaft sowie extraktive Sektoren provozieren Spannungen zwischen l\u00e4ndlicher Bev\u00f6lkerung und der Industrie, die h\u00e4ufig von der Politik flankiert werden.<br \/>\n<!--more--><\/p>\n<p><a href=\"https:\/\/blog.sub.uni-hamburg.de\/wp-content\/uploads\/2016\/04\/Mesos-April-Finca-Primavera.jpg\"><img loading=\"lazy\" decoding=\"async\" data-attachment-id=\"19855\" data-permalink=\"https:\/\/blog.sub.uni-hamburg.de\/?attachment_id=19855\" data-orig-file=\"https:\/\/blog.sub.uni-hamburg.de\/wp-content\/uploads\/2016\/04\/Mesos-April-Finca-Primavera.jpg\" data-orig-size=\"960,640\" data-comments-opened=\"1\" data-image-meta=\"{&quot;aperture&quot;:&quot;0&quot;,&quot;credit&quot;:&quot;&quot;,&quot;camera&quot;:&quot;&quot;,&quot;caption&quot;:&quot;&quot;,&quot;created_timestamp&quot;:&quot;0&quot;,&quot;copyright&quot;:&quot;&quot;,&quot;focal_length&quot;:&quot;0&quot;,&quot;iso&quot;:&quot;0&quot;,&quot;shutter_speed&quot;:&quot;0&quot;,&quot;title&quot;:&quot;&quot;,&quot;orientation&quot;:&quot;0&quot;}\" data-image-title=\"Mesos-April-Finca-Primavera\" data-image-description=\"\" data-image-caption=\"\" data-large-file=\"https:\/\/blog.sub.uni-hamburg.de\/wp-content\/uploads\/2016\/04\/Mesos-April-Finca-Primavera.jpg\" src=\"https:\/\/blog.sub.uni-hamburg.de\/wp-content\/uploads\/2016\/04\/Mesos-April-Finca-Primavera-300x200.jpg\" alt=\"Gemeindemitglieder der Finca Primavera auf dem 'Marsch der Bauern und B\u00e4uerinnen' 2014\" title=\"Gemeindemitglieder der Finca Primavera auf dem 'Marsch der Bauern und B\u00e4uerinnen' 2014\" width=\"300\" height=\"200\" class=\"alignright size-medium wp-image-19855\" srcset=\"https:\/\/blog.sub.uni-hamburg.de\/wp-content\/uploads\/2016\/04\/Mesos-April-Finca-Primavera-300x200.jpg 300w, https:\/\/blog.sub.uni-hamburg.de\/wp-content\/uploads\/2016\/04\/Mesos-April-Finca-Primavera-150x100.jpg 150w, https:\/\/blog.sub.uni-hamburg.de\/wp-content\/uploads\/2016\/04\/Mesos-April-Finca-Primavera-768x512.jpg 768w, https:\/\/blog.sub.uni-hamburg.de\/wp-content\/uploads\/2016\/04\/Mesos-April-Finca-Primavera.jpg 960w\" sizes=\"auto, (max-width: 300px) 100vw, 300px\" \/><\/a> In der Dokumentation &#8220;Land of Corn&#8221; kommen die Kleinbauern und -b\u00e4uerinnen der Finca Primavera selbst zu Wort. Es werden Menschenrechtsverletzungen dokumentiert, die exemplarisch f\u00fcr den guatemaltekischen Landkonflikt stehen. Die Ereignisse des Jahres 2015 und die politische Brisanz rund um die Pr\u00e4sidentschaftswahl erlauben eine vorsichtige Prognose auf die kommenden Jahre und unterstreichen die Wichtigkeit internationaler Aufmerksamkeit.<\/p>\n<p>Felix Weiss ist Projektreferent der <a href=\"http:\/\/www.pbideutschland.de\/\">PBI<\/a> (Peace Brigades International \/Deutscher Zweig e. V.) in Guatemala.<\/p>\n<p>Eine Veranstaltung der <a href=\"http:\/\/mesoamerika-gesellschaft.de\/\">Mesoamerika-Gesellschaft Hamburg<\/a> in Zusammenarbeit mit der Staats- und Universit\u00e4tsbibliothek und der <a href=\"http:\/\/www.sub.uni-hamburg.de\/bibliotheken\/sammlungen\/linga-bibliothek.html\">Linga-Bibliothek<\/a> f\u00fcr Lateinamerika-Forschung.<\/p>\n<p><strong><br \/>\nMittwoch, 13. April 2016, 18.15 Uhr<br \/>\nOrt: Vortragsraum, 1. Etage, Eintritt frei.<\/strong><\/p>\n<p><a href=\"http:\/\/mesoamerika-gesellschaft.de\/\"><img loading=\"lazy\" decoding=\"async\" data-attachment-id=\"18354\" data-permalink=\"https:\/\/blog.sub.uni-hamburg.de\/?attachment_id=18354\" data-orig-file=\"https:\/\/blog.sub.uni-hamburg.de\/wp-content\/uploads\/2015\/09\/mesoamerikages-hh-kl.jpg\" data-orig-size=\"280,113\" data-comments-opened=\"1\" data-image-meta=\"{&quot;aperture&quot;:&quot;0&quot;,&quot;credit&quot;:&quot;&quot;,&quot;camera&quot;:&quot;&quot;,&quot;caption&quot;:&quot;&quot;,&quot;created_timestamp&quot;:&quot;0&quot;,&quot;copyright&quot;:&quot;&quot;,&quot;focal_length&quot;:&quot;0&quot;,&quot;iso&quot;:&quot;0&quot;,&quot;shutter_speed&quot;:&quot;0&quot;,&quot;title&quot;:&quot;&quot;,&quot;orientation&quot;:&quot;0&quot;}\" data-image-title=\"mesoamerikages-hh-kl\" data-image-description=\"\" data-image-caption=\"\" data-large-file=\"https:\/\/blog.sub.uni-hamburg.de\/wp-content\/uploads\/2015\/09\/mesoamerikages-hh-kl.jpg\" class=\"alignleft size-full wp-image-18354\" title=\"Mesoamerika-Gesellschaft Hamburg\" src=\"https:\/\/blog.sub.uni-hamburg.de\/wp-content\/uploads\/2015\/09\/mesoamerikages-hh-kl.jpg\" alt=\"Mesoamerika-Gesellschaft Hamburg\" width=\"280\" height=\"113\" srcset=\"https:\/\/blog.sub.uni-hamburg.de\/wp-content\/uploads\/2015\/09\/mesoamerikages-hh-kl.jpg 280w, https:\/\/blog.sub.uni-hamburg.de\/wp-content\/uploads\/2015\/09\/mesoamerikages-hh-kl-150x61.jpg 150w\" sizes=\"auto, (max-width: 280px) 100vw, 280px\" \/><\/a> Die vielf\u00e4ltigen Vortrags-Veranstaltungen, die die Mesoamerika-Gesellschaft Hamburg im Verlauf der vergangenen Jahre in der Stabi angeboten hat, finden Sie \u00fcber diese <a href=\"https:\/\/blog.sub.uni-hamburg.de\/index.php?s=mesoamerika+gesellschaft\">Such-Auflistung<\/a>. Teilweise wurden die Vortr\u00e4ge aufgezeichnet und k\u00f6nnen nachbetrachtet werden.<\/p>\n","protected":false},"excerpt":{"rendered":"<p>Vortrag von Felix Weiss im Rahmen der Romero-Tage 2016. Der Landkonflikt und die damit verbundene Vertreibung von indigener und l\u00e4ndlicher Bev\u00f6lkerung ziehen sich wie ein roter Faden durch die Geschichte Guatemalas. Heute geh\u00f6ren fast 70% des fruchtbaren Landes rund 3% der Grundeigent\u00fcmer. Anhand des Falles der Finca Primavera in Alta Verapaz soll der historische Landkonflikt [&hellip;]<\/p>\n","protected":false},"author":19,"featured_media":0,"comment_status":"open","ping_status":"open","sticky":false,"template":"","format":"standard","meta":{"jetpack_post_was_ever_published":false,"_jetpack_newsletter_access":"","_jetpack_dont_email_post_to_subs":false,"_jetpack_newsletter_tier_id":0,"_jetpack_memberships_contains_paywalled_content":false,"_jetpack_memberships_contains_paid_content":false,"footnotes":"","jetpack_publicize_message":"","jetpack_publicize_feature_enabled":true,"jetpack_social_post_already_shared":true,"jetpack_social_options":{"image_generator_settings":{"template":"highway","default_image_id":0,"font":"","enabled":false},"version":2}},"categories":[9],"tags":[],"class_list":["post-19854","post","type-post","status-publish","format-standard","hentry","category-ausstellungen"],"views":2284,"jetpack_publicize_connections":[],"jetpack_featured_media_url":"","jetpack_shortlink":"https:\/\/wp.me\/p7hfNR-5ae","jetpack-related-posts":[{"id":16815,"url":"https:\/\/blog.sub.uni-hamburg.de\/?p=16815","url_meta":{"origin":19854,"position":0},"title":"Podiumsdiskussion: Das Osmanische Reich im Ersten Weltkrieg (15.1.)","author":"Markus Trapp","date":"17-12-14","format":false,"excerpt":"Im Kontext der Ausstellung \u00abOsmanen in Hamburg\u00bb l\u00e4dt das das T\u00fcrkeiEuropaZentrum Hamburg (TEZ) zur Podiumsdiskussion in den Lichthof der Staatsbibliothek ein: Der Gro\u00dfe Krieg. Das Osmanische Reich im Ersten Weltkrieg Mit Prof. Dr. Fikret Adan\u0131r (Istanbul) Prof. Dr. Christian Gerlach (Bern) Prof. Dr. Oliver Janz (Berlin) Prof. Dr. Hans-Lukas Kieser\u2026","rel":"","context":"In &quot;Ausstellungen und Veranstaltungen&quot;","block_context":{"text":"Ausstellungen und Veranstaltungen","link":"https:\/\/blog.sub.uni-hamburg.de\/?cat=9"},"img":{"alt_text":"","src":"https:\/\/i0.wp.com\/blog.sub.uni-hamburg.de\/wp-content\/uploads\/2014\/12\/poddisk-osmanen-ww1.jpg?resize=350%2C200&ssl=1","width":350,"height":200,"srcset":"https:\/\/i0.wp.com\/blog.sub.uni-hamburg.de\/wp-content\/uploads\/2014\/12\/poddisk-osmanen-ww1.jpg?resize=350%2C200&ssl=1 1x, https:\/\/i0.wp.com\/blog.sub.uni-hamburg.de\/wp-content\/uploads\/2014\/12\/poddisk-osmanen-ww1.jpg?resize=525%2C300&ssl=1 1.5x"},"classes":[]},{"id":21515,"url":"https:\/\/blog.sub.uni-hamburg.de\/?p=21515","url_meta":{"origin":19854,"position":1},"title":"Der Kalte Krieg (30.11.-26.2.)","author":"Markus Trapp","date":"11-11-16","format":false,"excerpt":"Ursachen Geschichte Folgen. Zwischen 1945 bis 1991 \u2013 vom Ende der Anti-Hitler-Koalition bis zur Aufl\u00f6sung der Sowjetunion \u2013 bestimmte der Kalte Krieg die internationale Politik. Vor dem Hintergrund angespannter Ost-West-Beziehungen und der aktuellen Debatte \u00fcber eine Wiederkehr des Kalten Krieges blickt die Ausstellung auf diese Jahrzehnte zur\u00fcck. Sie arbeitet die\u2026","rel":"","context":"In &quot;Ausstellungen und Veranstaltungen&quot;","block_context":{"text":"Ausstellungen und Veranstaltungen","link":"https:\/\/blog.sub.uni-hamburg.de\/?cat=9"},"img":{"alt_text":"","src":"https:\/\/i0.wp.com\/blog.sub.uni-hamburg.de\/wp-content\/uploads\/2016\/11\/Kalterkrieg_Plakat.jpg?resize=350%2C200&ssl=1","width":350,"height":200},"classes":[]},{"id":20143,"url":"https:\/\/blog.sub.uni-hamburg.de\/?p=20143","url_meta":{"origin":19854,"position":2},"title":"Rigoberta Mench\u00fa (18.5.)","author":"Markus Trapp","date":"17-05-16","format":false,"excerpt":"Prof. Dr. Ulrich M\u00fccke (Hamburg): Rigoberta Mench\u00fa. Macht der Wahrheit. Wahrheit der Macht. Der guatemaltekische B\u00fcrgerkrieg f\u00fchrte Anfang der 1980er Jahre zu Massakern unter der indigenen Bev\u00f6lkerung des Landes, die fast genozidale Ausma\u00dfe annahmen; innerhalb von wenigen Jahren wurden Zehntausende, wenn nicht Hunderttausende Zivilisten Opfer der Streitkr\u00e4fte. Das Morden fand\u2026","rel":"","context":"In &quot;Ausstellungen und Veranstaltungen&quot;","block_context":{"text":"Ausstellungen und Veranstaltungen","link":"https:\/\/blog.sub.uni-hamburg.de\/?cat=9"},"img":{"alt_text":"Rigoberta Mench\u00fa","src":"https:\/\/i0.wp.com\/blog.sub.uni-hamburg.de\/wp-content\/uploads\/2015\/04\/Rigoberta_Menchu_2009.jpg?resize=350%2C200&ssl=1","width":350,"height":200},"classes":[]},{"id":8307,"url":"https:\/\/blog.sub.uni-hamburg.de\/?p=8307","url_meta":{"origin":19854,"position":3},"title":"\u00dcberlebensKunst \u2013 Konfliktbearbeitung durch textile Bilder (11.7.-26.8.)","author":"Markus Trapp","date":"27-06-12","format":false,"excerpt":"Weitere Fotos der ausgestellten Werke sehen Sie auf Google Plus. Die Ausstellung \u00dcberlebensKunst hat das Ziel, k\u00fcnstlerische Formen der Konfliktbearbeitung mit der wissenschaftlichen Auseinandersetzung zu Themen aus Krieg und Nachkrieg produktiv zu verbinden. Sie zeigt Arpilleras und Quilts aus unterschiedlichen Kriegs\u2010 und Krisenregionen. Die Exponate sind Produkt einer pers\u00f6nlichen, k\u00fcnstlerischen\u2026","rel":"","context":"In &quot;Ausstellungen und Veranstaltungen&quot;","block_context":{"text":"Ausstellungen und Veranstaltungen","link":"https:\/\/blog.sub.uni-hamburg.de\/?cat=9"},"img":{"alt_text":"","src":"https:\/\/i0.wp.com\/blog.sub.uni-hamburg.de\/wp-content\/uploads\/2012\/06\/Hornos-de-Lonquen-1000-150x150.jpg?resize=350%2C200&ssl=1","width":350,"height":200},"classes":[]},{"id":20958,"url":"https:\/\/blog.sub.uni-hamburg.de\/?p=20958","url_meta":{"origin":19854,"position":4},"title":"B\u00f6ll-Stiftung: Zur aktuellen Situation in der T\u00fcrkei (26.9., 18 Uhr)","author":"MG","date":"17-09-16","format":false,"excerpt":"Lesung und Diskussion : Zur aktuellen Situation in der T\u00fcrkei Mo. 26.9.2016 \/ 18 \u2013 20.30 Uhr Vortragsraum der Staats- und Universit\u00e4tsbibliothek Hamburg Carl von Ossietzky, Von-Melle-Park 3 Mit: \u00c7i\u011fdem Akyol \u2013 Journalistin und Autorin Kristian Brakel \u2013 Leiter der Heinrich-B\u00f6ll-Stiftung Istanbul Moderation: Reiner Scholz - Rundfunkjournalist, Vorstand umdenken Heinrich-B\u00f6ll-Stiftung\u2026","rel":"","context":"In &quot;Ausstellungen und Veranstaltungen&quot;","block_context":{"text":"Ausstellungen und Veranstaltungen","link":"https:\/\/blog.sub.uni-hamburg.de\/?cat=9"},"img":{"alt_text":"","src":"https:\/\/i0.wp.com\/blog.sub.uni-hamburg.de\/wp-content\/uploads\/2016\/09\/tuerkei-flagge.jpg?resize=350%2C200&ssl=1","width":350,"height":200,"srcset":"https:\/\/i0.wp.com\/blog.sub.uni-hamburg.de\/wp-content\/uploads\/2016\/09\/tuerkei-flagge.jpg?resize=350%2C200&ssl=1 1x, https:\/\/i0.wp.com\/blog.sub.uni-hamburg.de\/wp-content\/uploads\/2016\/09\/tuerkei-flagge.jpg?resize=525%2C300&ssl=1 1.5x"},"classes":[]},{"id":17856,"url":"https:\/\/blog.sub.uni-hamburg.de\/?p=17856","url_meta":{"origin":19854,"position":5},"title":"Das Werden von Friedensstiftern in Guatemala (11.6.)","author":"Markus Trapp","date":"01-06-15","format":false,"excerpt":"Tamara Candela G\u00f3mez de la Torre, M.A. (M\u00fcnster): Das Werden von Friedensstiftern \u2013 Interview-Analysen von religi\u00f6sen Friedensakteuren in Guatemala Im aktuellen Diskurs der Medien und Wissenschaften steht im Allgemeinen zun\u00e4chst die Frage nach der Rolle und Instrumentalisierung von Religion in Kriegen und Konflikten. Das Dissertationsprojekt untersucht in diesem Rahmen die\u2026","rel":"","context":"In &quot;Ausstellungen und Veranstaltungen&quot;","block_context":{"text":"Ausstellungen und Veranstaltungen","link":"https:\/\/blog.sub.uni-hamburg.de\/?cat=9"},"img":{"alt_text":"","src":"https:\/\/i0.wp.com\/blog.sub.uni-hamburg.de\/wp-content\/uploads\/2015\/06\/guatemala-religion.jpg?resize=350%2C200&ssl=1","width":350,"height":200,"srcset":"https:\/\/i0.wp.com\/blog.sub.uni-hamburg.de\/wp-content\/uploads\/2015\/06\/guatemala-religion.jpg?resize=350%2C200&ssl=1 1x, https:\/\/i0.wp.com\/blog.sub.uni-hamburg.de\/wp-content\/uploads\/2015\/06\/guatemala-religion.jpg?resize=525%2C300&ssl=1 1.5x"},"classes":[]}],"jetpack_sharing_enabled":true,"_links":{"self":[{"href":"https:\/\/blog.sub.uni-hamburg.de\/index.php?rest_route=\/wp\/v2\/posts\/19854","targetHints":{"allow":["GET"]}}],"collection":[{"href":"https:\/\/blog.sub.uni-hamburg.de\/index.php?rest_route=\/wp\/v2\/posts"}],"about":[{"href":"https:\/\/blog.sub.uni-hamburg.de\/index.php?rest_route=\/wp\/v2\/types\/post"}],"author":[{"embeddable":true,"href":"https:\/\/blog.sub.uni-hamburg.de\/index.php?rest_route=\/wp\/v2\/users\/19"}],"replies":[{"embeddable":true,"href":"https:\/\/blog.sub.uni-hamburg.de\/index.php?rest_route=%2Fwp%2Fv2%2Fcomments&post=19854"}],"version-history":[{"count":5,"href":"https:\/\/blog.sub.uni-hamburg.de\/index.php?rest_route=\/wp\/v2\/posts\/19854\/revisions"}],"predecessor-version":[{"id":19862,"href":"https:\/\/blog.sub.uni-hamburg.de\/index.php?rest_route=\/wp\/v2\/posts\/19854\/revisions\/19862"}],"wp:attachment":[{"href":"https:\/\/blog.sub.uni-hamburg.de\/index.php?rest_route=%2Fwp%2Fv2%2Fmedia&parent=19854"}],"wp:term":[{"taxonomy":"category","embeddable":true,"href":"https:\/\/blog.sub.uni-hamburg.de\/index.php?rest_route=%2Fwp%2Fv2%2Fcategories&post=19854"},{"taxonomy":"post_tag","embeddable":true,"href":"https:\/\/blog.sub.uni-hamburg.de\/index.php?rest_route=%2Fwp%2Fv2%2Ftags&post=19854"}],"curies":[{"name":"wp","href":"https:\/\/api.w.org\/{rel}","templated":true}]}}