{"id":19743,"date":"2016-03-11T13:29:57","date_gmt":"2016-03-11T12:29:57","guid":{"rendered":"http:\/\/blog.sub.uni-hamburg.de\/?p=19743"},"modified":"2016-03-24T18:02:14","modified_gmt":"2016-03-24T17:02:14","slug":"wilhelm-lamszus-reformpaedagoge-und-autor-kriegskritischer-literatur-23-3","status":"publish","type":"post","link":"https:\/\/blog.sub.uni-hamburg.de\/?p=19743","title":{"rendered":"Wilhelm Lamszus \u2013 Reformp\u00e4dagoge und Autor kriegskritischer Literatur (23.3.)"},"content":{"rendered":"<p><strong>Prof. Dr. Andreas Pehnke (Greifswald): Wilhelm Lamszus \u2013 Reformp\u00e4dagoge und Autor kriegskritischer Literatur.<\/strong><\/p>\n<p><a href=\"https:\/\/blog.sub.uni-hamburg.de\/wp-content\/uploads\/2016\/03\/WilhelmLamszus.jpg\" rel=\"attachment wp-att-19744\"><img loading=\"lazy\" decoding=\"async\" data-attachment-id=\"19744\" data-permalink=\"https:\/\/blog.sub.uni-hamburg.de\/?attachment_id=19744\" data-orig-file=\"https:\/\/blog.sub.uni-hamburg.de\/wp-content\/uploads\/2016\/03\/WilhelmLamszus.jpg\" data-orig-size=\"692,1000\" data-comments-opened=\"1\" data-image-meta=\"{&quot;aperture&quot;:&quot;0&quot;,&quot;credit&quot;:&quot;&quot;,&quot;camera&quot;:&quot;&quot;,&quot;caption&quot;:&quot;&quot;,&quot;created_timestamp&quot;:&quot;0&quot;,&quot;copyright&quot;:&quot;&quot;,&quot;focal_length&quot;:&quot;0&quot;,&quot;iso&quot;:&quot;0&quot;,&quot;shutter_speed&quot;:&quot;0&quot;,&quot;title&quot;:&quot;&quot;,&quot;orientation&quot;:&quot;0&quot;}\" data-image-title=\"Wilhelm Lamszus\" data-image-description=\"&lt;p&gt;Wilhelm Lamszus&lt;\/p&gt;\n\" data-image-caption=\"\" data-large-file=\"https:\/\/blog.sub.uni-hamburg.de\/wp-content\/uploads\/2016\/03\/WilhelmLamszus.jpg\" src=\"https:\/\/blog.sub.uni-hamburg.de\/wp-content\/uploads\/2016\/03\/WilhelmLamszus-208x300.jpg\" alt=\"Wilhelm Lamszus\" width=\"208\" height=\"300\" class=\"alignleft size-medium wp-image-19744\" srcset=\"https:\/\/blog.sub.uni-hamburg.de\/wp-content\/uploads\/2016\/03\/WilhelmLamszus-208x300.jpg 208w, https:\/\/blog.sub.uni-hamburg.de\/wp-content\/uploads\/2016\/03\/WilhelmLamszus-104x150.jpg 104w, https:\/\/blog.sub.uni-hamburg.de\/wp-content\/uploads\/2016\/03\/WilhelmLamszus.jpg 692w\" sizes=\"auto, (max-width: 208px) 100vw, 208px\" \/><\/a> Wilhelm Lamszus (1881-1965) engagierte sich \u00fcber f\u00fcnf Dekaden hinweg f\u00fcr Frieden, V\u00f6lkerverst\u00e4ndigung sowie p\u00e4dagogischen Fortschritt und ist dennoch weitgehend in Vergessenheit geraten. Vor allem der Kalte Krieg und die Wiederbewaffnung lie\u00dfen ihm wenige Chancen auf \u00d6ffentlichkeit bzw. eine Rezeption seines Werkes. Weltweit bekannt wurde er 1912 mit seinem Roman \u201eDas Menschenschlachthaus\u201c, einer schockierenden Vorausschau auf den industriellen Zukunftskrieg.<\/p>\n<p>In den zwanziger Jahren avancierte er zum kreativen Versuchsschullehrer in Tieloh-S\u00fcd. 1933 erhielt er Berufs- und Schreibverbot und zeigte oppositionelles Verhalten im Visier der Nationalsozialisten. Dennoch verwehrte ihm seine Vaterstadt Hamburg 1956 seine Anspr\u00fcche auf \u201eWiedergutmachung\u201c erlittenen Unrechts.<\/p>\n<p><a href=\"http:\/\/www.phil.uni-greifswald.de\/sozial\/ifb\/general-pedagogy-department\/mitarbeitende\/pehnke-andreas.html?L=1\">Prof. Dr. Andreas Pehnke<\/a> lehrt Allgemeine P\u00e4dagogik an der Universit\u00e4t Greifswald und hat soeben Lamszus\u2019 literarisches Werk herausgegeben.<\/p>\n<p>Eine Veranstaltung des <a href=\"http:\/\/vfhg.de\/\">Vereins f\u00fcr Hamburgische Geschichte<\/a> in Zusammenarbeit mit der Staats- und Universit\u00e4tsbibliothek Hamburg<\/p>\n<p><strong>Mittwoch, 23. M\u00e4rz 2016, 18 Uhr<br \/>\nOrt: Vortragsraum, 1. Etage, Eintritt frei.<\/strong><\/p>\n","protected":false},"excerpt":{"rendered":"<p>Prof. Dr. Andreas Pehnke (Greifswald): Wilhelm Lamszus \u2013 Reformp\u00e4dagoge und Autor kriegskritischer Literatur. Wilhelm Lamszus (1881-1965) engagierte sich \u00fcber f\u00fcnf Dekaden hinweg f\u00fcr Frieden, V\u00f6lkerverst\u00e4ndigung sowie p\u00e4dagogischen Fortschritt und ist dennoch weitgehend in Vergessenheit geraten. Vor allem der Kalte Krieg und die Wiederbewaffnung lie\u00dfen ihm wenige Chancen auf \u00d6ffentlichkeit bzw. eine Rezeption seines Werkes. Weltweit [&hellip;]<\/p>\n","protected":false},"author":19,"featured_media":0,"comment_status":"open","ping_status":"open","sticky":false,"template":"","format":"standard","meta":{"jetpack_post_was_ever_published":false,"_jetpack_newsletter_access":"","_jetpack_dont_email_post_to_subs":false,"_jetpack_newsletter_tier_id":0,"_jetpack_memberships_contains_paywalled_content":false,"_jetpack_memberships_contains_paid_content":false,"footnotes":"","jetpack_publicize_message":"","jetpack_publicize_feature_enabled":true,"jetpack_social_post_already_shared":true,"jetpack_social_options":{"image_generator_settings":{"template":"highway","default_image_id":0,"font":"","enabled":false},"version":2}},"categories":[9,17],"tags":[],"class_list":["post-19743","post","type-post","status-publish","format-standard","hentry","category-ausstellungen","category-hamburg"],"views":3155,"jetpack_publicize_connections":[],"jetpack_featured_media_url":"","jetpack_shortlink":"https:\/\/wp.me\/p7hfNR-58r","jetpack-related-posts":[{"id":27640,"url":"https:\/\/blog.sub.uni-hamburg.de\/?p=27640","url_meta":{"origin":19743,"position":0},"title":"Neu: Verfasserdatenbank &#8211; Autoren der Deutschsprachigen Literatur und des Deutschsprachigen Raums: Von den Anf\u00e4ngen bis zur Gegenwart","author":"MT","date":"05-08-19","format":false,"excerpt":"Ab sofort ist die 'Verfasserdatenbank' online zug\u00e4nglich. Die Stabi und die Fakult\u00e4t Geisteswissenschaften finanzieren gemeinsam den Zugang zu dieser wichtigen Datenbank. Mit der Verfasser-Datenbank sind die folgenden f\u00fcnf renommierten Standardwerke simultan abfragbar: Die deutsche Literatur des Mittelalters : Verfasserlexikon Herausgeber: Wolfgang Stammler und Karl Langosch Deutscher Humanismus : 1480 -\u2026","rel":"","context":"In &quot;Aktuelles&quot;","block_context":{"text":"Aktuelles","link":"https:\/\/blog.sub.uni-hamburg.de\/?cat=1"},"img":{"alt_text":"Verfasserdatenbank","src":"https:\/\/i0.wp.com\/blog.sub.uni-hamburg.de\/wp-content\/uploads\/2019\/08\/verfasser-db.jpg?resize=350%2C200&ssl=1","width":350,"height":200},"classes":[]},{"id":41013,"url":"https:\/\/blog.sub.uni-hamburg.de\/?p=41013","url_meta":{"origin":19743,"position":1},"title":"Einrichtung eines Lesesaals durch die Stabi vor 80 Jahren","author":"Redaktion","date":"19-11-25","format":false,"excerpt":"Von Dr. Gerd R\u00f6ndigs. Am 19. November vor 80 Jahren nahm die Staats- und Universit\u00e4tsbibliothek Hamburg ihren Benutzungsbetrieb im ehemaligen Wilhelm-Gymnasium auf. Damit erf\u00fcllte sie eine wichtige Bedingung f\u00fcr die Wiederer\u00f6ffnung der Universit\u00e4t nach dem Zweiten Weltkrieg, weil die britische Milit\u00e4rregierung am 24. Oktober 1945 angeordnet hatte: \u201eVoraussetzung f\u00fcr die\u2026","rel":"","context":"In &quot;Aktuelles&quot;","block_context":{"text":"Aktuelles","link":"https:\/\/blog.sub.uni-hamburg.de\/?cat=1"},"img":{"alt_text":"Frontalansicht auf das Bibliotheksgeb\u00e4ude 1956","src":"https:\/\/i0.wp.com\/blog.sub.uni-hamburg.de\/wp-content\/uploads\/2025\/10\/altbau-stabi-1945.jpg?resize=350%2C200&ssl=1","width":350,"height":200,"srcset":"https:\/\/i0.wp.com\/blog.sub.uni-hamburg.de\/wp-content\/uploads\/2025\/10\/altbau-stabi-1945.jpg?resize=350%2C200&ssl=1 1x, https:\/\/i0.wp.com\/blog.sub.uni-hamburg.de\/wp-content\/uploads\/2025\/10\/altbau-stabi-1945.jpg?resize=525%2C300&ssl=1 1.5x"},"classes":[]},{"id":18340,"url":"https:\/\/blog.sub.uni-hamburg.de\/?p=18340","url_meta":{"origin":19743,"position":2},"title":"Bismarck-Kult im Ersten Weltkrieg (13.10.)","author":"Markus Trapp","date":"21-09-15","format":false,"excerpt":"Pr\u00e4sentation \"Bismarck-Kult im Ersten Weltkrieg\" 1915 j\u00e4hrte sich der Geburtstag Otto von Bismarcks zum 100. Mal und die mythische Verehrung des seit 17 Jahren verstorbenen \"eisernen Kanzlers\" erreichte ihren H\u00f6hepunkt. Oder besser: Sie h\u00e4tte ihn erreicht. Denn seit August 1914 befand sich das von Bismarck ma\u00dfgeblich begr\u00fcndete Kaiserreich im Krieg\u2026","rel":"","context":"In &quot;Ausstellungen und Veranstaltungen&quot;","block_context":{"text":"Ausstellungen und Veranstaltungen","link":"https:\/\/blog.sub.uni-hamburg.de\/?cat=9"},"img":{"alt_text":"","src":"https:\/\/i0.wp.com\/blog.sub.uni-hamburg.de\/wp-content\/uploads\/2015\/09\/bismarck-kult.jpg?resize=350%2C200&ssl=1","width":350,"height":200,"srcset":"https:\/\/i0.wp.com\/blog.sub.uni-hamburg.de\/wp-content\/uploads\/2015\/09\/bismarck-kult.jpg?resize=350%2C200&ssl=1 1x, https:\/\/i0.wp.com\/blog.sub.uni-hamburg.de\/wp-content\/uploads\/2015\/09\/bismarck-kult.jpg?resize=525%2C300&ssl=1 1.5x"},"classes":[]},{"id":294,"url":"https:\/\/blog.sub.uni-hamburg.de\/?p=294","url_meta":{"origin":19743,"position":3},"title":"ViFaPol auf dem DVPW-Kongress 2006","author":"SB","date":"25-09-06","format":false,"excerpt":"Unter dem Titel \"Staat und Gesellschaft - f\u00e4hig zur Reform?\" findet vom 25.9.2006 bis zum 29.9.2006 an der Westf\u00e4lischen Wilhelms-Universit\u00e4t M\u00fcnster der 23. wissenschaftliche Kongress der Deutschen Vereinigung f\u00fcr Politische Wissenschaft statt. Ab dem 27.9. (Mittwoch) pr\u00e4sentiert sich dort auch ViFaPol, ein Angebot der Stabi Hamburg, mit einem Stand im\u2026","rel":"","context":"In &quot;Aktuelles&quot;","block_context":{"text":"Aktuelles","link":"https:\/\/blog.sub.uni-hamburg.de\/?cat=1"},"img":{"alt_text":"","src":"","width":0,"height":0},"classes":[]},{"id":4945,"url":"https:\/\/blog.sub.uni-hamburg.de\/?p=4945","url_meta":{"origin":19743,"position":4},"title":"Dr. Heike Talkenberger: Die Autobiographie des Betr\u00fcgers Luer Meyer (1.6.)","author":"Markus Trapp","date":"19-05-11","format":false,"excerpt":"Vortrag am Mittwoch, 1. Juni 2011, 18 Uhr Dr. Heike Talkenberger: Zwischen Abenteuer und Gef\u00e4ngnis. Die Autobiographie des Betr\u00fcgers Luer Meyer (1833\u20131855) Luer Meyer betrog Pastoren, Handwerker und Kaufleute, wanderte hinter Gitter \u2013 und hinterlie\u00df uns einen spannenden Lebensbericht. Den Ansto\u00df zu diesem Bericht gab der Gef\u00e4ngnisreformer Friedrich Heinrich Wilhelm\u2026","rel":"","context":"In &quot;Ausstellungen und Veranstaltungen&quot;","block_context":{"text":"Ausstellungen und Veranstaltungen","link":"https:\/\/blog.sub.uni-hamburg.de\/?cat=9"},"img":{"alt_text":"Die Autobiographie des Betr\u00fcgers Luer Meyer 1833-1855","src":"https:\/\/i0.wp.com\/blog.sub.uni-hamburg.de\/wp-content\/uploads\/2011\/05\/luer-meyer.jpg?resize=350%2C200&ssl=1","width":350,"height":200},"classes":[]},{"id":42295,"url":"https:\/\/blog.sub.uni-hamburg.de\/?p=42295","url_meta":{"origin":19743,"position":5},"title":"Vortrag: Propaganda in Bild und Wort vor tausend Jahren: der Teppich von Bayeux (19.4.)","author":"Markus Trapp","date":"09-04-26","format":false,"excerpt":"Sonntag, 19.4., 12 Uhr, Vortragsraum. Ein Vortrag von Prof. Dr. Philippe Depreux (Universit\u00e4t Hamburg). Seit 2007 steht der Teppich von Bayeux auf der Weltdokumentenerbenliste der UNESCO, was die au\u00dferordentliche Bedeutung dieser fast 70 Meter langen Stickerei f\u00fcr die Menschheit unterstreicht, welche den Anspruch Wilhelms des Eroberers, Herzog der Normandie, auf\u2026","rel":"","context":"In &quot;Ausstellungen und Veranstaltungen&quot;","block_context":{"text":"Ausstellungen und Veranstaltungen","link":"https:\/\/blog.sub.uni-hamburg.de\/?cat=9"},"img":{"alt_text":"Ausschnitt Teppich von Bayeux","src":"https:\/\/i0.wp.com\/blog.sub.uni-hamburg.de\/wp-content\/uploads\/2026\/04\/Teppich_von_Bayeux-detail-gr.jpg?resize=350%2C200&ssl=1","width":350,"height":200},"classes":[]}],"jetpack_sharing_enabled":true,"_links":{"self":[{"href":"https:\/\/blog.sub.uni-hamburg.de\/index.php?rest_route=\/wp\/v2\/posts\/19743","targetHints":{"allow":["GET"]}}],"collection":[{"href":"https:\/\/blog.sub.uni-hamburg.de\/index.php?rest_route=\/wp\/v2\/posts"}],"about":[{"href":"https:\/\/blog.sub.uni-hamburg.de\/index.php?rest_route=\/wp\/v2\/types\/post"}],"author":[{"embeddable":true,"href":"https:\/\/blog.sub.uni-hamburg.de\/index.php?rest_route=\/wp\/v2\/users\/19"}],"replies":[{"embeddable":true,"href":"https:\/\/blog.sub.uni-hamburg.de\/index.php?rest_route=%2Fwp%2Fv2%2Fcomments&post=19743"}],"version-history":[{"count":2,"href":"https:\/\/blog.sub.uni-hamburg.de\/index.php?rest_route=\/wp\/v2\/posts\/19743\/revisions"}],"predecessor-version":[{"id":19746,"href":"https:\/\/blog.sub.uni-hamburg.de\/index.php?rest_route=\/wp\/v2\/posts\/19743\/revisions\/19746"}],"wp:attachment":[{"href":"https:\/\/blog.sub.uni-hamburg.de\/index.php?rest_route=%2Fwp%2Fv2%2Fmedia&parent=19743"}],"wp:term":[{"taxonomy":"category","embeddable":true,"href":"https:\/\/blog.sub.uni-hamburg.de\/index.php?rest_route=%2Fwp%2Fv2%2Fcategories&post=19743"},{"taxonomy":"post_tag","embeddable":true,"href":"https:\/\/blog.sub.uni-hamburg.de\/index.php?rest_route=%2Fwp%2Fv2%2Ftags&post=19743"}],"curies":[{"name":"wp","href":"https:\/\/api.w.org\/{rel}","templated":true}]}}