{"id":19736,"date":"2016-03-11T14:05:37","date_gmt":"2016-03-11T13:05:37","guid":{"rendered":"http:\/\/blog.sub.uni-hamburg.de\/?p=19736"},"modified":"2016-03-23T12:52:06","modified_gmt":"2016-03-23T11:52:06","slug":"us-vorwahlen-2016-ablauf-und-kandidaten-22-3","status":"publish","type":"post","link":"https:\/\/blog.sub.uni-hamburg.de\/?p=19736","title":{"rendered":"US-Vorwahlen 2016 \u2013 Ablauf und Kandidaten (22.3.)"},"content":{"rendered":"<p><a href=\"http:\/\/www.sandiego.edu\/cas\/political-science\/\" rel=\"attachment wp-att-19740\"><img loading=\"lazy\" decoding=\"async\" data-attachment-id=\"19740\" data-permalink=\"https:\/\/blog.sub.uni-hamburg.de\/?attachment_id=19740\" data-orig-file=\"https:\/\/blog.sub.uni-hamburg.de\/wp-content\/uploads\/2016\/03\/us-vorwahlen.jpg\" data-orig-size=\"640,187\" data-comments-opened=\"1\" data-image-meta=\"{&quot;aperture&quot;:&quot;0&quot;,&quot;credit&quot;:&quot;&quot;,&quot;camera&quot;:&quot;&quot;,&quot;caption&quot;:&quot;&quot;,&quot;created_timestamp&quot;:&quot;0&quot;,&quot;copyright&quot;:&quot;&quot;,&quot;focal_length&quot;:&quot;0&quot;,&quot;iso&quot;:&quot;0&quot;,&quot;shutter_speed&quot;:&quot;0&quot;,&quot;title&quot;:&quot;&quot;,&quot;orientation&quot;:&quot;0&quot;}\" data-image-title=\"US-Vorwahlen 2016\" data-image-description=\"&lt;p&gt;US-Vorwahlen 2016&lt;\/p&gt;\n\" data-image-caption=\"\" data-large-file=\"https:\/\/blog.sub.uni-hamburg.de\/wp-content\/uploads\/2016\/03\/us-vorwahlen.jpg\" src=\"https:\/\/blog.sub.uni-hamburg.de\/wp-content\/uploads\/2016\/03\/us-vorwahlen.jpg\" alt=\"US-Vorwahlen 2016\" width=\"640\" height=\"187\" class=\"alignnone size-full wp-image-19740\" srcset=\"https:\/\/blog.sub.uni-hamburg.de\/wp-content\/uploads\/2016\/03\/us-vorwahlen.jpg 640w, https:\/\/blog.sub.uni-hamburg.de\/wp-content\/uploads\/2016\/03\/us-vorwahlen-150x44.jpg 150w, https:\/\/blog.sub.uni-hamburg.de\/wp-content\/uploads\/2016\/03\/us-vorwahlen-300x88.jpg 300w\" sizes=\"auto, (max-width: 640px) 100vw, 640px\" \/><\/a> <\/p>\n<p>Primaries (Vorwahlen), parteiinterne Verfahren zur Kandidatenaufstellung, wurden ab Anfang des 20. Jh. in den USA eingef\u00fchrt, um Transparenz in Parteien zu f\u00f6rdern. Es gibt auch Bundesstaaten, die stattdessen Caucuses (Parteitage) durchf\u00fchren. Unter \u201eVorwahlen\u201c fasst man Primaries und Caucuses. Sie werden mit der alle vier Jahre stattfindenden Pr\u00e4sidentschaftswahl sehr beachtet und finden von Januar bis Juni statt. In der Veranstaltung werden Grundz\u00fcge des Vorwahlsystems und die Kandidaten von 2016 mit ihren Wahlchancen vorgestellt.<\/p>\n<p><a href=\"https:\/\/blog.sub.uni-hamburg.de\/wp-content\/uploads\/2016\/03\/michaelpfau450.jpg\" rel=\"attachment wp-att-19739\"><img loading=\"lazy\" decoding=\"async\" data-attachment-id=\"19739\" data-permalink=\"https:\/\/blog.sub.uni-hamburg.de\/?attachment_id=19739\" data-orig-file=\"https:\/\/blog.sub.uni-hamburg.de\/wp-content\/uploads\/2016\/03\/michaelpfau450.jpg\" data-orig-size=\"450,496\" data-comments-opened=\"1\" data-image-meta=\"{&quot;aperture&quot;:&quot;0&quot;,&quot;credit&quot;:&quot;&quot;,&quot;camera&quot;:&quot;&quot;,&quot;caption&quot;:&quot;&quot;,&quot;created_timestamp&quot;:&quot;0&quot;,&quot;copyright&quot;:&quot;&quot;,&quot;focal_length&quot;:&quot;0&quot;,&quot;iso&quot;:&quot;0&quot;,&quot;shutter_speed&quot;:&quot;0&quot;,&quot;title&quot;:&quot;&quot;,&quot;orientation&quot;:&quot;0&quot;}\" data-image-title=\"Prof. Dr. Michael Pfau\" data-image-description=\"&lt;p&gt;Prof. Dr. Michael Pfau&lt;\/p&gt;\n\" data-image-caption=\"\" data-large-file=\"https:\/\/blog.sub.uni-hamburg.de\/wp-content\/uploads\/2016\/03\/michaelpfau450.jpg\" src=\"https:\/\/blog.sub.uni-hamburg.de\/wp-content\/uploads\/2016\/03\/michaelpfau450-272x300.jpg\" alt=\"Prof. Dr. Michael Pfau\" width=\"272\" height=\"300\" class=\"alignright size-medium wp-image-19739\" srcset=\"https:\/\/blog.sub.uni-hamburg.de\/wp-content\/uploads\/2016\/03\/michaelpfau450-272x300.jpg 272w, https:\/\/blog.sub.uni-hamburg.de\/wp-content\/uploads\/2016\/03\/michaelpfau450-136x150.jpg 136w, https:\/\/blog.sub.uni-hamburg.de\/wp-content\/uploads\/2016\/03\/michaelpfau450.jpg 450w\" sizes=\"auto, (max-width: 272px) 100vw, 272px\" \/><\/a> Referent: <a href=\"https:\/\/www.sandiego.edu\/cas\/political-science\/faculty-and-staff\/biography.php?profile_id=362\">Prof. Dr. Michael Pfau<\/a>, Institute for Political Science and International Relations, University of San Diego\/Kalifornien (<a href=\"http:\/\/www.sandiego.edu\/cas\/political-science\/\">Website<\/a>). Nach dem Studium in den USA ab 1989 Professur an der University of San Diego (vorher Alabama State University). Forschungsschwerpunkte u. a.: Meinungsbildung \u00fcber US-Au\u00dfenpolitik in Nicht-US-Staaten. Auszeichnungen u. a.: American Political Science Association\u2019s Teaching Award.<\/p>\n<p>Moderation: Dr. Petra Beckmann-Schulz, Diplom-Politikwissenschaftlerin und Redakteurin\/Hamburg.<br \/>\nEine Veranstaltung von Politik und Bildung Hamburg e.V.<\/p>\n<p><strong>Dienstag, 22. M\u00e4rz 2016, 19 Uhr<br \/>\nOrt: Vortragsraum, 1. Etage, Eintritt frei.<\/strong><\/p>\n","protected":false},"excerpt":{"rendered":"<p>Primaries (Vorwahlen), parteiinterne Verfahren zur Kandidatenaufstellung, wurden ab Anfang des 20. Jh. in den USA eingef\u00fchrt, um Transparenz in Parteien zu f\u00f6rdern. Es gibt auch Bundesstaaten, die stattdessen Caucuses (Parteitage) durchf\u00fchren. Unter \u201eVorwahlen\u201c fasst man Primaries und Caucuses. Sie werden mit der alle vier Jahre stattfindenden Pr\u00e4sidentschaftswahl sehr beachtet und finden von Januar bis Juni [&hellip;]<\/p>\n","protected":false},"author":19,"featured_media":0,"comment_status":"open","ping_status":"open","sticky":false,"template":"","format":"standard","meta":{"jetpack_post_was_ever_published":false,"_jetpack_newsletter_access":"","_jetpack_dont_email_post_to_subs":false,"_jetpack_newsletter_tier_id":0,"_jetpack_memberships_contains_paywalled_content":false,"_jetpack_memberships_contains_paid_content":false,"footnotes":"","jetpack_publicize_message":"","jetpack_publicize_feature_enabled":true,"jetpack_social_post_already_shared":true,"jetpack_social_options":{"image_generator_settings":{"template":"highway","default_image_id":0,"font":"","enabled":false},"version":2}},"categories":[9],"tags":[],"class_list":["post-19736","post","type-post","status-publish","format-standard","hentry","category-ausstellungen"],"views":2726,"jetpack_publicize_connections":[],"jetpack_featured_media_url":"","jetpack_shortlink":"https:\/\/wp.me\/p7hfNR-58k","jetpack-related-posts":[{"id":23246,"url":"https:\/\/blog.sub.uni-hamburg.de\/?p=23246","url_meta":{"origin":19736,"position":0},"title":"Welches Europa wollen wir? Die Zukunft der EU im Zeichen der Bundestagswahl (11.9.)","author":"Markus Trapp","date":"28-08-17","format":false,"excerpt":"Die Europa-Union Hamburg e. V. l\u00e4dt zu folgender Diskussionsveranstaltung in den Lichthof der Stabi ein: Die Bundestagswahl im September 2017 ist nicht nur eines der wichtigsten politischen Ereignisse in Deutschland, sondern sie wird auch im europ\u00e4ischen Ausland, ja sogar weltweit, aufmerksam verfolgt. Denn ihr Ausgang hat signifikante und richtungsweisende Auswirkungen\u2026","rel":"","context":"In &quot;Ausstellungen und Veranstaltungen&quot;","block_context":{"text":"Ausstellungen und Veranstaltungen","link":"https:\/\/blog.sub.uni-hamburg.de\/?cat=9"},"img":{"alt_text":"","src":"https:\/\/i0.wp.com\/blog.sub.uni-hamburg.de\/wp-content\/uploads\/2017\/08\/europaunion-btw.jpg?resize=350%2C200&ssl=1","width":350,"height":200,"srcset":"https:\/\/i0.wp.com\/blog.sub.uni-hamburg.de\/wp-content\/uploads\/2017\/08\/europaunion-btw.jpg?resize=350%2C200&ssl=1 1x, https:\/\/i0.wp.com\/blog.sub.uni-hamburg.de\/wp-content\/uploads\/2017\/08\/europaunion-btw.jpg?resize=525%2C300&ssl=1 1.5x"},"classes":[]},{"id":7117,"url":"https:\/\/blog.sub.uni-hamburg.de\/?p=7117","url_meta":{"origin":19736,"position":1},"title":"Russland 2012 \u2013 nach der Duma-Wahl und vor der Pr\u00e4sidentschaftswahl (23.2.)","author":"Markus Trapp","date":"06-02-12","format":false,"excerpt":"Am 4. Dezember 2011 hatte Russland die Staatsduma gew\u00e4hlt, das Unterhaus des Parlaments. Dabei hat \u201eEiniges Russland\", die Partei Putins, gegen\u00fcber der Wahl von 2007 deutlich verloren \u2013 dies obwohl Medien, Wahlbeobachter und W\u00e4hler von Wahlmanipulationen, ja gar von Wahlf\u00e4lschungen sprachen. Massenproteste in bislang in Russland unbekanntem Ausma\u00df folgten. Am\u2026","rel":"","context":"In &quot;Ausstellungen und Veranstaltungen&quot;","block_context":{"text":"Ausstellungen und Veranstaltungen","link":"https:\/\/blog.sub.uni-hamburg.de\/?cat=9"},"img":{"alt_text":"Friedrich-Naumann-Stiftung f\u00fcr die Freiheit","src":"https:\/\/i0.wp.com\/blog.sub.uni-hamburg.de\/wp-content\/uploads\/2011\/11\/naumann-stiftung.jpg?resize=350%2C200&ssl=1","width":350,"height":200},"classes":[]},{"id":14147,"url":"https:\/\/blog.sub.uni-hamburg.de\/?p=14147","url_meta":{"origin":19736,"position":2},"title":"Rechtsruck in Europa? Europa vor den Wahlen (15.4.)","author":"Markus Trapp","date":"19-03-14","format":false,"excerpt":"Mit Andreas Speit - Journalist, Experte im Bereich Rechtsextremismus, und weiteren G\u00e4sten aus Medien, Politik und Wissenschaft. Die Idee von einem vereinten Europa wird in vielen Staaten der Union zunehmend infrage gestellt. Diese Renationalisierung bereitet auch den gef\u00e4hrlichen N\u00e4hrboden f\u00fcr rechtspopulistische und extrem rechte Parteien innerhalb der einzelnen Staaten. Dabei\u2026","rel":"","context":"In &quot;Ausstellungen und Veranstaltungen&quot;","block_context":{"text":"Ausstellungen und Veranstaltungen","link":"https:\/\/blog.sub.uni-hamburg.de\/?cat=9"},"img":{"alt_text":"","src":"https:\/\/i0.wp.com\/blog.sub.uni-hamburg.de\/wp-content\/uploads\/2014\/03\/andreasspeit.jpg?resize=350%2C200&ssl=1","width":350,"height":200},"classes":[]},{"id":20077,"url":"https:\/\/blog.sub.uni-hamburg.de\/?p=20077","url_meta":{"origin":19736,"position":3},"title":"Polen aktuell &#8211; die Oppositionsbewegung zu Gast in Hamburg (10.5.)","author":"Markus Trapp","date":"02-05-16","format":false,"excerpt":"Seit dem Sieg bei den Pr\u00e4sidentschaftswahlen im Mai 2015 sowie den Wahlen zum Sejm im Oktober 2015 versucht die nationalkonservative Partei 'Recht und Gerechtigkeit' (PIS), welche die absolute Mehrheit der Sitze in Sejm erzielen konnte, Polen innerhalb k\u00fcrzeste Zeit in ihrem Sinne umzugestalten. Die st\u00e4rkere Kontrolle des \u00f6ffentlich-rechtlichen Rundfunks sowie\u2026","rel":"","context":"In &quot;Ausstellungen und Veranstaltungen&quot;","block_context":{"text":"Ausstellungen und Veranstaltungen","link":"https:\/\/blog.sub.uni-hamburg.de\/?cat=9"},"img":{"alt_text":"","src":"https:\/\/i0.wp.com\/blog.sub.uni-hamburg.de\/wp-content\/uploads\/2016\/05\/poln-parlament.jpg?resize=350%2C200&ssl=1","width":350,"height":200,"srcset":"https:\/\/i0.wp.com\/blog.sub.uni-hamburg.de\/wp-content\/uploads\/2016\/05\/poln-parlament.jpg?resize=350%2C200&ssl=1 1x, https:\/\/i0.wp.com\/blog.sub.uni-hamburg.de\/wp-content\/uploads\/2016\/05\/poln-parlament.jpg?resize=525%2C300&ssl=1 1.5x"},"classes":[]},{"id":12638,"url":"https:\/\/blog.sub.uni-hamburg.de\/?p=12638","url_meta":{"origin":19736,"position":4},"title":"Wahlsonntag: Stabi schon ab 8 Uhr ge\u00f6ffnet!","author":"ST","date":"09-09-13","format":false,"excerpt":"Als Wahllokal ist die Stabi nach zwei B\u00fcrgerschaftswahlen (2008 und\u00a0 2011) bestens erprobt - am 22. September 2013 k\u00f6nnen die W\u00e4hler der Wahlbezirke 31106 und 31203 hier erstmals ihre Stimme auch f\u00fcr eine Bundestagswahl abgeben. Und das hei\u00dft f\u00fcr alle Bibliotheksbesucher: die Stabi \u00f6ffnet am 22.9. von 8-21 Uhr. Als\u2026","rel":"","context":"In &quot;Aktuelles&quot;","block_context":{"text":"Aktuelles","link":"https:\/\/blog.sub.uni-hamburg.de\/?cat=1"},"img":{"alt_text":"wahlsonntag","src":"https:\/\/i0.wp.com\/blog.sub.uni-hamburg.de\/wp-content\/uploads\/2013\/09\/wahlsonntag.png?resize=350%2C200&ssl=1","width":350,"height":200},"classes":[]},{"id":12517,"url":"https:\/\/blog.sub.uni-hamburg.de\/?p=12517","url_meta":{"origin":19736,"position":5},"title":"Ungarn auf dem Weg ins Abseits (22.8.)","author":"Markus Trapp","date":"06-08-13","format":false,"excerpt":"Die Heinrich B\u00f6ll-Stiftung setzt ihre dreiteilige Veranstaltungsreihe \u201eEuropas Krisen \u2013 Europas Chancen?\u201c nach Portugal und Polen mit einem Blick nach Ungarn fort. Ungarn wird seit 2010 von der rechtskonservativen Regierung der Fidesz-Partei unter Ministerpr\u00e4sident Viktor Orb\u00e1n gef\u00fchrt. Die Regierung nutzt ihre Zweidrittelmehrheit f\u00fcr eine autorit\u00e4re Wende: Die Rechte von demokratischen\u2026","rel":"","context":"In &quot;Ausstellungen und Veranstaltungen&quot;","block_context":{"text":"Ausstellungen und Veranstaltungen","link":"https:\/\/blog.sub.uni-hamburg.de\/?cat=9"},"img":{"alt_text":"","src":"https:\/\/i0.wp.com\/blog.sub.uni-hamburg.de\/wp-content\/uploads\/2013\/08\/budapest-parlament.jpg?resize=350%2C200&ssl=1","width":350,"height":200,"srcset":"https:\/\/i0.wp.com\/blog.sub.uni-hamburg.de\/wp-content\/uploads\/2013\/08\/budapest-parlament.jpg?resize=350%2C200&ssl=1 1x, https:\/\/i0.wp.com\/blog.sub.uni-hamburg.de\/wp-content\/uploads\/2013\/08\/budapest-parlament.jpg?resize=525%2C300&ssl=1 1.5x"},"classes":[]}],"jetpack_sharing_enabled":true,"_links":{"self":[{"href":"https:\/\/blog.sub.uni-hamburg.de\/index.php?rest_route=\/wp\/v2\/posts\/19736","targetHints":{"allow":["GET"]}}],"collection":[{"href":"https:\/\/blog.sub.uni-hamburg.de\/index.php?rest_route=\/wp\/v2\/posts"}],"about":[{"href":"https:\/\/blog.sub.uni-hamburg.de\/index.php?rest_route=\/wp\/v2\/types\/post"}],"author":[{"embeddable":true,"href":"https:\/\/blog.sub.uni-hamburg.de\/index.php?rest_route=\/wp\/v2\/users\/19"}],"replies":[{"embeddable":true,"href":"https:\/\/blog.sub.uni-hamburg.de\/index.php?rest_route=%2Fwp%2Fv2%2Fcomments&post=19736"}],"version-history":[{"count":4,"href":"https:\/\/blog.sub.uni-hamburg.de\/index.php?rest_route=\/wp\/v2\/posts\/19736\/revisions"}],"predecessor-version":[{"id":19817,"href":"https:\/\/blog.sub.uni-hamburg.de\/index.php?rest_route=\/wp\/v2\/posts\/19736\/revisions\/19817"}],"wp:attachment":[{"href":"https:\/\/blog.sub.uni-hamburg.de\/index.php?rest_route=%2Fwp%2Fv2%2Fmedia&parent=19736"}],"wp:term":[{"taxonomy":"category","embeddable":true,"href":"https:\/\/blog.sub.uni-hamburg.de\/index.php?rest_route=%2Fwp%2Fv2%2Fcategories&post=19736"},{"taxonomy":"post_tag","embeddable":true,"href":"https:\/\/blog.sub.uni-hamburg.de\/index.php?rest_route=%2Fwp%2Fv2%2Ftags&post=19736"}],"curies":[{"name":"wp","href":"https:\/\/api.w.org\/{rel}","templated":true}]}}