{"id":19576,"date":"2016-03-11T14:14:43","date_gmt":"2016-03-11T13:14:43","guid":{"rendered":"http:\/\/blog.sub.uni-hamburg.de\/?p=19576"},"modified":"2016-05-02T15:09:32","modified_gmt":"2016-05-02T13:09:32","slug":"klaus-peter-dencker-sehlektionen-visuelle-poesie-19-3-30-4","status":"publish","type":"post","link":"https:\/\/blog.sub.uni-hamburg.de\/?p=19576","title":{"rendered":"Klaus Peter Dencker \u2013 SEHLEKTIONEN &#8211; Visuelle Poesie (19.3.-30.4.)"},"content":{"rendered":"<p><a href=\"https:\/\/blog.sub.uni-hamburg.de\/wp-content\/uploads\/2016\/02\/Dencker-Plakat-gr.jpg\" rel=\"attachment wp-att-19244\"><img loading=\"lazy\" decoding=\"async\" src=\"https:\/\/blog.sub.uni-hamburg.de\/wp-content\/uploads\/2016\/02\/Dencker-Plakat-kl.jpg\" alt=\"Plakat 'Klaus Peter Dencker \u2013 SEHLEKTIONEN - Visuelle Poesie'\" title=\"Plakat 'Klaus Peter Dencker \u2013 SEHLEKTIONEN - Visuelle Poesie'\" width=\"350\" height=\"494\" class=\"alignright size-full wp-image-19244\" \/><\/a> Klaus-Peter Dencker gilt als einer der international wichtigsten Autoren der Visuellen Poesie. Zu seinem 75. Geburtstag zeigt die Stabi \u201eSEHLEKTIONEN\u201c seines Schaffens, die die Vielseitigkeit und unglaubliche Produktivit\u00e4t des K\u00fcnstlers widerspiegeln. Unter den etwa 30 Arbeiten finden sich viele neue Bilderr\u00e4tselpoesien Denckers in unterschiedlichsten Expressionen. Die Textbilder und Bild-Text-Objekte auf Einzelbl\u00e4ttern, Sequenzen oder Objekten bringen dem Besucher eine v\u00f6llig andere Facette der Kombination von Text und Bild, von Theorie\/Poesie und Visualisierung nahe. <\/p>\n<p>Dencker spielt mit literarischen oder philosophischen Inhalten, mit aktuellen Anl\u00e4ssen und Nachrichten, mit seinen eigenen Gedanken, er seziert, wie er selbst sagt, Sprache und W\u00f6rter, um f\u00fcr sich Neues zu erfahren. Er f\u00fcgt bildnerische Elemente hinzu, die einen starken symbolischen Charakter aufweisen, und erschafft quasi eine Bildpoesie, die an die historische Emblematik erinnert. Und das ist kein Zufall, sucht Dencker doch seit Jahrzehnten Vorbilder und Vorformen auch in der Historie, z.B. in barocken Gespr\u00e4chsspielen und Emblemdichtungen, wie sein 2011 erschienenes fast 1000seitiges Kompendium zur \u201eOptischen Poesie\u201c belegt.<br \/>\n<!--more--><\/p>\n<p><a href=\"https:\/\/blog.sub.uni-hamburg.de\/wp-content\/uploads\/2016\/02\/Klaus-Peter-Dencker-gr.jpg\" rel=\"attachment wp-att-19246\"><img loading=\"lazy\" decoding=\"async\" src=\"https:\/\/blog.sub.uni-hamburg.de\/wp-content\/uploads\/2016\/02\/Klaus-Peter-Dencker-kl.jpg\" alt=\"Klaus Peter Dencker\" title=\"Klaus Peter Dencker\" width=\"350\" height=\"435\" class=\"alignleft size-full wp-image-19246\" \/><\/a> Entsprechend m\u00f6chte Dencker sein Publikum anregen, sich selbst Geschichten zu seinen Textbildern zu erfinden: \u201e\u2026man muss auch mit den W\u00f6rtern spielen und basteln, den Leser auffordern, mitzuspielen an einem Gedicht.\u201c (Dencker 1966)<\/p>\n<p>Seit 2012 beherbergt die Stabi Denckers Bibliothek und sein Archiv zur Konkreten und Visuellen Poesie. Herzst\u00fcck der Sammlung sind Denckers k\u00fcnstlerische und literaturwissenschaftliche Arbeiten seit 2000. Daneben enth\u00e4lt sie auch seine umfangreiche Korrespondenz mit anderen weltweit agierenden, experimentellen Poeten sowie eine B\u00fcchersammlung mit \u00fcber 1.000 internationalen Publikationen zur Visuellen Poesie, darunter sehr seltene K\u00fcnstlerarbeiten sowie grundlegende Anthologien, die seit den 1950er Jahren erschienen sind, &#8211; Zeugnisse eines \u00fcber 50j\u00e4hrigen Ringens um eine literarisch\/k\u00fcnstlerische Ausdrucksform \u00fcber die Gattungsgrenzen hinweg.<\/p>\n<p><strong>Dauer der Ausstellung: 19. M\u00e4rz bis 30. April 2016<br \/>\nOrt: Ausstellungsraum, Erdgeschoss, der Eintritt ist frei.<\/strong><\/p>\n<p><a href=\"https:\/\/blog.sub.uni-hamburg.de\/wp-content\/uploads\/2016\/02\/Plakatgedicht-Textlandschaft-gr.jpg\" rel=\"attachment wp-att-19248\"><img loading=\"lazy\" decoding=\"async\" src=\"https:\/\/blog.sub.uni-hamburg.de\/wp-content\/uploads\/2016\/02\/Plakatgedicht-Textlandschaft-kl.jpg\" alt=\"Ausschnitt Plakatgedicht Textlandschaft\" title=\"Ausschnitt Plakatgedicht Textlandschaft\" width=\"640\" height=\"475\" class=\"alignnone size-full wp-image-19248\" \/><\/a><\/p>\n<p><strong>Er\u00f6ffnung der Ausstellung \u201eKlaus Peter Dencker \u2013 SEHLEKTIONEN &#8211; Visuelle Poesie\u201c<br \/>\nFreitag, 18. M\u00e4rz 2016, 18 Uhr<\/strong><br \/>\nMit einer Einf\u00fchrung von Prof. Dr. Horst Bredekamp, Humboldt-Universit\u00e4t zu Berlin<br \/>\nOrt: Vortragsraum, 1. Etage. Eintritt frei.<\/p>\n","protected":false},"excerpt":{"rendered":"<p>Klaus-Peter Dencker gilt als einer der international wichtigsten Autoren der Visuellen Poesie. Zu seinem 75. Geburtstag zeigt die Stabi \u201eSEHLEKTIONEN\u201c seines Schaffens, die die Vielseitigkeit und unglaubliche Produktivit\u00e4t des K\u00fcnstlers widerspiegeln. Unter den etwa 30 Arbeiten finden sich viele neue Bilderr\u00e4tselpoesien Denckers in unterschiedlichsten Expressionen. Die Textbilder und Bild-Text-Objekte auf Einzelbl\u00e4ttern, Sequenzen oder Objekten bringen [&hellip;]<\/p>\n","protected":false},"author":19,"featured_media":0,"comment_status":"open","ping_status":"open","sticky":false,"template":"","format":"standard","meta":{"jetpack_post_was_ever_published":false,"_jetpack_newsletter_access":"","_jetpack_dont_email_post_to_subs":false,"_jetpack_newsletter_tier_id":0,"_jetpack_memberships_contains_paywalled_content":false,"_jetpack_memberships_contains_paid_content":false,"footnotes":"","jetpack_publicize_message":"","jetpack_publicize_feature_enabled":true,"jetpack_social_post_already_shared":true,"jetpack_social_options":{"image_generator_settings":{"template":"highway","default_image_id":0,"font":"","enabled":false},"version":2}},"categories":[9],"tags":[],"class_list":["post-19576","post","type-post","status-publish","format-standard","hentry","category-ausstellungen"],"views":6375,"jetpack_publicize_connections":[],"jetpack_featured_media_url":"","jetpack_shortlink":"https:\/\/wp.me\/p7hfNR-55K","jetpack-related-posts":[{"id":30906,"url":"https:\/\/blog.sub.uni-hamburg.de\/?p=30906","url_meta":{"origin":19576,"position":0},"title":"Visuelle Poesie \u2013 Literatur und Kunst zugleich","author":"Anne Liewert","date":"22-03-21","format":false,"excerpt":"Zum 80. Geburtstag Klaus Peter Denckers Am 22. M\u00e4rz 2021 begeht die Kunst der Visuellen Poesie einen besonderen Festtag, da einer der international bedeutendsten Autoren dieser Gattung seinen 80. Geburtstag feiert: Klaus Peter Dencker, der mit der Stadt Hamburg und der Staats- und Universit\u00e4tsbibliothek eng verbunden ist, wurde 1941 in\u2026","rel":"","context":"In &quot;Hamburg&quot;","block_context":{"text":"Hamburg","link":"https:\/\/blog.sub.uni-hamburg.de\/?cat=17"},"img":{"alt_text":"","src":"https:\/\/i0.wp.com\/blog.sub.uni-hamburg.de\/wp-content\/uploads\/2021\/03\/GESCHICHTE_2010.jpg?resize=350%2C200&ssl=1","width":350,"height":200},"classes":[]},{"id":31518,"url":"https:\/\/blog.sub.uni-hamburg.de\/?p=31518","url_meta":{"origin":19576,"position":1},"title":"Trauer um Klaus Peter Dencker","author":"Anne Liewert","date":"28-06-21","format":false,"excerpt":"Am 18. Juni ist der Visuelle Poet Klaus Peter Dencker im Alter von 80 Jahren nach schwerer Krankheit verstorben. Dencker galt als einer der international bedeutendsten Autoren seiner Gattung und war bis zuletzt mit der Staats- und Universit\u00e4tsbibliothek Hamburg eng verbunden, die seit 2012 seine Bibliothek und sein Archiv zur\u2026","rel":"","context":"In &quot;Hamburg&quot;","block_context":{"text":"Hamburg","link":"https:\/\/blog.sub.uni-hamburg.de\/?cat=17"},"img":{"alt_text":"","src":"https:\/\/i0.wp.com\/blog.sub.uni-hamburg.de\/wp-content\/uploads\/2021\/03\/KPDencker_Verstehen_Vernissageimpressionen_DeniseWalter_26.jpg?resize=350%2C200&ssl=1","width":350,"height":200},"classes":[]},{"id":108,"url":"https:\/\/blog.sub.uni-hamburg.de\/?p=108","url_meta":{"origin":19576,"position":2},"title":"Visuelle Poesie &#8211; Ausstellung vom 30.3. &#8211; 13.5.06","author":"AC","date":"29-03-06","format":false,"excerpt":"In der Ausstellung Klaus Peter Dencker - Visuelle Poesie werden zum ersten Mal in Hamburg Arbeiten des international renommierten Praktikers und Theoretikers der Visuellen Poesie gezeigt. Seit dem \u00dcberblick \u00fcber sein Gesamtwerk (seit 1965) zum 60. Geburtstag im Hamburger Bahnhof\/Berlin 2001, insbesondere aber nach dem Ausscheiden aus dem Dienst der\u2026","rel":"","context":"In &quot;Ausstellungen und Veranstaltungen&quot;","block_context":{"text":"Ausstellungen und Veranstaltungen","link":"https:\/\/blog.sub.uni-hamburg.de\/?cat=9"},"img":{"alt_text":"","src":"","width":0,"height":0},"classes":[]},{"id":1368,"url":"https:\/\/blog.sub.uni-hamburg.de\/?p=1368","url_meta":{"origin":19576,"position":3},"title":"Jazz &#038; Unsinnspoesie (11.9.)","author":"BP","date":"24-08-09","format":false,"excerpt":"Am Freitag, dem 11. September setzen wir unsere Reihe \"Lyrik & Jazz\" fort. Der Autor und Visuelle Poet Klaus Peter Dencker liest aus seinen beiden im Reclam Verlag\/Stuttgart erschienenen B\u00fcchern \"Deutsche Unsinnspoesie\" und \"Poetische Sprachspiele\". Vom Mittelalter bis in die heutige Gegenwart hat Klaus Peter Dencker Texte gesammelt, die sprach-spielerisch\u2026","rel":"","context":"In &quot;Ausstellungen und Veranstaltungen&quot;","block_context":{"text":"Ausstellungen und Veranstaltungen","link":"https:\/\/blog.sub.uni-hamburg.de\/?cat=9"},"img":{"alt_text":"","src":"https:\/\/i0.wp.com\/blog.sub.uni-hamburg.de\/wp-content\/uploads\/2009\/08\/09-Dencker.JPG?resize=350%2C200&ssl=1","width":350,"height":200,"srcset":"https:\/\/i0.wp.com\/blog.sub.uni-hamburg.de\/wp-content\/uploads\/2009\/08\/09-Dencker.JPG?resize=350%2C200&ssl=1 1x, https:\/\/i0.wp.com\/blog.sub.uni-hamburg.de\/wp-content\/uploads\/2009\/08\/09-Dencker.JPG?resize=525%2C300&ssl=1 1.5x, https:\/\/i0.wp.com\/blog.sub.uni-hamburg.de\/wp-content\/uploads\/2009\/08\/09-Dencker.JPG?resize=700%2C400&ssl=1 2x, https:\/\/i0.wp.com\/blog.sub.uni-hamburg.de\/wp-content\/uploads\/2009\/08\/09-Dencker.JPG?resize=1050%2C600&ssl=1 3x, https:\/\/i0.wp.com\/blog.sub.uni-hamburg.de\/wp-content\/uploads\/2009\/08\/09-Dencker.JPG?resize=1400%2C800&ssl=1 4x"},"classes":[]},{"id":12760,"url":"https:\/\/blog.sub.uni-hamburg.de\/?p=12760","url_meta":{"origin":19576,"position":4},"title":"Jorge Amados Werk in Bildern von Isabel Flor\u00eancio Pape (7.10.-14.11.)","author":"Markus Trapp","date":"17-09-13","format":false,"excerpt":"Cenas do Cacau, Figuras de Amado Eine fotografische \u00dcbersetzung von Jorge Amados Werk in Bildern von Isabel Flor\u00eancio Pape 7. Oktober bis 14. November 2013 (Mo. bis Fr. 9-21, Sa. und So. 10-21 Uhr) Gang zum Lichthof, Staats- und Universit\u00e4tsbibliothek Hamburg Jorge Amado (1912-2001) ist einer der repr\u00e4sentativsten Schriftsteller Lateinamerikas\u2026","rel":"","context":"In &quot;Ausstellungen und Veranstaltungen&quot;","block_context":{"text":"Ausstellungen und Veranstaltungen","link":"https:\/\/blog.sub.uni-hamburg.de\/?cat=9"},"img":{"alt_text":"Jorge Amados Werk in Bildern von Isabel Flor\u00eancio Pape","src":"https:\/\/i0.wp.com\/blog.sub.uni-hamburg.de\/wp-content\/uploads\/2013\/09\/Amado3.jpg?resize=350%2C200&ssl=1","width":350,"height":200,"srcset":"https:\/\/i0.wp.com\/blog.sub.uni-hamburg.de\/wp-content\/uploads\/2013\/09\/Amado3.jpg?resize=350%2C200&ssl=1 1x, https:\/\/i0.wp.com\/blog.sub.uni-hamburg.de\/wp-content\/uploads\/2013\/09\/Amado3.jpg?resize=525%2C300&ssl=1 1.5x"},"classes":[]},{"id":11980,"url":"https:\/\/blog.sub.uni-hamburg.de\/?p=11980","url_meta":{"origin":19576,"position":5},"title":"Typoeten. Typographische Dichterportr\u00e4ts von Ralf Mauer (13.6.-26.7.)","author":"Markus Trapp","date":"29-05-13","format":false,"excerpt":"Der Ausdruck \u00bbhomme de lettres\u00ab bekommt durch die Schriftstellerportr\u00e4ts des Hamburger Graphik-Designers Ralf Mauer einen neuen Klang: Jedem Dichter hat er eine Schriftart gewidmet und ausschlie\u00dflich aus den Schriftzeichen ein verbl\u00fcffend \u00e4hnliches Portr\u00e4t gestaltet. Dadurch ist eine eindrucksvolle Galerie ber\u00fchmter Autorinnen und Autoren der Weltliteratur geschaffen worden \u2013 von Hans\u2026","rel":"","context":"In &quot;Ausstellungen und Veranstaltungen&quot;","block_context":{"text":"Ausstellungen und Veranstaltungen","link":"https:\/\/blog.sub.uni-hamburg.de\/?cat=9"},"img":{"alt_text":"","src":"https:\/\/i0.wp.com\/blog.sub.uni-hamburg.de\/wp-content\/uploads\/2013\/05\/plakat_typoeten-kl.jpg?resize=350%2C200&ssl=1","width":350,"height":200},"classes":[]}],"jetpack_sharing_enabled":true,"_links":{"self":[{"href":"https:\/\/blog.sub.uni-hamburg.de\/index.php?rest_route=\/wp\/v2\/posts\/19576","targetHints":{"allow":["GET"]}}],"collection":[{"href":"https:\/\/blog.sub.uni-hamburg.de\/index.php?rest_route=\/wp\/v2\/posts"}],"about":[{"href":"https:\/\/blog.sub.uni-hamburg.de\/index.php?rest_route=\/wp\/v2\/types\/post"}],"author":[{"embeddable":true,"href":"https:\/\/blog.sub.uni-hamburg.de\/index.php?rest_route=\/wp\/v2\/users\/19"}],"replies":[{"embeddable":true,"href":"https:\/\/blog.sub.uni-hamburg.de\/index.php?rest_route=%2Fwp%2Fv2%2Fcomments&post=19576"}],"version-history":[{"count":3,"href":"https:\/\/blog.sub.uni-hamburg.de\/index.php?rest_route=\/wp\/v2\/posts\/19576\/revisions"}],"predecessor-version":[{"id":19658,"href":"https:\/\/blog.sub.uni-hamburg.de\/index.php?rest_route=\/wp\/v2\/posts\/19576\/revisions\/19658"}],"wp:attachment":[{"href":"https:\/\/blog.sub.uni-hamburg.de\/index.php?rest_route=%2Fwp%2Fv2%2Fmedia&parent=19576"}],"wp:term":[{"taxonomy":"category","embeddable":true,"href":"https:\/\/blog.sub.uni-hamburg.de\/index.php?rest_route=%2Fwp%2Fv2%2Fcategories&post=19576"},{"taxonomy":"post_tag","embeddable":true,"href":"https:\/\/blog.sub.uni-hamburg.de\/index.php?rest_route=%2Fwp%2Fv2%2Ftags&post=19576"}],"curies":[{"name":"wp","href":"https:\/\/api.w.org\/{rel}","templated":true}]}}