{"id":19509,"date":"2016-02-03T12:44:30","date_gmt":"2016-02-03T11:44:30","guid":{"rendered":"http:\/\/blog.sub.uni-hamburg.de\/?p=19509"},"modified":"2016-02-19T10:01:49","modified_gmt":"2016-02-19T09:01:49","slug":"buchlesung-du-bist-das-volk-mit-uwe-knuepfer-9-2","status":"publish","type":"post","link":"https:\/\/blog.sub.uni-hamburg.de\/?p=19509","title":{"rendered":"Lesung &#8220;Du bist das Volk&#8221; mit Uwe Kn\u00fcpfer (9.2.)"},"content":{"rendered":"<p><img loading=\"lazy\" decoding=\"async\" style=\"float: right; padding-right: 0px; margin-left: 25px; margin-bottom: 25px;\" title=\"'Du bist das Volk' von Uwe Kn\u00fcpfer\" src=\"https:\/\/blog.sub.uni-hamburg.de\/wp-content\/uploads\/2016\/02\/dubistdasvolk.jpg\" alt=\"'Du bist das Volk' von Uwe Kn\u00fcpfer\" width=\"250\" height=\"360\" \/> <strong>Dienstag, 9. Februar | 19.00 Uhr<\/strong><br \/>\nVortragsraum, 1. Etage<\/p>\n<p>Was m\u00fcssen Kandidatinnen und Kandidaten mitbringen? Wie werden Anf\u00e4nger schnell wahrgenommen? Wie reagieren sie auf die \u00fcblichen Stammtisch- Vorw\u00fcrfe? Wie stecken sie fiese politische Angriffe weg? Warum k\u00f6nnen Journalisten niemals ihre Freunde werden? Was macht Politiker unsterblich?<\/p>\n<p>Die <a href=\"http:\/\/www.jusos-hamburg.de\">Jusos Hamburg<\/a> laden herzlich zur Buchlesung und anschlie\u00dfenden Diskussion mit dem ehemaligen Vorw\u00e4rts-Chefredakteur Uwe Kn\u00fcpfer ein, bei der einigen dieser Fragen auf den Grund gegangen werden soll.<\/p>\n<p>Uwe Kn\u00fcpfer wird sein Werk &#8220;Du bist das Volk &#8211; Eine Anleitung zum Politiker-Sein&#8221; vorstellen, aus seiner Zeit als Vorw\u00e4rts-Chefredakteur erz\u00e4hlen und mit den Teilnehmerinnen und Teilnehmern \u00fcber den Weg zum Politiker-Sein diskutieren.<\/p>\n<p>Als <strong>Ehrengast<\/strong> wird an diesem Abend <strong>Dr. Gabriele Beger<\/strong> als Leitende Direktorin der Staatsbibliothek Hamburg teilnehmen.<br \/>\n<!--more--><\/p>\n<p><strong>Ab 18.30 Uhr<\/strong> laden die Jusos Hamburg zum <strong>Empfang<\/strong>. Hier besteht die Gelegenheit mit Frau Dr. Beger, Herrn Uwe Kn\u00fcpfer und den Jusos ins Gespr\u00e4ch zu kommen.<\/p>\n<p><a href=\"https:\/\/blog.sub.uni-hamburg.de\/wp-content\/uploads\/2016\/02\/Uwe-Knuepfer-gr.jpg\" rel=\"attachment wp-att-19510\"><img loading=\"lazy\" decoding=\"async\" style=\"float: left; padding-left: 0px; margin-right: 25px; margin-bottom: 25px;\" title=\"Uwe Kn\u00fcpfer\" src=\"https:\/\/blog.sub.uni-hamburg.de\/wp-content\/uploads\/2016\/02\/Uwe-Knuepfer-kl.jpg\" alt=\"Uwe Kn\u00fcpfer\" width=\"250\" height=\"333\" \/><\/a> <strong>Worum geht&#8217;s in dem Buch?<\/strong><\/p>\n<p>Politiker haben ein schlechtes Image, werden gerne als L\u00fcgner oder Langweiler beschimpft. Trotzdem sind ihre Posten hei\u00df begehrt. Wer die n\u00f6tigen Nerven hat und keine Fehler macht, kann es schon in jungen Jahren weit bringen. Daf\u00fcr gibt&#8217;s keine Ausbildung, jetzt aber eine handwerkliche Anleitung: Der Journalist Uwe Kn\u00fcpfer erkl\u00e4rt in seinem neuen Buch &#8220;Du bist das Volk &#8211; Eine Anleitung zum Politiker-Sein&#8221;, wie politische Ein- und Aufsteiger an die Macht kommen und was sie daf\u00fcr unbedingt wissen m\u00fcssen, aber nie laut sagen sollten. Eine au\u00dfergew\u00f6hnliche Berufsberatung &#8211; klug, mit Humor und Hintersinn, oft politisch unkorrekt, aber erfrischend ehrlich.<\/p>\n<p><strong>Der Autor<\/strong><\/p>\n<p>Uwe Kn\u00fcpfer, Jahrgang 1955, war Reporter, politischer Redakteur, Auslandskorrespondent in Washington, Chefredakteur der &#8220;Westdeutschen Allgemeinen&#8221; und des &#8220;Vorw\u00e4rts&#8221;. Er lebt heute als freier Autor und Dozent in Berlin und Remagen.<\/p>\n<p><img loading=\"lazy\" decoding=\"async\" data-attachment-id=\"19513\" data-permalink=\"https:\/\/blog.sub.uni-hamburg.de\/?attachment_id=19513\" data-orig-file=\"https:\/\/blog.sub.uni-hamburg.de\/wp-content\/uploads\/2016\/02\/VA-Buchlesung-kl.jpg\" data-orig-size=\"550,207\" data-comments-opened=\"1\" data-image-meta=\"{&quot;aperture&quot;:&quot;0&quot;,&quot;credit&quot;:&quot;&quot;,&quot;camera&quot;:&quot;&quot;,&quot;caption&quot;:&quot;&quot;,&quot;created_timestamp&quot;:&quot;0&quot;,&quot;copyright&quot;:&quot;&quot;,&quot;focal_length&quot;:&quot;0&quot;,&quot;iso&quot;:&quot;0&quot;,&quot;shutter_speed&quot;:&quot;0&quot;,&quot;title&quot;:&quot;&quot;,&quot;orientation&quot;:&quot;0&quot;}\" data-image-title=\"VA-Buchlesung-kl\" data-image-description=\"\" data-image-caption=\"\" data-large-file=\"https:\/\/blog.sub.uni-hamburg.de\/wp-content\/uploads\/2016\/02\/VA-Buchlesung-kl.jpg\" class=\"alignnone size-full wp-image-19513\" title=\"Buchlesung 'Du bist das Volk' mit Uwe Kn\u00fcpfer\" src=\"https:\/\/blog.sub.uni-hamburg.de\/wp-content\/uploads\/2016\/02\/VA-Buchlesung-kl.jpg\" alt=\"Buchlesung 'Du bist das Volk' mit Uwe Kn\u00fcpfer\" width=\"550\" height=\"207\" srcset=\"https:\/\/blog.sub.uni-hamburg.de\/wp-content\/uploads\/2016\/02\/VA-Buchlesung-kl.jpg 550w, https:\/\/blog.sub.uni-hamburg.de\/wp-content\/uploads\/2016\/02\/VA-Buchlesung-kl-150x56.jpg 150w, https:\/\/blog.sub.uni-hamburg.de\/wp-content\/uploads\/2016\/02\/VA-Buchlesung-kl-300x113.jpg 300w\" sizes=\"auto, (max-width: 550px) 100vw, 550px\" \/><\/p>\n","protected":false},"excerpt":{"rendered":"<p>Dienstag, 9. Februar | 19.00 Uhr Vortragsraum, 1. Etage Was m\u00fcssen Kandidatinnen und Kandidaten mitbringen? Wie werden Anf\u00e4nger schnell wahrgenommen? Wie reagieren sie auf die \u00fcblichen Stammtisch- Vorw\u00fcrfe? Wie stecken sie fiese politische Angriffe weg? Warum k\u00f6nnen Journalisten niemals ihre Freunde werden? Was macht Politiker unsterblich? Die Jusos Hamburg laden herzlich zur Buchlesung und anschlie\u00dfenden [&hellip;]<\/p>\n","protected":false},"author":19,"featured_media":0,"comment_status":"open","ping_status":"open","sticky":false,"template":"","format":"standard","meta":{"jetpack_post_was_ever_published":false,"_jetpack_newsletter_access":"","_jetpack_dont_email_post_to_subs":false,"_jetpack_newsletter_tier_id":0,"_jetpack_memberships_contains_paywalled_content":false,"_jetpack_memberships_contains_paid_content":false,"footnotes":"","jetpack_publicize_message":"","jetpack_publicize_feature_enabled":true,"jetpack_social_post_already_shared":true,"jetpack_social_options":{"image_generator_settings":{"template":"highway","default_image_id":0,"font":"","enabled":false},"version":2}},"categories":[9],"tags":[],"class_list":["post-19509","post","type-post","status-publish","format-standard","hentry","category-ausstellungen"],"views":3338,"jetpack_publicize_connections":[],"jetpack_featured_media_url":"","jetpack_shortlink":"https:\/\/wp.me\/p7hfNR-54F","jetpack-related-posts":[{"id":22434,"url":"https:\/\/blog.sub.uni-hamburg.de\/?p=22434","url_meta":{"origin":19509,"position":0},"title":"Journalismus im postfaktischen Zeitalter &#8211; Teil der L\u00f6sung, Teil des Problems? Streitgespr\u00e4ch (11.4.)","author":"Markus Trapp","date":"06-04-17","format":false,"excerpt":"Die politische Gro\u00dfwetterlage hat sich innerhalb des letzten Jahres dramatisch ver\u00e4ndert, die Stimmung ist aufgeheizt: \u00d6ffentliche Debatten werden schneller und aggressiver gef\u00fchrt, \"Fake News\" entscheiden \u00fcber Wahlen, \"alternative Fakten\" \u00fcber Stammtischhoheit. Was bedeuten diese Entwicklungen f\u00fcr Gesellschaft und Demokratie? Welche Chancen hat der unabh\u00e4ngige Qualit\u00e4tsjournalismus in diesem Stimmungsgeflecht, seine Rolle\u2026","rel":"","context":"In &quot;Ausstellungen und Veranstaltungen&quot;","block_context":{"text":"Ausstellungen und Veranstaltungen","link":"https:\/\/blog.sub.uni-hamburg.de\/?cat=9"},"img":{"alt_text":"Heinrich-B\u00f6ll-Stiftung","src":"https:\/\/i0.wp.com\/blog.sub.uni-hamburg.de\/wp-content\/uploads\/2011\/02\/umdenken_Logo.jpg?resize=350%2C200&ssl=1","width":350,"height":200},"classes":[]},{"id":35941,"url":"https:\/\/blog.sub.uni-hamburg.de\/?p=35941","url_meta":{"origin":19509,"position":1},"title":"Diskussion: Neofaschistische Kulturrevolution \u2013 Italien, wie konnte das passieren? (12.6.)","author":"Markus Trapp","date":"30-05-23","format":false,"excerpt":"Montag, 12.6., 19 Uhr, Lichthof. Stra\u00dfen werden nach Faschist:innen benannt, Repra\u0308sentant:innen des Kulturbetriebs durch Neofaschist:innen ersetzt, kritische Journalist:innen eingeschu\u0308chtert, regierungsnahen Medien fu\u0308hren Kampagnen gegen Minderheiten \u2013 Italien unter Giorgia Meloni. Ist das noch Demokratie? Mit Francesca Melandri, Schriftstellerin, Laura Garavini, deutsch-italienische Politikerin und Giovanni di Lorenzo, Chefredakteur der ZEIT. Moderation:\u2026","rel":"","context":"In &quot;Ausstellungen und Veranstaltungen&quot;","block_context":{"text":"Ausstellungen und Veranstaltungen","link":"https:\/\/blog.sub.uni-hamburg.de\/?cat=9"},"img":{"alt_text":"","src":"https:\/\/i0.wp.com\/blog.sub.uni-hamburg.de\/wp-content\/uploads\/2023\/05\/IMG_7285-1.jpeg?resize=350%2C200&ssl=1","width":350,"height":200,"srcset":"https:\/\/i0.wp.com\/blog.sub.uni-hamburg.de\/wp-content\/uploads\/2023\/05\/IMG_7285-1.jpeg?resize=350%2C200&ssl=1 1x, https:\/\/i0.wp.com\/blog.sub.uni-hamburg.de\/wp-content\/uploads\/2023\/05\/IMG_7285-1.jpeg?resize=525%2C300&ssl=1 1.5x"},"classes":[]},{"id":26110,"url":"https:\/\/blog.sub.uni-hamburg.de\/?p=26110","url_meta":{"origin":19509,"position":2},"title":"Klopstock: Aufkl\u00e4rer, Revolution\u00e4r und Pietist (19.11.)","author":"Markus Trapp","date":"01-11-18","format":false,"excerpt":"Darf Klopstock als der \u201cerste Pop-Star\u201d der deutschen Literaturgeschichte gelten, wie Christian Soboth es letztes Jahr anl\u00e4sslich der Klopstock-Literaturtage in Halle an der Saale formulierte? Oder war er jener langweilige gravit\u00e4tische Olympier, als den Zeitgenosse Lessing ihn sah? Oder waren beide b\u00f6se Ungl\u00e4ubige, wie der Hamburger Hauptpastor Goeze Ende des\u2026","rel":"","context":"In &quot;Ausstellungen und Veranstaltungen&quot;","block_context":{"text":"Ausstellungen und Veranstaltungen","link":"https:\/\/blog.sub.uni-hamburg.de\/?cat=9"},"img":{"alt_text":"Uwe Friesel. Foto: \u00a9 Marti Corn, Texas","src":"https:\/\/i0.wp.com\/blog.sub.uni-hamburg.de\/wp-content\/uploads\/2018\/10\/Uwe-Friesel.jpg?resize=350%2C200&ssl=1","width":350,"height":200},"classes":[]},{"id":12013,"url":"https:\/\/blog.sub.uni-hamburg.de\/?p=12013","url_meta":{"origin":19509,"position":3},"title":"Portugal &#8211; im Angesicht der Krise (11.6.)","author":"Markus Trapp","date":"03-06-13","format":false,"excerpt":"Lange Zeit hat Portugal von seinem Eintritt in die EU 1986 profitiert und galt mit einem Wirtschaftswachstum von \u00fcber 3 % und niedriger Arbeitslosigkeit als Musterbeispiel f\u00fcr andere potenzielle Beitrittsl\u00e4nder. Ab 2005 und versch\u00e4rft durch die Finanz- und Wirtschaftskrise zeichnet sich jedoch ein anderes wirtschaftliches und gesellschaftspolitisches Bild ab: Portugal\u2026","rel":"","context":"In &quot;Ausstellungen und Veranstaltungen&quot;","block_context":{"text":"Ausstellungen und Veranstaltungen","link":"https:\/\/blog.sub.uni-hamburg.de\/?cat=9"},"img":{"alt_text":"Heinrich-B\u00f6ll-Stiftung","src":"https:\/\/i0.wp.com\/blog.sub.uni-hamburg.de\/wp-content\/uploads\/2011\/02\/umdenken_Logo.jpg?resize=350%2C200&ssl=1","width":350,"height":200},"classes":[]},{"id":9770,"url":"https:\/\/blog.sub.uni-hamburg.de\/?p=9770","url_meta":{"origin":19509,"position":4},"title":"\u00dcber die Zukunft des Qualit\u00e4tsjournalismus im Internetzeitalter (15.11.)","author":"Markus Trapp","date":"08-11-12","format":false,"excerpt":"Qualit\u00e4t setzt sich durch? \u00dcber die Zukunft des Qualit\u00e4tsjournalismus im Internetzeitalter. Antworten auf diese und weitere Fragen suchen Lars Haider, Chefredakteur des Hamburger Abendblatts und Burkhardt M\u00fcller-S\u00f6nksen, medienpolitischer Sprecher der FDP-Bundestagsfraktion, in einem Podiumsgespr\u00e4ch zur Zukunft des Qualit\u00e4tsjournalismus im digitalen Zeitalter. Am Donnerstag, den 15. November 2012, um 18 Uhr\u2026","rel":"","context":"In &quot;Ausstellungen und Veranstaltungen&quot;","block_context":{"text":"Ausstellungen und Veranstaltungen","link":"https:\/\/blog.sub.uni-hamburg.de\/?cat=9"},"img":{"alt_text":"Podiumsgespr\u00e4ch zur Zukunft des Qualit\u00e4tsjournalismus im digitalen Zeitalter","src":"https:\/\/i0.wp.com\/blog.sub.uni-hamburg.de\/wp-content\/uploads\/2012\/11\/medpol-podium-fdp.jpg?resize=350%2C200&ssl=1","width":350,"height":200},"classes":[]},{"id":38734,"url":"https:\/\/blog.sub.uni-hamburg.de\/?p=38734","url_meta":{"origin":19509,"position":5},"title":"Lesung und Diskussion: \u201eDas Ende der Pressefreiheit\u201c (14.10.)","author":"Markus Trapp","date":"01-10-24","format":false,"excerpt":"Montag, 14.10., 19 Uhr, Lichthof Ein \u201eWeltb\u00fchne\u201c-Abend in der Hamburger Woche der Pressefreiheit. Die Gleichschaltung der Medien, die die Nazis 1933 durchsetzten, zeichnete sich bereits in der Weimarer Republik \u00fcber viele Jahre hinweg ab. Carl von Ossietzky, Chefredakteur der legend\u00e4ren \u201eWeltb\u00fchne\u201c und Namensgeber der Staats- und Universit\u00e4tsbibliothek Hamburg, prognostizierte in\u2026","rel":"","context":"In &quot;Ausstellungen und Veranstaltungen&quot;","block_context":{"text":"Ausstellungen und Veranstaltungen","link":"https:\/\/blog.sub.uni-hamburg.de\/?cat=9"},"img":{"alt_text":"","src":"https:\/\/i0.wp.com\/blog.sub.uni-hamburg.de\/wp-content\/uploads\/2024\/09\/lichthof-weltbuehne.jpg?resize=350%2C200&ssl=1","width":350,"height":200,"srcset":"https:\/\/i0.wp.com\/blog.sub.uni-hamburg.de\/wp-content\/uploads\/2024\/09\/lichthof-weltbuehne.jpg?resize=350%2C200&ssl=1 1x, https:\/\/i0.wp.com\/blog.sub.uni-hamburg.de\/wp-content\/uploads\/2024\/09\/lichthof-weltbuehne.jpg?resize=525%2C300&ssl=1 1.5x"},"classes":[]}],"jetpack_sharing_enabled":true,"_links":{"self":[{"href":"https:\/\/blog.sub.uni-hamburg.de\/index.php?rest_route=\/wp\/v2\/posts\/19509","targetHints":{"allow":["GET"]}}],"collection":[{"href":"https:\/\/blog.sub.uni-hamburg.de\/index.php?rest_route=\/wp\/v2\/posts"}],"about":[{"href":"https:\/\/blog.sub.uni-hamburg.de\/index.php?rest_route=\/wp\/v2\/types\/post"}],"author":[{"embeddable":true,"href":"https:\/\/blog.sub.uni-hamburg.de\/index.php?rest_route=\/wp\/v2\/users\/19"}],"replies":[{"embeddable":true,"href":"https:\/\/blog.sub.uni-hamburg.de\/index.php?rest_route=%2Fwp%2Fv2%2Fcomments&post=19509"}],"version-history":[{"count":5,"href":"https:\/\/blog.sub.uni-hamburg.de\/index.php?rest_route=\/wp\/v2\/posts\/19509\/revisions"}],"predecessor-version":[{"id":19520,"href":"https:\/\/blog.sub.uni-hamburg.de\/index.php?rest_route=\/wp\/v2\/posts\/19509\/revisions\/19520"}],"wp:attachment":[{"href":"https:\/\/blog.sub.uni-hamburg.de\/index.php?rest_route=%2Fwp%2Fv2%2Fmedia&parent=19509"}],"wp:term":[{"taxonomy":"category","embeddable":true,"href":"https:\/\/blog.sub.uni-hamburg.de\/index.php?rest_route=%2Fwp%2Fv2%2Fcategories&post=19509"},{"taxonomy":"post_tag","embeddable":true,"href":"https:\/\/blog.sub.uni-hamburg.de\/index.php?rest_route=%2Fwp%2Fv2%2Ftags&post=19509"}],"curies":[{"name":"wp","href":"https:\/\/api.w.org\/{rel}","templated":true}]}}