{"id":19483,"date":"2016-02-01T11:33:27","date_gmt":"2016-02-01T10:33:27","guid":{"rendered":"http:\/\/blog.sub.uni-hamburg.de\/?p=19483"},"modified":"2016-03-24T13:24:59","modified_gmt":"2016-03-24T12:24:59","slug":"stellenausschreibung-gruppenleitung-ausleihzentrum-und-magazine-e9","status":"publish","type":"post","link":"https:\/\/blog.sub.uni-hamburg.de\/?p=19483","title":{"rendered":"Stellenausschreibung: Gruppenleitung Ausleihzentrum und Magazine (E9)"},"content":{"rendered":"<p>An der Staats- und Universit\u00e4tsbibliothek Hamburg Carl von Ossietzky ist zum n\u00e4chstm\u00f6glichen Zeitpunkt folgende befristete Stelle zu besetzen:<\/p>\n<p><img loading=\"lazy\" decoding=\"async\" class=\" size-full wp-image-15360 alignright\" src=\"https:\/\/blog.sub.uni-hamburg.de\/wp-content\/uploads\/2014\/07\/stabilogo-150.jpg\" alt=\"stabilogo-150\" width=\"150\" height=\"104\" \/><\/p>\n<p><strong>Tarifbesch\u00e4ftigte \/ Tarifbesch\u00e4ftigter E 9<\/strong><\/p>\n<h3>Gruppenleitung Ausleihzentrum und Magazine<\/h3>\n<p>F\u00fchrungsposition: ja<br \/>\nArbeitsumfang: Vollzeit auch teilzeitgeeignet<br \/>\nBesetzungstermin: \t\tzum 12.04.2016<br \/>\nBesch\u00e4ftigungsdauer: \t\tbis zum 11.08.2017<br \/>\n<strong>Bewerbungsschluss: <del datetime=\"2016-02-25T15:37:27+00:00\">25.02.2016<\/del> (Update:) verl\u00e4ngert bis 17.3.2016<\/strong><\/p>\n<p>Ausf\u00fchrliche Informationen zur Bewerbung entnehmen Sie bitte diesem <a href=\"https:\/\/blog.sub.uni-hamburg.de\/wp-content\/uploads\/2016\/02\/B-11_E9.pdf\">PDF<\/a>.<\/p>\n<p><strong>Ihre Aufgaben<\/strong><!--more--><\/p>\n<ul>\n<li>Sie leiten die Gruppe Ausleihzentrum und Magazine in der Abteilung Service der Hauptabteilung Benutzungsdienste einschlie\u00dflich der Dienst- und Fachaufsicht in Zusammenarbeit mit der Abteilungsleitung.<\/li>\n<li>Sie sind f\u00fcr Schulungen, f\u00fcr die Koordinierung von Projekt- und Standardaufgaben und die Aufrechterhaltung des Betriebs des Ausleihzentrums, der Magazine und der Speicherbibliothek Hamburg zust\u00e4ndig.<\/li>\n<li>Sie sind f\u00fcr die Erstellung der Dienstpl\u00e4ne verantwortlich.<\/li>\n<li>Sie sind f\u00fcr Qualit\u00e4tsmanagement sowie Systemanalyse und Betriebssteuerung in Ihrem Bereich zust\u00e4ndig und arbeiten f\u00fcr Statistiken und Jahresberichte zu.<\/li>\n<li>Sie verantworten den effizienten Ablauf aller mit der Medienbereitstellung und -ausleihe verbundenen Gesch\u00e4ftsg\u00e4nge im Magazin und im Ausleihzentrum.\n<\/li>\n<li>Im Bereich der Ortsleihe und des allgemeinen Benutzungsdienstes entscheiden Sie schwierige Nutzungsf\u00e4lle und beraten andere Mitarbeiterinnen und Mitarbeiter.<\/li>\n<li>Sie beteiligen sich aktiv und im engen Austausch mit Vorgesetzten und den anderen Gruppenleiterinnen an der Weiterentwicklung der Hauptabteilung Benutzungsdienste.<\/li>\n<li>Sie leisten Dienste im Publikumsbereich und \u00fcbernehmen F\u00fchrungen und Benutzerschulungen.<\/li>\n<\/ul>\n<p><strong>Ihre Qualifikation<\/strong><\/p>\n<ul>\n<li>Sie haben ein erfolgreich abgeschlossenes Studium(Diplom oder Bachelor) im Bereich Bibliotheks- und Informationswesen bzw. FH-Diplom wissenschaftliche Bibliotheken.<\/li>\n<li>Sie bringen mehrj\u00e4hrige Berufserfahrungen im Nutzungsbereich gro\u00dfer wissenschaftlicher Bibliotheken mit.<\/li>\n<li>Sie verf\u00fcgen \u00fcber Erfahrungen in der Personalf\u00fchrung.<\/li>\n<li>Sie haben in der Praxis erworbene gute Kenntnisse der Organisation von Bibliotheksmagazinen, insbesondere auch im Bereich Logistik, Stellraumplanung und Umzugsmanagement.<\/li>\n<li>Sie haben fundierte Kenntnisse einschl\u00e4giger bibliothekarischer Software (vorzugsweise Pica).<\/li>\n<li>Sie haben sehr gute Anwenderkenntnisse der EDV (Office-Programme).<\/li>\n<\/ul>\n<p><strong>Ihre F\u00e4higkeiten<\/strong><\/p>\n<ul>\n<li>Sie sind in der Lage, eine gro\u00dfe Arbeitsgruppe zu leiten, deren Arbeit zu organisieren, zu koordinieren und dieses in den Zusammenhang der Bibliothek zu stellen.\n<\/li>\n<li>Sie besitzen eine hohe soziale Kompetenz im Umgang mit Mitarbeiterinnen bzw. Mitarbeiter und Kunden und k\u00f6nnen mit Stress umgehen.\n<\/li>\n<li>Sie arbeiten selbstst\u00e4ndig und verantwortungsbewusst.\n<\/li>\n<li>Sie haben die F\u00e4higkeit zum planerischen und konzeptionellen Arbeiten, verf\u00fcgen \u00fcber Organisationstalent und Kreativit\u00e4t.\n<\/li>\n<li>Sie sind dienstleistungs- und kundenorientiert.\n<\/li>\n<li>Sie besitzen ein hohes Ma\u00df an Belastbarkeit und Flexibilit\u00e4t und sind teamf\u00e4hig.\n<\/li>\n<li>Sie sind in der Lage, die Einf\u00fchrung neuer Arbeitsvorg\u00e4nge und Systeme konstruktiv und zielorientiert zu begleiten.\n<\/li>\n<li>Sie sind bereit zur \u00dcbernahme von Sp\u00e4t- und Sonnabenddiensten.<\/li>\n<\/ul>\n<p><strong>Wir freuen uns auf Ihre Bewerbung!<\/strong><\/p>\n<p>Ausk\u00fcnfte erteilt:<br \/>\nFrau Sabine Hitzler: Tel.: 040\/42838-5872<br \/>\n<a href=\"mailto:hitzler@sub.uni-hamburg.de\">hitzler@sub.uni-hamburg.de<\/a> <\/p>\n<p>Bitte stellen Sie insbesondere dar, inwieweit Sie das Anforderungsprofil erf\u00fcllen und senden Sie Ihre aussagekr\u00e4ftige Bewerbung <strong>unter Angabe des Leitzeichens B11<\/strong><\/p>\n<ul>\n<li>mit einem tabellarischen Lebenslauf,<\/li>\n<li>mit einer aktuellen Beurteilung bzw. einem aktuellen Zeugnis (siehe unten),<\/li>\n<li>mit relevanten Fortbildungsnachweisen,<\/li>\n<li>m\u00f6glichst unter Angabe einer privaten E-Mail-Adresse sowie<\/li>\n<li>nur bei Bewerberinnen und Bewerbern aus dem \u00f6ffentlichen Dienst: mit einer Einverst\u00e4ndniserkl\u00e4rung zur Einsichtnahme in Ihre Personalakte (unter Angabe der personalaktenf\u00fchrenden Stelle)<\/li>\n<\/ul>\n<p>an die<\/p>\n<p><strong><br \/>\nStaats- und Universit\u00e4tsbibliothek Hamburg Carl von Ossietzky<br \/>\nSekretariat<br \/>\nVon-Melle-Park 3<br \/>\n20146 Hamburg.<\/strong><\/p>\n<p>Bitte reichen Sie nur Kopien ohne Mappen u. \u00e4. ein, da die Bewerbungsunterlagen aus Kostengr\u00fcnden nicht zur\u00fcckgesandt werden.<\/p>\n<p><strong>Allgemeine Hinweise<\/strong><\/p>\n<p>Hamburg ist eine weltoffene und vielf\u00e4ltige Stadt. Diese Vielfalt soll sich in der hamburgischen Verwaltung widerspiegeln, um die Dienstleistungen f\u00fcr unsere B\u00fcrgerinnen und B\u00fcrger optimal erbringen zu k\u00f6nnen.<\/p>\n<p>Als Arbeitgeber begr\u00fc\u00dfen wir ausdr\u00fccklich die Bewerbungen von Menschen mit Migrationshintergrund.<\/p>\n<p>Schwerbehinderte und ihnen gleichgestellte behinderte Menschen haben Vorrang vor gesetzlich nicht bevorrechtigten Bewerberinnen und Bewerbern gleicher Eignung, Bef\u00e4higung und fachlicher Leistung.<\/p>\n<p>Die Freie und Hansestadt Hamburg f\u00f6rdert die Gleichstellung von Frauen und M\u00e4nnern. In dem Bereich, f\u00fcr den diese Stelle ausgeschrieben wird, sind M\u00e4nner unterrepr\u00e4sentiert (\u00a7 3 Abs. 1 und 3 des Hamburgischen Gleichstellungsgesetzes (HmbGleiG)). <strong>Wir fordern M\u00e4nner daher ausdr\u00fccklich auf, sich zu bewerben. Sie werden bei gleicher Eignung, Bef\u00e4higung und fachlicher Leistung vorrangig ber\u00fccksichtigt.<\/strong><\/p>\n","protected":false},"excerpt":{"rendered":"<p>An der Staats- und Universit\u00e4tsbibliothek Hamburg Carl von Ossietzky ist zum n\u00e4chstm\u00f6glichen Zeitpunkt folgende befristete Stelle zu besetzen: Tarifbesch\u00e4ftigte \/ Tarifbesch\u00e4ftigter E 9 Gruppenleitung Ausleihzentrum und Magazine F\u00fchrungsposition: ja Arbeitsumfang: Vollzeit auch teilzeitgeeignet Besetzungstermin: zum 12.04.2016 Besch\u00e4ftigungsdauer: bis zum 11.08.2017 Bewerbungsschluss: 25.02.2016 (Update:) verl\u00e4ngert bis 17.3.2016 Ausf\u00fchrliche Informationen zur Bewerbung entnehmen Sie bitte diesem PDF. [&hellip;]<\/p>\n","protected":false},"author":19,"featured_media":0,"comment_status":"open","ping_status":"open","sticky":false,"template":"","format":"standard","meta":{"jetpack_post_was_ever_published":false,"_jetpack_newsletter_access":"","_jetpack_dont_email_post_to_subs":false,"_jetpack_newsletter_tier_id":0,"_jetpack_memberships_contains_paywalled_content":false,"_jetpack_memberships_contains_paid_content":false,"footnotes":"","jetpack_publicize_message":"","jetpack_publicize_feature_enabled":true,"jetpack_social_post_already_shared":true,"jetpack_social_options":{"image_generator_settings":{"template":"highway","default_image_id":0,"font":"","enabled":false},"version":2}},"categories":[1],"tags":[],"class_list":["post-19483","post","type-post","status-publish","format-standard","hentry","category-1"],"views":4101,"jetpack_publicize_connections":[],"jetpack_featured_media_url":"","jetpack_shortlink":"https:\/\/wp.me\/p7hfNR-54f","jetpack-related-posts":[{"id":25074,"url":"https:\/\/blog.sub.uni-hamburg.de\/?p=25074","url_meta":{"origin":19483,"position":0},"title":"Stellenausschreibung: Mitarbeit im Bereich Ausleihzentrum, Magazine, Speicherbibliothek Hamburg in Bergedorf (E5)","author":"Markus Trapp","date":"01-06-18","format":false,"excerpt":"An der Staats- und Universit\u00e4tsbibliothek Hamburg Carl von Ossietzky sind folgende unbefristete Stellen zu besetzen. Wir suchen drei engagierte\/n Mitarbeiter\/in f\u00fcr f\u00fcr die T\u00e4tigkeit im Ausleihzentrum und in den Magazinen. Sie arbeiten team- und kundenorientiert in einem sich wandelnden wissenschaftlichen Umfeld und bekommen die Gelegenheit, Ihre Fachkenntnisse einzubringen und fortzuentwickeln:\u2026","rel":"","context":"In &quot;Aktuelles&quot;","block_context":{"text":"Aktuelles","link":"https:\/\/blog.sub.uni-hamburg.de\/?cat=1"},"img":{"alt_text":"Logo Stabi Hamburg","src":"https:\/\/i0.wp.com\/blog.sub.uni-hamburg.de\/wp-content\/uploads\/2014\/07\/stabilogo-150.jpg?resize=350%2C200&ssl=1","width":350,"height":200},"classes":[]},{"id":13075,"url":"https:\/\/blog.sub.uni-hamburg.de\/?p=13075","url_meta":{"origin":19483,"position":1},"title":"Stellenausschreibung Bibliotheksamtfrau \/ -mann (A 11)","author":"Markus Trapp","date":"04-11-13","format":false,"excerpt":"An der Staats- und Universit\u00e4tsbibliothek Hamburg Carl von Ossietzky ist zum n\u00e4chstm\u00f6glichen Zeitpunkt folgende unbefristete Stelle zu besetzen: Bibliotheksamtfrau \/ -mann Bes. Gr. A 11 T\u00e4tigkeitsbezeichnung: Gruppenleitung Ausleihzentrum und Magazine Bewerbungsschluss: 22.11.2013 (Update: verl\u00e4ngert bis 03.01.2014) Sie suchen eine abwechslungsreiche T\u00e4tigkeit in einer gro\u00dfen und dynamischen Wissenschaftlichen Bibliothek im Herzen\u2026","rel":"","context":"In &quot;Aktuelles&quot;","block_context":{"text":"Aktuelles","link":"https:\/\/blog.sub.uni-hamburg.de\/?cat=1"},"img":{"alt_text":"Stabi-Logo","src":"https:\/\/i0.wp.com\/blog.sub.uni-hamburg.de\/wp-content\/uploads\/2013\/10\/StabiLogo-gr-300x210.jpg?resize=350%2C200&ssl=1","width":350,"height":200},"classes":[]},{"id":40684,"url":"https:\/\/blog.sub.uni-hamburg.de\/?p=40684","url_meta":{"origin":19483,"position":2},"title":"Stellenausschreibung: Stellvertretende Gruppenleitung Ausleihzentrum und Magazine (E10)","author":"Markus Trapp","date":"26-08-25","format":false,"excerpt":"In der Staats- und Universit\u00e4tsbibliothek Hamburg ist schnellstm\u00f6glich folgende Stelle zu besetzen: Stellvertretende Gruppenleitung Ausleihzentrum und Magazine Die Stelle ist: unbefristet Vollzeit\/Teilzeit Stellennummer: Kennziffer B 11 V Die Ausschreibung richtet sich an: Alle Interessierten Entgelt-\/Besoldungsgruppe: EG 10 TV-L Bewerbungsschluss: 15.09.2025 Ausf\u00fchrliche Informationen zur Bewerbung entnehmen Sie bitte diesem PDF. Ihre\u2026","rel":"","context":"In &quot;Aktuelles&quot;","block_context":{"text":"Aktuelles","link":"https:\/\/blog.sub.uni-hamburg.de\/?cat=1"},"img":{"alt_text":"Logo Stabi Hamburg","src":"https:\/\/i0.wp.com\/blog.sub.uni-hamburg.de\/wp-content\/uploads\/2014\/07\/stabilogo-150.jpg?resize=350%2C200&ssl=1","width":350,"height":200},"classes":[]},{"id":27625,"url":"https:\/\/blog.sub.uni-hamburg.de\/?p=27625","url_meta":{"origin":19483,"position":3},"title":"Stellenausschreibung: Fachangestellte\/r f\u00fcr Medien und Informationsdienste (E5)","author":"Markus Trapp","date":"02-08-19","format":false,"excerpt":"In der Staats- und Universit\u00e4tsbibliothek Hamburg ist schnellstm\u00f6glich folgende Stelle zu besetzen: Fachangestellte\/r (m\/w\/d) f\u00fcr Medien und Informationsdienste, Fachrichtung Bibliothek Die Stelle ist: unbefristet. Vollzeit auch teilzeitgeeignet. ohne F\u00fchrungsfunktion. Stellennummer: 192591 Die Ausschreibung richtet sich an: Alle Interessierten Entgelt-\/Besoldungsgruppe: (Tarifbesch\u00e4ftigte): EGr. 5 TV-L Bewerbungsschluss: 29.08.2019 verl\u00e4ngert bis 12.09.2019 Ausf\u00fchrliche Informationen\u2026","rel":"","context":"In &quot;Aktuelles&quot;","block_context":{"text":"Aktuelles","link":"https:\/\/blog.sub.uni-hamburg.de\/?cat=1"},"img":{"alt_text":"Logo Stabi Hamburg","src":"https:\/\/i0.wp.com\/blog.sub.uni-hamburg.de\/wp-content\/uploads\/2014\/07\/stabilogo-150.jpg?resize=350%2C200&ssl=1","width":350,"height":200},"classes":[]},{"id":27631,"url":"https:\/\/blog.sub.uni-hamburg.de\/?p=27631","url_meta":{"origin":19483,"position":4},"title":"Stellenausschreibung: Fachangestellte\/r f\u00fcr Medien und Informationsdienste (E5, befristet)","author":"Markus Trapp","date":"02-08-19","format":false,"excerpt":"In der Staats- und Universit\u00e4tsbibliothek Hamburg ist schnellstm\u00f6glich folgende Stelle zu besetzen: Fachangestellte\/r (m\/w\/d) f\u00fcr Medien und Informationsdienste, Fachrichtung Bibliothek Die Stelle ist: befristet bis zum 31.12.2020. Vollzeit auch teilzeitgeeignet. ohne F\u00fchrungsfunktion. Stellennummer: 192591 Die Ausschreibung richtet sich an: Alle Interessierten Entgelt-\/Besoldungsgruppe: (Tarifbesch\u00e4ftigte): EGr. 5 (Fg. 1) TV-L Bewerbungsschluss: 29.08.2019\u2026","rel":"","context":"In &quot;Aktuelles&quot;","block_context":{"text":"Aktuelles","link":"https:\/\/blog.sub.uni-hamburg.de\/?cat=1"},"img":{"alt_text":"Logo Stabi Hamburg","src":"https:\/\/i0.wp.com\/blog.sub.uni-hamburg.de\/wp-content\/uploads\/2014\/07\/stabilogo-150.jpg?resize=350%2C200&ssl=1","width":350,"height":200},"classes":[]},{"id":12649,"url":"https:\/\/blog.sub.uni-hamburg.de\/?p=12649","url_meta":{"origin":19483,"position":5},"title":"Bewerbungsfrist Stellenausschreibung Gruppenleiter\/-in verl\u00e4ngert (16.10.)","author":"Markus Trapp","date":"10-09-13","format":false,"excerpt":"F\u00fcr folgende Stellenausschreibung wurde die Bewerbungsfrist bis zum 16. Oktober 2013 verl\u00e4ngert: Die Staats- und Universit\u00e4tsbibliothek Hamburg sucht zum n\u00e4chstm\u00f6glichen Termin in der Hauptabteilung Collectionen, Bestandsaufbau, Katalogdienste eine\/n Gruppenleiter\/-in Bibliotheksamtfrau bzw. Bibliotheksamtmann A11 oder Tarifbesch\u00e4ftigte bzw. Tarifbesch\u00e4ftigter E10 Ihre Aufgaben Ihr Aufgabengebiet erstreckt sich von Klopstocks Locke bis zum Digitalisat\u2026","rel":"","context":"In &quot;Aktuelles&quot;","block_context":{"text":"Aktuelles","link":"https:\/\/blog.sub.uni-hamburg.de\/?cat=1"},"img":{"alt_text":"gruppenleiter-102013","src":"https:\/\/i0.wp.com\/blog.sub.uni-hamburg.de\/wp-content\/uploads\/2013\/09\/gruppenleiter-102013.jpg?resize=350%2C200&ssl=1","width":350,"height":200},"classes":[]}],"jetpack_sharing_enabled":true,"_links":{"self":[{"href":"https:\/\/blog.sub.uni-hamburg.de\/index.php?rest_route=\/wp\/v2\/posts\/19483","targetHints":{"allow":["GET"]}}],"collection":[{"href":"https:\/\/blog.sub.uni-hamburg.de\/index.php?rest_route=\/wp\/v2\/posts"}],"about":[{"href":"https:\/\/blog.sub.uni-hamburg.de\/index.php?rest_route=\/wp\/v2\/types\/post"}],"author":[{"embeddable":true,"href":"https:\/\/blog.sub.uni-hamburg.de\/index.php?rest_route=\/wp\/v2\/users\/19"}],"replies":[{"embeddable":true,"href":"https:\/\/blog.sub.uni-hamburg.de\/index.php?rest_route=%2Fwp%2Fv2%2Fcomments&post=19483"}],"version-history":[{"count":7,"href":"https:\/\/blog.sub.uni-hamburg.de\/index.php?rest_route=\/wp\/v2\/posts\/19483\/revisions"}],"predecessor-version":[{"id":19641,"href":"https:\/\/blog.sub.uni-hamburg.de\/index.php?rest_route=\/wp\/v2\/posts\/19483\/revisions\/19641"}],"wp:attachment":[{"href":"https:\/\/blog.sub.uni-hamburg.de\/index.php?rest_route=%2Fwp%2Fv2%2Fmedia&parent=19483"}],"wp:term":[{"taxonomy":"category","embeddable":true,"href":"https:\/\/blog.sub.uni-hamburg.de\/index.php?rest_route=%2Fwp%2Fv2%2Fcategories&post=19483"},{"taxonomy":"post_tag","embeddable":true,"href":"https:\/\/blog.sub.uni-hamburg.de\/index.php?rest_route=%2Fwp%2Fv2%2Ftags&post=19483"}],"curies":[{"name":"wp","href":"https:\/\/api.w.org\/{rel}","templated":true}]}}