{"id":19479,"date":"2016-02-01T10:22:26","date_gmt":"2016-02-01T09:22:26","guid":{"rendered":"http:\/\/blog.sub.uni-hamburg.de\/?p=19479"},"modified":"2016-02-25T16:39:17","modified_gmt":"2016-02-25T15:39:17","slug":"55-ratstreffen-und-5-hamburger-waermedialog","status":"publish","type":"post","link":"https:\/\/blog.sub.uni-hamburg.de\/?p=19479","title":{"rendered":"Ratstreffen und Hamburger W\u00e4rmedialog (23.2.)"},"content":{"rendered":"<p><a href=\"http:\/\/www.zukunftsrat.de\/\" rel=\"attachment wp-att-19481\"><img loading=\"lazy\" decoding=\"async\" src=\"https:\/\/blog.sub.uni-hamburg.de\/wp-content\/uploads\/2016\/02\/zukunftsrathh.jpg\" alt=\"Zukunftsrat Hamburg\" title=\"Zukunftsrat Hamburg\" width=\"550\" height=\"123\" style=\"float: none;\" \/><\/a><\/p>\n<p><strong>Am Dienstag, 23.2.16 findet ab 19 Uhr im Vortragsraum, 1. Etage,<br \/>\ndas 55. Ratstreffen und der 5. Hamburger W\u00e4rmedialog statt.<\/strong><\/p>\n<p>Die Diskussion \u00fcber das W\u00e4rmeversorgungskonzept f\u00fcr Hamburg geht weiter. Der <a href=\"http:\/\/www.zukunftsrat.de\/\">Zukunftsrat Hamburg<\/a> und die <a href=\"http:\/\/www.energienetz-hamburg.de\/\">EnergieNetz Hamburg e.G.<\/a> setzen deshalb die \u00f6ffentliche Podiumsdiskussion \u00fcber den Stand des Fernw\u00e4rmenetzr\u00fcckkaufs, die derzeitigen Pl\u00e4ne des Senats und insbesondere \u00fcber aktuelle Themen fort:<\/p>\n<ul>\n<li>Fernw\u00e4rmestrategie f\u00fcr Hamburgs Westen: Wie geht es weiter am Kraftwerksstandort Wedel?<\/li>\n<li>Welche L\u00f6sungen pr\u00e4ferieren das Unternehmen Vattenfall und der Hamburger Senat f\u00fcr die zuk\u00fcnftige W\u00e4rmeversorgung im Westen?<\/li>\n<li>Ist der Standort Stellinger Moor eine Alternative f\u00fcr eine neue Erzeugungsanlage oder gibt es weitere Ideen?<\/li>\n<li>Aktuelle Planungen der Stadtreinigung Hamburg?<\/li>\n<li>Welche neuen klimafreundlichen Fernw\u00e4rmeerzeugungsanlagen auf der Basis erneuerbaren Energien sind f\u00fcr Hamburg angedacht?<\/li>\n<li>Welche \u00dcberlegungen gibt es zur klimafreundlichen Einsatzreihenfolge der Fernw\u00e4rmeerzeugungsanlagen und damit zur Minimierung der Betriebsstundenzahl des Kraftwerks Wedel?<\/li>\n<li>Ist es m\u00f6glich, die Rekommunalisierung der Fernw\u00e4rmeversorgung auf 2017 vorzuziehen oder bleibt es bei 2019?<\/li>\n<\/ul>\n<p><!--more--><\/p>\n<p><a href=\"http:\/\/www.energienetz-hamburg.de\/\" rel=\"attachment wp-att-19480\"><img loading=\"lazy\" decoding=\"async\" src=\"https:\/\/blog.sub.uni-hamburg.de\/wp-content\/uploads\/2016\/02\/energienetz-hh.jpg\" alt=\"Energienetz Hamburg eG\" title=\"Energienetz Hamburg eG\" width=\"550\" height=\"144\" style=\"float: none;\" \/><\/a><\/p>\n<p><strong>Podiumsg\u00e4ste:<\/strong><\/p>\n<ul>\n<li><strong>Jens Kerstan<\/strong>, Senator f\u00fcr Umwelt und Energie, Hamburg<\/li>\n<li><strong>Dr. Stephan Richter<\/strong>, Vorstand GEF Ingenieur AG<\/li>\n<li><strong>J\u00f6rg Lampe<\/strong>, Gesch\u00e4ftsf\u00fchrer Hanswerk Natur GmbH<\/li>\n<li><strong>Manfred Braasch<\/strong>, Gesch\u00e4ftsf\u00fchrer Landesverband BUND Hamburg<\/li>\n<\/ul>\n<p>Moderation: <strong>Matthias Ederhof<\/strong>, Vorstand EnergieNetz Hamburg eG<\/p>\n","protected":false},"excerpt":{"rendered":"<p>Am Dienstag, 23.2.16 findet ab 19 Uhr im Vortragsraum, 1. Etage, das 55. Ratstreffen und der 5. Hamburger W\u00e4rmedialog statt. Die Diskussion \u00fcber das W\u00e4rmeversorgungskonzept f\u00fcr Hamburg geht weiter. Der Zukunftsrat Hamburg und die EnergieNetz Hamburg e.G. setzen deshalb die \u00f6ffentliche Podiumsdiskussion \u00fcber den Stand des Fernw\u00e4rmenetzr\u00fcckkaufs, die derzeitigen Pl\u00e4ne des Senats und insbesondere \u00fcber [&hellip;]<\/p>\n","protected":false},"author":19,"featured_media":0,"comment_status":"open","ping_status":"open","sticky":false,"template":"","format":"standard","meta":{"jetpack_post_was_ever_published":false,"_jetpack_newsletter_access":"","_jetpack_dont_email_post_to_subs":false,"_jetpack_newsletter_tier_id":0,"_jetpack_memberships_contains_paywalled_content":false,"_jetpack_memberships_contains_paid_content":false,"footnotes":"","jetpack_publicize_message":"","jetpack_publicize_feature_enabled":true,"jetpack_social_post_already_shared":true,"jetpack_social_options":{"image_generator_settings":{"template":"highway","default_image_id":0,"font":"","enabled":false},"version":2}},"categories":[9],"tags":[],"class_list":["post-19479","post","type-post","status-publish","format-standard","hentry","category-ausstellungen"],"views":2408,"jetpack_publicize_connections":[],"jetpack_featured_media_url":"","jetpack_shortlink":"https:\/\/wp.me\/p7hfNR-54b","jetpack-related-posts":[{"id":18198,"url":"https:\/\/blog.sub.uni-hamburg.de\/?p=18198","url_meta":{"origin":19479,"position":0},"title":"Vierter Hamburger W\u00e4rmedialog und 53. Ratstreffen des Zukunftsrats Hamburg (1.9.)","author":"Markus Trapp","date":"04-08-15","format":false,"excerpt":"\u00d6ffentliche Podiumsdiskussion zur aktuellen Hamburger Klima- und Energiepolitik. Der Senat wird sp\u00e4testens 2019 das Fernw\u00e4rmenetz von Vattenfall zur\u00fcckkaufen. Aber bereits im Herbst 2015 werden Entscheidungen zur Fernw\u00e4rmeerzeugung und Fernw\u00e4rmenutzung vorbereitet, die dazu f\u00fchren k\u00f6nnen, dass weiterhin vorwiegend fossile Kohle und fossiles Gas verbrannt werden. Wie aber k\u00f6nnte eine klimafreundliche Fernw\u00e4rmeversorgung\u2026","rel":"","context":"In &quot;Ausstellungen und Veranstaltungen&quot;","block_context":{"text":"Ausstellungen und Veranstaltungen","link":"https:\/\/blog.sub.uni-hamburg.de\/?cat=9"},"img":{"alt_text":"","src":"https:\/\/i0.wp.com\/blog.sub.uni-hamburg.de\/wp-content\/uploads\/2015\/08\/zukunftsrat-hamburg.jpg?resize=350%2C200&ssl=1","width":350,"height":200,"srcset":"https:\/\/i0.wp.com\/blog.sub.uni-hamburg.de\/wp-content\/uploads\/2015\/08\/zukunftsrat-hamburg.jpg?resize=350%2C200&ssl=1 1x, https:\/\/i0.wp.com\/blog.sub.uni-hamburg.de\/wp-content\/uploads\/2015\/08\/zukunftsrat-hamburg.jpg?resize=525%2C300&ssl=1 1.5x"},"classes":[]},{"id":24169,"url":"https:\/\/blog.sub.uni-hamburg.de\/?p=24169","url_meta":{"origin":19479,"position":1},"title":"59. Ratstreffen und 7. Hamburger W\u00e4rmedialog (13.2.)","author":"Markus Trapp","date":"26-01-18","format":false,"excerpt":"Die Entscheidung \u00fcber ein zukunftsweisendes, herausragendes Klimaschutzkonzept und den mutigen Einsatz von erneuerbaren Energien muss 2018 in der Freien und Hansestadt Hamburg deutlich vorangebracht werden. Der Zukunftsrat Hamburg und die EnergieNetz Hamburg eG l\u00e4dt Sie daher zu einer Podiumsdiskussion zum aktuellen Stand der Hamburger Klima- und Energiepolitik ein. Das Pariser\u2026","rel":"","context":"In &quot;Ausstellungen und Veranstaltungen&quot;","block_context":{"text":"Ausstellungen und Veranstaltungen","link":"https:\/\/blog.sub.uni-hamburg.de\/?cat=9"},"img":{"alt_text":"Zukunftsrat Hamburg","src":"https:\/\/i0.wp.com\/blog.sub.uni-hamburg.de\/wp-content\/uploads\/2015\/08\/zukunftsrat-hamburg.jpg?resize=350%2C200&ssl=1","width":350,"height":200,"srcset":"https:\/\/i0.wp.com\/blog.sub.uni-hamburg.de\/wp-content\/uploads\/2015\/08\/zukunftsrat-hamburg.jpg?resize=350%2C200&ssl=1 1x, https:\/\/i0.wp.com\/blog.sub.uni-hamburg.de\/wp-content\/uploads\/2015\/08\/zukunftsrat-hamburg.jpg?resize=525%2C300&ssl=1 1.5x"},"classes":[]},{"id":21392,"url":"https:\/\/blog.sub.uni-hamburg.de\/?p=21392","url_meta":{"origin":19479,"position":2},"title":"57. Ratstreffen und 6. Hamburger W\u00e4rmedialog (8.11.)","author":"Markus Trapp","date":"25-10-16","format":false,"excerpt":"Die Diskussion \u00fcber den R\u00fcckkauf des Fernw\u00e4rmenetzes und das Konzept zur W\u00e4rmeversorgung in Hamburg nehmen zum Jahresende Fahrt auf. Der Zukunftsrat Hamburg und die EnergieNetz Hamburg eG laden ein zur \u00f6ffentlichen Podiumsdiskussion \u00fcber den derzeitigen Stand der Planungen f\u00fcr die Umsetzung des Volksentscheides zum R\u00fcckkauf der Energienetze und die Einbindung\u2026","rel":"","context":"In &quot;Ausstellungen und Veranstaltungen&quot;","block_context":{"text":"Ausstellungen und Veranstaltungen","link":"https:\/\/blog.sub.uni-hamburg.de\/?cat=9"},"img":{"alt_text":"","src":"https:\/\/i0.wp.com\/blog.sub.uni-hamburg.de\/wp-content\/uploads\/2016\/10\/energienetz-hh-640.jpg?resize=350%2C200&ssl=1","width":350,"height":200,"srcset":"https:\/\/i0.wp.com\/blog.sub.uni-hamburg.de\/wp-content\/uploads\/2016\/10\/energienetz-hh-640.jpg?resize=350%2C200&ssl=1 1x, https:\/\/i0.wp.com\/blog.sub.uni-hamburg.de\/wp-content\/uploads\/2016\/10\/energienetz-hh-640.jpg?resize=525%2C300&ssl=1 1.5x"},"classes":[]},{"id":15720,"url":"https:\/\/blog.sub.uni-hamburg.de\/?p=15720","url_meta":{"origin":19479,"position":3},"title":"\u00d6ffentliche Podiumsdiskussion: 3. Hamburger W\u00e4rmedialog (9.9.)","author":"Markus Trapp","date":"29-08-14","format":false,"excerpt":"Wir m\u00f6chten Sie auf die folgende \u00f6ffentliche Podiumsdiskussion von EnergieNetz Hamburg eG und KEBAP e.V. aufmerksam machen: 3. Hamburger W\u00e4rmedialog: \u201eGutachter- und Beteiligungsprozess Ersatz HKW Wedel\u201c am 9. Sep. 2014 19:00 Uhr im Vortragsraum der Staats- und Universit\u00e4tsbibliothek im 1.OG, von-Melle-Park 3, 20146 Hamburg mit Monika Schaal, MdHB, umweltpolitische Sprecherin\u2026","rel":"","context":"In &quot;Ausstellungen und Veranstaltungen&quot;","block_context":{"text":"Ausstellungen und Veranstaltungen","link":"https:\/\/blog.sub.uni-hamburg.de\/?cat=9"},"img":{"alt_text":"3. Hamburger W\u00e4rmedialog","src":"https:\/\/i0.wp.com\/blog.sub.uni-hamburg.de\/wp-content\/uploads\/2014\/08\/energienetzhamburg092014.jpg?resize=350%2C200&ssl=1","width":350,"height":200,"srcset":"https:\/\/i0.wp.com\/blog.sub.uni-hamburg.de\/wp-content\/uploads\/2014\/08\/energienetzhamburg092014.jpg?resize=350%2C200&ssl=1 1x, https:\/\/i0.wp.com\/blog.sub.uni-hamburg.de\/wp-content\/uploads\/2014\/08\/energienetzhamburg092014.jpg?resize=525%2C300&ssl=1 1.5x"},"classes":[]},{"id":24600,"url":"https:\/\/blog.sub.uni-hamburg.de\/?p=24600","url_meta":{"origin":19479,"position":4},"title":"60. Zukunftsratstreffen und 8. Hamburger W\u00e4rmedialog (17.4.)","author":"Markus Trapp","date":"26-03-18","format":false,"excerpt":"Der Zukunftsrat Hamburg und die EnergieNetz Hamburg eG laden zur zweiten Podiumsdiskussion 2018 ein. Themen sind der aktuelle Stand des R\u00fcckkaufs des Hamburger Fernw\u00e4rmenetzes und die Wirkung der Hamburger Volksinitiative Tsch\u00fcss Kohle zur Unterst\u00fctzung des Kohleausstiegs. Zur Erinnerung: Der R\u00fcckkauf der Energienetze wurde im Volksentscheid 2013 beschlossen. Der R\u00fcckkauf des\u2026","rel":"","context":"In &quot;Ausstellungen und Veranstaltungen&quot;","block_context":{"text":"Ausstellungen und Veranstaltungen","link":"https:\/\/blog.sub.uni-hamburg.de\/?cat=9"},"img":{"alt_text":"Zukunftsrat Hamburg","src":"https:\/\/i0.wp.com\/blog.sub.uni-hamburg.de\/wp-content\/uploads\/2018\/03\/zr_logo-550.jpg?resize=350%2C200&ssl=1","width":350,"height":200,"srcset":"https:\/\/i0.wp.com\/blog.sub.uni-hamburg.de\/wp-content\/uploads\/2018\/03\/zr_logo-550.jpg?resize=350%2C200&ssl=1 1x, https:\/\/i0.wp.com\/blog.sub.uni-hamburg.de\/wp-content\/uploads\/2018\/03\/zr_logo-550.jpg?resize=525%2C300&ssl=1 1.5x"},"classes":[]},{"id":28603,"url":"https:\/\/blog.sub.uni-hamburg.de\/?p=28603","url_meta":{"origin":19479,"position":5},"title":"10. Hamburger W\u00e4rmedialog: Sommerpause des HKW Wedel als schnellen Klimaschutzbeitrag f\u00fcr Hamburg? (4.2.)","author":"Markus Trapp","date":"24-01-20","format":false,"excerpt":"Das mit Steinkohle betriebene Heizkraftwerk in Wedel speist W\u00e4rme in das Fernw\u00e4rmenetz der Freien und Hansestadt Hamburg ein. Im Zuge des vollst\u00e4ndigen R\u00fcckkaufs der W\u00e4rmeversorgung durch die Stadt Hamburg wurde das Heizkraftwerk Wedel im September 2019 von der W\u00e4rme Hamburg GmbH \u00fcbernommen, die sich im Eigentum der Stadt Hamburg befindet.\u2026","rel":"","context":"In &quot;Ausstellungen und Veranstaltungen&quot;","block_context":{"text":"Ausstellungen und Veranstaltungen","link":"https:\/\/blog.sub.uni-hamburg.de\/?cat=9"},"img":{"alt_text":"","src":"https:\/\/i0.wp.com\/blog.sub.uni-hamburg.de\/wp-content\/uploads\/2020\/01\/logo_energienetzhamburg.jpg?resize=350%2C200&ssl=1","width":350,"height":200,"srcset":"https:\/\/i0.wp.com\/blog.sub.uni-hamburg.de\/wp-content\/uploads\/2020\/01\/logo_energienetzhamburg.jpg?resize=350%2C200&ssl=1 1x, https:\/\/i0.wp.com\/blog.sub.uni-hamburg.de\/wp-content\/uploads\/2020\/01\/logo_energienetzhamburg.jpg?resize=525%2C300&ssl=1 1.5x"},"classes":[]}],"jetpack_sharing_enabled":true,"_links":{"self":[{"href":"https:\/\/blog.sub.uni-hamburg.de\/index.php?rest_route=\/wp\/v2\/posts\/19479","targetHints":{"allow":["GET"]}}],"collection":[{"href":"https:\/\/blog.sub.uni-hamburg.de\/index.php?rest_route=\/wp\/v2\/posts"}],"about":[{"href":"https:\/\/blog.sub.uni-hamburg.de\/index.php?rest_route=\/wp\/v2\/types\/post"}],"author":[{"embeddable":true,"href":"https:\/\/blog.sub.uni-hamburg.de\/index.php?rest_route=\/wp\/v2\/users\/19"}],"replies":[{"embeddable":true,"href":"https:\/\/blog.sub.uni-hamburg.de\/index.php?rest_route=%2Fwp%2Fv2%2Fcomments&post=19479"}],"version-history":[{"count":5,"href":"https:\/\/blog.sub.uni-hamburg.de\/index.php?rest_route=\/wp\/v2\/posts\/19479\/revisions"}],"predecessor-version":[{"id":19518,"href":"https:\/\/blog.sub.uni-hamburg.de\/index.php?rest_route=\/wp\/v2\/posts\/19479\/revisions\/19518"}],"wp:attachment":[{"href":"https:\/\/blog.sub.uni-hamburg.de\/index.php?rest_route=%2Fwp%2Fv2%2Fmedia&parent=19479"}],"wp:term":[{"taxonomy":"category","embeddable":true,"href":"https:\/\/blog.sub.uni-hamburg.de\/index.php?rest_route=%2Fwp%2Fv2%2Fcategories&post=19479"},{"taxonomy":"post_tag","embeddable":true,"href":"https:\/\/blog.sub.uni-hamburg.de\/index.php?rest_route=%2Fwp%2Fv2%2Ftags&post=19479"}],"curies":[{"name":"wp","href":"https:\/\/api.w.org\/{rel}","templated":true}]}}