{"id":19434,"date":"2016-01-26T10:31:03","date_gmt":"2016-01-26T09:31:03","guid":{"rendered":"http:\/\/blog.sub.uni-hamburg.de\/?p=19434"},"modified":"2016-02-10T21:03:10","modified_gmt":"2016-02-10T20:03:10","slug":"dokumentarfilm-das-spiegelritual-leben-in-tarahumaraland-mexiko-10-2","status":"publish","type":"post","link":"https:\/\/blog.sub.uni-hamburg.de\/?p=19434","title":{"rendered":"Dokumentarfilm: Das Spiegelritual. Leben in Tarahumaraland (Mexiko) (10.2)"},"content":{"rendered":"<div id=\"attachment_19436\" style=\"width: 310px\" class=\"wp-caption alignright\"><a href=\"https:\/\/blog.sub.uni-hamburg.de\/wp-content\/uploads\/2016\/01\/16-Mesos-Feb.jpg\"><img loading=\"lazy\" decoding=\"async\" aria-describedby=\"caption-attachment-19436\" data-attachment-id=\"19436\" data-permalink=\"https:\/\/blog.sub.uni-hamburg.de\/?attachment_id=19436\" data-orig-file=\"https:\/\/blog.sub.uni-hamburg.de\/wp-content\/uploads\/2016\/01\/16-Mesos-Feb.jpg\" data-orig-size=\"2048,1536\" data-comments-opened=\"1\" data-image-meta=\"{&quot;aperture&quot;:&quot;0&quot;,&quot;credit&quot;:&quot;&quot;,&quot;camera&quot;:&quot;&quot;,&quot;caption&quot;:&quot;&quot;,&quot;created_timestamp&quot;:&quot;0&quot;,&quot;copyright&quot;:&quot;&quot;,&quot;focal_length&quot;:&quot;0&quot;,&quot;iso&quot;:&quot;0&quot;,&quot;shutter_speed&quot;:&quot;0&quot;,&quot;title&quot;:&quot;&quot;,&quot;orientation&quot;:&quot;0&quot;}\" data-image-title=\"Das Spiegelritual\" data-image-description=\"&lt;p&gt;Das Spiegelritual &amp;#8211; Standbild aus Dokumentarfilm&lt;\/p&gt;\n\" data-image-caption=\"&lt;p&gt;Das Spiegelritual &amp;#8211; Standbild aus Dokumentarfilm&lt;\/p&gt;\n\" data-large-file=\"https:\/\/blog.sub.uni-hamburg.de\/wp-content\/uploads\/2016\/01\/16-Mesos-Feb-1024x768.jpg\" class=\"size-medium wp-image-19436\" src=\"https:\/\/blog.sub.uni-hamburg.de\/wp-content\/uploads\/2016\/01\/16-Mesos-Feb-300x225.jpg\" alt=\"Das Spiegelritual - Standbild aus Dokumentarfilm\" width=\"300\" height=\"225\" srcset=\"https:\/\/blog.sub.uni-hamburg.de\/wp-content\/uploads\/2016\/01\/16-Mesos-Feb-300x225.jpg 300w, https:\/\/blog.sub.uni-hamburg.de\/wp-content\/uploads\/2016\/01\/16-Mesos-Feb-150x113.jpg 150w, https:\/\/blog.sub.uni-hamburg.de\/wp-content\/uploads\/2016\/01\/16-Mesos-Feb-768x576.jpg 768w, https:\/\/blog.sub.uni-hamburg.de\/wp-content\/uploads\/2016\/01\/16-Mesos-Feb-1024x768.jpg 1024w, https:\/\/blog.sub.uni-hamburg.de\/wp-content\/uploads\/2016\/01\/16-Mesos-Feb.jpg 2048w\" sizes=\"auto, (max-width: 300px) 100vw, 300px\" \/><\/a><p id=\"caption-attachment-19436\" class=\"wp-caption-text\">Das Spiegelritual &#8211; Standbild aus Dokumentarfilm<\/p><\/div>\n<p>Der Dokumentarfilm &#8220;Das Spiegelritual&#8221; von Claus Deimel zeigt in neun Kapiteln Geschichte und Gegenwart der Kultur der <em>Rar\u00e1muri<\/em> in der Sierra Tarahumara im Nordwesten Mexikos. Wesentliche Aspekte ihres allt\u00e4glichen und festlichen Lebens werden aufgegriffen: Der Ritus als ein best\u00e4ndiges, formalistisches Element, &#8211; die zeremonielle Heilung, in der die Unterschiede zwischen &#8220;christlich&#8221; und &#8220;nichtchristlich&#8221; l\u00e4ngst aufgehoben sind, &#8211; die Konflikte zwischen den Geschlechtern als st\u00e4ndige Beziehungsproblematik, &#8211; und schlie\u00dflich die Funktion des Autors und Ethnographen als vielleicht einzigem Exot in der Geschichte.<\/p>\n<p><em>Claus Deimel arbeitet seit vielen Jahren in der Sierra Tarahumara. Er war Direktor der Staatlichen Ethnographischen Sammlungen Sachsen und lebt heute als freier Autor in Hamburg. Er f\u00fchrt in den Film ein.<br \/>\n<\/em><\/p>\n<p><a href=\"http:\/\/mesoamerika-gesellschaft.de\/\"><img loading=\"lazy\" decoding=\"async\" data-attachment-id=\"18354\" data-permalink=\"https:\/\/blog.sub.uni-hamburg.de\/?attachment_id=18354\" data-orig-file=\"https:\/\/blog.sub.uni-hamburg.de\/wp-content\/uploads\/2015\/09\/mesoamerikages-hh-kl.jpg\" data-orig-size=\"280,113\" data-comments-opened=\"1\" data-image-meta=\"{&quot;aperture&quot;:&quot;0&quot;,&quot;credit&quot;:&quot;&quot;,&quot;camera&quot;:&quot;&quot;,&quot;caption&quot;:&quot;&quot;,&quot;created_timestamp&quot;:&quot;0&quot;,&quot;copyright&quot;:&quot;&quot;,&quot;focal_length&quot;:&quot;0&quot;,&quot;iso&quot;:&quot;0&quot;,&quot;shutter_speed&quot;:&quot;0&quot;,&quot;title&quot;:&quot;&quot;,&quot;orientation&quot;:&quot;0&quot;}\" data-image-title=\"mesoamerikages-hh-kl\" data-image-description=\"\" data-image-caption=\"\" data-large-file=\"https:\/\/blog.sub.uni-hamburg.de\/wp-content\/uploads\/2015\/09\/mesoamerikages-hh-kl.jpg\" class=\"alignright size-full wp-image-18354\" title=\"Mesoamerika-Gesellschaft Hamburg\" src=\"https:\/\/blog.sub.uni-hamburg.de\/wp-content\/uploads\/2015\/09\/mesoamerikages-hh-kl.jpg\" alt=\"Mesoamerika-Gesellschaft Hamburg\" width=\"280\" height=\"113\" srcset=\"https:\/\/blog.sub.uni-hamburg.de\/wp-content\/uploads\/2015\/09\/mesoamerikages-hh-kl.jpg 280w, https:\/\/blog.sub.uni-hamburg.de\/wp-content\/uploads\/2015\/09\/mesoamerikages-hh-kl-150x61.jpg 150w\" sizes=\"auto, (max-width: 280px) 100vw, 280px\" \/><\/a> Eine Veranstaltung der <a href=\"http:\/\/mesoamerika-gesellschaft.de\/\">Mesoamerika-Gesellschaft Hamburg<\/a> in Zusammenarbeit mit der Staats- und Universit\u00e4tsbibliothek und der <a href=\"http:\/\/www.sub.uni-hamburg.de\/bibliotheken\/sammlungen\/linga-bibliothek.html\">Linga-Bibliothek<\/a> f\u00fcr Lateinamerika-Forschung.<\/p>\n<p><strong>Mittwoch, 10. Februar, 18.15 Uhr<br \/>\nOrt: Vortragsraum, 1. Etage, Eintritt frei.<\/strong><\/p>\n<p>Die vielf\u00e4ltigen Vortrags-Veranstaltungen, die die Mesoamerika-Gesellschaft Hamburg im Verlauf der vergangenen Jahre in der Stabi angeboten hat, finden Sie \u00fcber diese <a href=\"https:\/\/blog.sub.uni-hamburg.de\/index.php?s=mesoamerika+gesellschaft\">Such-Auflistung<\/a>. Teilweise wurden die Vortr\u00e4ge aufgezeichnet und k\u00f6nnen nachbetrachtet werden.<\/p>\n","protected":false},"excerpt":{"rendered":"<p>Der Dokumentarfilm &#8220;Das Spiegelritual&#8221; von Claus Deimel zeigt in neun Kapiteln Geschichte und Gegenwart der Kultur der Rar\u00e1muri in der Sierra Tarahumara im Nordwesten Mexikos. Wesentliche Aspekte ihres allt\u00e4glichen und festlichen Lebens werden aufgegriffen: Der Ritus als ein best\u00e4ndiges, formalistisches Element, &#8211; die zeremonielle Heilung, in der die Unterschiede zwischen &#8220;christlich&#8221; und &#8220;nichtchristlich&#8221; l\u00e4ngst aufgehoben [&hellip;]<\/p>\n","protected":false},"author":5,"featured_media":0,"comment_status":"open","ping_status":"open","sticky":false,"template":"","format":"standard","meta":{"jetpack_post_was_ever_published":false,"_jetpack_newsletter_access":"","_jetpack_dont_email_post_to_subs":false,"_jetpack_newsletter_tier_id":0,"_jetpack_memberships_contains_paywalled_content":false,"_jetpack_memberships_contains_paid_content":false,"footnotes":"","jetpack_publicize_message":"","jetpack_publicize_feature_enabled":true,"jetpack_social_post_already_shared":true,"jetpack_social_options":{"image_generator_settings":{"template":"highway","default_image_id":0,"font":"","enabled":false},"version":2}},"categories":[9],"tags":[],"class_list":["post-19434","post","type-post","status-publish","format-standard","hentry","category-ausstellungen"],"views":3193,"jetpack_publicize_connections":[],"jetpack_featured_media_url":"","jetpack_shortlink":"https:\/\/wp.me\/p7hfNR-53s","jetpack-related-posts":[{"id":27147,"url":"https:\/\/blog.sub.uni-hamburg.de\/?p=27147","url_meta":{"origin":19434,"position":0},"title":"\u201cEl Antifaz. \u2018Tsch\u00fcss die Seele\u2019 \u2013 Die Verabschiedung\u201d (16.5.)","author":"Markus Trapp","date":"06-05-19","format":false,"excerpt":"Im Rahmen der Reihe \u00abMesoamerika im Film\u00bb wird der Dokumentarfilm \u201eNordwestmexiko, Sierra Tarahumara\u201c von Claus Deimel aus dem Jahr 2018 gezeigt. Die Tarahumara geh\u00f6ren zu den geschundensten V\u00f6lkern Mexikos und des indigenen Lateinamerikas. Kaum eine andere Gruppe sogenannter Indianer \u00fcberlebt derart friedlich und zugleich widerst\u00e4ndisch und ausgestattet mit so wenigen\u2026","rel":"","context":"In &quot;Ausstellungen und Veranstaltungen&quot;","block_context":{"text":"Ausstellungen und Veranstaltungen","link":"https:\/\/blog.sub.uni-hamburg.de\/?cat=9"},"img":{"alt_text":"El Antifaz (2018). Foto: Claus Deimel","src":"https:\/\/i0.wp.com\/blog.sub.uni-hamburg.de\/wp-content\/uploads\/2019\/05\/El_Antifaz_Claus_Deimel_2018.jpg?resize=350%2C200&ssl=1","width":350,"height":200,"srcset":"https:\/\/i0.wp.com\/blog.sub.uni-hamburg.de\/wp-content\/uploads\/2019\/05\/El_Antifaz_Claus_Deimel_2018.jpg?resize=350%2C200&ssl=1 1x, https:\/\/i0.wp.com\/blog.sub.uni-hamburg.de\/wp-content\/uploads\/2019\/05\/El_Antifaz_Claus_Deimel_2018.jpg?resize=525%2C300&ssl=1 1.5x"},"classes":[]},{"id":41910,"url":"https:\/\/blog.sub.uni-hamburg.de\/?p=41910","url_meta":{"origin":19434,"position":1},"title":"Dokumentarfilm und Buchvorstellung: \u201eZwischen Heimat und Fremde &#8211; Die Geschichte der Fl\u00fcchtlinge des Griechischen B\u00fcrgerkriegs in Leipzig\u201c (20.2.)","author":"Markus Trapp","date":"05-02-26","format":false,"excerpt":"Freitag, 20.2., 18 Uhr, Vortragsraum. 1946 \u2013 Das Ende des zweiten Weltkrieges liegt f\u00fcr die L\u00e4nder Europas inzwischen ein Jahr zur\u00fcck. Doch Griechenland ist noch immer nicht zur Ruhe gekommen. Ein B\u00fcrgerkrieg zwischen den linksgerichteten Partisan:innen der Demokratischen Armee und den Regierungstruppen zerrei\u00dft seit 1947 Land, Gesellschaft und Familien. 1949\u2026","rel":"","context":"In &quot;Ausstellungen und Veranstaltungen&quot;","block_context":{"text":"Ausstellungen und Veranstaltungen","link":"https:\/\/blog.sub.uni-hamburg.de\/?cat=9"},"img":{"alt_text":"Buchcover 'Zwischen Heimat und Fremde'","src":"https:\/\/i0.wp.com\/blog.sub.uni-hamburg.de\/wp-content\/uploads\/2026\/02\/2026-02-20-Buchcover-210x300.jpg?resize=350%2C200&ssl=1","width":350,"height":200},"classes":[]},{"id":40733,"url":"https:\/\/blog.sub.uni-hamburg.de\/?p=40733","url_meta":{"origin":19434,"position":2},"title":"Film und Gespr\u00e4ch: Nahkritik in Zeiten des Zusammenbruchs (10.9.)","author":"Markus Trapp","date":"08-09-25","format":false,"excerpt":"Mittwoch, 10.09.2025, um 19:00 Uhr im Vortragsraum. Eine Veranstaltung der Galerie der abseitigen K\u00fcnste in Kooperation mit teorema e.V. Filmvorf\u00fchrung und Reflexion zu der Frage nach den Auswirkungen des 7. Oktober und des Gaza-Kriegs \u00bbNacht, schlaflose wei\u00dfe Nacht \u2013 so das Desaster, diese Nacht, der die Dunkelheit fehlt, ohne dass\u2026","rel":"","context":"In &quot;Ausstellungen und Veranstaltungen&quot;","block_context":{"text":"Ausstellungen und Veranstaltungen","link":"https:\/\/blog.sub.uni-hamburg.de\/?cat=9"},"img":{"alt_text":"Filmstill: The Cinema of the Men Who Say No","src":"https:\/\/i0.wp.com\/blog.sub.uni-hamburg.de\/wp-content\/uploads\/2025\/09\/cinema-men-10-09-2025-300x188.jpg?resize=350%2C200&ssl=1","width":350,"height":200},"classes":[]},{"id":9930,"url":"https:\/\/blog.sub.uni-hamburg.de\/?p=9930","url_meta":{"origin":19434,"position":3},"title":"Filmabend: Einfach Esther \u2013 Eine Eppendorfer Lebensgeschichte (5.12.)","author":"Markus Trapp","date":"21-11-12","format":false,"excerpt":"http:\/\/youtu.be\/j5dHZSWPZe8 Der Dokumentarfilm von Richard Haufe-Ahmels, Jahrgang 1993, schildert aus der Sicht eines Jugendlichen den Umgang und die Auseinandersetzung mit der Geschichte Esther Bauers, der Tochter der in Auschwitz ermordeten j\u00fcdischen \u00c4rztin Marie Jonas aus Hamburg. Der 60-min\u00fctige Film zeigt Esther Bauer im Zeitzeugengespr\u00e4ch, in ihrer alten Wohnung in Hamburg\u2026","rel":"","context":"In &quot;Ausstellungen und Veranstaltungen&quot;","block_context":{"text":"Ausstellungen und Veranstaltungen","link":"https:\/\/blog.sub.uni-hamburg.de\/?cat=9"},"img":{"alt_text":"Esther Bauer und Richard Haufe-Ahmels","src":"https:\/\/i0.wp.com\/blog.sub.uni-hamburg.de\/wp-content\/uploads\/2012\/11\/E-Bauer-Haufe-Ahmels.jpg?resize=350%2C200&ssl=1","width":350,"height":200},"classes":[]},{"id":3596,"url":"https:\/\/blog.sub.uni-hamburg.de\/?p=3596","url_meta":{"origin":19434,"position":4},"title":"Preisgekr\u00f6nte Doku \u00abHow to Make a Book with Steidl\u00bb auf 3sat","author":"Markus Trapp","date":"04-11-10","format":false,"excerpt":"Heute Abend lohnt es sich einen preisgekr\u00f6nten Film auf 3sat zu sehen: Um 22:25 Uhr l\u00e4uft in Erstausstrahlung der Dokumentarfilm How to Make a Book with Steidl. Kino-Zeit schreibt \u00fcber den auf dem Internationalen Festival f\u00fcr Dokumentar- und Animationsfilm in Leipzig 2010 zu recht mit der Goldenen Taube ausgezeichneten Film:\u2026","rel":"","context":"In &quot;Aktuelles&quot;","block_context":{"text":"Aktuelles","link":"https:\/\/blog.sub.uni-hamburg.de\/?cat=1"},"img":{"alt_text":"","src":"https:\/\/i0.wp.com\/blog.sub.uni-hamburg.de\/wp-content\/uploads\/2010\/11\/makeabookwithsteidl.jpeg?resize=350%2C200&ssl=1","width":350,"height":200},"classes":[]},{"id":29223,"url":"https:\/\/blog.sub.uni-hamburg.de\/?p=29223","url_meta":{"origin":19434,"position":5},"title":"Zu Hause bleiben, Filme schauen","author":"AKH","date":"10-04-20","format":false,"excerpt":"Auch in Zeiten der Pandemie gilt es, den Blick auf Positives zu richten: So bedeutet mehr Zeit zu Hause im Idealfall auch Zeit, endlich all die Filme zu sehen, die wir im Kino verpasst haben. Aber wo anfangen? Hier geben wir Empfehlungen zu Film-Datenbanken, alternativen Streamingdiensten und vertiefender Literaturrecherche. Unterst\u00fctzung\u2026","rel":"","context":"In &quot;Aktuelles&quot;","block_context":{"text":"Aktuelles","link":"https:\/\/blog.sub.uni-hamburg.de\/?cat=1"},"img":{"alt_text":"","src":"https:\/\/i0.wp.com\/blog.sub.uni-hamburg.de\/wp-content\/uploads\/2020\/04\/screenshot_katalogplus.png?resize=350%2C200&ssl=1","width":350,"height":200,"srcset":"https:\/\/i0.wp.com\/blog.sub.uni-hamburg.de\/wp-content\/uploads\/2020\/04\/screenshot_katalogplus.png?resize=350%2C200&ssl=1 1x, https:\/\/i0.wp.com\/blog.sub.uni-hamburg.de\/wp-content\/uploads\/2020\/04\/screenshot_katalogplus.png?resize=525%2C300&ssl=1 1.5x, https:\/\/i0.wp.com\/blog.sub.uni-hamburg.de\/wp-content\/uploads\/2020\/04\/screenshot_katalogplus.png?resize=700%2C400&ssl=1 2x, https:\/\/i0.wp.com\/blog.sub.uni-hamburg.de\/wp-content\/uploads\/2020\/04\/screenshot_katalogplus.png?resize=1050%2C600&ssl=1 3x, https:\/\/i0.wp.com\/blog.sub.uni-hamburg.de\/wp-content\/uploads\/2020\/04\/screenshot_katalogplus.png?resize=1400%2C800&ssl=1 4x"},"classes":[]}],"jetpack_sharing_enabled":true,"_links":{"self":[{"href":"https:\/\/blog.sub.uni-hamburg.de\/index.php?rest_route=\/wp\/v2\/posts\/19434","targetHints":{"allow":["GET"]}}],"collection":[{"href":"https:\/\/blog.sub.uni-hamburg.de\/index.php?rest_route=\/wp\/v2\/posts"}],"about":[{"href":"https:\/\/blog.sub.uni-hamburg.de\/index.php?rest_route=\/wp\/v2\/types\/post"}],"author":[{"embeddable":true,"href":"https:\/\/blog.sub.uni-hamburg.de\/index.php?rest_route=\/wp\/v2\/users\/5"}],"replies":[{"embeddable":true,"href":"https:\/\/blog.sub.uni-hamburg.de\/index.php?rest_route=%2Fwp%2Fv2%2Fcomments&post=19434"}],"version-history":[{"count":8,"href":"https:\/\/blog.sub.uni-hamburg.de\/index.php?rest_route=\/wp\/v2\/posts\/19434\/revisions"}],"predecessor-version":[{"id":19444,"href":"https:\/\/blog.sub.uni-hamburg.de\/index.php?rest_route=\/wp\/v2\/posts\/19434\/revisions\/19444"}],"wp:attachment":[{"href":"https:\/\/blog.sub.uni-hamburg.de\/index.php?rest_route=%2Fwp%2Fv2%2Fmedia&parent=19434"}],"wp:term":[{"taxonomy":"category","embeddable":true,"href":"https:\/\/blog.sub.uni-hamburg.de\/index.php?rest_route=%2Fwp%2Fv2%2Fcategories&post=19434"},{"taxonomy":"post_tag","embeddable":true,"href":"https:\/\/blog.sub.uni-hamburg.de\/index.php?rest_route=%2Fwp%2Fv2%2Ftags&post=19434"}],"curies":[{"name":"wp","href":"https:\/\/api.w.org\/{rel}","templated":true}]}}