{"id":19323,"date":"2016-01-08T14:33:34","date_gmt":"2016-01-08T13:33:34","guid":{"rendered":"http:\/\/blog.sub.uni-hamburg.de\/?p=19323"},"modified":"2016-01-28T09:26:46","modified_gmt":"2016-01-28T08:26:46","slug":"podiumsdiskussion-masern-grippe-ebola-sinn-und-unsinn-rund-ums-impfen-27-1","status":"publish","type":"post","link":"https:\/\/blog.sub.uni-hamburg.de\/?p=19323","title":{"rendered":"Podiumsdiskussion: \u201eMasern-Grippe-Ebola: Sinn und Unsinn rund ums Impfen\u201c (27.1.)"},"content":{"rendered":"<p><a href=\"https:\/\/blog.sub.uni-hamburg.de\/wp-content\/uploads\/2016\/01\/Podiumsdiskussion.jpg\" rel=\"attachment wp-att-19324\"><img loading=\"lazy\" decoding=\"async\" src=\"https:\/\/blog.sub.uni-hamburg.de\/wp-content\/uploads\/2016\/01\/Podiumsdiskussion-det.jpg\" alt=\"Podiumsdiskussion: Masern-Grippe-Ebola\" title=\"Podiumsdiskussion: Masern-Grippe-Ebola\" width=\"550\" height=\"366\" style=\"float: none;\" \/><\/a><\/p>\n<p>Der verantwortungsvolle Umgang mit Schutzimpfungen steht im Mittelpunkt der Podiumsdiskussion \u201eMasern, Grippe, Ebola: Sinn und Unsinn rund ums Impfen\u201c. <\/p>\n<p><strong>Mittwoch, 27. Januar 2016, 19 Uhr<br \/>\nOrt: Lichthof im Altbau<\/strong>, Eingang Edmund-Siemers-Allee\/Ecke Grindelallee, Eintritt frei. Eine vorherige <strong>Anmeldung ist nicht notwendig<\/strong>.<\/p>\n<p>Es diskutieren: <!--more--><br \/>\n<a href=\"https:\/\/blog.sub.uni-hamburg.de\/wp-content\/uploads\/2016\/01\/Podiumsdiskussion.jpg\" rel=\"attachment wp-att-19325\"><img loading=\"lazy\" decoding=\"async\" src=\"https:\/\/blog.sub.uni-hamburg.de\/wp-content\/uploads\/2016\/01\/Podiumsdiskussion-kl.jpg\" alt=\"Plakat Podiumsdiskussion: Masern-Grippe-Ebola\" title=\"Plakat Podiumsdiskussion: Masern-Grippe-Ebola\" width=\"250\" height=\"354\" style=\"float: right; padding-right:0px; margin-left:25px; margin-bottom:30px;\" \/><\/a> <\/p>\n<ul>\n<li><strong>Prof. Christian Bogdan<\/strong> von der St\u00e4ndigen Impfkommission des Robert Koch-Instituts<\/li>\n<li><strong>Dr. Sabine Reiter<\/strong> vom Bundesministerium f\u00fcr Gesundheit, Dr. Jakob Cramer von dem Unternehmen Takeda Pharmaceuticals International AG<\/li>\n<li><strong>Anja Wolz<\/strong> von der Organisation M\u00e9decins Sans Fronti\u00e8res<\/li>\n<li><strong>Dr. Jost Deerberg<\/strong>, Facharzt f\u00fcr Kinder- und Jugendmedizin von dem Verein \u00c4rzte f\u00fcr individuelle Impfentscheidung e.V.<\/li>\n<\/ul>\n<p>Moderiert wird die Veranstaltung von der Wissenschaftsjournalistin <strong>Angela Grosse<\/strong>.<\/p>\n<p>Veranstalter ist das <em>Leibniz Center Infection<\/em> (LCI), eine Allianz gegen Infektionskrankheiten der drei Leibniz-Institute <em>Heinrich-Pette-Institut<\/em>, <em>Bernhard-Nocht-Institut f\u00fcr Tropenmedizin<\/em> und dem <em>Forschungszentrum Borstel<\/em>. Ansprechpartnerin: Dr. Franziska Ahnert, Tel.: 040\/48051108, <a href=\"mailto:presse@hpi.uni-hamburg.de\">presse@hpi.uni-hamburg.de<\/a>.<\/p>\n","protected":false},"excerpt":{"rendered":"<p>Der verantwortungsvolle Umgang mit Schutzimpfungen steht im Mittelpunkt der Podiumsdiskussion \u201eMasern, Grippe, Ebola: Sinn und Unsinn rund ums Impfen\u201c. Mittwoch, 27. Januar 2016, 19 Uhr Ort: Lichthof im Altbau, Eingang Edmund-Siemers-Allee\/Ecke Grindelallee, Eintritt frei. Eine vorherige Anmeldung ist nicht notwendig. Es diskutieren:<\/p>\n","protected":false},"author":19,"featured_media":0,"comment_status":"open","ping_status":"open","sticky":false,"template":"","format":"standard","meta":{"jetpack_post_was_ever_published":false,"_jetpack_newsletter_access":"","_jetpack_dont_email_post_to_subs":false,"_jetpack_newsletter_tier_id":0,"_jetpack_memberships_contains_paywalled_content":false,"_jetpack_memberships_contains_paid_content":false,"footnotes":"","jetpack_publicize_message":"","jetpack_publicize_feature_enabled":true,"jetpack_social_post_already_shared":true,"jetpack_social_options":{"image_generator_settings":{"template":"highway","default_image_id":0,"font":"","enabled":false},"version":2}},"categories":[9],"tags":[],"class_list":["post-19323","post","type-post","status-publish","format-standard","hentry","category-ausstellungen"],"views":2944,"jetpack_publicize_connections":[],"jetpack_featured_media_url":"","jetpack_shortlink":"https:\/\/wp.me\/p7hfNR-51F","jetpack-related-posts":[{"id":16815,"url":"https:\/\/blog.sub.uni-hamburg.de\/?p=16815","url_meta":{"origin":19323,"position":0},"title":"Podiumsdiskussion: Das Osmanische Reich im Ersten Weltkrieg (15.1.)","author":"Markus Trapp","date":"17-12-14","format":false,"excerpt":"Im Kontext der Ausstellung \u00abOsmanen in Hamburg\u00bb l\u00e4dt das das T\u00fcrkeiEuropaZentrum Hamburg (TEZ) zur Podiumsdiskussion in den Lichthof der Staatsbibliothek ein: Der Gro\u00dfe Krieg. Das Osmanische Reich im Ersten Weltkrieg Mit Prof. Dr. Fikret Adan\u0131r (Istanbul) Prof. Dr. Christian Gerlach (Bern) Prof. Dr. Oliver Janz (Berlin) Prof. Dr. Hans-Lukas Kieser\u2026","rel":"","context":"In &quot;Ausstellungen und Veranstaltungen&quot;","block_context":{"text":"Ausstellungen und Veranstaltungen","link":"https:\/\/blog.sub.uni-hamburg.de\/?cat=9"},"img":{"alt_text":"","src":"https:\/\/i0.wp.com\/blog.sub.uni-hamburg.de\/wp-content\/uploads\/2014\/12\/poddisk-osmanen-ww1.jpg?resize=350%2C200&ssl=1","width":350,"height":200,"srcset":"https:\/\/i0.wp.com\/blog.sub.uni-hamburg.de\/wp-content\/uploads\/2014\/12\/poddisk-osmanen-ww1.jpg?resize=350%2C200&ssl=1 1x, https:\/\/i0.wp.com\/blog.sub.uni-hamburg.de\/wp-content\/uploads\/2014\/12\/poddisk-osmanen-ww1.jpg?resize=525%2C300&ssl=1 1.5x"},"classes":[]},{"id":3494,"url":"https:\/\/blog.sub.uni-hamburg.de\/?p=3494","url_meta":{"origin":19323,"position":1},"title":"Abschlussveranstaltung Treffpunkt Bibliothek nun online","author":"Markus Trapp","date":"01-11-10","format":false,"excerpt":"Die gestrige bundesweite Abschlussveranstaltung der Aktionswoche Treffpunkt Bibliothek in den R\u00e4umlichkeiten der Zentralbibliothek der Hamburger B\u00fccherhallen bot neben einer kurzen R\u00fcckschau auf die zahlreichen Veranstaltungen im ganzen Land, dem Vorf\u00fchren von Best-Practise-Beispielen Hamburger Medienprojekte und Bibliotheken eine gut besetzte Podiumsdiskussion zum Thema \"Chancen und Risiken des Internets f\u00fcr Kinder und\u2026","rel":"","context":"In &quot;Aktuelles&quot;","block_context":{"text":"Aktuelles","link":"https:\/\/blog.sub.uni-hamburg.de\/?cat=1"},"img":{"alt_text":"","src":"https:\/\/i0.wp.com\/blog.sub.uni-hamburg.de\/wp-content\/uploads\/2010\/11\/be-sm-mzkl.jpg?resize=350%2C200&ssl=1","width":350,"height":200},"classes":[]},{"id":38233,"url":"https:\/\/blog.sub.uni-hamburg.de\/?p=38233","url_meta":{"origin":19323,"position":2},"title":"Podiumsdiskussion: 100 Jahre \u201eDer Zauberberg\u201c \u2013 ein Roman hat Geburtstag (21.6.)","author":"Markus Trapp","date":"04-06-24","format":false,"excerpt":"Freitag, 21. Juni, 19 Uhr, Vortragsraum. Zum 100j\u00e4hrigen Jubil\u00e4um von Thomas Manns gro\u00dfem Roman \u201eDer Zauberberg\u201c laden wir zu einer Podiumsdiskussion mit dem Literaturwissenschaftler und Zauberberg-Experten Claudio Steiger (Heidelberg) ein. In dem Gespr\u00e4ch soll es um zentrale Aspekte des Buches gehen wie etwa um Konservatismus am Beispiel von Hans Castorps\u2026","rel":"","context":"In &quot;Ausstellungen und Veranstaltungen&quot;","block_context":{"text":"Ausstellungen und Veranstaltungen","link":"https:\/\/blog.sub.uni-hamburg.de\/?cat=9"},"img":{"alt_text":"Claudio Steiger","src":"https:\/\/i0.wp.com\/blog.sub.uni-hamburg.de\/wp-content\/uploads\/2024\/06\/claudio-steiger-300x300.jpg?resize=350%2C200&ssl=1","width":350,"height":200},"classes":[]},{"id":1385,"url":"https:\/\/blog.sub.uni-hamburg.de\/?p=1385","url_meta":{"origin":19323,"position":3},"title":"Podiumsdiskussion zum Ausschluss der j\u00fcdischen Mitglieder des VHG in der NS-Zeit: &#8220;Verdr\u00e4ngte Geschichte, sp\u00e4tes Gedenken&#8221; (21.10.)","author":"BP","date":"29-09-09","format":false,"excerpt":"Ein d\u00fcsteres Kapitel des Vereins f\u00fcr Hamburgische Geschichte ist zum Gegenstand intensiver historischer Nachforschung geworden: der Ausschluss der j\u00fcdischen Mitglieder des VHG. Bei der Rekonstruktion des damaligen Geschehens haben sich zum Teil kontroverse Sichtweisen ergeben, die ihren Niederschlag in unterschiedlichen Ver\u00f6ffentlichungen gefunden haben. In der Podiumsdiskussion werden die Positionen dargestellt\u2026","rel":"","context":"In &quot;Ausstellungen und Veranstaltungen&quot;","block_context":{"text":"Ausstellungen und Veranstaltungen","link":"https:\/\/blog.sub.uni-hamburg.de\/?cat=9"},"img":{"alt_text":"","src":"","width":0,"height":0},"classes":[]},{"id":34150,"url":"https:\/\/blog.sub.uni-hamburg.de\/?p=34150","url_meta":{"origin":19323,"position":4},"title":"Pop-Up-Ausstellung: Wissenschaftscomics (30.9.-2.10.)","author":"Markus Trapp","date":"09-09-22","format":false,"excerpt":"30. September \u2013 2. Oktober, im Informationszentrum, 1. Etage. Freitag, 30. September, 16 Uhr Podiumsdiskussion im Vortragsraum, 1. Etage. Ob Einfluss von Kolonialismus in Afrika, Umweltschutz im bewaffneten Konflikt oder die Rolle der Philosophie in der Quantengravitation: An diesen und anderen spannenden Themen arbeiten die Young Academy Fellows der Akademie\u2026","rel":"","context":"In &quot;Ausstellungen und Veranstaltungen&quot;","block_context":{"text":"Ausstellungen und Veranstaltungen","link":"https:\/\/blog.sub.uni-hamburg.de\/?cat=9"},"img":{"alt_text":"","src":"https:\/\/i0.wp.com\/blog.sub.uni-hamburg.de\/wp-content\/uploads\/2022\/09\/science-comics.jpg?resize=350%2C200&ssl=1","width":350,"height":200,"srcset":"https:\/\/i0.wp.com\/blog.sub.uni-hamburg.de\/wp-content\/uploads\/2022\/09\/science-comics.jpg?resize=350%2C200&ssl=1 1x, https:\/\/i0.wp.com\/blog.sub.uni-hamburg.de\/wp-content\/uploads\/2022\/09\/science-comics.jpg?resize=525%2C300&ssl=1 1.5x"},"classes":[]},{"id":18299,"url":"https:\/\/blog.sub.uni-hamburg.de\/?p=18299","url_meta":{"origin":19323,"position":5},"title":"Alumni-Podiumsdiskussion: \u201eF\u00fchrung im Unternehmen\u2026\u201c (24.9.)","author":"Markus Trapp","date":"03-09-15","format":false,"excerpt":"\u201eF\u00fchrung im Unternehmen \u2013 vom Patriarchen zum Team zur Realit\u00e4t 4.0\u201c In Zeiten immer komplexer werdender Arbeitswelten und des demografischen Wandels erh\u00e4lt die Personalf\u00fchrung und -entwicklung im Unternehmen immer mehr Bedeutung. Wie diese jetzt erfolgreich auf die Zukunft ausgerichtet und was im Rahmen der Ausbildung an Universit\u00e4ten geleistet werden kann\u2026","rel":"","context":"In &quot;Ausstellungen und Veranstaltungen&quot;","block_context":{"text":"Ausstellungen und Veranstaltungen","link":"https:\/\/blog.sub.uni-hamburg.de\/?cat=9"},"img":{"alt_text":"","src":"https:\/\/i0.wp.com\/blog.sub.uni-hamburg.de\/wp-content\/uploads\/2015\/09\/alumni-lichthof.jpg?resize=350%2C200&ssl=1","width":350,"height":200,"srcset":"https:\/\/i0.wp.com\/blog.sub.uni-hamburg.de\/wp-content\/uploads\/2015\/09\/alumni-lichthof.jpg?resize=350%2C200&ssl=1 1x, https:\/\/i0.wp.com\/blog.sub.uni-hamburg.de\/wp-content\/uploads\/2015\/09\/alumni-lichthof.jpg?resize=525%2C300&ssl=1 1.5x"},"classes":[]}],"jetpack_sharing_enabled":true,"_links":{"self":[{"href":"https:\/\/blog.sub.uni-hamburg.de\/index.php?rest_route=\/wp\/v2\/posts\/19323","targetHints":{"allow":["GET"]}}],"collection":[{"href":"https:\/\/blog.sub.uni-hamburg.de\/index.php?rest_route=\/wp\/v2\/posts"}],"about":[{"href":"https:\/\/blog.sub.uni-hamburg.de\/index.php?rest_route=\/wp\/v2\/types\/post"}],"author":[{"embeddable":true,"href":"https:\/\/blog.sub.uni-hamburg.de\/index.php?rest_route=\/wp\/v2\/users\/19"}],"replies":[{"embeddable":true,"href":"https:\/\/blog.sub.uni-hamburg.de\/index.php?rest_route=%2Fwp%2Fv2%2Fcomments&post=19323"}],"version-history":[{"count":5,"href":"https:\/\/blog.sub.uni-hamburg.de\/index.php?rest_route=\/wp\/v2\/posts\/19323\/revisions"}],"predecessor-version":[{"id":19451,"href":"https:\/\/blog.sub.uni-hamburg.de\/index.php?rest_route=\/wp\/v2\/posts\/19323\/revisions\/19451"}],"wp:attachment":[{"href":"https:\/\/blog.sub.uni-hamburg.de\/index.php?rest_route=%2Fwp%2Fv2%2Fmedia&parent=19323"}],"wp:term":[{"taxonomy":"category","embeddable":true,"href":"https:\/\/blog.sub.uni-hamburg.de\/index.php?rest_route=%2Fwp%2Fv2%2Fcategories&post=19323"},{"taxonomy":"post_tag","embeddable":true,"href":"https:\/\/blog.sub.uni-hamburg.de\/index.php?rest_route=%2Fwp%2Fv2%2Ftags&post=19323"}],"curies":[{"name":"wp","href":"https:\/\/api.w.org\/{rel}","templated":true}]}}