{"id":19300,"date":"2016-01-06T10:17:06","date_gmt":"2016-01-06T09:17:06","guid":{"rendered":"http:\/\/blog.sub.uni-hamburg.de\/?p=19300"},"modified":"2016-09-13T15:21:07","modified_gmt":"2016-09-13T13:21:07","slug":"forschungsdaten-aus-dem-17-jahrhundert-jetzt-im-netz-nachlass-jungius","status":"publish","type":"post","link":"https:\/\/blog.sub.uni-hamburg.de\/?p=19300","title":{"rendered":"Forschungsdaten aus dem 17. Jahrhundert jetzt im Netz &#8211; Nachlass Jungius"},"content":{"rendered":"<p><strong>Staatsbibliothek hat den Nachlass des\u00a0 Hamburger Gelehrten Joachim Jungius digitalisiert<\/strong><\/p>\n<div id=\"attachment_19304\" style=\"width: 307px\" class=\"wp-caption alignright\"><img loading=\"lazy\" decoding=\"async\" aria-describedby=\"caption-attachment-19304\" data-attachment-id=\"19304\" data-permalink=\"https:\/\/blog.sub.uni-hamburg.de\/?attachment_id=19304\" data-orig-file=\"https:\/\/blog.sub.uni-hamburg.de\/wp-content\/uploads\/2016\/01\/12-jungius-njj_pe-detail_hq_klein.jpg\" data-orig-size=\"1299,1312\" data-comments-opened=\"1\" data-image-meta=\"{&quot;aperture&quot;:&quot;0&quot;,&quot;credit&quot;:&quot;Peter Voigt&quot;,&quot;camera&quot;:&quot;&quot;,&quot;caption&quot;:&quot;&quot;,&quot;created_timestamp&quot;:&quot;0&quot;,&quot;copyright&quot;:&quot;&quot;,&quot;focal_length&quot;:&quot;0&quot;,&quot;iso&quot;:&quot;0&quot;,&quot;shutter_speed&quot;:&quot;0&quot;,&quot;title&quot;:&quot;&quot;,&quot;orientation&quot;:&quot;0&quot;}\" data-image-title=\"Jungius&amp;#8217; Selbstportrait\" data-image-description=\"&lt;p&gt;Selbsportrait: Federzeichnung von Jungius&lt;\/p&gt;\n\" data-image-caption=\"&lt;p&gt;Jungius&amp;#8217; Selbstportrait&lt;\/p&gt;\n\" data-large-file=\"https:\/\/blog.sub.uni-hamburg.de\/wp-content\/uploads\/2016\/01\/12-jungius-njj_pe-detail_hq_klein-1014x1024.jpg\" class=\"size-medium wp-image-19304\" src=\"https:\/\/blog.sub.uni-hamburg.de\/wp-content\/uploads\/2016\/01\/12-jungius-njj_pe-detail_hq_klein-297x300.jpg\" alt=\"Jungius' Selbstportrait\" title=\"Jungius' Selbstportrait\" width=\"297\" height=\"300\" srcset=\"https:\/\/blog.sub.uni-hamburg.de\/wp-content\/uploads\/2016\/01\/12-jungius-njj_pe-detail_hq_klein-297x300.jpg 297w, https:\/\/blog.sub.uni-hamburg.de\/wp-content\/uploads\/2016\/01\/12-jungius-njj_pe-detail_hq_klein-768x776.jpg 768w, https:\/\/blog.sub.uni-hamburg.de\/wp-content\/uploads\/2016\/01\/12-jungius-njj_pe-detail_hq_klein-1014x1024.jpg 1014w, https:\/\/blog.sub.uni-hamburg.de\/wp-content\/uploads\/2016\/01\/12-jungius-njj_pe-detail_hq_klein-144x144.jpg 144w, https:\/\/blog.sub.uni-hamburg.de\/wp-content\/uploads\/2016\/01\/12-jungius-njj_pe-detail_hq_klein.jpg 1299w\" sizes=\"auto, (max-width: 297px) 100vw, 297px\" \/><p id=\"caption-attachment-19304\" class=\"wp-caption-text\">Jungius&#8217; Selbstportrait<\/p><\/div>\n<p>Die Staats- und Universit\u00e4tsbibliothek Hamburg hat den Nachlass von Joachim Jungius (1587\u20131657) komplett digitalisiert. Die Sammlung von fast 50.000 Zetteln spiegelt einen typischen Gelehrtenalltag des fr\u00fchen 17. Jahrhunderts wider. Sie ist ab sofort online durchsuch- und direkt einsehbar. Das wissenschaftlich betreute Projekt dauerte dreieinhalb Jahre.<br \/>\nWebsite: <a href=\"http:\/\/www.sub.uni-hamburg.de\/jungius-nachlass\">www.sub.uni-hamburg.de\/jungius-nachlass<\/a><\/p>\n<p>Jungius war w\u00e4hrend seiner akademischen Laufbahn Professor f\u00fcr Mathematik und f\u00fcr Medizin, bevor er Rektor der H\u00f6heren Schulen Hamburgs wurde: des Johanneums und des Akademischen Gymnasiums. An diesem Gymnasium, einer Vorstufe zur Universit\u00e4t, lehrte Jungius Logik und Physik sowie zeitweise Ethik.<br \/>\n<!--more--><\/p>\n<p>Diese Vielfalt ist auch in Jungius\u2018 ber\u00fchmtem Zettelkasten nachzuverfolgen. Zu Logik, Physik, Ethik und Mathematik sind nicht nur vorbereitende oder Jungius\u2019 privaten Forschungen dienende Notizen erhalten, sondern auch ausgereifte Vorlesungsmitschriften. Eigene Beobachtungen, die Jungius niedergeschrieben hat, betreffen z.\u00a0B. auch Botanik oder Meteorologie.<\/p>\n<p><a href=\"https:\/\/blog.sub.uni-hamburg.de\/wp-content\/uploads\/2012\/08\/12-jungius-P8029999-gr.jpg\"><img loading=\"lazy\" decoding=\"async\" data-attachment-id=\"8742\" data-permalink=\"https:\/\/blog.sub.uni-hamburg.de\/?attachment_id=8742\" data-orig-file=\"https:\/\/blog.sub.uni-hamburg.de\/wp-content\/uploads\/2012\/08\/12-jungius-P8029999.jpg\" data-orig-size=\"550,413\" data-comments-opened=\"1\" data-image-meta=\"{&quot;aperture&quot;:&quot;0&quot;,&quot;credit&quot;:&quot;&quot;,&quot;camera&quot;:&quot;&quot;,&quot;caption&quot;:&quot;&quot;,&quot;created_timestamp&quot;:&quot;0&quot;,&quot;copyright&quot;:&quot;&quot;,&quot;focal_length&quot;:&quot;0&quot;,&quot;iso&quot;:&quot;0&quot;,&quot;shutter_speed&quot;:&quot;0&quot;,&quot;title&quot;:&quot;&quot;}\" data-image-title=\"Materialien aus dem Jungius-Nachlass\" data-image-description=\"\" data-image-caption=\"\" data-large-file=\"https:\/\/blog.sub.uni-hamburg.de\/wp-content\/uploads\/2012\/08\/12-jungius-P8029999.jpg\" class=\"alignnone size-full wp-image-8742\" style=\"float: none;\" title=\"Materialien aus dem Jungius-Nachlass\" src=\"https:\/\/blog.sub.uni-hamburg.de\/wp-content\/uploads\/2012\/08\/12-jungius-P8029999.jpg\" alt=\"Materialien aus dem Jungius-Nachlass\" width=\"550\" height=\"413\" srcset=\"https:\/\/blog.sub.uni-hamburg.de\/wp-content\/uploads\/2012\/08\/12-jungius-P8029999.jpg 550w, https:\/\/blog.sub.uni-hamburg.de\/wp-content\/uploads\/2012\/08\/12-jungius-P8029999-300x225.jpg 300w\" sizes=\"auto, (max-width: 550px) 100vw, 550px\" \/><\/a><br \/>\n<cite>&#8220;Botanica IX (Phytoscopica, Catalogi)&#8221;, Signatur Jungius-Nachlass, Wo. 9. Bl\u00e4tter aus dem Jungius-Nachlass (Signatur Wo. 9).<\/cite><\/p>\n<p>Prof. Dr. Gabriele Beger, Direktorin der Staatsbibliothek: <\/p>\n<blockquote><p>Es war uns wichtig, diesen bedeutenden Hamburger Gelehrtennachlass in seiner ganzen Breite zu digitalisieren und zu erschlie\u00dfen. Er wird damit der Forschung in allen seinen Facetten online zug\u00e4nglich gemacht.<\/p><\/blockquote>\n<p>Historiker und Interessierte mussten bisher das Register eines gro\u00dfen Verzeichnisbands w\u00e4lzen und sich Zettelb\u00fcndel f\u00fcr den n\u00e4chsten Tag bestellen. Nun k\u00f6nnen sie im Internet suchen und sich die gew\u00fcnschten Zettel sofort auf dem Bildschirm zeigen lassen. Au\u00dferdem k\u00f6nnen sie die Ergebnisse auf bestimmte Themen oder Sprachen einschr\u00e4nken, gezielt nach Zitaten, Abbildungen oder Tabellen suchen oder sich auf einzelne Jahre konzentrieren.<\/p>\n<p>Sehr gro\u00df ist der Umfang der erw\u00e4hnten Personen, auch nach ihnen kann gezielt gesucht werden; z.\u00a0B. um die zeitgen\u00f6ssische Rezeption des franz\u00f6sischen Mathematikers Fran\u00e7ois Vi\u00e8te (1540\u20131603) zu erforschen, der in den 1590ern die Algebra neu begr\u00fcndete, oder die Schulbildung von Bernhardus Varenius (1622\u2013ca. 1650), dem Vater der modernen Geografie.<\/p>\n<p>Nicht zuletzt sind auf der Projektwebsite auch Hilfsmittel f\u00fcr die Forschung zu finden, darunter ein Verzeichnis der bereits von Jungius abgeschlossenen, aber niemals gedruckt erschienenen Werke und eine Liste mit erg\u00e4nzenden Notizen aus dem Nachlass zu bereits bekannten B\u00fcchern von Jungius.<\/p>\n<p>Im Zuge der wissenschaftlichen Begleitung des Nachlasses widmete die Staatsbibliothek Jungius bereits 2012 eine <a href=\"https:\/\/blog.sub.uni-hamburg.de\/?p=8736\">Ausstellung<\/a>, weitere Erkenntnisse und Ankn\u00fcpfungspunkte kamen sp\u00e4ter hinzu:<\/p>\n<p>Zum Kometen ISON: <a href=\"https:\/\/blog.sub.uni-hamburg.de\/?p=12979\">https:\/\/blog.sub.uni-hamburg.de\/?p=12979<br \/>\n<\/a>Zur Person Jungius: <a href=\"https:\/\/blog.sub.uni-hamburg.de\/?p=13415\">https:\/\/blog.sub.uni-hamburg.de\/?p=13415<br \/>\n<\/a>Kleine Entdeckungen im Nachlass: <a href=\"https:\/\/blog.sub.uni-hamburg.de\/?p=13628\">https:\/\/blog.sub.uni-hamburg.de\/?p=13628<br \/>\n<\/a>Zur Jungius-Rezeption: <a href=\"https:\/\/blog.sub.uni-hamburg.de\/?p=13776\">https:\/\/blog.sub.uni-hamburg.de\/?p=13776<\/a><\/p>\n","protected":false},"excerpt":{"rendered":"<p>Staatsbibliothek hat den Nachlass des\u00a0 Hamburger Gelehrten Joachim Jungius digitalisiert Die Staats- und Universit\u00e4tsbibliothek Hamburg hat den Nachlass von Joachim Jungius (1587\u20131657) komplett digitalisiert. Die Sammlung von fast 50.000 Zetteln spiegelt einen typischen Gelehrtenalltag des fr\u00fchen 17. Jahrhunderts wider. Sie ist ab sofort online durchsuch- und direkt einsehbar. Das wissenschaftlich betreute Projekt dauerte dreieinhalb Jahre. [&hellip;]<\/p>\n","protected":false},"author":5,"featured_media":0,"comment_status":"open","ping_status":"open","sticky":false,"template":"","format":"standard","meta":{"jetpack_post_was_ever_published":false,"_jetpack_newsletter_access":"","_jetpack_dont_email_post_to_subs":true,"_jetpack_newsletter_tier_id":0,"_jetpack_memberships_contains_paywalled_content":false,"_jetpack_memberships_contains_paid_content":false,"footnotes":"","jetpack_publicize_message":"","jetpack_publicize_feature_enabled":true,"jetpack_social_post_already_shared":true,"jetpack_social_options":{"image_generator_settings":{"template":"highway","default_image_id":0,"font":"","enabled":false},"version":2}},"categories":[20,13],"tags":[29],"class_list":["post-19300","post","type-post","status-publish","format-standard","hentry","category-open-access","category-das-besondere-buch","tag-hamburg-2"],"views":4595,"jetpack_publicize_connections":[],"jetpack_featured_media_url":"","jetpack_shortlink":"https:\/\/wp.me\/p7hfNR-51i","jetpack-related-posts":[{"id":8736,"url":"https:\/\/blog.sub.uni-hamburg.de\/?p=8736","url_meta":{"origin":19300,"position":0},"title":"Ausstellung Joachim Jungius: Der Zettelkasten des Doktors (6.9.-28.10.)","author":"Markus Trapp","date":"21-08-12","format":false,"excerpt":"Die Stabi pr\u00e4sentiert zum 425. Geburts- und 355. Todestag des gro\u00dfen Hamburger Gelehrten Joachim JungiusJoachim Jungius: geboren am 22. Oktober 1587, gestorben am 23. September 1657) eine Ausstellung aus seinem wissenschaftlichen Nachlass, der im Bestand der Bibliothek ist. Die Ausstellung steht im Zusammenhang mit dem von der DFG gef\u00f6rderten Projekt,\u2026","rel":"","context":"In &quot;Ausstellungen und Veranstaltungen&quot;","block_context":{"text":"Ausstellungen und Veranstaltungen","link":"https:\/\/blog.sub.uni-hamburg.de\/?cat=9"},"img":{"alt_text":"Jungius: Schemata Geometriae Empiricae - Zeichnungen zum Festungsbau","src":"https:\/\/i0.wp.com\/blog.sub.uni-hamburg.de\/wp-content\/uploads\/2012\/08\/jungius-festungsbau-zei.jpg?resize=350%2C200&ssl=1","width":350,"height":200,"srcset":"https:\/\/i0.wp.com\/blog.sub.uni-hamburg.de\/wp-content\/uploads\/2012\/08\/jungius-festungsbau-zei.jpg?resize=350%2C200&ssl=1 1x, https:\/\/i0.wp.com\/blog.sub.uni-hamburg.de\/wp-content\/uploads\/2012\/08\/jungius-festungsbau-zei.jpg?resize=525%2C300&ssl=1 1.5x"},"classes":[]},{"id":13415,"url":"https:\/\/blog.sub.uni-hamburg.de\/?p=13415","url_meta":{"origin":19300,"position":1},"title":"Wer war Joachim Jungius? (Kolloquiumsvortrag 30.1.)","author":"Markus Trapp","date":"17-12-13","format":false,"excerpt":"Wer war Joachim Jungius? Das war der mit dem Ausspruch \u00abDer Komet ist der Affe unter den Planeten\u00bb. Wir haben die Frage auch schon im Vorjahr in der Stabi-Ausstellung \u00abJoachim Jungius: Der Zettelkasten des Doktors\u00bb zu beantworten versucht. Die Frage ist gleichzeitig auch der Titel des Kolloquiumsvortrages unseres Kollegen Eike\u2026","rel":"","context":"In &quot;Ausstellungen und Veranstaltungen&quot;","block_context":{"text":"Ausstellungen und Veranstaltungen","link":"https:\/\/blog.sub.uni-hamburg.de\/?cat=9"},"img":{"alt_text":"","src":"https:\/\/i0.wp.com\/blog.sub.uni-hamburg.de\/wp-content\/uploads\/2013\/12\/jungius-botanica.jpg?resize=350%2C200&ssl=1","width":350,"height":200,"srcset":"https:\/\/i0.wp.com\/blog.sub.uni-hamburg.de\/wp-content\/uploads\/2013\/12\/jungius-botanica.jpg?resize=350%2C200&ssl=1 1x, https:\/\/i0.wp.com\/blog.sub.uni-hamburg.de\/wp-content\/uploads\/2013\/12\/jungius-botanica.jpg?resize=525%2C300&ssl=1 1.5x"},"classes":[]},{"id":13776,"url":"https:\/\/blog.sub.uni-hamburg.de\/?p=13776","url_meta":{"origin":19300,"position":2},"title":"Gibt es Neues von Jungius zu lernen?","author":"MG","date":"06-02-14","format":false,"excerpt":"Wer war Joachim Jungius noch gleich? Der 1587 in L\u00fcbeck geborene Gelehrte war fast drei\u00dfig Jahre lang, von 1629 bis zu seinem Tod 1657, Rektor des Akademischen Gymnasiums in Hamburg. In dieser Zeit durchliefen sehr viele junge Menschen diese Schule und Jungius\u2019 Unterricht. Manche von ihnen wurden sp\u00e4ter selbst wissenschaftlich\u2026","rel":"","context":"In &quot;Aktuelles&quot;","block_context":{"text":"Aktuelles","link":"https:\/\/blog.sub.uni-hamburg.de\/?cat=1"},"img":{"alt_text":"Disputationes Ethicae","src":"https:\/\/i0.wp.com\/blog.sub.uni-hamburg.de\/wp-content\/uploads\/2014\/02\/Jungius-disputationes-klein.jpg?resize=350%2C200&ssl=1","width":350,"height":200,"srcset":"https:\/\/i0.wp.com\/blog.sub.uni-hamburg.de\/wp-content\/uploads\/2014\/02\/Jungius-disputationes-klein.jpg?resize=350%2C200&ssl=1 1x, https:\/\/i0.wp.com\/blog.sub.uni-hamburg.de\/wp-content\/uploads\/2014\/02\/Jungius-disputationes-klein.jpg?resize=525%2C300&ssl=1 1.5x"},"classes":[]},{"id":13628,"url":"https:\/\/blog.sub.uni-hamburg.de\/?p=13628","url_meta":{"origin":19300,"position":3},"title":"Kleine Entdeckungen im Jungius-Nachlass","author":"Redaktion","date":"23-01-14","format":false,"excerpt":"Von Eike Harden Die \u201egro\u00dfen\u201c Entdeckungen erfordern neben Gl\u00fcck viel Forschungsaufwand, schon um sie abzusichern, \u201ekleine\u201c Entdeckungen sind mit Gl\u00fcck alleine zu haben. Joachim Jungius hat f\u00fcr seine eigenen Notizen oft altes Papier benutzt, das bereits (oft von anderen) beschrieben war. Diese \u201eMakulaturen\u201c sind ein interessanter Mehrwert des laufenden Digitalisierungsprojekts,\u2026","rel":"","context":"In &quot;Sch\u00e4tze der Stabi&quot;","block_context":{"text":"Sch\u00e4tze der Stabi","link":"https:\/\/blog.sub.uni-hamburg.de\/?cat=13"},"img":{"alt_text":"","src":"https:\/\/i0.wp.com\/blog.sub.uni-hamburg.de\/wp-content\/uploads\/2014\/01\/westhoff-brief.jpg?resize=350%2C200&ssl=1","width":350,"height":200,"srcset":"https:\/\/i0.wp.com\/blog.sub.uni-hamburg.de\/wp-content\/uploads\/2014\/01\/westhoff-brief.jpg?resize=350%2C200&ssl=1 1x, https:\/\/i0.wp.com\/blog.sub.uni-hamburg.de\/wp-content\/uploads\/2014\/01\/westhoff-brief.jpg?resize=525%2C300&ssl=1 1.5x"},"classes":[]},{"id":25859,"url":"https:\/\/blog.sub.uni-hamburg.de\/?p=25859","url_meta":{"origin":19300,"position":4},"title":"Digitale Kulturg\u00fcter im Open Access: Forschungsrohstoff f\u00fcr Hamburg und die Welt","author":"UH","date":"23-10-18","format":false,"excerpt":"Seit \u00fcber zehn Jahren setzt sich die Stabi Hamburg f\u00fcr eine m\u00f6glichst umfassende, weltweit offen zug\u00e4ngliche und qualit\u00e4tvolle Transformation des Hamburger kulturellen und wissenschaftlichen Erbes in die digitale Form ein. Die Retrodigitalisierung ist orientiert an den Bed\u00fcrfnissen von Wissenschaft, Bildung und dem Interesse eines breiten Publikums an den schriftlichen und\u2026","rel":"","context":"In &quot;Aktuelles&quot;","block_context":{"text":"Aktuelles","link":"https:\/\/blog.sub.uni-hamburg.de\/?cat=1"},"img":{"alt_text":"","src":"https:\/\/i0.wp.com\/blog.sub.uni-hamburg.de\/wp-content\/uploads\/2018\/10\/digital-bestaende-400.jpg?resize=350%2C200&ssl=1","width":350,"height":200},"classes":[]},{"id":9585,"url":"https:\/\/blog.sub.uni-hamburg.de\/?p=9585","url_meta":{"origin":19300,"position":5},"title":"Open Access an der Stabi III: Digitalisierungsaktivit\u00e4ten","author":"Isabella Meinecke","date":"26-10-12","format":false,"excerpt":"Immer mehr nicht-kommerzielle Einrichtungen und kleine Verlage engagieren sich daf\u00fcr, ihre bisherigen Ver\u00f6ffentlichungen im Dienste der Wissenschaft und Bildung frei im Internet zur Verf\u00fcgung zu stellen. Wissenschaftliche Bibliotheken engagieren sich hier seit mehreren Jahren vor allem im Bereich der urheberrechtsfreien Werke \u2013 aber auch in Kooperationen mit Verlagen. Sie haben\u2026","rel":"","context":"In &quot;Aktuelles&quot;","block_context":{"text":"Aktuelles","link":"https:\/\/blog.sub.uni-hamburg.de\/?cat=1"},"img":{"alt_text":"","src":"https:\/\/i0.wp.com\/blog.sub.uni-hamburg.de\/wp-content\/uploads\/2012\/10\/120x2403.jpg?resize=350%2C200&ssl=1","width":350,"height":200},"classes":[]}],"jetpack_sharing_enabled":true,"_links":{"self":[{"href":"https:\/\/blog.sub.uni-hamburg.de\/index.php?rest_route=\/wp\/v2\/posts\/19300","targetHints":{"allow":["GET"]}}],"collection":[{"href":"https:\/\/blog.sub.uni-hamburg.de\/index.php?rest_route=\/wp\/v2\/posts"}],"about":[{"href":"https:\/\/blog.sub.uni-hamburg.de\/index.php?rest_route=\/wp\/v2\/types\/post"}],"author":[{"embeddable":true,"href":"https:\/\/blog.sub.uni-hamburg.de\/index.php?rest_route=\/wp\/v2\/users\/5"}],"replies":[{"embeddable":true,"href":"https:\/\/blog.sub.uni-hamburg.de\/index.php?rest_route=%2Fwp%2Fv2%2Fcomments&post=19300"}],"version-history":[{"count":9,"href":"https:\/\/blog.sub.uni-hamburg.de\/index.php?rest_route=\/wp\/v2\/posts\/19300\/revisions"}],"predecessor-version":[{"id":19312,"href":"https:\/\/blog.sub.uni-hamburg.de\/index.php?rest_route=\/wp\/v2\/posts\/19300\/revisions\/19312"}],"wp:attachment":[{"href":"https:\/\/blog.sub.uni-hamburg.de\/index.php?rest_route=%2Fwp%2Fv2%2Fmedia&parent=19300"}],"wp:term":[{"taxonomy":"category","embeddable":true,"href":"https:\/\/blog.sub.uni-hamburg.de\/index.php?rest_route=%2Fwp%2Fv2%2Fcategories&post=19300"},{"taxonomy":"post_tag","embeddable":true,"href":"https:\/\/blog.sub.uni-hamburg.de\/index.php?rest_route=%2Fwp%2Fv2%2Ftags&post=19300"}],"curies":[{"name":"wp","href":"https:\/\/api.w.org\/{rel}","templated":true}]}}