{"id":19222,"date":"2015-12-14T16:03:49","date_gmt":"2015-12-14T15:03:49","guid":{"rendered":"http:\/\/blog.sub.uni-hamburg.de\/?p=19222"},"modified":"2016-09-13T15:20:23","modified_gmt":"2016-09-13T13:20:23","slug":"welcome-programm-fuer-fluechtlinge-auch-im-neuen-jahr","status":"publish","type":"post","link":"https:\/\/blog.sub.uni-hamburg.de\/?p=19222","title":{"rendered":"Welcome-Programm f\u00fcr Fl\u00fcchtlinge"},"content":{"rendered":"<p><a href=\"https:\/\/blog.sub.uni-hamburg.de\/wp-content\/uploads\/2015\/12\/welcome-card-VR.jpg\" rel=\"attachment wp-att-19226\"><img loading=\"lazy\" decoding=\"async\" src=\"https:\/\/blog.sub.uni-hamburg.de\/wp-content\/uploads\/2015\/12\/welcome-card-VR.jpg\" alt=\"Welcome Card\" title=\"Welcome Card\" width=\"550\" height=\"411\" style=\"float: none;\" \/><\/a><\/p>\n<p style=\"float: right;\">\u2192 <a href=\"https:\/\/blog.sub.uni-hamburg.de\/?p=19222#en\">English version<\/a><\/p>\n<p><strong>WILLKOMMEN!<\/strong><\/p>\n<p>Das\u00a0<a href=\"https:\/\/blog.sub.uni-hamburg.de\/?p=18609\">Welcome-Programm<\/a> der Staatsbibliothek, das inzwischen etwa 100 Gefl\u00fcchtete aktiv nutzen, wird auch im neuen Jahr fortgesetzt.<\/p>\n<p>Die Bibliothekseinf\u00fchrungen f\u00fcr Fl\u00fcchtlinge mit wissenschaftlichem Hintergrund \/ Interesse (in englischer Sprache) finden im neuen Jahr zweiw\u00f6chentlich montags um 16 Uhr statt:<\/p>\n<p><strong>11. und 25. Januar, 8. und 22. Februar, 7. und 21. M\u00e4rz 2016 (Treffpunkt: Foyer).<\/strong><\/p>\n<p>Die letzte Bibliothekseinf\u00fchrung\u00a0im zu Ende gehenden Jahr 2015 findet am Montag, dem 21. Dezember, um 16 Uhr statt (Treffpunkt: Foyer).<br \/>\n<!--more--><\/p>\n<hr \/>\n<p><a name=\"en\"><\/a><br \/>\nThe State and University Library will continue its <a href=\"https:\/\/blog.sub.uni-hamburg.de\/?p=18609#en\">welcome program<\/a> for refugees\u00a0 also in the New Year. So far around 100 persons are participating in the program.<\/p>\n<p>The library orientation for refugees with scientific background or interest will take place bimonthly on Mondays at 4 pm (meeting point in the entrance hall):<br \/>\n<strong>11th and 25th of January, 8th and 22nd of February, 7th and 21st of March 2016.<\/strong><\/p>\n<p>The last library orientation 2015 will take place on Monday, December 21st, at 4 pm.<\/p>\n","protected":false},"excerpt":{"rendered":"<p>\u2192 English version WILLKOMMEN! Das\u00a0Welcome-Programm der Staatsbibliothek, das inzwischen etwa 100 Gefl\u00fcchtete aktiv nutzen, wird auch im neuen Jahr fortgesetzt. Die Bibliothekseinf\u00fchrungen f\u00fcr Fl\u00fcchtlinge mit wissenschaftlichem Hintergrund \/ Interesse (in englischer Sprache) finden im neuen Jahr zweiw\u00f6chentlich montags um 16 Uhr statt: 11. und 25. Januar, 8. und 22. Februar, 7. und 21. M\u00e4rz 2016 [&hellip;]<\/p>\n","protected":false},"author":5,"featured_media":0,"comment_status":"open","ping_status":"open","sticky":false,"template":"","format":"standard","meta":{"jetpack_post_was_ever_published":false,"_jetpack_newsletter_access":"","_jetpack_dont_email_post_to_subs":true,"_jetpack_newsletter_tier_id":0,"_jetpack_memberships_contains_paywalled_content":false,"_jetpack_memberships_contains_paid_content":false,"footnotes":"","jetpack_publicize_message":"","jetpack_publicize_feature_enabled":true,"jetpack_social_post_already_shared":true,"jetpack_social_options":{"image_generator_settings":{"template":"highway","default_image_id":0,"font":"","enabled":false},"version":2}},"categories":[1],"tags":[],"class_list":["post-19222","post","type-post","status-publish","format-standard","hentry","category-1"],"views":3769,"jetpack_publicize_connections":[],"jetpack_featured_media_url":"","jetpack_shortlink":"https:\/\/wp.me\/p7hfNR-502","jetpack-related-posts":[{"id":18609,"url":"https:\/\/blog.sub.uni-hamburg.de\/?p=18609","url_meta":{"origin":19222,"position":0},"title":"Welcome-Programm f\u00fcr Fl\u00fcchtlinge","author":"MG","date":"20-10-15","format":false,"excerpt":"\u2192 English version WILLKOMMEN! F\u00fcr Fl\u00fcchtlinge mit akademischem Hintergrund (Studierende und Akademiker) bietet die Staatsbibliothek ein spezielles Willkommens-Programm an, um ihnen Zugang zu wissenschaftlichen Ressourcen und Arbeitspl\u00e4tzen in der Bibliothek zu erm\u00f6glichen. Au\u00dferdem stellt die Bibliothek Arbeitsr\u00e4ume f\u00fcr Gruppen in den Abendstunden zur Verf\u00fcgung. Das Willkommens-Programm enth\u00e4lt folgende Elemente: Bibliothekseinf\u00fchrung\u2026","rel":"","context":"In &quot;Aktuelles&quot;","block_context":{"text":"Aktuelles","link":"https:\/\/blog.sub.uni-hamburg.de\/?cat=1"},"img":{"alt_text":"","src":"https:\/\/i0.wp.com\/blog.sub.uni-hamburg.de\/wp-content\/uploads\/2015\/10\/welcome-card.jpg?resize=350%2C200&ssl=1","width":350,"height":200,"srcset":"https:\/\/i0.wp.com\/blog.sub.uni-hamburg.de\/wp-content\/uploads\/2015\/10\/welcome-card.jpg?resize=350%2C200&ssl=1 1x, https:\/\/i0.wp.com\/blog.sub.uni-hamburg.de\/wp-content\/uploads\/2015\/10\/welcome-card.jpg?resize=525%2C300&ssl=1 1.5x"},"classes":[]},{"id":19827,"url":"https:\/\/blog.sub.uni-hamburg.de\/?p=19827","url_meta":{"origin":19222,"position":1},"title":"Neue Welcome-Termine f\u00fcr Gefl\u00fcchtete","author":"MG","date":"23-03-16","format":false,"excerpt":"\u2192 English version WILLKOMMEN! Auch im Sommersemester 2016 setzt die Stabi ihr Welcome-Programm f\u00fcr Gefl\u00fcchtete fort. Die Bibliothekseinf\u00fchrungen f\u00fcr Gefl\u00fcchtete mit wissenschaftlichem Hintergrund \/ Interesse (in englischer Sprache) finden montags um 16 Uhr statt: 11. ,\u00a0 18. und 25. April, 9. und 23. Mai, 6. und 20. Juni 2016 (Treffpunkt:\u2026","rel":"","context":"In &quot;Aktuelles&quot;","block_context":{"text":"Aktuelles","link":"https:\/\/blog.sub.uni-hamburg.de\/?cat=1"},"img":{"alt_text":"Welcome Card","src":"https:\/\/i0.wp.com\/blog.sub.uni-hamburg.de\/wp-content\/uploads\/2015\/12\/welcome-card-VR.jpg?resize=350%2C200&ssl=1","width":350,"height":200,"srcset":"https:\/\/i0.wp.com\/blog.sub.uni-hamburg.de\/wp-content\/uploads\/2015\/12\/welcome-card-VR.jpg?resize=350%2C200&ssl=1 1x, https:\/\/i0.wp.com\/blog.sub.uni-hamburg.de\/wp-content\/uploads\/2015\/12\/welcome-card-VR.jpg?resize=525%2C300&ssl=1 1.5x"},"classes":[]},{"id":39883,"url":"https:\/\/blog.sub.uni-hamburg.de\/?p=39883","url_meta":{"origin":19222,"position":2},"title":"Nacht der Bibliotheken in der Stabi Hamburg (4.4.)","author":"Markus Trapp","date":"21-03-25","format":false,"excerpt":"Freitag, 4.4., Staats- und Universit\u00e4tsbibliothek Hamburg. Unter dem Motto \u201eWissen. Teilen. Entdecken.\u201c wird am 4. April in ganz Deutschland die \u201eNacht der Bibliotheken\u201c gefeiert. An diesem Abend erwartet Interessierte ein abwechslungsreiches Programm mit Vortr\u00e4gen, F\u00fchrungen und Workshops. Auch die Staats- und Universit\u00e4tsbibliothek Hamburg l\u00e4dt herzlich ein und bietet ein umfangreiches\u2026","rel":"","context":"In &quot;Ausstellungen und Veranstaltungen&quot;","block_context":{"text":"Ausstellungen und Veranstaltungen","link":"https:\/\/blog.sub.uni-hamburg.de\/?cat=9"},"img":{"alt_text":"Plakat Nacht der Bibliotheken","src":"https:\/\/i0.wp.com\/blog.sub.uni-hamburg.de\/wp-content\/uploads\/2025\/03\/Nacht_der_Bibliotheken_2025.jpg?resize=350%2C200&ssl=1","width":350,"height":200},"classes":[]},{"id":12896,"url":"https:\/\/blog.sub.uni-hamburg.de\/?p=12896","url_meta":{"origin":19222,"position":3},"title":"Stabi-Programm zur &#8220;Nacht des Wissens&#8221; (2.11.)","author":"MG","date":"14-10-13","format":false,"excerpt":"Zur f\u00fcnften Nacht des Wissens erwarten unsere G\u00e4ste diesmal tiefe Einblicke in unsere Sondersammlungen - und in die Bibliothek des \u00c4rztlichen Vereins - und viele F\u00fchrungen - f\u00fcr Kinder, f\u00fcr Erwachsene hinter die Kulissen, und f\u00fcr Architekturbegeisterte, die einmal wissen m\u00f6chten, auf welche Reise sich die Stabi funktional und \u00e4sthetisch\u2026","rel":"","context":"In &quot;Ausstellungen und Veranstaltungen&quot;","block_context":{"text":"Ausstellungen und Veranstaltungen","link":"https:\/\/blog.sub.uni-hamburg.de\/?cat=9"},"img":{"alt_text":"","src":"https:\/\/i0.wp.com\/blog.sub.uni-hamburg.de\/wp-content\/uploads\/2013\/10\/nachtdeswissens2013gplus.jpg?resize=350%2C200&ssl=1","width":350,"height":200,"srcset":"https:\/\/i0.wp.com\/blog.sub.uni-hamburg.de\/wp-content\/uploads\/2013\/10\/nachtdeswissens2013gplus.jpg?resize=350%2C200&ssl=1 1x, https:\/\/i0.wp.com\/blog.sub.uni-hamburg.de\/wp-content\/uploads\/2013\/10\/nachtdeswissens2013gplus.jpg?resize=525%2C300&ssl=1 1.5x"},"classes":[]},{"id":17497,"url":"https:\/\/blog.sub.uni-hamburg.de\/?p=17497","url_meta":{"origin":19222,"position":4},"title":"Create your own working space \u2013 seien Sie bei der Planung dabei","author":"OE","date":"13-04-15","format":false,"excerpt":"In den letzten Jahren ist in den R\u00e4umen der Stabi viel passiert. Bereiche wurden renoviert und modernisiert, neue Arbeitspl\u00e4tze sind dazugekommen. Irgendwie ist die Stabi aber auch eine kleine Stadt f\u00fcr sich und wird nie fertig. In einem n\u00e4chsten Schritt wollen wir nun die Leses\u00e4le neu gestalten. Sie sind ein\u2026","rel":"","context":"In &quot;Aktuelles&quot;","block_context":{"text":"Aktuelles","link":"https:\/\/blog.sub.uni-hamburg.de\/?cat=1"},"img":{"alt_text":"","src":"https:\/\/i0.wp.com\/blog.sub.uni-hamburg.de\/wp-content\/uploads\/2015\/04\/einmalkamera-kl.jpg?resize=350%2C200&ssl=1","width":350,"height":200,"srcset":"https:\/\/i0.wp.com\/blog.sub.uni-hamburg.de\/wp-content\/uploads\/2015\/04\/einmalkamera-kl.jpg?resize=350%2C200&ssl=1 1x, https:\/\/i0.wp.com\/blog.sub.uni-hamburg.de\/wp-content\/uploads\/2015\/04\/einmalkamera-kl.jpg?resize=525%2C300&ssl=1 1.5x"},"classes":[]},{"id":9271,"url":"https:\/\/blog.sub.uni-hamburg.de\/?p=9271","url_meta":{"origin":19222,"position":5},"title":"Aktionswoche &#8220;Treffpunkt Bibliothek&#8221; (24.-31.10.)","author":"MG","date":"09-10-12","format":false,"excerpt":"Anl\u00e4sslich der bundesweiten Aktionswoche \"Treffpunkt Bibliothek\" haben die Hamburger Bibliotheken wieder ein spannendes Programm zusammengestellt. Die zentrale Auftaktveranstaltung der Hamburger Bibliotheken ist die Ausstellungser\u00f6ffnung \"Die sch\u00f6nsten deutschen B\u00fccher\" in der Universit\u00e4tsbibliothek der Helmut-Schmidt-Universit\u00e4t am 24.10. um 18 Uhr. Die Stabi l\u00e4dt in der Aktionswoche zu folgenden Veranstaltungen ein: Donnerstag, 25.\u2026","rel":"","context":"In &quot;Ausstellungen und Veranstaltungen&quot;","block_context":{"text":"Ausstellungen und Veranstaltungen","link":"https:\/\/blog.sub.uni-hamburg.de\/?cat=9"},"img":{"alt_text":"Treffpunkt Bibliothek","src":"https:\/\/i0.wp.com\/blog.sub.uni-hamburg.de\/wp-content\/uploads\/2012\/10\/TB_logo_2012_blau-300x113.jpg?resize=350%2C200&ssl=1","width":350,"height":200},"classes":[]}],"jetpack_sharing_enabled":true,"_links":{"self":[{"href":"https:\/\/blog.sub.uni-hamburg.de\/index.php?rest_route=\/wp\/v2\/posts\/19222","targetHints":{"allow":["GET"]}}],"collection":[{"href":"https:\/\/blog.sub.uni-hamburg.de\/index.php?rest_route=\/wp\/v2\/posts"}],"about":[{"href":"https:\/\/blog.sub.uni-hamburg.de\/index.php?rest_route=\/wp\/v2\/types\/post"}],"author":[{"embeddable":true,"href":"https:\/\/blog.sub.uni-hamburg.de\/index.php?rest_route=\/wp\/v2\/users\/5"}],"replies":[{"embeddable":true,"href":"https:\/\/blog.sub.uni-hamburg.de\/index.php?rest_route=%2Fwp%2Fv2%2Fcomments&post=19222"}],"version-history":[{"count":10,"href":"https:\/\/blog.sub.uni-hamburg.de\/index.php?rest_route=\/wp\/v2\/posts\/19222\/revisions"}],"predecessor-version":[{"id":19369,"href":"https:\/\/blog.sub.uni-hamburg.de\/index.php?rest_route=\/wp\/v2\/posts\/19222\/revisions\/19369"}],"wp:attachment":[{"href":"https:\/\/blog.sub.uni-hamburg.de\/index.php?rest_route=%2Fwp%2Fv2%2Fmedia&parent=19222"}],"wp:term":[{"taxonomy":"category","embeddable":true,"href":"https:\/\/blog.sub.uni-hamburg.de\/index.php?rest_route=%2Fwp%2Fv2%2Fcategories&post=19222"},{"taxonomy":"post_tag","embeddable":true,"href":"https:\/\/blog.sub.uni-hamburg.de\/index.php?rest_route=%2Fwp%2Fv2%2Ftags&post=19222"}],"curies":[{"name":"wp","href":"https:\/\/api.w.org\/{rel}","templated":true}]}}