{"id":19175,"date":"2015-12-10T11:40:50","date_gmt":"2015-12-10T10:40:50","guid":{"rendered":"http:\/\/blog.sub.uni-hamburg.de\/?p=19175"},"modified":"2016-02-22T09:53:50","modified_gmt":"2016-02-22T08:53:50","slug":"von-boulay-nach-goettingen-charles-de-villers-6-1-14-2","status":"publish","type":"post","link":"https:\/\/blog.sub.uni-hamburg.de\/?p=19175","title":{"rendered":"Von Boulay nach G\u00f6ttingen. Charles de Villers (6.1.-14.2.)"},"content":{"rendered":"<p><a href=\"https:\/\/blog.sub.uni-hamburg.de\/wp-content\/uploads\/2015\/12\/Villers-plakat-gr.jpg\" rel=\"attachment wp-att-19176\"><img loading=\"lazy\" decoding=\"async\" src=\"https:\/\/blog.sub.uni-hamburg.de\/wp-content\/uploads\/2015\/12\/Villers-plakat.jpg\" alt=\"Von Boulay nach G\u00f6ttingen. Charles de Villers (1765-1815)\" title=\"Von Boulay nach G\u00f6ttingen. Charles de Villers (1765-1815)\" width=\"350\" height=\"482\" style=\"float: right; padding-right:0px; margin-left:25px; margin-bottom:15px;\" \/><\/a> <strong>Von Boulay nach G\u00f6ttingen. Charles de Villers (1765-1815). Ein Mittler zwischen Deutschland und Frankreich. Ausstellung zur Zweihundertjahrfeier.<\/strong><\/p>\n<p>Die Ausstellung zeigt auf 12 Postern das Leben, das Werk und das Wirken <a href=\"https:\/\/de.wikipedia.org\/wiki\/Charles_de_Villers\">Charles de Villers<\/a>\u2018 zwischen 1765, dem Jahr seiner Geburt in Boulay, und 1815, dem Jahre seines Todes in G\u00f6ttingen. <\/p>\n<p>Dieser franz\u00f6sische Offizier, den die Revolution zur Emigration zwang, fand Zuflucht in Deutschland. Hier entdeckte er kulturelle Sch\u00e4tze, die er sich entschloss, dem franz\u00f6sischen Publikum bekannt zu machen. Durch seine Mitarbeit an Zeitschriften, seine Publikationen, \u00dcbersetzungen und seine rege Korrespondenz mit zahlreichen deutschen und franz\u00f6sischen Gelehrten wurde er zum wichtigen Mittler zwischen Frankreich und Deutschland.<br \/>\n<!--more--><\/p>\n<p>Zahlreiche abgebildete Dokumente stammen aus dem umfangreichen, in der Staatsbibliothek Hamburg befindlichen Nachlass von Charles de Villers.<\/p>\n<p><strong>Eine Ausstellung der <em>Universit\u00e9 de Lorraine<\/em>, Metz.<br \/>\nDauer: 6.1.-14.2.2016<br \/>\nOrt: Gang zum Lichthof, 1. Etage, der Eintritt ist frei.<\/strong><\/p>\n","protected":false},"excerpt":{"rendered":"<p>Von Boulay nach G\u00f6ttingen. Charles de Villers (1765-1815). Ein Mittler zwischen Deutschland und Frankreich. Ausstellung zur Zweihundertjahrfeier. Die Ausstellung zeigt auf 12 Postern das Leben, das Werk und das Wirken Charles de Villers\u2018 zwischen 1765, dem Jahr seiner Geburt in Boulay, und 1815, dem Jahre seines Todes in G\u00f6ttingen. Dieser franz\u00f6sische Offizier, den die Revolution [&hellip;]<\/p>\n","protected":false},"author":19,"featured_media":0,"comment_status":"open","ping_status":"open","sticky":false,"template":"","format":"standard","meta":{"jetpack_post_was_ever_published":false,"_jetpack_newsletter_access":"","_jetpack_dont_email_post_to_subs":false,"_jetpack_newsletter_tier_id":0,"_jetpack_memberships_contains_paywalled_content":false,"_jetpack_memberships_contains_paid_content":false,"footnotes":"","jetpack_publicize_message":"","jetpack_publicize_feature_enabled":true,"jetpack_social_post_already_shared":true,"jetpack_social_options":{"image_generator_settings":{"template":"highway","default_image_id":0,"font":"","enabled":false},"version":2}},"categories":[9],"tags":[],"class_list":["post-19175","post","type-post","status-publish","format-standard","hentry","category-ausstellungen"],"views":4274,"jetpack_publicize_connections":[],"jetpack_featured_media_url":"","jetpack_shortlink":"https:\/\/wp.me\/p7hfNR-4Zh","jetpack-related-posts":[{"id":17042,"url":"https:\/\/blog.sub.uni-hamburg.de\/?p=17042","url_meta":{"origin":19175,"position":0},"title":"Hamburger Theaterfr\u00fchling 2015","author":"JN","date":"27-01-15","format":false,"excerpt":"Frischen Wind in die Annalen der Hamburger Theatergeschichte bl\u00e4st ein Theaterfr\u00fchling der besonderen Art, wie er sich in den Tagen zwischen dem 11. und 22. M\u00e4rz 2015 an der Universit\u00e4t Hamburg pr\u00e4sentieren wird. Zun\u00e4chst werden zwei Konzerte des Ensembles barockwerk hamburg am 11. und 12. M\u00e4rz (PDF) im imposanten Lichthof\u2026","rel":"","context":"In &quot;Ausstellungen und Veranstaltungen&quot;","block_context":{"text":"Ausstellungen und Veranstaltungen","link":"https:\/\/blog.sub.uni-hamburg.de\/?cat=9"},"img":{"alt_text":"Carl Heinrich Kitzerow: Das Ackermannsche Com\u00f6dienhaus, Aquarell, Hamburg 1832 (SUB, Theatersammlung, G 31)","src":"https:\/\/i0.wp.com\/blog.sub.uni-hamburg.de\/wp-content\/uploads\/2015\/01\/Konzert-11032015-Bild-4kl.jpg?resize=350%2C200&ssl=1","width":350,"height":200},"classes":[]},{"id":12677,"url":"https:\/\/blog.sub.uni-hamburg.de\/?p=12677","url_meta":{"origin":19175,"position":1},"title":"Hamburg im Zeitalter der Franz\u00f6sischen Revolution und Napoleons (25.9.)","author":"Markus Trapp","date":"12-09-13","format":false,"excerpt":"Mittwoch, 25. September, 18 Uhr Prof. Dr. Burkhart Schmidt: Hamburg im Zeitalter der Franz\u00f6sischen Revolution und Napoleons Hamburg durchlebte Ausgang des 18. und Anfang des 19. Jahrhunderts eine wechselvolle und zeitweise dramatische Epoche, die hoffnungsvoll mit der Aufnahme des Gedankengutes der Franz\u00f6sischen Revolution begann und schlie\u00dflich mit milit\u00e4rischen K\u00e4mpfen und\u2026","rel":"","context":"In &quot;Ausstellungen und Veranstaltungen&quot;","block_context":{"text":"Ausstellungen und Veranstaltungen","link":"https:\/\/blog.sub.uni-hamburg.de\/?cat=9"},"img":{"alt_text":"","src":"https:\/\/i0.wp.com\/blog.sub.uni-hamburg.de\/wp-content\/uploads\/2013\/09\/vhg-102013-HH.jpg?resize=350%2C200&ssl=1","width":350,"height":200},"classes":[]},{"id":7665,"url":"https:\/\/blog.sub.uni-hamburg.de\/?p=7665","url_meta":{"origin":19175,"position":2},"title":"Hans-Dieter Gelfert \u201eCharles Dickens: der Unnachahmliche\u201c (20.4.)","author":"Markus Trapp","date":"05-04-12","format":false,"excerpt":"Kennen Sie Charles Dickens? Nat\u00fcrlich kennen Sie ihn. Aber kennen Sie ihn wirklich? DIE ZEIT hat es in ihrer Rezension der Dickens-Biographie von Hans-Dieter Gelfert auf den Punkt gebracht: \u00abWer Dickens nicht kennt, kann mit diesem Buch bestens beginnen, ihn kennenzulernen.\u00bb Bei der Lesung wird Hans-Dieter Gelfert im Gespr\u00e4ch mit\u2026","rel":"","context":"In &quot;Ausstellungen und Veranstaltungen&quot;","block_context":{"text":"Ausstellungen und Veranstaltungen","link":"https:\/\/blog.sub.uni-hamburg.de\/?cat=9"},"img":{"alt_text":"","src":"https:\/\/i0.wp.com\/blog.sub.uni-hamburg.de\/wp-content\/uploads\/2012\/04\/charles-dickens.jpg?resize=350%2C200&ssl=1","width":350,"height":200},"classes":[]},{"id":23567,"url":"https:\/\/blog.sub.uni-hamburg.de\/?p=23567","url_meta":{"origin":19175,"position":3},"title":"Mutter Erde \u2013 Vorstellungen von Natur und Weiblichkeit in der Fr\u00fchen Neuzeit (22.10.-29.7.)","author":"Markus Trapp","date":"13-10-17","format":false,"excerpt":"Die Ausstellung \u201eMutter Erde\u201c in G\u00f6ttingen, die wir Ihnen heute vorstellen, ist ein Kooperationsprojekt des Kunstgeschichtlichen Seminars der Universit\u00e4t Hamburg, der Forschungsstelle Naturbilder\/Images of Nature, der Staats- und Universit\u00e4tsbibliothek Hamburg sowie der Kunstsammlung der Universit\u00e4t G\u00f6ttingen. Sie wird er\u00f6ffnet am Donnerstag, den 19. Oktober 2017, um 18.30 Uhr (im H\u00f6rsaal\u2026","rel":"","context":"In &quot;Aktuelles&quot;","block_context":{"text":"Aktuelles","link":"https:\/\/blog.sub.uni-hamburg.de\/?cat=1"},"img":{"alt_text":"","src":"https:\/\/i0.wp.com\/blog.sub.uni-hamburg.de\/wp-content\/uploads\/2017\/10\/muttererde1-150x97.jpg?resize=350%2C200&ssl=1","width":350,"height":200,"srcset":"https:\/\/i0.wp.com\/blog.sub.uni-hamburg.de\/wp-content\/uploads\/2017\/10\/muttererde1-150x97.jpg?resize=350%2C200&ssl=1 1x, https:\/\/i0.wp.com\/blog.sub.uni-hamburg.de\/wp-content\/uploads\/2017\/10\/muttererde1-150x97.jpg?resize=525%2C300&ssl=1 1.5x, https:\/\/i0.wp.com\/blog.sub.uni-hamburg.de\/wp-content\/uploads\/2017\/10\/muttererde1-150x97.jpg?resize=700%2C400&ssl=1 2x"},"classes":[]},{"id":9722,"url":"https:\/\/blog.sub.uni-hamburg.de\/?p=9722","url_meta":{"origin":19175,"position":4},"title":"Ferdinand Beneke und die Hansest\u00e4dte (21.11.)","author":"Markus Trapp","date":"05-11-12","format":false,"excerpt":"PD Dr. Frank Hatje: Ferdinand Beneke und die Hansest\u00e4dte. Nahansichten eines Tagebuchschreibers Die Beneke-Tageb\u00fccher sind eine der umfassendsten Quellen zur Geschichte und Lebenswelt des B\u00fcrgertums zwischen der Franz\u00f6sischen Revolution und der M\u00e4rzrevolution 1848. Ferdinand Beneke (1774-1848) war Kaufmannssohn aus Bremen, studierte Rechtswissenschaften in Halle und G\u00f6ttingen und lie\u00df sich 1796\u2026","rel":"","context":"In &quot;Ausstellungen und Veranstaltungen&quot;","block_context":{"text":"Ausstellungen und Veranstaltungen","link":"https:\/\/blog.sub.uni-hamburg.de\/?cat=9"},"img":{"alt_text":"Ferdinand Beneke und die Hansest\u00e4dte. Nahansichten eines Tagebuchschreibers","src":"https:\/\/i0.wp.com\/blog.sub.uni-hamburg.de\/wp-content\/uploads\/2012\/11\/12-VHG-November.jpg?resize=350%2C200&ssl=1","width":350,"height":200},"classes":[]},{"id":14372,"url":"https:\/\/blog.sub.uni-hamburg.de\/?p=14372","url_meta":{"origin":19175,"position":5},"title":"In der Stadt verankert \u2013 175 Jahre Verein f\u00fcr Hamburgische Geschichte (8.5. &#8211; 22.6.)","author":"Markus Trapp","date":"25-04-14","format":false,"excerpt":"Ausstellung vom 8. Mai bis 22. Juni 2014: In der Stadt verankert \u2013 175 Jahre Verein f\u00fcr Hamburgische Geschichte Das muss gefeiert werden! Hamburgs Geschichte in nahezu all ihren Facetten wird seit 175 Jahren vom Verein f\u00fcr Hamburgische Geschichte (VHG) erforscht, beschrieben, vorgetragen und mit Stadtspazierg\u00e4ngen erkundet \u2013 von Hammaburg\u2026","rel":"","context":"In &quot;Ausstellungen und Veranstaltungen&quot;","block_context":{"text":"Ausstellungen und Veranstaltungen","link":"https:\/\/blog.sub.uni-hamburg.de\/?cat=9"},"img":{"alt_text":"","src":"https:\/\/i0.wp.com\/blog.sub.uni-hamburg.de\/wp-content\/uploads\/2014\/04\/vhg-collage.jpg?resize=350%2C200&ssl=1","width":350,"height":200,"srcset":"https:\/\/i0.wp.com\/blog.sub.uni-hamburg.de\/wp-content\/uploads\/2014\/04\/vhg-collage.jpg?resize=350%2C200&ssl=1 1x, https:\/\/i0.wp.com\/blog.sub.uni-hamburg.de\/wp-content\/uploads\/2014\/04\/vhg-collage.jpg?resize=525%2C300&ssl=1 1.5x, https:\/\/i0.wp.com\/blog.sub.uni-hamburg.de\/wp-content\/uploads\/2014\/04\/vhg-collage.jpg?resize=700%2C400&ssl=1 2x"},"classes":[]}],"jetpack_sharing_enabled":true,"_links":{"self":[{"href":"https:\/\/blog.sub.uni-hamburg.de\/index.php?rest_route=\/wp\/v2\/posts\/19175","targetHints":{"allow":["GET"]}}],"collection":[{"href":"https:\/\/blog.sub.uni-hamburg.de\/index.php?rest_route=\/wp\/v2\/posts"}],"about":[{"href":"https:\/\/blog.sub.uni-hamburg.de\/index.php?rest_route=\/wp\/v2\/types\/post"}],"author":[{"embeddable":true,"href":"https:\/\/blog.sub.uni-hamburg.de\/index.php?rest_route=\/wp\/v2\/users\/19"}],"replies":[{"embeddable":true,"href":"https:\/\/blog.sub.uni-hamburg.de\/index.php?rest_route=%2Fwp%2Fv2%2Fcomments&post=19175"}],"version-history":[{"count":3,"href":"https:\/\/blog.sub.uni-hamburg.de\/index.php?rest_route=\/wp\/v2\/posts\/19175\/revisions"}],"predecessor-version":[{"id":19180,"href":"https:\/\/blog.sub.uni-hamburg.de\/index.php?rest_route=\/wp\/v2\/posts\/19175\/revisions\/19180"}],"wp:attachment":[{"href":"https:\/\/blog.sub.uni-hamburg.de\/index.php?rest_route=%2Fwp%2Fv2%2Fmedia&parent=19175"}],"wp:term":[{"taxonomy":"category","embeddable":true,"href":"https:\/\/blog.sub.uni-hamburg.de\/index.php?rest_route=%2Fwp%2Fv2%2Fcategories&post=19175"},{"taxonomy":"post_tag","embeddable":true,"href":"https:\/\/blog.sub.uni-hamburg.de\/index.php?rest_route=%2Fwp%2Fv2%2Ftags&post=19175"}],"curies":[{"name":"wp","href":"https:\/\/api.w.org\/{rel}","templated":true}]}}