{"id":18614,"date":"2015-10-21T09:22:00","date_gmt":"2015-10-21T07:22:00","guid":{"rendered":"http:\/\/blog.sub.uni-hamburg.de\/?p=18614"},"modified":"2015-12-22T08:52:57","modified_gmt":"2015-12-22T07:52:57","slug":"stabis-next-topmodell-testen-sie-neue-stuhlmodelle-fuer-die-stabi","status":"publish","type":"post","link":"https:\/\/blog.sub.uni-hamburg.de\/?p=18614","title":{"rendered":"Stabi\u2019s Next Topmodel &#8211; Testen Sie neue Stuhlmodelle f\u00fcr die Stabi!"},"content":{"rendered":"<p><strong>Update 15.12.2015:<\/strong> Am Montag, den <strong>21. Dezember 2015<\/strong>, endet unsere Umfrage &#8220;Stabi&#8217;s Next Topmodel&#8221;. Nutzen Sie die Woche bis dahin, um die verschiedenen Stuhlmodelle zu testen und zu bewerten, wenn Sie bisher dazu noch keine Gelegenheit gefunden haben. Wir bedanken uns jetzt schon bei den vielen engagierten Teilnehmerinnen und Teilnehmern. <strong>[Ende Update]<\/strong><\/p>\n<p><img loading=\"lazy\" decoding=\"async\" data-attachment-id=\"18621\" data-permalink=\"https:\/\/blog.sub.uni-hamburg.de\/?attachment_id=18621\" data-orig-file=\"https:\/\/blog.sub.uni-hamburg.de\/wp-content\/uploads\/2015\/10\/Probesitzen_Stuehle.png\" data-orig-size=\"225,184\" data-comments-opened=\"1\" data-image-meta=\"{&quot;aperture&quot;:&quot;0&quot;,&quot;credit&quot;:&quot;&quot;,&quot;camera&quot;:&quot;&quot;,&quot;caption&quot;:&quot;&quot;,&quot;created_timestamp&quot;:&quot;0&quot;,&quot;copyright&quot;:&quot;&quot;,&quot;focal_length&quot;:&quot;0&quot;,&quot;iso&quot;:&quot;0&quot;,&quot;shutter_speed&quot;:&quot;0&quot;,&quot;title&quot;:&quot;&quot;,&quot;orientation&quot;:&quot;0&quot;}\" data-image-title=\"Probesitzen_Stuehle\" data-image-description=\"\" data-image-caption=\"\" data-large-file=\"https:\/\/blog.sub.uni-hamburg.de\/wp-content\/uploads\/2015\/10\/Probesitzen_Stuehle.png\" class=\"alignright wp-image-18621 size-full\" src=\"https:\/\/blog.sub.uni-hamburg.de\/wp-content\/uploads\/2015\/10\/Probesitzen_Stuehle.png\" alt=\"Probesitzen_Stuehle\" width=\"225\" height=\"184\" srcset=\"https:\/\/blog.sub.uni-hamburg.de\/wp-content\/uploads\/2015\/10\/Probesitzen_Stuehle.png 225w, https:\/\/blog.sub.uni-hamburg.de\/wp-content\/uploads\/2015\/10\/Probesitzen_Stuehle-150x123.png 150w\" sizes=\"auto, (max-width: 225px) 100vw, 225px\" \/><\/p>\n<p>Bei der Auswahl neuer St\u00fchle f\u00fcr Ihre Arbeitspl\u00e4tze m\u00f6chten wir Sie mit ins Boot holen. Ab dieser Woche k\u00f6nnen Sie <strong>verschiedene Stuhlmodelle im Informationszentrum der Stabi testen<\/strong>.<\/p>\n<p>Welcher Stuhl gef\u00e4llt Ihnen am besten, auf welchem Modell sitzt es sich besonders gut, wenn man l\u00e4ngere Zeit in der Stabi lernt\/arbeitet?<\/p>\n<p>F\u00fcr die Bewertung der St\u00fchle stellen wir Ihnen einen Evaluationsbogen zur Verf\u00fcgung. Auch hier haben sie die Wahl: elektronisch oder auf Papier.<\/p>\n<p>Mit <strong>Ihrem Feedback<\/strong> helfen Sie uns, den besten Stuhl f\u00fcr einen <strong>Arbeitsraum mit Wohlf\u00fchlcharakter<\/strong> zu finden. Wir freuen uns, wenn Sie diese Chance wahrnehmen und bedanken uns schon jetzt ganz herzlich f\u00fcr Ihre Teilnahme!<\/p>\n","protected":false},"excerpt":{"rendered":"<p>Update 15.12.2015: Am Montag, den 21. Dezember 2015, endet unsere Umfrage &#8220;Stabi&#8217;s Next Topmodel&#8221;. Nutzen Sie die Woche bis dahin, um die verschiedenen Stuhlmodelle zu testen und zu bewerten, wenn Sie bisher dazu noch keine Gelegenheit gefunden haben. Wir bedanken uns jetzt schon bei den vielen engagierten Teilnehmerinnen und Teilnehmern. [Ende Update] Bei der Auswahl [&hellip;]<\/p>\n","protected":false},"author":6,"featured_media":0,"comment_status":"open","ping_status":"open","sticky":false,"template":"","format":"standard","meta":{"jetpack_post_was_ever_published":false,"_jetpack_newsletter_access":"","_jetpack_dont_email_post_to_subs":false,"_jetpack_newsletter_tier_id":0,"_jetpack_memberships_contains_paywalled_content":false,"_jetpack_memberships_contains_paid_content":false,"footnotes":"","jetpack_publicize_message":"","jetpack_publicize_feature_enabled":true,"jetpack_social_post_already_shared":true,"jetpack_social_options":{"image_generator_settings":{"template":"highway","default_image_id":0,"font":"","enabled":false},"version":2}},"categories":[1,10],"tags":[],"class_list":["post-18614","post","type-post","status-publish","format-standard","hentry","category-1","category-baustelle-stabi"],"views":4689,"jetpack_publicize_connections":[],"jetpack_featured_media_url":"","jetpack_shortlink":"https:\/\/wp.me\/p7hfNR-4Qe","jetpack-related-posts":[{"id":31715,"url":"https:\/\/blog.sub.uni-hamburg.de\/?p=31715","url_meta":{"origin":18614,"position":0},"title":"Von der Raumidee zum Architekturentwurf \u2013 ein neues Raumprogramm f\u00fcr die Stabi","author":"Redaktion","date":"18-08-21","format":false,"excerpt":"Von Miriam Green. Ein weiterer Baustein unseres mehrstufigen Raumentwicklungsprojekts ist die sogenannte Prototyping-Phase. Im Rahmen von Projektseminaren im Wintersemester 2021\/22 wollen wir zusammen mit Studierenden des Fachbereichs Architektur schauen, wie sich unser neues Raumprogramm in erste konkrete Architekturentw\u00fcrfe \u00fcbersetzen l\u00e4sst. Besonders freut uns, an dieser Stelle verk\u00fcnden zu k\u00f6nnen, dass\u2026","rel":"","context":"In &quot;Baustelle Stabi&quot;","block_context":{"text":"Baustelle Stabi","link":"https:\/\/blog.sub.uni-hamburg.de\/?cat=10"},"img":{"alt_text":"Wissen Bauen 2025","src":"https:\/\/i0.wp.com\/blog.sub.uni-hamburg.de\/wp-content\/uploads\/2021\/02\/bauaufdeinestabi.png?resize=350%2C200&ssl=1","width":350,"height":200,"srcset":"https:\/\/i0.wp.com\/blog.sub.uni-hamburg.de\/wp-content\/uploads\/2021\/02\/bauaufdeinestabi.png?resize=350%2C200&ssl=1 1x, https:\/\/i0.wp.com\/blog.sub.uni-hamburg.de\/wp-content\/uploads\/2021\/02\/bauaufdeinestabi.png?resize=525%2C300&ssl=1 1.5x"},"classes":[]},{"id":37844,"url":"https:\/\/blog.sub.uni-hamburg.de\/?p=37844","url_meta":{"origin":18614,"position":1},"title":"Erste Visualisierungen f\u00fcr den Carl von Ossietzky Saal","author":"Miriam Marie Green","date":"09-04-24","format":false,"excerpt":"Zwischenstand im EU-Projekt BALTIC UKH Das auf zwei Jahre ausgelegte Interreg-Projekt befindet sich auf den letzten Metern der ersten sogenannten Group of Activities, welche zum Ziel hat, ein neues Raumkonzept f\u00fcr den Carl von Ossietzky Saal im Altbau der Stabi zu erarbeiten. Zwischen Dezember 2023 und Mitte M\u00e4rz 2024 haben\u2026","rel":"","context":"In &quot;Ausstellungen und Veranstaltungen&quot;","block_context":{"text":"Ausstellungen und Veranstaltungen","link":"https:\/\/blog.sub.uni-hamburg.de\/?cat=9"},"img":{"alt_text":"Skizze des Grundrisses mit einem frontalen Format. Zu sehen ist eine Bestuhlung im Raum sowie ein B\u00fchnenszene mit Bildschirm und einer Sofaecke.","src":"https:\/\/i0.wp.com\/blog.sub.uni-hamburg.de\/wp-content\/uploads\/2024\/04\/Grundriss-1-C.-v.-O.-Saal-300x225.jpg?resize=350%2C200&ssl=1","width":350,"height":200},"classes":[]},{"id":23067,"url":"https:\/\/blog.sub.uni-hamburg.de\/?p=23067","url_meta":{"origin":18614,"position":2},"title":"Globale Demokratie: ein Weltparlament als Alternative zu G20 und Co? (14.7.)","author":"Markus Trapp","date":"10-07-17","format":false,"excerpt":"Die Europa-Union-Hamburg l\u00e4dt zu einem Autorengespr\u00e4ch ein: Freitag, 14. Juli 2017, 18 \u2013 20 Uhr, Vortragsraum der Stabi Hamburg (1. Etage). Wie wird internationale Politik gemacht? Was verbirgt sich hinter den K\u00fcrzeln G20, G8, G7? In welchem Verh\u00e4ltnis stehen sie zu den Vereinten Nationen? Welche Kritik ist berechtigt und welche\u2026","rel":"","context":"In &quot;Ausstellungen und Veranstaltungen&quot;","block_context":{"text":"Ausstellungen und Veranstaltungen","link":"https:\/\/blog.sub.uni-hamburg.de\/?cat=9"},"img":{"alt_text":"","src":"https:\/\/i0.wp.com\/blog.sub.uni-hamburg.de\/wp-content\/uploads\/2017\/07\/EUHH-GlobaleDemokratie_G20_Weltparlament.jpeg?resize=350%2C200&ssl=1","width":350,"height":200,"srcset":"https:\/\/i0.wp.com\/blog.sub.uni-hamburg.de\/wp-content\/uploads\/2017\/07\/EUHH-GlobaleDemokratie_G20_Weltparlament.jpeg?resize=350%2C200&ssl=1 1x, https:\/\/i0.wp.com\/blog.sub.uni-hamburg.de\/wp-content\/uploads\/2017\/07\/EUHH-GlobaleDemokratie_G20_Weltparlament.jpeg?resize=525%2C300&ssl=1 1.5x"},"classes":[]},{"id":25546,"url":"https:\/\/blog.sub.uni-hamburg.de\/?p=25546","url_meta":{"origin":18614,"position":3},"title":"Fertig! Er\u00f6ffnung des neuen Lesesaals in der 1. Etage am 4.9.2018","author":"TO","date":"28-08-18","format":false,"excerpt":"Wir sind fertig! Am Dienstag, den 4. September 2018, um 10:00 Uhr \u00f6ffnen wir nach fast sechs monatiger Bauzeit unseren runderneuerten und modernisierten Lesesaal in der 1. Etage. Wir haben Ihre W\u00fcnsche gebaut! Wir haben Sie im letzten Jahr in Umfragen und Workshops nach Ihren W\u00fcnschen f\u00fcr die Neugestaltung der\u2026","rel":"","context":"In &quot;Aktuelles&quot;","block_context":{"text":"Aktuelles","link":"https:\/\/blog.sub.uni-hamburg.de\/?cat=1"},"img":{"alt_text":"","src":"https:\/\/i0.wp.com\/blog.sub.uni-hamburg.de\/wp-content\/uploads\/2018\/08\/IMG_8587-300x225.jpg?resize=350%2C200&ssl=1","width":350,"height":200},"classes":[]},{"id":1246,"url":"https:\/\/blog.sub.uni-hamburg.de\/?p=1246","url_meta":{"origin":18614,"position":4},"title":"Hinter den Kulissen: Stabi&#8217;s Next Topmodels","author":"ST","date":"21-04-09","format":false,"excerpt":"Models? Plural? Aber selbstverst\u00e4ndlich. Bei einem Angebot von ca. 4 Mio. Medieneinheiten kann es - anders als bei langbeinigen Sch\u00f6nheiten - nicht nur eine Siegerin geben. F\u00fcr unsere Beauties haben wir gleich f\u00fcnf Gewinnkategorien. Sie, unsere Leserinnen und Leser, haben per Nutzungsvoting entschieden. Hinter den Kulissen wurde gerechnet und zusammengez\u00e4hlt,\u2026","rel":"","context":"In &quot;Aufgelesen&quot;","block_context":{"text":"Aufgelesen","link":"https:\/\/blog.sub.uni-hamburg.de\/?cat=18"},"img":{"alt_text":"","src":"","width":0,"height":0},"classes":[]},{"id":26351,"url":"https:\/\/blog.sub.uni-hamburg.de\/?p=26351","url_meta":{"origin":18614,"position":5},"title":"Neue Leses\u00e4le f\u00fcr die Stabi &#8211; fertig!","author":"TO","date":"07-12-18","format":false,"excerpt":"Wir sind fertig! Am heutigen Freitag, den 7. Dezember 2018, haben wir den neuen Lesesaal in der 2. Etage wieder ge\u00f6ffnet. Mit dem Abschluss des zweiten Bauabschnitts stehen Ihnen damit nach fast zehnmonatiger Bauzeit unsere runderneuerten und neugestalteten Leses\u00e4le wieder Verf\u00fcgung. Was haben wir gemacht? Vieles ist neu\u00a0\u2013 sofort ins\u2026","rel":"","context":"In &quot;Aktuelles&quot;","block_context":{"text":"Aktuelles","link":"https:\/\/blog.sub.uni-hamburg.de\/?cat=1"},"img":{"alt_text":"","src":"https:\/\/i0.wp.com\/blog.sub.uni-hamburg.de\/wp-content\/uploads\/2018\/12\/Er%C3%B6ffnung-LS-2_1-300x225.jpg?resize=350%2C200&ssl=1","width":350,"height":200},"classes":[]}],"jetpack_sharing_enabled":true,"_links":{"self":[{"href":"https:\/\/blog.sub.uni-hamburg.de\/index.php?rest_route=\/wp\/v2\/posts\/18614","targetHints":{"allow":["GET"]}}],"collection":[{"href":"https:\/\/blog.sub.uni-hamburg.de\/index.php?rest_route=\/wp\/v2\/posts"}],"about":[{"href":"https:\/\/blog.sub.uni-hamburg.de\/index.php?rest_route=\/wp\/v2\/types\/post"}],"author":[{"embeddable":true,"href":"https:\/\/blog.sub.uni-hamburg.de\/index.php?rest_route=\/wp\/v2\/users\/6"}],"replies":[{"embeddable":true,"href":"https:\/\/blog.sub.uni-hamburg.de\/index.php?rest_route=%2Fwp%2Fv2%2Fcomments&post=18614"}],"version-history":[{"count":12,"href":"https:\/\/blog.sub.uni-hamburg.de\/index.php?rest_route=\/wp\/v2\/posts\/18614\/revisions"}],"predecessor-version":[{"id":32941,"href":"https:\/\/blog.sub.uni-hamburg.de\/index.php?rest_route=\/wp\/v2\/posts\/18614\/revisions\/32941"}],"wp:attachment":[{"href":"https:\/\/blog.sub.uni-hamburg.de\/index.php?rest_route=%2Fwp%2Fv2%2Fmedia&parent=18614"}],"wp:term":[{"taxonomy":"category","embeddable":true,"href":"https:\/\/blog.sub.uni-hamburg.de\/index.php?rest_route=%2Fwp%2Fv2%2Fcategories&post=18614"},{"taxonomy":"post_tag","embeddable":true,"href":"https:\/\/blog.sub.uni-hamburg.de\/index.php?rest_route=%2Fwp%2Fv2%2Ftags&post=18614"}],"curies":[{"name":"wp","href":"https:\/\/api.w.org\/{rel}","templated":true}]}}