{"id":18609,"date":"2015-10-20T14:41:11","date_gmt":"2015-10-20T12:41:11","guid":{"rendered":"http:\/\/blog.sub.uni-hamburg.de\/?p=18609"},"modified":"2016-10-31T17:42:13","modified_gmt":"2016-10-31T16:42:13","slug":"welcome-programm-fuer-fluechtlinge","status":"publish","type":"post","link":"https:\/\/blog.sub.uni-hamburg.de\/?p=18609","title":{"rendered":"Welcome-Programm f\u00fcr Fl\u00fcchtlinge"},"content":{"rendered":"<p><a href=\"https:\/\/blog.sub.uni-hamburg.de\/wp-content\/uploads\/2015\/10\/welcome-card.jpg\"><img loading=\"lazy\" decoding=\"async\" style=\"float: none;\" title=\"Welcome Card\" src=\"https:\/\/blog.sub.uni-hamburg.de\/wp-content\/uploads\/2015\/10\/welcome-card.jpg\" alt=\"Welcome Card\" width=\"550\" height=\"330\" \/><\/a><\/p>\n<p style=\"float: right;\">\u2192 <a href=\"https:\/\/blog.sub.uni-hamburg.de\/?p=18609#en\">English version<\/a><\/p>\n<p><strong>WILLKOMMEN!<\/strong><\/p>\n<p>F\u00fcr Fl\u00fcchtlinge mit akademischem Hintergrund (Studierende und Akademiker) bietet die Staatsbibliothek ein spezielles Willkommens-Programm an, um ihnen Zugang zu wissenschaftlichen Ressourcen und Arbeitspl\u00e4tzen in der Bibliothek zu erm\u00f6glichen. Au\u00dferdem stellt die Bibliothek Arbeitsr\u00e4ume f\u00fcr Gruppen in den Abendstunden zur Verf\u00fcgung.<\/p>\n<p><strong>Das Willkommens-Programm enth\u00e4lt folgende Elemente:<\/strong><\/p>\n<ul>\n<li>Bibliothekseinf\u00fchrung f\u00fcr Fl\u00fcchtlinge mit akademischem Hintergrund in englischer Sprache<\/li>\n<li>Welcome Card: Spezieller Bibliothekausweis zur Nutzung von Medien vor Ort<\/li>\n<li>Bibliotheksausweis f\u00fcr Fl\u00fcchtlinge mit Aufenthaltsgestattung (5 EUR)<\/li>\n<li>Welcome-Regal im Lesesaal: W\u00f6rterb\u00fccher in verschiedenen Sprachen, englischsprachige Informationen zu Deutschland und Hamburg<\/li>\n<li>Ausleihe von Selbstlernkursen Deutsch f\u00fcr Inhaber der Welcome-Card<\/li>\n<li>Voucher f\u00fcr die Internetnutzung in der SUB<\/li>\n<\/ul>\n<p><strong>Termine: montags, 16-17 Uhr, Treffpunkt im Foyer:<br \/>\n26.10., 9.11., 23.11., 7.12., 21.12.<\/strong><\/p>\n<p><strong>Folgetermine 2016, 1. Vierteljahr:<br \/>\n<\/strong><a href=\"https:\/\/blog.sub.uni-hamburg.de\/?p=19222\">https:\/\/blog.sub.uni-hamburg.de\/?p=19222<\/a><\/p>\n<p>Offen f\u00fcr alle Fl\u00fcchtlinge mit akademischem Hintergrund (Akademiker und Studenten) sowie f\u00fcr wissenschaftlich interessierte Fl\u00fcchtlinge.<\/p>\n<p><em>Wir danken <a href=\"http:\/\/www.schweitzer-online.de\/info\/Buchhandlung-Hamburg\/?key=9b3750c2dfdfe6fa8aadf54a9c7904771274714803O01\">Boysen+Mauke \/ Schweitzer Fachinformationen<\/a> f\u00fcr die freundliche Unterst\u00fctzung.<\/em><\/p>\n<p>Kontakt: Dr. Marlene Grau: <a href=\"mailto:grau@sub.uni-hamburg.de\">grau@sub.uni-hamburg.de<\/a><br \/>\n<!--more--><\/p>\n<hr \/>\n<p><a name=\"en\"><\/a><br \/>\n<strong>WELCOME!<\/strong><\/p>\n<p>Hamburg State and University Library has created a special welcome program for refugees with an academic background (students and academics) in order to give them access to scientific resources and working spaces in the library. Furthermore, the library offers special study rooms for groups during the evening hours.<\/p>\n<p><strong>The welcome program includes:<\/strong><\/p>\n<ul>\n<li>library orientation for academics and students in English<\/li>\n<li>welcome card: special card for using our media on site<\/li>\n<li>library card for refugees with &#8220;Aufenthaltsgestattung&#8221; (residence authorization) (5 EUR)<\/li>\n<li>welcome shelf in our reading room: dictionaries and information on Germany and Hamburg (non-circulation items)<\/li>\n<li>lending of self-learning German language courses for holders of a welcome card<\/li>\n<li>voucher for internet access in the State and University Library<\/li>\n<\/ul>\n<p>Dates: mondays, 4-5 pm, meeting point in the entrance hall:<br \/>\nOct. 26th, Nov. 9th, Nov. 23rd, Dec. 7th, Dec. 21st<\/p>\n<p><strong>Update: Library Orientations in 2016:<\/strong><br \/>\n<a href=\"https:\/\/blog.sub.uni-hamburg.de\/?p=19222\">https:\/\/blog.sub.uni-hamburg.de\/?p=19222<\/a><\/p>\n<p>Open to all refugees with academic background (academics and students) and to those interested in science.<\/p>\n<p><em>We are grateful to <a href=\"http:\/\/www.schweitzer-online.de\/info\/Buchhandlung-Hamburg\/?key=9b3750c2dfdfe6fa8aadf54a9c7904771274714803O01\">Boysen+Mauke \/ Schweitzer Fachinformationen<\/a> for their kind support.<\/em><\/p>\n<p>Contact: Dr. Marlene Grau: <a href=\"mailto:grau@sub.uni-hamburg.de\">grau@sub.uni-hamburg.de<\/a><\/p>\n<p>&nbsp;<\/p>\n<p><em><br \/>\n<\/em><\/p>\n","protected":false},"excerpt":{"rendered":"<p>\u2192 English version WILLKOMMEN! F\u00fcr Fl\u00fcchtlinge mit akademischem Hintergrund (Studierende und Akademiker) bietet die Staatsbibliothek ein spezielles Willkommens-Programm an, um ihnen Zugang zu wissenschaftlichen Ressourcen und Arbeitspl\u00e4tzen in der Bibliothek zu erm\u00f6glichen. Au\u00dferdem stellt die Bibliothek Arbeitsr\u00e4ume f\u00fcr Gruppen in den Abendstunden zur Verf\u00fcgung. Das Willkommens-Programm enth\u00e4lt folgende Elemente: Bibliothekseinf\u00fchrung f\u00fcr Fl\u00fcchtlinge mit akademischem Hintergrund [&hellip;]<\/p>\n","protected":false},"author":5,"featured_media":0,"comment_status":"open","ping_status":"open","sticky":false,"template":"","format":"standard","meta":{"jetpack_post_was_ever_published":false,"_jetpack_newsletter_access":"","_jetpack_dont_email_post_to_subs":true,"_jetpack_newsletter_tier_id":0,"_jetpack_memberships_contains_paywalled_content":false,"_jetpack_memberships_contains_paid_content":false,"footnotes":"","jetpack_publicize_message":"","jetpack_publicize_feature_enabled":true,"jetpack_social_post_already_shared":true,"jetpack_social_options":{"image_generator_settings":{"template":"highway","default_image_id":0,"font":"","enabled":false},"version":2}},"categories":[1],"tags":[],"class_list":["post-18609","post","type-post","status-publish","format-standard","hentry","category-1"],"views":10091,"jetpack_publicize_connections":[],"jetpack_featured_media_url":"","jetpack_shortlink":"https:\/\/wp.me\/p7hfNR-4Q9","jetpack-related-posts":[{"id":19222,"url":"https:\/\/blog.sub.uni-hamburg.de\/?p=19222","url_meta":{"origin":18609,"position":0},"title":"Welcome-Programm f\u00fcr Fl\u00fcchtlinge","author":"MG","date":"14-12-15","format":false,"excerpt":"\u2192 English version WILLKOMMEN! Das\u00a0Welcome-Programm der Staatsbibliothek, das inzwischen etwa 100 Gefl\u00fcchtete aktiv nutzen, wird auch im neuen Jahr fortgesetzt. Die Bibliothekseinf\u00fchrungen f\u00fcr Fl\u00fcchtlinge mit wissenschaftlichem Hintergrund \/ Interesse (in englischer Sprache) finden im neuen Jahr zweiw\u00f6chentlich montags um 16 Uhr statt: 11. und 25. Januar, 8. und 22. Februar,\u2026","rel":"","context":"In &quot;Aktuelles&quot;","block_context":{"text":"Aktuelles","link":"https:\/\/blog.sub.uni-hamburg.de\/?cat=1"},"img":{"alt_text":"","src":"https:\/\/i0.wp.com\/blog.sub.uni-hamburg.de\/wp-content\/uploads\/2015\/12\/welcome-card-VR.jpg?resize=350%2C200&ssl=1","width":350,"height":200,"srcset":"https:\/\/i0.wp.com\/blog.sub.uni-hamburg.de\/wp-content\/uploads\/2015\/12\/welcome-card-VR.jpg?resize=350%2C200&ssl=1 1x, https:\/\/i0.wp.com\/blog.sub.uni-hamburg.de\/wp-content\/uploads\/2015\/12\/welcome-card-VR.jpg?resize=525%2C300&ssl=1 1.5x"},"classes":[]},{"id":18330,"url":"https:\/\/blog.sub.uni-hamburg.de\/?p=18330","url_meta":{"origin":18609,"position":1},"title":"Kulturradio rbb: Wie Bibliotheken gut funktionieren","author":"Markus Trapp","date":"11-09-15","format":false,"excerpt":"Auf Kulturradio rbb ist gestern Abend ein h\u00f6renswerter Beitrag \u00fcber Bibliotheken gesendet worden, der (leider nur) noch bis zum 17. September nachgeh\u00f6rt werden kann. Ihn nachzuh\u00f6ren, lohnt sich, das sind 25 gut investierte Minuten. Andrea Heinze konstatiert in der Sendung: L\u00e4ngst sind Bibliotheken nicht mehr nur Regallager, in denen man\u2026","rel":"","context":"In &quot;Aufgelesen&quot;","block_context":{"text":"Aufgelesen","link":"https:\/\/blog.sub.uni-hamburg.de\/?cat=18"},"img":{"alt_text":"Musik-h\u00f6rer im Informationszentrum der Stabi","src":"https:\/\/i0.wp.com\/blog.sub.uni-hamburg.de\/wp-content\/uploads\/2015\/09\/musik-hoerer-iz.jpg?resize=350%2C200&ssl=1","width":350,"height":200},"classes":[]},{"id":19827,"url":"https:\/\/blog.sub.uni-hamburg.de\/?p=19827","url_meta":{"origin":18609,"position":2},"title":"Neue Welcome-Termine f\u00fcr Gefl\u00fcchtete","author":"MG","date":"23-03-16","format":false,"excerpt":"\u2192 English version WILLKOMMEN! Auch im Sommersemester 2016 setzt die Stabi ihr Welcome-Programm f\u00fcr Gefl\u00fcchtete fort. Die Bibliothekseinf\u00fchrungen f\u00fcr Gefl\u00fcchtete mit wissenschaftlichem Hintergrund \/ Interesse (in englischer Sprache) finden montags um 16 Uhr statt: 11. ,\u00a0 18. und 25. April, 9. und 23. Mai, 6. und 20. Juni 2016 (Treffpunkt:\u2026","rel":"","context":"In &quot;Aktuelles&quot;","block_context":{"text":"Aktuelles","link":"https:\/\/blog.sub.uni-hamburg.de\/?cat=1"},"img":{"alt_text":"Welcome Card","src":"https:\/\/i0.wp.com\/blog.sub.uni-hamburg.de\/wp-content\/uploads\/2015\/12\/welcome-card-VR.jpg?resize=350%2C200&ssl=1","width":350,"height":200,"srcset":"https:\/\/i0.wp.com\/blog.sub.uni-hamburg.de\/wp-content\/uploads\/2015\/12\/welcome-card-VR.jpg?resize=350%2C200&ssl=1 1x, https:\/\/i0.wp.com\/blog.sub.uni-hamburg.de\/wp-content\/uploads\/2015\/12\/welcome-card-VR.jpg?resize=525%2C300&ssl=1 1.5x"},"classes":[]},{"id":966,"url":"https:\/\/blog.sub.uni-hamburg.de\/?p=966","url_meta":{"origin":18609,"position":3},"title":"Ausstellung &#8220;Jo Mihaly &#8211; T\u00e4nzerin, Schriftstellerin, Politikerin&#8221; (19.6.-3.8.2008)","author":"MG","date":"28-05-08","format":false,"excerpt":"Jo Mihaly (1902-1989) war eine der vielseitigsten Pers\u00f6nlichkeiten der Weimarer Republik, des deutschen Exils und der fr\u00fchen Nachkriegszeit. Die ZEIT nannte sie \u201eeine der gro\u00dfen Frauen des 20. Jahrhunderts\u201c. Mihaly wurde am 25.4.1902 in Westpreu\u00dfen geboren. In den zwanziger Jahren kreierte sie eine ganz eigene Form sozialkritischer \u201eepischer T\u00e4nze\u201c. Da\u2026","rel":"","context":"In &quot;Ausstellungen und Veranstaltungen&quot;","block_context":{"text":"Ausstellungen und Veranstaltungen","link":"https:\/\/blog.sub.uni-hamburg.de\/?cat=9"},"img":{"alt_text":"","src":"https:\/\/i0.wp.com\/blog.sub.uni-hamburg.de\/wp-content\/uploads\/2008\/05\/08-Mihaly.jpg?resize=350%2C200&ssl=1","width":350,"height":200,"srcset":"https:\/\/i0.wp.com\/blog.sub.uni-hamburg.de\/wp-content\/uploads\/2008\/05\/08-Mihaly.jpg?resize=350%2C200&ssl=1 1x, https:\/\/i0.wp.com\/blog.sub.uni-hamburg.de\/wp-content\/uploads\/2008\/05\/08-Mihaly.jpg?resize=525%2C300&ssl=1 1.5x, https:\/\/i0.wp.com\/blog.sub.uni-hamburg.de\/wp-content\/uploads\/2008\/05\/08-Mihaly.jpg?resize=700%2C400&ssl=1 2x, https:\/\/i0.wp.com\/blog.sub.uni-hamburg.de\/wp-content\/uploads\/2008\/05\/08-Mihaly.jpg?resize=1050%2C600&ssl=1 3x"},"classes":[]},{"id":41910,"url":"https:\/\/blog.sub.uni-hamburg.de\/?p=41910","url_meta":{"origin":18609,"position":4},"title":"Dokumentarfilm und Buchvorstellung: \u201eZwischen Heimat und Fremde &#8211; Die Geschichte der Fl\u00fcchtlinge des Griechischen B\u00fcrgerkriegs in Leipzig\u201c (20.2.)","author":"Markus Trapp","date":"05-02-26","format":false,"excerpt":"Freitag, 20.2., 18 Uhr, Vortragsraum. 1946 \u2013 Das Ende des zweiten Weltkrieges liegt f\u00fcr die L\u00e4nder Europas inzwischen ein Jahr zur\u00fcck. Doch Griechenland ist noch immer nicht zur Ruhe gekommen. Ein B\u00fcrgerkrieg zwischen den linksgerichteten Partisan:innen der Demokratischen Armee und den Regierungstruppen zerrei\u00dft seit 1947 Land, Gesellschaft und Familien. 1949\u2026","rel":"","context":"In &quot;Ausstellungen und Veranstaltungen&quot;","block_context":{"text":"Ausstellungen und Veranstaltungen","link":"https:\/\/blog.sub.uni-hamburg.de\/?cat=9"},"img":{"alt_text":"Buchcover 'Zwischen Heimat und Fremde'","src":"https:\/\/i0.wp.com\/blog.sub.uni-hamburg.de\/wp-content\/uploads\/2026\/02\/2026-02-20-Buchcover-210x300.jpg?resize=350%2C200&ssl=1","width":350,"height":200},"classes":[]},{"id":32085,"url":"https:\/\/blog.sub.uni-hamburg.de\/?p=32085","url_meta":{"origin":18609,"position":5},"title":"Helfen bedeutet Leben. Jacob Teitel und der Verband russischer Juden in Deutschland (1920-1935) (9.11.-2.12.)","author":"Markus Trapp","date":"21-10-21","format":false,"excerpt":"Eine Ausstellung der J\u00fcdischen Gemeinde D\u00fcsseldorf im Rahmen des Festjahres 1700 Jahre j\u00fcdisches Leben in Deutschland. Nach der Russischen Revolution von 1917 und dem folgenden blutigen B\u00fcrgerkrieg fl\u00fcchteten Tausende Juden aus Russland nach Deutschland. Hier erwartete sie h\u00e4ufig ein Leben in Armut und gesellschaftlicher Randst\u00e4ndigkeit. Mit dem Verband russischer Juden\u2026","rel":"","context":"In &quot;Ausstellungen und Veranstaltungen&quot;","block_context":{"text":"Ausstellungen und Veranstaltungen","link":"https:\/\/blog.sub.uni-hamburg.de\/?cat=9"},"img":{"alt_text":"Helfen bedeutet Leben. Jacob Teitel und der Verband russischer Juden in Deutschland (1920-1935)","src":"https:\/\/i0.wp.com\/blog.sub.uni-hamburg.de\/wp-content\/uploads\/2021\/10\/Stabi-Teitel-Plakat.jpg?resize=350%2C200&ssl=1","width":350,"height":200},"classes":[]}],"jetpack_sharing_enabled":true,"_links":{"self":[{"href":"https:\/\/blog.sub.uni-hamburg.de\/index.php?rest_route=\/wp\/v2\/posts\/18609","targetHints":{"allow":["GET"]}}],"collection":[{"href":"https:\/\/blog.sub.uni-hamburg.de\/index.php?rest_route=\/wp\/v2\/posts"}],"about":[{"href":"https:\/\/blog.sub.uni-hamburg.de\/index.php?rest_route=\/wp\/v2\/types\/post"}],"author":[{"embeddable":true,"href":"https:\/\/blog.sub.uni-hamburg.de\/index.php?rest_route=\/wp\/v2\/users\/5"}],"replies":[{"embeddable":true,"href":"https:\/\/blog.sub.uni-hamburg.de\/index.php?rest_route=%2Fwp%2Fv2%2Fcomments&post=18609"}],"version-history":[{"count":21,"href":"https:\/\/blog.sub.uni-hamburg.de\/index.php?rest_route=\/wp\/v2\/posts\/18609\/revisions"}],"predecessor-version":[{"id":19471,"href":"https:\/\/blog.sub.uni-hamburg.de\/index.php?rest_route=\/wp\/v2\/posts\/18609\/revisions\/19471"}],"wp:attachment":[{"href":"https:\/\/blog.sub.uni-hamburg.de\/index.php?rest_route=%2Fwp%2Fv2%2Fmedia&parent=18609"}],"wp:term":[{"taxonomy":"category","embeddable":true,"href":"https:\/\/blog.sub.uni-hamburg.de\/index.php?rest_route=%2Fwp%2Fv2%2Fcategories&post=18609"},{"taxonomy":"post_tag","embeddable":true,"href":"https:\/\/blog.sub.uni-hamburg.de\/index.php?rest_route=%2Fwp%2Fv2%2Ftags&post=18609"}],"curies":[{"name":"wp","href":"https:\/\/api.w.org\/{rel}","templated":true}]}}