{"id":18600,"date":"2015-10-21T09:15:16","date_gmt":"2015-10-21T07:15:16","guid":{"rendered":"http:\/\/blog.sub.uni-hamburg.de\/?p=18600"},"modified":"2016-02-08T15:09:31","modified_gmt":"2016-02-08T14:09:31","slug":"wer-buecher-findet-lese-darin-die-bibliothek-der-juedischen-gemeinde-hamburg-6-11-3-1","status":"publish","type":"post","link":"https:\/\/blog.sub.uni-hamburg.de\/?p=18600","title":{"rendered":"Wer B\u00fccher findet, lese darin\u2026 Die Bibliothek der J\u00fcdischen Gemeinde Hamburg (6.11.-3.1.)"},"content":{"rendered":"<p><a href=\"https:\/\/blog.sub.uni-hamburg.de\/wp-content\/uploads\/2015\/10\/plakat-jued-gem-bibl-gr.jpg\"><img loading=\"lazy\" decoding=\"async\" src=\"https:\/\/blog.sub.uni-hamburg.de\/wp-content\/uploads\/2015\/10\/plakat-jued-gem-bibl.jpg\" alt=\"Wer B\u00fccher findet, lese darin\u2026 Die Bibliothek der J\u00fcdischen Gemeinde Hamburg\" title=\"Wer B\u00fccher findet, lese darin\u2026 Die Bibliothek der J\u00fcdischen Gemeinde Hamburg\" width=\"350\" height=\"494\" style=\"float: left; padding-left:0px; margin-right:25px; margin-bottom:25px;\" \/><\/a> Nach einer leidvollen Geschichte und langer Irrfahrt gelangte die Bibliothek der J\u00fcdischen Gemeinde, gegr\u00fcndet 1909, in die Obhut der Staats- und Universit\u00e4tsbibliothek. Der 2012 geschlossene Depositumsvertrag zwischen der J\u00fcdischen Gemeinde Hamburg und der Staats- und Universit\u00e4tsbibliothek bildet die Grundlage f\u00fcr die Verzeichnung und Restaurierung der J\u00fcdischen Gemeindebibliothek.<\/p>\n<p>Es grenzt an ein Wunder, dass diese Bibliothek die nationalsozialistische Schreckensherrschaft \u00fcberdauert hat und noch w\u00e4hrend des Kalten Krieges auf verschlungenen Wegen nach Hamburg zur\u00fcckgekommen ist. Dank der gro\u00dfz\u00fcgigen Unterst\u00fctzung durch die Freie und Hansestadt Hamburg, die Hermann-Reemtsma-Stiftung und die ZEIT-Stiftung Ebelin und Gerd Bucerius werden die B\u00fccher durch zwei Judaistinnen im Katalog der SUB verzeichnet, und es konnte mit der Restaurierung der besch\u00e4digten B\u00e4nde begonnen werden. Die Katalogisierung wird den Schatz, den die Bibliothek der J\u00fcdischen Gemeinde f\u00fcr unsere Stadt darstellt, nach und nach wieder sichtbar und benutzbar machen und eine als schmerzlich empfundene L\u00fccke schlie\u00dfen.<\/p>\n<p>Die Ausstellung dokumentiert die Katalogisierungsarbeit, zeigt die Fortschritte in der Verzeichnung der B\u00fccher und pr\u00e4sentiert erste restaurierte B\u00e4nde. Es ist noch viel zu tun &#8211; weitere Unterst\u00fctzung ist erw\u00fcnscht.<br \/>\n<!--more--><br \/>\n<img loading=\"lazy\" decoding=\"async\" data-attachment-id=\"19565\" data-permalink=\"https:\/\/blog.sub.uni-hamburg.de\/?attachment_id=19565\" data-orig-file=\"https:\/\/blog.sub.uni-hamburg.de\/wp-content\/uploads\/2015\/10\/broschuere-jgb.jpg\" data-orig-size=\"300,244\" data-comments-opened=\"1\" data-image-meta=\"{&quot;aperture&quot;:&quot;0&quot;,&quot;credit&quot;:&quot;&quot;,&quot;camera&quot;:&quot;&quot;,&quot;caption&quot;:&quot;&quot;,&quot;created_timestamp&quot;:&quot;0&quot;,&quot;copyright&quot;:&quot;&quot;,&quot;focal_length&quot;:&quot;0&quot;,&quot;iso&quot;:&quot;0&quot;,&quot;shutter_speed&quot;:&quot;0&quot;,&quot;title&quot;:&quot;&quot;,&quot;orientation&quot;:&quot;0&quot;}\" data-image-title=\"broschuere-jgb\" data-image-description=\"\" data-image-caption=\"\" data-large-file=\"https:\/\/blog.sub.uni-hamburg.de\/wp-content\/uploads\/2015\/10\/broschuere-jgb.jpg\" src=\"https:\/\/blog.sub.uni-hamburg.de\/wp-content\/uploads\/2015\/10\/broschuere-jgb.jpg\" alt=\"Brosch\u00fcre zur Ausstellung 'Die Bibliothek der J\u00fcdischen Gemeinde Hamburg'\" title=\"Brosch\u00fcre zur Ausstellung 'Die Bibliothek der J\u00fcdischen Gemeinde Hamburg'\" width=\"300\" height=\"244\" class=\"alignright size-full wp-image-19565\" srcset=\"https:\/\/blog.sub.uni-hamburg.de\/wp-content\/uploads\/2015\/10\/broschuere-jgb.jpg 300w, https:\/\/blog.sub.uni-hamburg.de\/wp-content\/uploads\/2015\/10\/broschuere-jgb-150x122.jpg 150w\" sizes=\"auto, (max-width: 300px) 100vw, 300px\" \/> Im Rahmen der Ausstellung werden Fotos von <a href=\"https:\/\/de.wikipedia.org\/wiki\/Gisela_Floto\">Gisela Floto<\/a> gezeigt: Talmud-Tora-Schule heute (siehe Ausstellung <a href=\"http:\/\/www.schloss-gottorf.de\/juedisches-museum\/ausstellung\/archiv\/fotoausstellung-eroeffnet-novembertage-2013\">J\u00fcdisches Museum Rendsburg<\/a>).<\/p>\n<p>Kuratoren: Maria Kesting, Susanne Marquardt, Lucie Renner<br \/>\nPlakatmotiv aus: Aharon ben Shemu\u2019el: Sefer Bet Aharon. Frankfurt\/Oder, 1689\/90<\/p>\n<p><strong>Dauer der Ausstellung: 6. November 2015 &#8211; 3. Januar 2016<br \/>\nOrt: Ausstellungsraum, Erdgeschoss, Eintritt frei.<\/strong><\/p>\n<p>Begleitend zur Ausstellung wurde auch eine 20-seitige Brosch\u00fcre mit Texten aus der Werkschau ver\u00f6ffentlicht, die Sie sich hier im Format <a href=\"https:\/\/blog.sub.uni-hamburg.de\/wp-content\/uploads\/2015\/10\/Brosch\u00fcre-JGB.pdf\">PDF<\/a> (Gr\u00f6\u00dfe: 500 kb) herunterladen k\u00f6nnen.<\/p>\n<hr \/>\n<p><a href=\"https:\/\/blog.sub.uni-hamburg.de\/wp-content\/uploads\/2015\/10\/plakat-jued-gem-bibl-gr.jpg\"><img loading=\"lazy\" decoding=\"async\" data-attachment-id=\"18637\" data-permalink=\"https:\/\/blog.sub.uni-hamburg.de\/?attachment_id=18637\" data-orig-file=\"https:\/\/blog.sub.uni-hamburg.de\/wp-content\/uploads\/2015\/10\/jued-gem-bibl-det.jpg\" data-orig-size=\"350,222\" data-comments-opened=\"1\" data-image-meta=\"{&quot;aperture&quot;:&quot;0&quot;,&quot;credit&quot;:&quot;&quot;,&quot;camera&quot;:&quot;&quot;,&quot;caption&quot;:&quot;&quot;,&quot;created_timestamp&quot;:&quot;0&quot;,&quot;copyright&quot;:&quot;&quot;,&quot;focal_length&quot;:&quot;0&quot;,&quot;iso&quot;:&quot;0&quot;,&quot;shutter_speed&quot;:&quot;0&quot;,&quot;title&quot;:&quot;&quot;,&quot;orientation&quot;:&quot;0&quot;}\" data-image-title=\"jued-gem-bibl-det\" data-image-description=\"\" data-image-caption=\"\" data-large-file=\"https:\/\/blog.sub.uni-hamburg.de\/wp-content\/uploads\/2015\/10\/jued-gem-bibl-det.jpg\" src=\"https:\/\/blog.sub.uni-hamburg.de\/wp-content\/uploads\/2015\/10\/jued-gem-bibl-det.jpg\" alt=\"Wer B\u00fccher findet, lese darin\u2026 Die Bibliothek der J\u00fcdischen Gemeinde Hamburg\" title=\"Wer B\u00fccher findet, lese darin\u2026 Die Bibliothek der J\u00fcdischen Gemeinde Hamburg\" width=\"350\" height=\"222\" class=\"alignright size-full wp-image-18637\" srcset=\"https:\/\/blog.sub.uni-hamburg.de\/wp-content\/uploads\/2015\/10\/jued-gem-bibl-det.jpg 350w, https:\/\/blog.sub.uni-hamburg.de\/wp-content\/uploads\/2015\/10\/jued-gem-bibl-det-150x95.jpg 150w, https:\/\/blog.sub.uni-hamburg.de\/wp-content\/uploads\/2015\/10\/jued-gem-bibl-det-300x190.jpg 300w\" sizes=\"auto, (max-width: 350px) 100vw, 350px\" \/><\/a><strong>Donnerstag, 5. November 2015, 18 Uhr<br \/>\nEr\u00f6ffnung der Ausstellung<\/strong><\/p>\n<ul>\n<li>Begr\u00fc\u00dfung: <strong>Prof. Dr. Gabriele Beger<\/strong>, Direktorin der Bibliothek<\/li>\n<li>Vortrag von <strong>Dr. Miriam R\u00fcrup<\/strong>, Direktorin des <a href=\"http:\/\/www.igdj-hh.de\/IGDJ-home.html\">Instituts f\u00fcr die Geschichte der deutschen Juden<\/a>: \u201eVom Exil der B\u00fccher. Ann\u00e4herungen an ein Hamburger j\u00fcdisches Erbe\u201c<\/li>\n<li>Hinweise zu den Fotos: <strong>Gisela Floto<\/strong><\/li>\n<\/ul>\n<p>Musik mit Aviv Weinberg (Gesang) und Daniel Seroussi (Klavier).<br \/>\nOrt: Vortragsraum, 1. Etage, Eintritt frei.<\/p>\n","protected":false},"excerpt":{"rendered":"<p>Nach einer leidvollen Geschichte und langer Irrfahrt gelangte die Bibliothek der J\u00fcdischen Gemeinde, gegr\u00fcndet 1909, in die Obhut der Staats- und Universit\u00e4tsbibliothek. Der 2012 geschlossene Depositumsvertrag zwischen der J\u00fcdischen Gemeinde Hamburg und der Staats- und Universit\u00e4tsbibliothek bildet die Grundlage f\u00fcr die Verzeichnung und Restaurierung der J\u00fcdischen Gemeindebibliothek. Es grenzt an ein Wunder, dass diese Bibliothek [&hellip;]<\/p>\n","protected":false},"author":19,"featured_media":0,"comment_status":"open","ping_status":"open","sticky":false,"template":"","format":"standard","meta":{"jetpack_post_was_ever_published":false,"_jetpack_newsletter_access":"","_jetpack_dont_email_post_to_subs":false,"_jetpack_newsletter_tier_id":0,"_jetpack_memberships_contains_paywalled_content":false,"_jetpack_memberships_contains_paid_content":false,"footnotes":"","jetpack_publicize_message":"","jetpack_publicize_feature_enabled":true,"jetpack_social_post_already_shared":true,"jetpack_social_options":{"image_generator_settings":{"template":"highway","default_image_id":0,"font":"","enabled":false},"version":2}},"categories":[9,17],"tags":[],"class_list":["post-18600","post","type-post","status-publish","format-standard","hentry","category-ausstellungen","category-hamburg"],"views":7286,"jetpack_publicize_connections":[],"jetpack_featured_media_url":"","jetpack_shortlink":"https:\/\/wp.me\/p7hfNR-4Q0","jetpack-related-posts":[{"id":13024,"url":"https:\/\/blog.sub.uni-hamburg.de\/?p=13024","url_meta":{"origin":18600,"position":0},"title":"Die Bibliothek der J\u00fcdischen Gemeinde (12.11.)","author":"Markus Trapp","date":"24-10-13","format":false,"excerpt":"Die J\u00fcdische Gemeinde Hamburg und die Staats- und Universit\u00e4tsbibliothek heben gemeinsam einen Kulturschatz. Zum feierlichen Start der Kooperation sprechen die Direktorin der Staats- und Universit\u00e4tsbibliothek Hamburg, Prof. Dr. Gabriele Beger, die Zweite B\u00fcrgermeisterin der Freien und Hansestadt Hamburg, Dr. Dorothee Stapelfeldt, und Dr. Ulriche Lohse von der J\u00fcdischen Gemeinde Hamburg.\u2026","rel":"","context":"In &quot;Ausstellungen und Veranstaltungen&quot;","block_context":{"text":"Ausstellungen und Veranstaltungen","link":"https:\/\/blog.sub.uni-hamburg.de\/?cat=9"},"img":{"alt_text":"J\u00fcdische Gemeinde Hamburg","src":"https:\/\/i0.wp.com\/blog.sub.uni-hamburg.de\/wp-content\/uploads\/2013\/10\/jgb-titel.jpg?resize=350%2C200&ssl=1","width":350,"height":200},"classes":[]},{"id":16631,"url":"https:\/\/blog.sub.uni-hamburg.de\/?p=16631","url_meta":{"origin":18600,"position":1},"title":"ZEIT-Stiftung unterst\u00fctzt Erschlie\u00dfung der J\u00fcdischen Gemeindebibliothek","author":"MG","date":"26-11-14","format":false,"excerpt":"Staatsbibliothek beginnt mit Erschlie\u00dfung der J\u00fcdischen Gemeindebibliothek dank\u00a0 Unterst\u00fctzung der ZEIT-Stiftung und anderer Spender Im November 2013 schloss die Staats- und Universit\u00e4tsbibliothek Hamburg einen Kooperationsvertrag mit der J\u00fcdischen Gemeinde, in dem die Aufbewahrung der Gemeindebibliothek geregelt wurde mit dem Ziel, die Bibliothek wieder \u00f6ffentlich zug\u00e4nglich zu machen. Im Laufe des\u2026","rel":"","context":"In &quot;Aktuelles&quot;","block_context":{"text":"Aktuelles","link":"https:\/\/blog.sub.uni-hamburg.de\/?cat=1"},"img":{"alt_text":"Kommentar zu dem Mischnatraktat Pirqe Awot, Hamburg, 1715","src":"https:\/\/i0.wp.com\/blog.sub.uni-hamburg.de\/wp-content\/uploads\/2014\/11\/13_JGB_Titel-247x300.jpg?resize=350%2C200&ssl=1","width":350,"height":200},"classes":[]},{"id":25151,"url":"https:\/\/blog.sub.uni-hamburg.de\/?p=25151","url_meta":{"origin":18600,"position":2},"title":"Restitution an die J\u00fcdische Gemeinde Hamburg","author":"Redaktion","date":"25-06-18","format":false,"excerpt":"Von Maria Kesting (SUB Hamburg) und Nadine Kulbe (SLUB Dresden). \u201e\u2026bem\u00fchen wir uns bislang leider vergeblich, die R\u00fcckf\u00fchrung unserer Bibliothek aus Dresden zu erwirken.\u201c So zu lesen in einem Schreiben der J\u00fcdischen Gemeinde Hamburg an die Staats- und Universit\u00e4tsbibliothek Hamburg (SUB) vom 3. Juli 1955. Dass dieses Bem\u00fchen einmal von\u2026","rel":"","context":"In &quot;Aktuelles&quot;","block_context":{"text":"Aktuelles","link":"https:\/\/blog.sub.uni-hamburg.de\/?cat=1"},"img":{"alt_text":"","src":"https:\/\/i0.wp.com\/blog.sub.uni-hamburg.de\/wp-content\/uploads\/2018\/06\/juedgembibhh.jpg?resize=350%2C200&ssl=1","width":350,"height":200},"classes":[]},{"id":17409,"url":"https:\/\/blog.sub.uni-hamburg.de\/?p=17409","url_meta":{"origin":18600,"position":3},"title":"NDR Info berichtet \u00fcber die Bibliothek der J\u00fcdischen Gemeinde","author":"Markus Trapp","date":"30-03-15","format":false,"excerpt":"Am kommenden Freitag, den 3. April (Karfreitag), berichtet Sven Barske auf NDR Info ab 20:30 Uhr \u00fcber die Erschlie\u00dfung der J\u00fcdischen Gemeindebibliothek durch die Stabi. Das Magazin \u00abSchabat Schalom\u00bb informiert jeden Freitag aus dem j\u00fcdischen Leben mit Nachrichten, Interviews, Berichten und Kommentaren. Die kommende Ausgabe widmet sich der J\u00fcdischen Gemeindebibliothek\u2026","rel":"","context":"In &quot;Hamburg&quot;","block_context":{"text":"Hamburg","link":"https:\/\/blog.sub.uni-hamburg.de\/?cat=17"},"img":{"alt_text":"","src":"https:\/\/i0.wp.com\/blog.sub.uni-hamburg.de\/wp-content\/uploads\/2015\/03\/jued-bibl-ndrinfo.jpg?resize=350%2C200&ssl=1","width":350,"height":200,"srcset":"https:\/\/i0.wp.com\/blog.sub.uni-hamburg.de\/wp-content\/uploads\/2015\/03\/jued-bibl-ndrinfo.jpg?resize=350%2C200&ssl=1 1x, https:\/\/i0.wp.com\/blog.sub.uni-hamburg.de\/wp-content\/uploads\/2015\/03\/jued-bibl-ndrinfo.jpg?resize=525%2C300&ssl=1 1.5x"},"classes":[]},{"id":17982,"url":"https:\/\/blog.sub.uni-hamburg.de\/?p=17982","url_meta":{"origin":18600,"position":4},"title":"Die Bibliothek der J\u00fcdischen Gemeinde bekommt Besuch","author":"Redaktion","date":"29-06-15","format":false,"excerpt":"Von Maria Kesting. Auch in diesem Jahr haben im Rahmen des Besuchsprogramms f\u00fcr ehemalige j\u00fcdische Hamburger B\u00fcrgerinnen und B\u00fcrger 20 Interessierte aus den USA, Gro\u00dfbritannien und Israel die Staats- und Universit\u00e4tsbibliothek besucht. Die Stabi war zum zweiten Mal ein Programmpunkt in dem seit langem existierenden Besuchsprogramm. \u00dcber 4.500 ehemalige Hamburger\u2026","rel":"","context":"In &quot;Aktuelles&quot;","block_context":{"text":"Aktuelles","link":"https:\/\/blog.sub.uni-hamburg.de\/?cat=1"},"img":{"alt_text":"","src":"https:\/\/i0.wp.com\/blog.sub.uni-hamburg.de\/wp-content\/uploads\/2015\/06\/bes-jued-gembib.jpg?resize=350%2C200&ssl=1","width":350,"height":200,"srcset":"https:\/\/i0.wp.com\/blog.sub.uni-hamburg.de\/wp-content\/uploads\/2015\/06\/bes-jued-gembib.jpg?resize=350%2C200&ssl=1 1x, https:\/\/i0.wp.com\/blog.sub.uni-hamburg.de\/wp-content\/uploads\/2015\/06\/bes-jued-gembib.jpg?resize=525%2C300&ssl=1 1.5x"},"classes":[]},{"id":15082,"url":"https:\/\/blog.sub.uni-hamburg.de\/?p=15082","url_meta":{"origin":18600,"position":5},"title":"Die Bibliothek der J\u00fcdischen Gemeinde bekommt Besuch","author":"Markus Trapp","date":"30-06-14","format":false,"excerpt":"Von Maria Kesting Im Rahmen des Besuchsprogramms f\u00fcr j\u00fcdische ehemalige Hamburger B\u00fcrgerinnen und B\u00fcrger haben am Sonntag, dem 22.6.2014, 20 Personen aus den USA, Uruguay, Israel und anderen L\u00e4ndern die Staats- und Universit\u00e4tsbibliothek besucht. Das Besuchsprogramm existiert in Hamburg seit langem. Genau beschrieben und analysiert hat es Lina Nikou in\u2026","rel":"","context":"In &quot;Aktuelles&quot;","block_context":{"text":"Aktuelles","link":"https:\/\/blog.sub.uni-hamburg.de\/?cat=1"},"img":{"alt_text":"Die Bibliothek der J\u00fcdischen Gemeinde bekommt Besuch","src":"https:\/\/i0.wp.com\/blog.sub.uni-hamburg.de\/wp-content\/uploads\/2014\/06\/besbibjuedgem1-kl.jpg?resize=350%2C200&ssl=1","width":350,"height":200},"classes":[]}],"jetpack_sharing_enabled":true,"_links":{"self":[{"href":"https:\/\/blog.sub.uni-hamburg.de\/index.php?rest_route=\/wp\/v2\/posts\/18600","targetHints":{"allow":["GET"]}}],"collection":[{"href":"https:\/\/blog.sub.uni-hamburg.de\/index.php?rest_route=\/wp\/v2\/posts"}],"about":[{"href":"https:\/\/blog.sub.uni-hamburg.de\/index.php?rest_route=\/wp\/v2\/types\/post"}],"author":[{"embeddable":true,"href":"https:\/\/blog.sub.uni-hamburg.de\/index.php?rest_route=\/wp\/v2\/users\/19"}],"replies":[{"embeddable":true,"href":"https:\/\/blog.sub.uni-hamburg.de\/index.php?rest_route=%2Fwp%2Fv2%2Fcomments&post=18600"}],"version-history":[{"count":11,"href":"https:\/\/blog.sub.uni-hamburg.de\/index.php?rest_route=\/wp\/v2\/posts\/18600\/revisions"}],"predecessor-version":[{"id":19570,"href":"https:\/\/blog.sub.uni-hamburg.de\/index.php?rest_route=\/wp\/v2\/posts\/18600\/revisions\/19570"}],"wp:attachment":[{"href":"https:\/\/blog.sub.uni-hamburg.de\/index.php?rest_route=%2Fwp%2Fv2%2Fmedia&parent=18600"}],"wp:term":[{"taxonomy":"category","embeddable":true,"href":"https:\/\/blog.sub.uni-hamburg.de\/index.php?rest_route=%2Fwp%2Fv2%2Fcategories&post=18600"},{"taxonomy":"post_tag","embeddable":true,"href":"https:\/\/blog.sub.uni-hamburg.de\/index.php?rest_route=%2Fwp%2Fv2%2Ftags&post=18600"}],"curies":[{"name":"wp","href":"https:\/\/api.w.org\/{rel}","templated":true}]}}