{"id":18590,"date":"2015-10-16T10:12:24","date_gmt":"2015-10-16T08:12:24","guid":{"rendered":"http:\/\/blog.sub.uni-hamburg.de\/?p=18590"},"modified":"2017-01-03T18:59:37","modified_gmt":"2017-01-03T17:59:37","slug":"arte-doku-buch-unter-druck","status":"publish","type":"post","link":"https:\/\/blog.sub.uni-hamburg.de\/?p=18590","title":{"rendered":"ARTE-Doku \u00abBuch unter Druck\u00bb"},"content":{"rendered":"<div style=\"float: right; padding-right:0px; padding-top:0px; margin-left:25px; margin-bottom:0px;\"> <div id=\"attachment_18591\" style=\"width: 360px\" class=\"wp-caption alignnone\"><a href=\"http:\/\/www.arte.tv\/guide\/de\/052795-000\/buch-unter-druck\/?vid=052795-000_PLUS7-D\"><img loading=\"lazy\" decoding=\"async\" aria-describedby=\"caption-attachment-18591\" data-attachment-id=\"18591\" data-permalink=\"https:\/\/blog.sub.uni-hamburg.de\/?attachment_id=18591\" data-orig-file=\"https:\/\/blog.sub.uni-hamburg.de\/wp-content\/uploads\/2015\/10\/buchunterdruck.jpg\" data-orig-size=\"350,197\" data-comments-opened=\"1\" data-image-meta=\"{&quot;aperture&quot;:&quot;0&quot;,&quot;credit&quot;:&quot;&quot;,&quot;camera&quot;:&quot;&quot;,&quot;caption&quot;:&quot;&quot;,&quot;created_timestamp&quot;:&quot;0&quot;,&quot;copyright&quot;:&quot;&quot;,&quot;focal_length&quot;:&quot;0&quot;,&quot;iso&quot;:&quot;0&quot;,&quot;shutter_speed&quot;:&quot;0&quot;,&quot;title&quot;:&quot;&quot;,&quot;orientation&quot;:&quot;0&quot;}\" data-image-title=\"buchunterdruck\" data-image-description=\"&lt;p&gt;\u00a9 Siegfried Ressel&lt;\/p&gt;\n&lt;p&gt;Carsten Wist, Literaturladen Potsdam&lt;\/p&gt;\n\" data-image-caption=\"&lt;p&gt;\u00a9 Siegfried Ressel&lt;\/p&gt;\n&lt;p&gt;Carsten Wist, Literaturladen Potsdam&lt;\/p&gt;\n\" data-large-file=\"https:\/\/blog.sub.uni-hamburg.de\/wp-content\/uploads\/2015\/10\/buchunterdruck.jpg\" src=\"https:\/\/blog.sub.uni-hamburg.de\/wp-content\/uploads\/2015\/10\/buchunterdruck.jpg\" alt=\"\u00a9 Siegfried Ressel. Carsten Wist, Literaturladen Potsdam\" title=\"\u00a9 Siegfried Ressel. Carsten Wist, Literaturladen Potsdam\" width=\"350\" height=\"197\" class=\"size-full wp-image-18591\" srcset=\"https:\/\/blog.sub.uni-hamburg.de\/wp-content\/uploads\/2015\/10\/buchunterdruck.jpg 350w, https:\/\/blog.sub.uni-hamburg.de\/wp-content\/uploads\/2015\/10\/buchunterdruck-150x84.jpg 150w, https:\/\/blog.sub.uni-hamburg.de\/wp-content\/uploads\/2015\/10\/buchunterdruck-300x169.jpg 300w\" sizes=\"auto, (max-width: 350px) 100vw, 350px\" \/><\/a><p id=\"caption-attachment-18591\" class=\"wp-caption-text\">\u00a9\u00a0Siegfried Ressel. Carsten Wist, Literaturladen Potsdam<\/p><\/div> <\/div>\n<p> Zum Start der Frankfurter Buchmesse hat ARTE diese Woche eine Doku gezeigt, die bis zum 12. Januar 2016 nachgeschaut werden kann. Es zu tun, empfiehlt sich, denn die darin behandelten Fragen sind spannend und in den 60 Minuten ausgewogen behandelt. Es kommen sowohl skeptische als auch optimistische Stimmen zur Zukunft des Buches zu Wort. Der Dokumentarfilmer Siegfried Ressel hat fr\u00fcher selbst einmal eine Buchhandlung betrieben. Die in seinem Film aufgeworfenen Fragen kennt er nur zu gut. Die kontroversen Antworten der engagierten Experten zeigen, dass momentan noch keiner wissen kann, wohin die Reise geht. <\/p>\n<blockquote><p>\u00dcberlebt das Buch? Und wenn ja, in welcher Form? Diese Fragen stellen sich Buchh\u00e4ndler und Verleger genauso wie die Feuilletonisten der Tageszeitungen und nat\u00fcrlich alle Menschen, f\u00fcr die \u201edas Buch\u201c ein selbstverst\u00e4ndlicher Begleiter f\u00fcrs Leben ist. Denn alles ist anders, seit vor allem Online-Buchh\u00e4ndler wie Amazon den Markt aufmischen, den Verlagen Sonderkonditionen abringen und Autoren zum Self-Publishing auf den firmeneigenen Onlineplattformen ermutigen &#8211; zulasten der Verlage und vor allem der lokalen Buchh\u00e4ndler?<\/p><\/blockquote>\n<p><!--more--><\/p>\n<p><script type=\"text\/javascript\" src=\"https:\/\/www-secure.arte.tv\/arte_vp\/embed.php?json_url=http%3A%2F%2Farte.tv%2Fpapi%2Ftvguide%2Fvideos%2Fstream%2Fplayer%2FD%2F052795-000_PLUS7-D%2FALL%2FALL.json&#038;lang=de_DE&#038;config=arte_tvguide&#038;width=550&#038;height=310\"><\/script><\/p>\n<p>Alle Infos auf ARTE: <a href=\"http:\/\/www.arte.tv\/guide\/de\/052795-000\/buch-unter-druck\">Buch unter Druck \u2013 Eine Kontroverse<\/a>.<\/p>\n","protected":false},"excerpt":{"rendered":"<p>Zum Start der Frankfurter Buchmesse hat ARTE diese Woche eine Doku gezeigt, die bis zum 12. Januar 2016 nachgeschaut werden kann. Es zu tun, empfiehlt sich, denn die darin behandelten Fragen sind spannend und in den 60 Minuten ausgewogen behandelt. Es kommen sowohl skeptische als auch optimistische Stimmen zur Zukunft des Buches zu Wort. Der [&hellip;]<\/p>\n","protected":false},"author":19,"featured_media":0,"comment_status":"open","ping_status":"open","sticky":false,"template":"","format":"standard","meta":{"jetpack_post_was_ever_published":false,"_jetpack_newsletter_access":"","_jetpack_dont_email_post_to_subs":true,"_jetpack_newsletter_tier_id":0,"_jetpack_memberships_contains_paywalled_content":false,"_jetpack_memberships_contains_paid_content":false,"footnotes":"","jetpack_publicize_message":"","jetpack_publicize_feature_enabled":true,"jetpack_social_post_already_shared":true,"jetpack_social_options":{"image_generator_settings":{"template":"highway","default_image_id":0,"font":"","enabled":false},"version":2}},"categories":[18],"tags":[91,90,92,89,93],"class_list":["post-18590","post","type-post","status-publish","format-standard","hentry","category-aufgelesen","tag-buch","tag-buchhandel","tag-e-book","tag-literatur","tag-verlag"],"views":21096,"jetpack_publicize_connections":[],"jetpack_featured_media_url":"","jetpack_shortlink":"https:\/\/wp.me\/p7hfNR-4PQ","jetpack-related-posts":[{"id":41933,"url":"https:\/\/blog.sub.uni-hamburg.de\/?p=41933","url_meta":{"origin":18590,"position":0},"title":"Ausstellung: Elfenbeinturm und Barrikade. Siegfried Lenz und Helmut Schmidt (4.3.-10.5.26)","author":"Konstantin Ulmer","date":"17-02-26","format":false,"excerpt":"4. M\u00e4rz bis 10. Mai 2026, Ausstellungsraum. Siegfried Lenz und Helmut Schmidt verband seit den 1960er-Jahren eine von hanseatischem Respekt gepr\u00e4gte Freundschaft. Sie tauschten sich \u00fcber das Verh\u00e4ltnis von Staat und Literatur, \u00fcber den \u201eDeutschen Herbst\u201c und \u00fcber das Erinnern an den Nationalsozialismus aus und reflektierten dabei stets ihre Rollen\u2026","rel":"","context":"In &quot;Ausstellungen und Veranstaltungen&quot;","block_context":{"text":"Ausstellungen und Veranstaltungen","link":"https:\/\/blog.sub.uni-hamburg.de\/?cat=9"},"img":{"alt_text":"","src":"https:\/\/i0.wp.com\/blog.sub.uni-hamburg.de\/wp-content\/uploads\/2026\/02\/Sharepic_LenzSchmidt.jpg?resize=350%2C200&ssl=1","width":350,"height":200,"srcset":"https:\/\/i0.wp.com\/blog.sub.uni-hamburg.de\/wp-content\/uploads\/2026\/02\/Sharepic_LenzSchmidt.jpg?resize=350%2C200&ssl=1 1x, https:\/\/i0.wp.com\/blog.sub.uni-hamburg.de\/wp-content\/uploads\/2026\/02\/Sharepic_LenzSchmidt.jpg?resize=525%2C300&ssl=1 1.5x, https:\/\/i0.wp.com\/blog.sub.uni-hamburg.de\/wp-content\/uploads\/2026\/02\/Sharepic_LenzSchmidt.jpg?resize=700%2C400&ssl=1 2x, https:\/\/i0.wp.com\/blog.sub.uni-hamburg.de\/wp-content\/uploads\/2026\/02\/Sharepic_LenzSchmidt.jpg?resize=1050%2C600&ssl=1 3x"},"classes":[]},{"id":41950,"url":"https:\/\/blog.sub.uni-hamburg.de\/?p=41950","url_meta":{"origin":18590,"position":1},"title":"Lesung: Erinnern &#8211; Schreiben &#8211; Handeln. Demokratie bei Lenz und Schmidt (16.3.)","author":"Konstantin Ulmer","date":"17-02-26","format":false,"excerpt":"Montag, 16.3., 19 Uhr, Vortragsraum. Siegfried Lenz (1926-2014) und Helmut Schmidt (1918-2015) teilten Neugier und Leidenschaft f\u00fcr politische Themen rund um die Demokratie, um die NS-Vergangenheit und ihre Auswirkungen auf den bundesdeutschen Alltag. Freundschaftlich verbunden reflektierten der Literat und der Politiker je unterschiedliche M\u00f6glichkeiten und Reichweite ihrer Texte. Die Lesung\u2026","rel":"","context":"In &quot;Ausstellungen und Veranstaltungen&quot;","block_context":{"text":"Ausstellungen und Veranstaltungen","link":"https:\/\/blog.sub.uni-hamburg.de\/?cat=9"},"img":{"alt_text":"","src":"https:\/\/i0.wp.com\/blog.sub.uni-hamburg.de\/wp-content\/uploads\/2026\/02\/Bild-fuer-15.3-scaled.jpg?resize=350%2C200&ssl=1","width":350,"height":200,"srcset":"https:\/\/i0.wp.com\/blog.sub.uni-hamburg.de\/wp-content\/uploads\/2026\/02\/Bild-fuer-15.3-scaled.jpg?resize=350%2C200&ssl=1 1x, https:\/\/i0.wp.com\/blog.sub.uni-hamburg.de\/wp-content\/uploads\/2026\/02\/Bild-fuer-15.3-scaled.jpg?resize=525%2C300&ssl=1 1.5x, https:\/\/i0.wp.com\/blog.sub.uni-hamburg.de\/wp-content\/uploads\/2026\/02\/Bild-fuer-15.3-scaled.jpg?resize=700%2C400&ssl=1 2x, https:\/\/i0.wp.com\/blog.sub.uni-hamburg.de\/wp-content\/uploads\/2026\/02\/Bild-fuer-15.3-scaled.jpg?resize=1050%2C600&ssl=1 3x, https:\/\/i0.wp.com\/blog.sub.uni-hamburg.de\/wp-content\/uploads\/2026\/02\/Bild-fuer-15.3-scaled.jpg?resize=1400%2C800&ssl=1 4x"},"classes":[]},{"id":41952,"url":"https:\/\/blog.sub.uni-hamburg.de\/?p=41952","url_meta":{"origin":18590,"position":2},"title":"Gespr\u00e4ch: Elfenbeinturm und Barrikade? Simone Buchholz und Katharina Hagena im Gespr\u00e4ch mit Wolfgang M. Schmitt (26.3.)","author":"Konstantin Ulmer","date":"17-02-26","format":false,"excerpt":"Donnerstag, 26.3., 19 Uhr, Lichthof. Wie stehen Literatur und Politik zueinander? Wirkt Literatur in die Gesellschaft - und wenn ja, wie? Wo liegen Macht und Ohnmacht von fiktionalen Texten \u2013 und was bedeutet politisches Schreiben heute? Diese und weitere Fragen diskutiert der Kritiker und Podcaster Wolfgang M. Schmitt mit den\u2026","rel":"","context":"In &quot;Ausstellungen und Veranstaltungen&quot;","block_context":{"text":"Ausstellungen und Veranstaltungen","link":"https:\/\/blog.sub.uni-hamburg.de\/?cat=9"},"img":{"alt_text":"","src":"https:\/\/i0.wp.com\/blog.sub.uni-hamburg.de\/wp-content\/uploads\/2026\/02\/0ECA0130-44AC-457C-8CC0-3C8C6884FFCB-120x150.jpg?resize=350%2C200&ssl=1","width":350,"height":200,"srcset":"https:\/\/i0.wp.com\/blog.sub.uni-hamburg.de\/wp-content\/uploads\/2026\/02\/0ECA0130-44AC-457C-8CC0-3C8C6884FFCB-120x150.jpg?resize=350%2C200&ssl=1 1x, https:\/\/i0.wp.com\/blog.sub.uni-hamburg.de\/wp-content\/uploads\/2026\/02\/0ECA0130-44AC-457C-8CC0-3C8C6884FFCB-120x150.jpg?resize=525%2C300&ssl=1 1.5x, https:\/\/i0.wp.com\/blog.sub.uni-hamburg.de\/wp-content\/uploads\/2026\/02\/0ECA0130-44AC-457C-8CC0-3C8C6884FFCB-120x150.jpg?resize=700%2C400&ssl=1 2x, https:\/\/i0.wp.com\/blog.sub.uni-hamburg.de\/wp-content\/uploads\/2026\/02\/0ECA0130-44AC-457C-8CC0-3C8C6884FFCB-120x150.jpg?resize=1050%2C600&ssl=1 3x"},"classes":[]},{"id":1665,"url":"https:\/\/blog.sub.uni-hamburg.de\/?p=1665","url_meta":{"origin":18590,"position":3},"title":"Vortrag von Magnus Ressel: Zwischen T\u00fcrkenp\u00e4ssen und Sklavenkassen \u2013 der nordeurop\u00e4ische Seehandel unter dem Druck der Barbaresken. (24.3.)","author":"BP","date":"16-03-10","format":false,"excerpt":"Seit dem sp\u00e4ten 16. Jahrhundert mehrten sich die Angriffe muslimischer Korsare, der sogenannten Barbaresken, auf die hamburgische Schifffahrt nach S\u00fcdeuropa. Zur Sicherung ihrer Matrosen \"erfand\" Hamburg im Jahre 1624 die erste Sozialversicherung der Welt, die Hamburger Sklavenkasse, welche im lutheranischen Nordeuropa schnell Nachahmer fand. Finanziert durch die Beitr\u00e4ge der Schiffsmannschaften\u2026","rel":"","context":"In &quot;Ausstellungen und Veranstaltungen&quot;","block_context":{"text":"Ausstellungen und Veranstaltungen","link":"https:\/\/blog.sub.uni-hamburg.de\/?cat=9"},"img":{"alt_text":"","src":"","width":0,"height":0},"classes":[]},{"id":30199,"url":"https:\/\/blog.sub.uni-hamburg.de\/?p=30199","url_meta":{"origin":18590,"position":4},"title":"Zeit f\u00fcr Inklusion","author":"Redaktion","date":"27-10-20","format":false,"excerpt":"von Hajo Seng (Schwerbehindertenvertreter), Korinna Meschke & Birgit Straubel (Gleichstellungsbeauftragte). Der virtuelle B\u00fcchertisch mit diversesensibler Kinderliteratur, den die Gleichstellungsbeauftragten der SUB Hamburg im Rahmen der Diversity Tage im Stabi-Blog ver\u00f6ffentlicht haben, erwacht wieder zum Leben - diesmal mit dem Schwerpunkt Inklusion zur Veranstaltungsreihe \"Zeit f\u00fcr Inklusion\". Mit diesem Beitrag versuchen\u2026","rel":"","context":"In &quot;Aktuelles&quot;","block_context":{"text":"Aktuelles","link":"https:\/\/blog.sub.uni-hamburg.de\/?cat=1"},"img":{"alt_text":"","src":"https:\/\/i0.wp.com\/blog.sub.uni-hamburg.de\/wp-content\/uploads\/2020\/10\/inklusion.jpg?resize=350%2C200&ssl=1","width":350,"height":200},"classes":[]},{"id":19127,"url":"https:\/\/blog.sub.uni-hamburg.de\/?p=19127","url_meta":{"origin":18590,"position":5},"title":"NDR-Doku \u00fcber das Grindelviertel","author":"Markus Trapp","date":"02-12-15","format":false,"excerpt":"Im NDR wurde gestern eine stimmige Dokumentation \u00fcber das Grindelviertel gezeigt, die in der NDR-Mediathek nachgeschaut werden kann. Die Stabi kommt auch drin vor (ab Minute 23 begleitet die Doku eine Studentin in die Stabi). Zitat aus der Filmbeschreibung: Das Grindelviertel: Kaum ein anderer Stadtteil Hamburgs vereint Vielfalt und Geschichte\u2026","rel":"","context":"In &quot;Aufgelesen&quot;","block_context":{"text":"Aufgelesen","link":"https:\/\/blog.sub.uni-hamburg.de\/?cat=18"},"img":{"alt_text":"","src":"https:\/\/i0.wp.com\/blog.sub.uni-hamburg.de\/wp-content\/uploads\/2015\/12\/grindel-ndr-stabi.jpg?resize=350%2C200&ssl=1","width":350,"height":200,"srcset":"https:\/\/i0.wp.com\/blog.sub.uni-hamburg.de\/wp-content\/uploads\/2015\/12\/grindel-ndr-stabi.jpg?resize=350%2C200&ssl=1 1x, https:\/\/i0.wp.com\/blog.sub.uni-hamburg.de\/wp-content\/uploads\/2015\/12\/grindel-ndr-stabi.jpg?resize=525%2C300&ssl=1 1.5x"},"classes":[]}],"jetpack_sharing_enabled":true,"_links":{"self":[{"href":"https:\/\/blog.sub.uni-hamburg.de\/index.php?rest_route=\/wp\/v2\/posts\/18590","targetHints":{"allow":["GET"]}}],"collection":[{"href":"https:\/\/blog.sub.uni-hamburg.de\/index.php?rest_route=\/wp\/v2\/posts"}],"about":[{"href":"https:\/\/blog.sub.uni-hamburg.de\/index.php?rest_route=\/wp\/v2\/types\/post"}],"author":[{"embeddable":true,"href":"https:\/\/blog.sub.uni-hamburg.de\/index.php?rest_route=\/wp\/v2\/users\/19"}],"replies":[{"embeddable":true,"href":"https:\/\/blog.sub.uni-hamburg.de\/index.php?rest_route=%2Fwp%2Fv2%2Fcomments&post=18590"}],"version-history":[{"count":8,"href":"https:\/\/blog.sub.uni-hamburg.de\/index.php?rest_route=\/wp\/v2\/posts\/18590\/revisions"}],"predecessor-version":[{"id":18599,"href":"https:\/\/blog.sub.uni-hamburg.de\/index.php?rest_route=\/wp\/v2\/posts\/18590\/revisions\/18599"}],"wp:attachment":[{"href":"https:\/\/blog.sub.uni-hamburg.de\/index.php?rest_route=%2Fwp%2Fv2%2Fmedia&parent=18590"}],"wp:term":[{"taxonomy":"category","embeddable":true,"href":"https:\/\/blog.sub.uni-hamburg.de\/index.php?rest_route=%2Fwp%2Fv2%2Fcategories&post=18590"},{"taxonomy":"post_tag","embeddable":true,"href":"https:\/\/blog.sub.uni-hamburg.de\/index.php?rest_route=%2Fwp%2Fv2%2Ftags&post=18590"}],"curies":[{"name":"wp","href":"https:\/\/api.w.org\/{rel}","templated":true}]}}