{"id":18503,"date":"2015-10-09T09:46:48","date_gmt":"2015-10-09T07:46:48","guid":{"rendered":"http:\/\/blog.sub.uni-hamburg.de\/?p=18503"},"modified":"2015-11-09T09:37:21","modified_gmt":"2015-11-09T08:37:21","slug":"stabi-programm-zur-nacht-des-wissens-7-11","status":"publish","type":"post","link":"https:\/\/blog.sub.uni-hamburg.de\/?p=18503","title":{"rendered":"Stabi-Programm zur Nacht des Wissens (7.11.)"},"content":{"rendered":"<p><a href=\"https:\/\/blog.sub.uni-hamburg.de\/wp-content\/uploads\/2015\/10\/ndw-stabihh-2015-gr.jpg\"><img loading=\"lazy\" decoding=\"async\" src=\"https:\/\/blog.sub.uni-hamburg.de\/wp-content\/uploads\/2015\/10\/ndw-stabihh-2015.jpg\" alt=\"ndw-stabihh-2015\" width=\"550\" height=\"370\" style=\"float: none;\" \/><\/a><\/p>\n<p>Am <strong>Sonnabend, den 7. November 2015<\/strong>, findet in Hamburg zum sechsten Mal die <a href=\"http:\/\/nachtdeswissens.hamburg.de\/\">Nacht des Wissens<\/a> statt. Von <strong>17-24 Uhr<\/strong> \u00f6ffnen Hamburgs Wissenschaftseinrichtungen ihre T\u00fcren. Nat\u00fcrlich ist die Stabi auch wieder dabei. Eine gute Gelegenheit hinter die Kulissen zu blicken und mehr dar\u00fcber zu erfahren, was wir hier alles so machen. <\/p>\n<p>Zu unserem Angebot geh\u00f6ren die sehr beliebten F\u00fchrungen, drei Konzerte und &#8211; neu! &#8211; sieben Werkstattgespr\u00e4che. Hier unser f\u00fcr Sie geschn\u00fcrtes Programm, auch im praktischen \u00dcberblick als <a href=\"https:\/\/blog.sub.uni-hamburg.de\/wp-content\/uploads\/2015\/10\/15-SUB-Plakat-A4.pdf\">PDF<\/a> (2,4 MB)). Wir freuen uns auf Ihren Besuch:<\/p>\n<p><strong>F\u00fchrungen \u2013 Treffpunkt Foyer:<\/strong><br \/>\n<!--more--><\/p>\n<p><a href=\"https:\/\/blog.sub.uni-hamburg.de\/wp-content\/uploads\/2015\/10\/Kompaktmagazin-SM.jpg\"><img loading=\"lazy\" decoding=\"async\" data-attachment-id=\"18526\" data-permalink=\"https:\/\/blog.sub.uni-hamburg.de\/?attachment_id=18526\" data-orig-file=\"https:\/\/blog.sub.uni-hamburg.de\/wp-content\/uploads\/2015\/10\/Kompaktmagazin-SM.jpg\" data-orig-size=\"1800,1350\" data-comments-opened=\"1\" data-image-meta=\"{&quot;aperture&quot;:&quot;0&quot;,&quot;credit&quot;:&quot;&quot;,&quot;camera&quot;:&quot;&quot;,&quot;caption&quot;:&quot;&quot;,&quot;created_timestamp&quot;:&quot;1384874518&quot;,&quot;copyright&quot;:&quot;&quot;,&quot;focal_length&quot;:&quot;0&quot;,&quot;iso&quot;:&quot;0&quot;,&quot;shutter_speed&quot;:&quot;0&quot;,&quot;title&quot;:&quot;&quot;,&quot;orientation&quot;:&quot;0&quot;}\" data-image-title=\"Kompaktmagazin-SM\" data-image-description=\"\" data-image-caption=\"\" data-large-file=\"https:\/\/blog.sub.uni-hamburg.de\/wp-content\/uploads\/2015\/10\/Kompaktmagazin-SM-1024x768.jpg\" src=\"https:\/\/blog.sub.uni-hamburg.de\/wp-content\/uploads\/2015\/10\/Kompaktmagazin-SM-150x113.jpg\" alt=\"F\u00fchrung durch die Stabi \u2013 Kompaktmagazin\" alt=\"F\u00fchrung durch die Stabi \u2013 Kompaktmagazin\" width=\"150\" height=\"113\" class=\"alignright size-thumbnail wp-image-18526\" srcset=\"https:\/\/blog.sub.uni-hamburg.de\/wp-content\/uploads\/2015\/10\/Kompaktmagazin-SM-150x113.jpg 150w, https:\/\/blog.sub.uni-hamburg.de\/wp-content\/uploads\/2015\/10\/Kompaktmagazin-SM-300x225.jpg 300w, https:\/\/blog.sub.uni-hamburg.de\/wp-content\/uploads\/2015\/10\/Kompaktmagazin-SM-1024x768.jpg 1024w, https:\/\/blog.sub.uni-hamburg.de\/wp-content\/uploads\/2015\/10\/Kompaktmagazin-SM-900x675.jpg 900w, https:\/\/blog.sub.uni-hamburg.de\/wp-content\/uploads\/2015\/10\/Kompaktmagazin-SM.jpg 1800w\" sizes=\"auto, (max-width: 150px) 100vw, 150px\" \/><\/a> <strong>17 &#038; 20 Uhr:<\/strong> <a href=\"http:\/\/nachtdeswissens.hamburg.de\/index.php?article_id=161&#038;id=14169\">Der Wissensspeicher von innen: F\u00fchrung durch die Stabi.<\/a><br \/>\nKnapp vier Millionen B\u00fccher! Aber wo sind sie denn? Schauen Sie hinter die Kulissen der Stabi und sehen Sie in den Magazinen unter und \u00fcber der Erde, wo die B\u00fccher untergebracht sind und wie sie zu den Lesern gelangen. Die F\u00fchrung endet im imposanten Lichthof der Bibliothek.<\/p>\n<p style=\"float:clear;\">\n<p><a href=\"https:\/\/blog.sub.uni-hamburg.de\/wp-content\/uploads\/2015\/10\/kinderfuehrung-stork.jpg\"><img loading=\"lazy\" decoding=\"async\" data-attachment-id=\"18530\" data-permalink=\"https:\/\/blog.sub.uni-hamburg.de\/?attachment_id=18530\" data-orig-file=\"https:\/\/blog.sub.uni-hamburg.de\/wp-content\/uploads\/2015\/10\/kinderfuehrung-stork.jpg\" data-orig-size=\"1772,1181\" data-comments-opened=\"1\" data-image-meta=\"{&quot;aperture&quot;:&quot;0&quot;,&quot;credit&quot;:&quot;SUB \/ P. Voigt&quot;,&quot;camera&quot;:&quot;&quot;,&quot;caption&quot;:&quot;&quot;,&quot;created_timestamp&quot;:&quot;1383424598&quot;,&quot;copyright&quot;:&quot;Staats- und Universit\\u00e4tsbibliothek Hamburg&quot;,&quot;focal_length&quot;:&quot;0&quot;,&quot;iso&quot;:&quot;0&quot;,&quot;shutter_speed&quot;:&quot;0&quot;,&quot;title&quot;:&quot;&quot;,&quot;orientation&quot;:&quot;0&quot;}\" data-image-title=\"kinderfuehrung-stork\" data-image-description=\"\" data-image-caption=\"\" data-large-file=\"https:\/\/blog.sub.uni-hamburg.de\/wp-content\/uploads\/2015\/10\/kinderfuehrung-stork-1024x682.jpg\" src=\"https:\/\/blog.sub.uni-hamburg.de\/wp-content\/uploads\/2015\/10\/kinderfuehrung-stork-150x100.jpg\" alt=\"'Der Schatz im Turm' Kinderf\u00fchrung\" title=\"'Der Schatz im Turm' Kinderf\u00fchrung\" width=\"150\" height=\"100\" class=\"alignright size-thumbnail wp-image-18530\" srcset=\"https:\/\/blog.sub.uni-hamburg.de\/wp-content\/uploads\/2015\/10\/kinderfuehrung-stork-150x100.jpg 150w, https:\/\/blog.sub.uni-hamburg.de\/wp-content\/uploads\/2015\/10\/kinderfuehrung-stork-300x200.jpg 300w, https:\/\/blog.sub.uni-hamburg.de\/wp-content\/uploads\/2015\/10\/kinderfuehrung-stork-1024x682.jpg 1024w, https:\/\/blog.sub.uni-hamburg.de\/wp-content\/uploads\/2015\/10\/kinderfuehrung-stork-900x600.jpg 900w, https:\/\/blog.sub.uni-hamburg.de\/wp-content\/uploads\/2015\/10\/kinderfuehrung-stork.jpg 1772w\" sizes=\"auto, (max-width: 150px) 100vw, 150px\" \/><\/a> <strong>18 Uhr:<\/strong> <a href=\"http:\/\/nachtdeswissens.hamburg.de\/index.php?article_id=161&#038;id=14166\">\u201eDer Schatz im Turm\u201c Kinderf\u00fchrung <\/a><br \/>\n\u201eWie viele B\u00fccher stehen in der Stabi? Wo sind die alle untergebracht? Und wie alt ist das \u00e4lteste?\u201c Seht eines unserer \u00e4ltesten B\u00fccher im Original: das Elfenbeinevangeliar!<\/p>\n<p style=\"float:clear;\">\n<p>\u00a0<\/p>\n<p><a href=\"https:\/\/blog.sub.uni-hamburg.de\/wp-content\/uploads\/2015\/10\/JGB-A-Klein.jpg\"><img loading=\"lazy\" decoding=\"async\" data-attachment-id=\"18533\" data-permalink=\"https:\/\/blog.sub.uni-hamburg.de\/?attachment_id=18533\" data-orig-file=\"https:\/\/blog.sub.uni-hamburg.de\/wp-content\/uploads\/2015\/10\/JGB-A-Klein.jpg\" data-orig-size=\"1000,750\" data-comments-opened=\"1\" data-image-meta=\"{&quot;aperture&quot;:&quot;0&quot;,&quot;credit&quot;:&quot;&quot;,&quot;camera&quot;:&quot;&quot;,&quot;caption&quot;:&quot;OLYMPUS DIGITAL CAMERA&quot;,&quot;created_timestamp&quot;:&quot;0&quot;,&quot;copyright&quot;:&quot;&quot;,&quot;focal_length&quot;:&quot;0&quot;,&quot;iso&quot;:&quot;0&quot;,&quot;shutter_speed&quot;:&quot;0&quot;,&quot;title&quot;:&quot;OLYMPUS DIGITAL CAMERA&quot;,&quot;orientation&quot;:&quot;0&quot;}\" data-image-title=\"OLYMPUS DIGITAL CAMERA\" data-image-description=\"\" data-image-caption=\"&lt;p&gt;OLYMPUS DIGITAL CAMERA&lt;\/p&gt;\n\" data-large-file=\"https:\/\/blog.sub.uni-hamburg.de\/wp-content\/uploads\/2015\/10\/JGB-A-Klein.jpg\" src=\"https:\/\/blog.sub.uni-hamburg.de\/wp-content\/uploads\/2015\/10\/JGB-A-Klein-150x113.jpg\" alt=\"F\u00fchrung durch die Ausstellung 'Wer B\u00fccher findet, lese darin\u2026'\" title=\"F\u00fchrung durch die Ausstellung 'Wer B\u00fccher findet, lese darin\u2026'\" width=\"150\" height=\"113\" class=\"alignright size-thumbnail wp-image-18533\" srcset=\"https:\/\/blog.sub.uni-hamburg.de\/wp-content\/uploads\/2015\/10\/JGB-A-Klein-150x113.jpg 150w, https:\/\/blog.sub.uni-hamburg.de\/wp-content\/uploads\/2015\/10\/JGB-A-Klein-300x225.jpg 300w, https:\/\/blog.sub.uni-hamburg.de\/wp-content\/uploads\/2015\/10\/JGB-A-Klein-900x675.jpg 900w, https:\/\/blog.sub.uni-hamburg.de\/wp-content\/uploads\/2015\/10\/JGB-A-Klein.jpg 1000w\" sizes=\"auto, (max-width: 150px) 100vw, 150px\" \/><\/a> <strong>19 &#038; 21 Uhr:<\/strong> <a href=\"http:\/\/nachtdeswissens.hamburg.de\/index.php?article_id=161&#038;id=16223\">F\u00fchrung durch die Ausstellung \u201eWer B\u00fccher findet, lese darin\u2026\u201c<\/a><br \/>\nDie Bibliothek der J\u00fcdischen Gemeinde Hamburg Pr\u00e4sentiert werden B\u00fccher aus der J\u00fcdischen Gemeindebibliothek, die seit 2013 in der Stabi verwahrt, restauriert und erschlossen wird. Zu sehen sind Werke, die f\u00fcr das j\u00fcdische Gemeindeleben von Bedeutung waren und sind, darunter Drucke des 18.\/19. Jahrhunderts, restaurierte und noch nicht restaurierte B\u00e4nde.<\/p>\n<p style=\"float:clear;\">\n<p><a href=\"https:\/\/blog.sub.uni-hamburg.de\/wp-content\/uploads\/2015\/10\/Informationszentrum.jpg\"><img loading=\"lazy\" decoding=\"async\" data-attachment-id=\"18534\" data-permalink=\"https:\/\/blog.sub.uni-hamburg.de\/?attachment_id=18534\" data-orig-file=\"https:\/\/blog.sub.uni-hamburg.de\/wp-content\/uploads\/2015\/10\/Informationszentrum.jpg\" data-orig-size=\"3456,2304\" data-comments-opened=\"1\" data-image-meta=\"{&quot;aperture&quot;:&quot;0&quot;,&quot;credit&quot;:&quot;&quot;,&quot;camera&quot;:&quot;&quot;,&quot;caption&quot;:&quot;&quot;,&quot;created_timestamp&quot;:&quot;0&quot;,&quot;copyright&quot;:&quot;&quot;,&quot;focal_length&quot;:&quot;0&quot;,&quot;iso&quot;:&quot;0&quot;,&quot;shutter_speed&quot;:&quot;0&quot;,&quot;title&quot;:&quot;&quot;,&quot;orientation&quot;:&quot;0&quot;}\" data-image-title=\"Informationszentrum\" data-image-description=\"\" data-image-caption=\"\" data-large-file=\"https:\/\/blog.sub.uni-hamburg.de\/wp-content\/uploads\/2015\/10\/Informationszentrum-1024x683.jpg\" src=\"https:\/\/blog.sub.uni-hamburg.de\/wp-content\/uploads\/2015\/10\/Informationszentrum-150x100.jpg\" alt=\"Bauwelten in der Stabi \u2013 Informationszentrum\" title=\"Bauwelten in der Stabi \u2013 Informationszentrum\" width=\"150\" height=\"100\" class=\"alignright size-thumbnail wp-image-18534\" srcset=\"https:\/\/blog.sub.uni-hamburg.de\/wp-content\/uploads\/2015\/10\/Informationszentrum-150x100.jpg 150w, https:\/\/blog.sub.uni-hamburg.de\/wp-content\/uploads\/2015\/10\/Informationszentrum-300x200.jpg 300w, https:\/\/blog.sub.uni-hamburg.de\/wp-content\/uploads\/2015\/10\/Informationszentrum-1024x683.jpg 1024w, https:\/\/blog.sub.uni-hamburg.de\/wp-content\/uploads\/2015\/10\/Informationszentrum-900x600.jpg 900w\" sizes=\"auto, (max-width: 150px) 100vw, 150px\" \/><\/a> <strong>20.30 Uhr:<\/strong> <a href=\"http:\/\/nachtdeswissens.hamburg.de\/index.php?article_id=161&#038;id=15331\">F\u00fchrung \u201eBauwelten in der Stabi\u201c<\/a><br \/>\nWir brauchen mehr als nur Tapetenwechsel. An allen Ecken und Enden wird die Stabi derzeit fit f\u00fcr die Zukunft gemacht. Das reicht von neuer Klimatechnik bis zum Teppichboden und vom neuen Beratungsbereich bis zum Gruppenarbeitsabteil. Begleiten Sie uns durch die Bauwelten der Stabi.<\/p>\n<p style=\"float:clear;\">\n<p><a href=\"https:\/\/blog.sub.uni-hamburg.de\/wp-content\/uploads\/2015\/10\/kunstwerke-stabi.jpg\"><img loading=\"lazy\" decoding=\"async\" data-attachment-id=\"18529\" data-permalink=\"https:\/\/blog.sub.uni-hamburg.de\/?attachment_id=18529\" data-orig-file=\"https:\/\/blog.sub.uni-hamburg.de\/wp-content\/uploads\/2015\/10\/kunstwerke-stabi.jpg\" data-orig-size=\"1080,1080\" data-comments-opened=\"1\" data-image-meta=\"{&quot;aperture&quot;:&quot;0&quot;,&quot;credit&quot;:&quot;&quot;,&quot;camera&quot;:&quot;&quot;,&quot;caption&quot;:&quot;&quot;,&quot;created_timestamp&quot;:&quot;0&quot;,&quot;copyright&quot;:&quot;&quot;,&quot;focal_length&quot;:&quot;0&quot;,&quot;iso&quot;:&quot;0&quot;,&quot;shutter_speed&quot;:&quot;0&quot;,&quot;title&quot;:&quot;&quot;,&quot;orientation&quot;:&quot;0&quot;}\" data-image-title=\"kunstwerke-stabi\" data-image-description=\"\" data-image-caption=\"\" data-large-file=\"https:\/\/blog.sub.uni-hamburg.de\/wp-content\/uploads\/2015\/10\/kunstwerke-stabi-1024x1024.jpg\" src=\"https:\/\/blog.sub.uni-hamburg.de\/wp-content\/uploads\/2015\/10\/kunstwerke-stabi-150x150.jpg\" alt=\"Gem\u00e4lde der Stabi\" title=\"Gem\u00e4lde der Stabi\" width=\"150\" height=\"150\" class=\"alignright size-thumbnail wp-image-18529\" srcset=\"https:\/\/blog.sub.uni-hamburg.de\/wp-content\/uploads\/2015\/10\/kunstwerke-stabi-150x150.jpg 150w, https:\/\/blog.sub.uni-hamburg.de\/wp-content\/uploads\/2015\/10\/kunstwerke-stabi-300x300.jpg 300w, https:\/\/blog.sub.uni-hamburg.de\/wp-content\/uploads\/2015\/10\/kunstwerke-stabi-1024x1024.jpg 1024w, https:\/\/blog.sub.uni-hamburg.de\/wp-content\/uploads\/2015\/10\/kunstwerke-stabi-144x144.jpg 144w, https:\/\/blog.sub.uni-hamburg.de\/wp-content\/uploads\/2015\/10\/kunstwerke-stabi-900x900.jpg 900w, https:\/\/blog.sub.uni-hamburg.de\/wp-content\/uploads\/2015\/10\/kunstwerke-stabi.jpg 1080w\" sizes=\"auto, (max-width: 150px) 100vw, 150px\" \/><\/a> <strong>21 Uhr:<\/strong> <a href=\"http:\/\/nachtdeswissens.hamburg.de\/index.php?article_id=161&#038;id=16222\">F\u00fchrung \u201eGem\u00e4lde der Stabi\u201c<\/a><br \/>\nEin ber\u00fchmtes H\u00e4ndel-Konterfei, ein bezauberndes Bildnis von Ida Dehmel, die sch\u00f6ne \u201eVorlesung\u201c von Tischbein d.\u00c4. und Portr\u00e4ts ber\u00fchmter Hamburger \u2013 sie alle sind an den W\u00e4nden der Bibliothek zu bewundern, mal leicht zug\u00e4nglich, mal an besonderen Stellen &#8211; wir f\u00fchren Sie hin!<\/p>\n<p style=\"float:clear;\">\n<\/p>\n<hr \/>\n<p><strong>3 KONZERTE<\/strong><\/p>\n<p><a href=\"https:\/\/blog.sub.uni-hamburg.de\/wp-content\/uploads\/2015\/10\/Pianisten-Gailus-Villerusha.jpg\"><img loading=\"lazy\" decoding=\"async\" src=\"https:\/\/blog.sub.uni-hamburg.de\/wp-content\/uploads\/2015\/10\/Pianisten-Gailus-Villerusha-150x100.jpg\" alt=\"Pianoduo Villerusha &#038; Gailus\" title=\"Pianoduo Villerusha &#038; Gailus\" width=\"150\" height=\"100\" style=\"float: left; padding-left:0px; padding-top:0px; margin-right:25px; margin-bottom:5px;\" \/><\/a> <strong>18 Uhr:<\/strong> <a href=\"http:\/\/nachtdeswissens.hamburg.de\/index.php?article_id=161&#038;id=16243\">Klavierkonzert zu vier H\u00e4nden mit dem Pianoduo Villerusha &#038; Gailus<\/a><br \/>\nIm Rahmen des Symposiums zu Ehren von Professor Hermann Spieckermann (G\u00f6ttingen) anl\u00e4sslich seines 65. Geburtstags spielt das international ausgezeichnete Pianoduo Villerusha &#038; Gailus ein Klavierkonzert mit Werken von Brahms, Grieg, Mozart, Schubert und Strauss. G\u00e4ste sind willkommen! Vortragsraum<\/p>\n<p style=\"float:clear;\">\n<p><a href=\"https:\/\/blog.sub.uni-hamburg.de\/wp-content\/uploads\/2015\/10\/elbcanto.jpg\"><img loading=\"lazy\" decoding=\"async\" src=\"https:\/\/blog.sub.uni-hamburg.de\/wp-content\/uploads\/2015\/10\/elbcanto-150x150.jpg\" alt=\"Vokalensemble Elbcanto\" title=\"Vokalensemble Elbcanto\" width=\"150\" height=\"150\" style=\"float: left; padding-left:0px; padding-top:0px; margin-right:25px; margin-bottom:10px;\" \/><\/a> <strong>21 Uhr:<\/strong> Lichthof-Konzert: <a href=\"http:\/\/nachtdeswissens.hamburg.de\/index.php?article_id=161&#038;id=16190\">Geheimnisvoller Garten &#8211; Lieder von Liebe, Lust und Leid<\/a><br \/>\nDas Vokalensemble Elbcanto entf\u00fchrt in einen geheimnisvollen Garten voll k\u00f6stlicher Fr\u00fcchte, duftender Blumen und zwitschernder V\u00f6gel. Dabei spannt sich ein Bogen der musikalischen Verf\u00fchrung von der Renaissance und dem fr\u00fchen Barock \u00fcber die Romantik und Moderne bis zur zeitgen\u00f6ssischen Chormusik. Lichthof<\/p>\n<p style=\"float:clear;\">\n<p><a href=\"https:\/\/blog.sub.uni-hamburg.de\/wp-content\/uploads\/2015\/10\/FIAT-VOX-kl.jpg\"><img loading=\"lazy\" decoding=\"async\" src=\"https:\/\/blog.sub.uni-hamburg.de\/wp-content\/uploads\/2015\/10\/FIAT-VOX-kl-150x113.jpg\" alt=\"Fiat Vox\" title=\"Fiat Vox\" width=\"150\" height=\"113\" style=\"float: left; padding-left:0px; padding-top:0px; margin-right:25px; margin-bottom:5px;\" \/><\/a> <strong>22.30 Uhr:<\/strong> Lichthof-Konzert: <a href=\"http:\/\/nachtdeswissens.hamburg.de\/index.php?article_id=161&#038;id=16191\">Fiat Vox<\/a><br \/>\nLauschen Sie! Die Stabi besitzt das \u00e4lteste Musikst\u00fcck aus Hamburg (ein Antiphonar aus dem 15. Jh.), nun werden die Noten gezeigt und wieder zum Leben erweckt! Das M\u00e4nnervokalensemble Fiat Vox singt von heiligen Frauen, leichtsinnigen Damen, lustigen Nachbarinnen und einem M\u00e4dchen mit goldenem Haar. Lichthof<\/p>\n<p style=\"float:clear;\">\n<\/p>\n<p><strong>7 WERKSTATTGESPR\u00c4CHE AB 20 UHR (JE 30 MIN): VORTRAGSRAUM <\/strong><\/p>\n<p><a href=\"https:\/\/blog.sub.uni-hamburg.de\/wp-content\/uploads\/2015\/10\/Gruppenarbeitsbereich.jpg\"><img loading=\"lazy\" decoding=\"async\" data-attachment-id=\"18536\" data-permalink=\"https:\/\/blog.sub.uni-hamburg.de\/?attachment_id=18536\" data-orig-file=\"https:\/\/blog.sub.uni-hamburg.de\/wp-content\/uploads\/2015\/10\/Gruppenarbeitsbereich.jpg\" data-orig-size=\"3648,2736\" data-comments-opened=\"1\" data-image-meta=\"{&quot;aperture&quot;:&quot;0&quot;,&quot;credit&quot;:&quot;&quot;,&quot;camera&quot;:&quot;&quot;,&quot;caption&quot;:&quot;&quot;,&quot;created_timestamp&quot;:&quot;0&quot;,&quot;copyright&quot;:&quot;&quot;,&quot;focal_length&quot;:&quot;0&quot;,&quot;iso&quot;:&quot;0&quot;,&quot;shutter_speed&quot;:&quot;0&quot;,&quot;title&quot;:&quot;&quot;,&quot;orientation&quot;:&quot;0&quot;}\" data-image-title=\"Gruppenarbeitsbereich\" data-image-description=\"\" data-image-caption=\"\" data-large-file=\"https:\/\/blog.sub.uni-hamburg.de\/wp-content\/uploads\/2015\/10\/Gruppenarbeitsbereich-1024x768.jpg\" src=\"https:\/\/blog.sub.uni-hamburg.de\/wp-content\/uploads\/2015\/10\/Gruppenarbeitsbereich-150x113.jpg\" alt=\"Gruppenarbeitsbereich\" width=\"150\" height=\"113\" class=\"alignright size-thumbnail wp-image-18536\" srcset=\"https:\/\/blog.sub.uni-hamburg.de\/wp-content\/uploads\/2015\/10\/Gruppenarbeitsbereich-150x113.jpg 150w, https:\/\/blog.sub.uni-hamburg.de\/wp-content\/uploads\/2015\/10\/Gruppenarbeitsbereich-300x225.jpg 300w, https:\/\/blog.sub.uni-hamburg.de\/wp-content\/uploads\/2015\/10\/Gruppenarbeitsbereich-1024x768.jpg 1024w, https:\/\/blog.sub.uni-hamburg.de\/wp-content\/uploads\/2015\/10\/Gruppenarbeitsbereich-900x675.jpg 900w\" sizes=\"auto, (max-width: 150px) 100vw, 150px\" \/><\/a> <strong>20-20.30 Uhr:<\/strong> <a href=\"http:\/\/nachtdeswissens.hamburg.de\/index.php?article_id=161&#038;id=16224\"> \u201eBauwelten in der Stabi\u201c<\/a><br \/>\nWie sehen zeitgem\u00e4\u00dfe Bibliotheksr\u00e4ume aus? Was kann man von anderen Bibliotheken lernen? Welche Prinzipien stehen hinter den Modernisierungen in der Stabi? Und wie geht es weiter? Diese Fragen m\u00f6chten wir beantworten und mit Ihnen diskutieren. <\/p>\n<p style=\"float:clear;\">\n<p><a href=\"https:\/\/blog.sub.uni-hamburg.de\/wp-content\/uploads\/2015\/10\/JGB-Wst.jpg\"><img loading=\"lazy\" decoding=\"async\" data-attachment-id=\"18532\" data-permalink=\"https:\/\/blog.sub.uni-hamburg.de\/?attachment_id=18532\" data-orig-file=\"https:\/\/blog.sub.uni-hamburg.de\/wp-content\/uploads\/2015\/10\/JGB-Wst.jpg\" data-orig-size=\"3648,2736\" data-comments-opened=\"1\" data-image-meta=\"{&quot;aperture&quot;:&quot;0&quot;,&quot;credit&quot;:&quot;&quot;,&quot;camera&quot;:&quot;&quot;,&quot;caption&quot;:&quot;&quot;,&quot;created_timestamp&quot;:&quot;0&quot;,&quot;copyright&quot;:&quot;&quot;,&quot;focal_length&quot;:&quot;0&quot;,&quot;iso&quot;:&quot;0&quot;,&quot;shutter_speed&quot;:&quot;0&quot;,&quot;title&quot;:&quot;&quot;,&quot;orientation&quot;:&quot;0&quot;}\" data-image-title=\"JGB-Wst\" data-image-description=\"\" data-image-caption=\"\" data-large-file=\"https:\/\/blog.sub.uni-hamburg.de\/wp-content\/uploads\/2015\/10\/JGB-Wst-1024x768.jpg\" src=\"https:\/\/blog.sub.uni-hamburg.de\/wp-content\/uploads\/2015\/10\/JGB-Wst-150x113.jpg\" alt=\"J\u00fcdische Gemeindebibliothek Hamburg\" title=\"J\u00fcdische Gemeindebibliothek Hamburg\"  width=\"150\" height=\"113\" class=\"alignright size-thumbnail wp-image-18532\" srcset=\"https:\/\/blog.sub.uni-hamburg.de\/wp-content\/uploads\/2015\/10\/JGB-Wst-150x113.jpg 150w, https:\/\/blog.sub.uni-hamburg.de\/wp-content\/uploads\/2015\/10\/JGB-Wst-300x225.jpg 300w, https:\/\/blog.sub.uni-hamburg.de\/wp-content\/uploads\/2015\/10\/JGB-Wst-1024x768.jpg 1024w, https:\/\/blog.sub.uni-hamburg.de\/wp-content\/uploads\/2015\/10\/JGB-Wst-900x675.jpg 900w\" sizes=\"auto, (max-width: 150px) 100vw, 150px\" \/><\/a> <strong>20.30-21 Uhr:<\/strong> <a href=\"http:\/\/nachtdeswissens.hamburg.de\/index.php?article_id=161&#038;id=16226\">\u201eDie Bibliothek der J\u00fcdischen Gemeinde Hamburg \u2013 ein Schatz wird gehoben\u201c<\/a><br \/>\n\u00dcber hundert Jahre alt ist die J\u00fcdische Gemeindebibliothek Hamburg. Dass sie die Nazizeit \u00fcberstand, grenzt an ein Wunder. Als gro\u00dfer historisch-literarischer Schatz wird sie seit 2013 in der Staatsbibliothek verwahrt, restauriert und f\u00fcr Wissenschaft und \u00d6ffentlichkeit erschlossen. <\/p>\n<p style=\"float:clear;\">\n<p><a href=\"https:\/\/blog.sub.uni-hamburg.de\/wp-content\/uploads\/2015\/10\/Exlibris-Cohn.jpg\"><img loading=\"lazy\" decoding=\"async\" data-attachment-id=\"18538\" data-permalink=\"https:\/\/blog.sub.uni-hamburg.de\/?attachment_id=18538\" data-orig-file=\"https:\/\/blog.sub.uni-hamburg.de\/wp-content\/uploads\/2015\/10\/Exlibris-Cohn.jpg\" data-orig-size=\"2491,1341\" data-comments-opened=\"1\" data-image-meta=\"{&quot;aperture&quot;:&quot;0&quot;,&quot;credit&quot;:&quot;&quot;,&quot;camera&quot;:&quot;&quot;,&quot;caption&quot;:&quot;&quot;,&quot;created_timestamp&quot;:&quot;0&quot;,&quot;copyright&quot;:&quot;&quot;,&quot;focal_length&quot;:&quot;0&quot;,&quot;iso&quot;:&quot;0&quot;,&quot;shutter_speed&quot;:&quot;0&quot;,&quot;title&quot;:&quot;&quot;,&quot;orientation&quot;:&quot;0&quot;}\" data-image-title=\"Exlibris Cohn\" data-image-description=\"\" data-image-caption=\"\" data-large-file=\"https:\/\/blog.sub.uni-hamburg.de\/wp-content\/uploads\/2015\/10\/Exlibris-Cohn-1024x551.jpg\" src=\"https:\/\/blog.sub.uni-hamburg.de\/wp-content\/uploads\/2015\/10\/Exlibris-Cohn-150x81.jpg\" alt=\"Exlibris Cohn\" title=\"Exlibris Cohn\" width=\"150\" height=\"81\" class=\"alignright size-thumbnail wp-image-18538\" srcset=\"https:\/\/blog.sub.uni-hamburg.de\/wp-content\/uploads\/2015\/10\/Exlibris-Cohn-150x81.jpg 150w, https:\/\/blog.sub.uni-hamburg.de\/wp-content\/uploads\/2015\/10\/Exlibris-Cohn-300x162.jpg 300w, https:\/\/blog.sub.uni-hamburg.de\/wp-content\/uploads\/2015\/10\/Exlibris-Cohn-1024x551.jpg 1024w, https:\/\/blog.sub.uni-hamburg.de\/wp-content\/uploads\/2015\/10\/Exlibris-Cohn-900x485.jpg 900w\" sizes=\"auto, (max-width: 150px) 100vw, 150px\" \/><\/a> <strong>21-21.30 Uhr:<\/strong> <a href=\"http:\/\/nachtdeswissens.hamburg.de\/index.php?article_id=161&#038;id=16189\">\u201eNS-Raubgut: Die Suche nach den Erben\u201c<\/a><br \/>\nDie Arbeitsstelle f\u00fcr Provenienzforschung \u2013 NS-Raubgut sucht in den Best\u00e4nden der Staatsbibliothek nach raubgutverd\u00e4chtigem Material. Dann wird versucht, die Erben der Besitzer zu ermitteln und die geraubten B\u00fccher zur\u00fcckzugeben. Ein Bericht \u00fcber Detektivarbeit und ber\u00fchrende Begegnungen.<\/p>\n<p style=\"float:clear;\">\n<p><a href=\"https:\/\/blog.sub.uni-hamburg.de\/wp-content\/uploads\/2015\/10\/HH-Zeitungen.jpg\"><img loading=\"lazy\" decoding=\"async\" data-attachment-id=\"18535\" data-permalink=\"https:\/\/blog.sub.uni-hamburg.de\/?attachment_id=18535\" data-orig-file=\"https:\/\/blog.sub.uni-hamburg.de\/wp-content\/uploads\/2015\/10\/HH-Zeitungen.jpg\" data-orig-size=\"1154,787\" data-comments-opened=\"1\" data-image-meta=\"{&quot;aperture&quot;:&quot;0&quot;,&quot;credit&quot;:&quot;Staats- und Universit\\u00e4tsbiblioth&quot;,&quot;camera&quot;:&quot;&quot;,&quot;caption&quot;:&quot;Reproduktion&quot;,&quot;created_timestamp&quot;:&quot;0&quot;,&quot;copyright&quot;:&quot;Staats- und Universit\\u00e4tsbibliothek Hamburg - Carl von Ossietzky\\rVon-Melle-Park 3\\r20146 Hamburg\\rGermany&quot;,&quot;focal_length&quot;:&quot;0&quot;,&quot;iso&quot;:&quot;0&quot;,&quot;shutter_speed&quot;:&quot;0&quot;,&quot;title&quot;:&quot;Reproduktion&quot;,&quot;orientation&quot;:&quot;0&quot;}\" data-image-title=\"Reproduktion\" data-image-description=\"\" data-image-caption=\"&lt;p&gt;Reproduktion&lt;\/p&gt;\n\" data-large-file=\"https:\/\/blog.sub.uni-hamburg.de\/wp-content\/uploads\/2015\/10\/HH-Zeitungen-1024x698.jpg\" src=\"https:\/\/blog.sub.uni-hamburg.de\/wp-content\/uploads\/2015\/10\/HH-Zeitungen-150x102.jpg\" alt=\"Zeitungen Hamburg\" title=\"Zeitungen Hamburg\" width=\"150\" height=\"102\" class=\"alignright size-thumbnail wp-image-18535\" srcset=\"https:\/\/blog.sub.uni-hamburg.de\/wp-content\/uploads\/2015\/10\/HH-Zeitungen-150x102.jpg 150w, https:\/\/blog.sub.uni-hamburg.de\/wp-content\/uploads\/2015\/10\/HH-Zeitungen-300x205.jpg 300w, https:\/\/blog.sub.uni-hamburg.de\/wp-content\/uploads\/2015\/10\/HH-Zeitungen-1024x698.jpg 1024w, https:\/\/blog.sub.uni-hamburg.de\/wp-content\/uploads\/2015\/10\/HH-Zeitungen-900x614.jpg 900w, https:\/\/blog.sub.uni-hamburg.de\/wp-content\/uploads\/2015\/10\/HH-Zeitungen.jpg 1154w\" sizes=\"auto, (max-width: 150px) 100vw, 150px\" \/><\/a> <strong>21.30-22 Uhr:<\/strong> <a href=\"http:\/\/nachtdeswissens.hamburg.de\/index.php?article_id=161&#038;id=16225\">\u201eWas ist denn \u201eP\u201c? \u2013 Sankt Pauli Nachrichten und Arztromane\u201c<\/a><br \/>\nKinderb\u00fccher, Arztromane, Kochb\u00fccher, Rockmusik-CD\u2019s, Comics:  Wieso hat eine wissenschaftliche Bibliothek solche Best\u00e4nde? Wo kommt das her? Was kann ich hier denn noch alles finden? Kleiner Tipp: Die Stabi ist Hamburgs Landesbibliothek\u2026<\/p>\n<p style=\"float:clear;\">\n<p><a href=\"https:\/\/blog.sub.uni-hamburg.de\/wp-content\/uploads\/2015\/10\/beluga_main.jpg\"><img loading=\"lazy\" decoding=\"async\" data-attachment-id=\"18540\" data-permalink=\"https:\/\/blog.sub.uni-hamburg.de\/?attachment_id=18540\" data-orig-file=\"https:\/\/blog.sub.uni-hamburg.de\/wp-content\/uploads\/2015\/10\/beluga_main.jpg\" data-orig-size=\"406,233\" data-comments-opened=\"1\" data-image-meta=\"{&quot;aperture&quot;:&quot;0&quot;,&quot;credit&quot;:&quot;&quot;,&quot;camera&quot;:&quot;&quot;,&quot;caption&quot;:&quot;&quot;,&quot;created_timestamp&quot;:&quot;0&quot;,&quot;copyright&quot;:&quot;&quot;,&quot;focal_length&quot;:&quot;0&quot;,&quot;iso&quot;:&quot;0&quot;,&quot;shutter_speed&quot;:&quot;0&quot;,&quot;title&quot;:&quot;&quot;,&quot;orientation&quot;:&quot;0&quot;}\" data-image-title=\"beluga_main\" data-image-description=\"\" data-image-caption=\"\" data-large-file=\"https:\/\/blog.sub.uni-hamburg.de\/wp-content\/uploads\/2015\/10\/beluga_main.jpg\" src=\"https:\/\/blog.sub.uni-hamburg.de\/wp-content\/uploads\/2015\/10\/beluga_main-150x86.jpg\" alt=\"beluga\" title=\"beluga\" width=\"150\" height=\"86\" class=\"alignright size-thumbnail wp-image-18540\" srcset=\"https:\/\/blog.sub.uni-hamburg.de\/wp-content\/uploads\/2015\/10\/beluga_main-150x86.jpg 150w, https:\/\/blog.sub.uni-hamburg.de\/wp-content\/uploads\/2015\/10\/beluga_main-300x172.jpg 300w, https:\/\/blog.sub.uni-hamburg.de\/wp-content\/uploads\/2015\/10\/beluga_main.jpg 406w\" sizes=\"auto, (max-width: 150px) 100vw, 150px\" \/><\/a> <strong>22-22.30 Uhr:<\/strong> <a href=\"http:\/\/nachtdeswissens.hamburg.de\/index.php?article_id=161&#038;id=16285\">\u201eRecherche mit dem Wal: beluga, der neue Katalog der Hamburger Bibliotheken\u201c<\/a><br \/>\nMan nehme: elf Bibliotheken, Millionen B\u00fccher und Abermillionen Zeitschriftenartikel. Man erh\u00e4lt: eine m\u00e4chtige Suchmaschine. Das Beste: Relevanzsortierung erleichtert die Sichtung, Direktzugriff auf Volltexte verk\u00fcrzt den Weg zur Lekt\u00fcre. Entwickelt von der Stabi. Entdecken Sie Literatur neu.<\/p>\n<p style=\"float:clear;\">\n<p><a href=\"https:\/\/blog.sub.uni-hamburg.de\/wp-content\/uploads\/2015\/10\/15-Kupferstich-ipad.jpg\"><img loading=\"lazy\" decoding=\"async\" data-attachment-id=\"18541\" data-permalink=\"https:\/\/blog.sub.uni-hamburg.de\/?attachment_id=18541\" data-orig-file=\"https:\/\/blog.sub.uni-hamburg.de\/wp-content\/uploads\/2015\/10\/15-Kupferstich-ipad.jpg\" data-orig-size=\"1580,1185\" data-comments-opened=\"1\" data-image-meta=\"{&quot;aperture&quot;:&quot;0&quot;,&quot;credit&quot;:&quot;&quot;,&quot;camera&quot;:&quot;&quot;,&quot;caption&quot;:&quot;&quot;,&quot;created_timestamp&quot;:&quot;0&quot;,&quot;copyright&quot;:&quot;&quot;,&quot;focal_length&quot;:&quot;0&quot;,&quot;iso&quot;:&quot;0&quot;,&quot;shutter_speed&quot;:&quot;0&quot;,&quot;title&quot;:&quot;&quot;,&quot;orientation&quot;:&quot;0&quot;}\" data-image-title=\"15-Kupferstich-ipad\" data-image-description=\"\" data-image-caption=\"\" data-large-file=\"https:\/\/blog.sub.uni-hamburg.de\/wp-content\/uploads\/2015\/10\/15-Kupferstich-ipad-1024x768.jpg\" src=\"https:\/\/blog.sub.uni-hamburg.de\/wp-content\/uploads\/2015\/10\/15-Kupferstich-ipad-150x113.jpg\" alt=\"Digitalisate der Stabi \u2013 hier: Kupferstich\" alt=\"Digitalisate der Stabi \u2013 hier: Kupferstich\" width=\"150\" height=\"113\" class=\"alignright size-thumbnail wp-image-18541\" srcset=\"https:\/\/blog.sub.uni-hamburg.de\/wp-content\/uploads\/2015\/10\/15-Kupferstich-ipad-150x113.jpg 150w, https:\/\/blog.sub.uni-hamburg.de\/wp-content\/uploads\/2015\/10\/15-Kupferstich-ipad-300x225.jpg 300w, https:\/\/blog.sub.uni-hamburg.de\/wp-content\/uploads\/2015\/10\/15-Kupferstich-ipad-1024x768.jpg 1024w, https:\/\/blog.sub.uni-hamburg.de\/wp-content\/uploads\/2015\/10\/15-Kupferstich-ipad-900x675.jpg 900w, https:\/\/blog.sub.uni-hamburg.de\/wp-content\/uploads\/2015\/10\/15-Kupferstich-ipad.jpg 1580w\" sizes=\"auto, (max-width: 150px) 100vw, 150px\" \/><\/a> <strong>22.30-23 Uhr:<\/strong> <a href=\"http:\/\/nachtdeswissens.hamburg.de\/index.php?article_id=161&#038;id=16192\">\u201eDigitalisate und ihre Verwendung im wirklichen Leben\u201c<\/a><br \/>\nWir zeigen, was man mit unseren Digitalisaten machen kann: Recherchieren in 100 Jahre alten Zeitungen und Fotos (Weltbrand App), unsere Daten hacken (Coding Da Vinci), \u00fcber Stadtteile informieren (Bergedorf-Blog) und virtuell durchs alte Hamburg wandern (Elbspazierg\u00e4nge).<\/p>\n<p style=\"float:clear;\">\n<p><a href=\"https:\/\/blog.sub.uni-hamburg.de\/wp-content\/uploads\/2015\/10\/Jungius.jpg\"><img loading=\"lazy\" decoding=\"async\" data-attachment-id=\"18531\" data-permalink=\"https:\/\/blog.sub.uni-hamburg.de\/?attachment_id=18531\" data-orig-file=\"https:\/\/blog.sub.uni-hamburg.de\/wp-content\/uploads\/2015\/10\/Jungius.jpg\" data-orig-size=\"1299,1312\" data-comments-opened=\"1\" data-image-meta=\"{&quot;aperture&quot;:&quot;0&quot;,&quot;credit&quot;:&quot;Peter Voigt&quot;,&quot;camera&quot;:&quot;&quot;,&quot;caption&quot;:&quot;&quot;,&quot;created_timestamp&quot;:&quot;0&quot;,&quot;copyright&quot;:&quot;&quot;,&quot;focal_length&quot;:&quot;0&quot;,&quot;iso&quot;:&quot;0&quot;,&quot;shutter_speed&quot;:&quot;0&quot;,&quot;title&quot;:&quot;&quot;,&quot;orientation&quot;:&quot;0&quot;}\" data-image-title=\"Jungius\" data-image-description=\"\" data-image-caption=\"\" data-large-file=\"https:\/\/blog.sub.uni-hamburg.de\/wp-content\/uploads\/2015\/10\/Jungius-1014x1024.jpg\" src=\"https:\/\/blog.sub.uni-hamburg.de\/wp-content\/uploads\/2015\/10\/Jungius-150x150.jpg\" alt=\"Jungius-Nachlass\" title=\"Jungius-Nachlass\" width=\"150\" height=\"150\" class=\"alignright size-thumbnail wp-image-18531\" srcset=\"https:\/\/blog.sub.uni-hamburg.de\/wp-content\/uploads\/2015\/10\/Jungius-150x150.jpg 150w, https:\/\/blog.sub.uni-hamburg.de\/wp-content\/uploads\/2015\/10\/Jungius-1014x1024.jpg 1014w, https:\/\/blog.sub.uni-hamburg.de\/wp-content\/uploads\/2015\/10\/Jungius-144x144.jpg 144w\" sizes=\"auto, (max-width: 150px) 100vw, 150px\" \/><\/a> <strong>23-23.30 Uhr:<\/strong> <a href=\"http:\/\/nachtdeswissens.hamburg.de\/index.php?article_id=161&#038;id=16221\">\u201eHamburgs geheimer Schatz wird enth\u00fcllt \u2013 der Jungius-Nachlass\u201c<\/a><br \/>\nFast 50.000 Notizzettel des Hamburger Universalgelehrten Joachim Jungius (1587\u20131657) sind erschlossen, aber warum erst jetzt? Wollten die Bibliothekare Kompromittierendes aus dem 17. Jh. vertuschen oder versteckten sich weltbewegende Erkenntnisse in Hamburgs geheimem Schatz?<\/p>\n","protected":false},"excerpt":{"rendered":"<p>Am Sonnabend, den 7. November 2015, findet in Hamburg zum sechsten Mal die Nacht des Wissens statt. Von 17-24 Uhr \u00f6ffnen Hamburgs Wissenschaftseinrichtungen ihre T\u00fcren. Nat\u00fcrlich ist die Stabi auch wieder dabei. Eine gute Gelegenheit hinter die Kulissen zu blicken und mehr dar\u00fcber zu erfahren, was wir hier alles so machen. Zu unserem Angebot geh\u00f6ren [&hellip;]<\/p>\n","protected":false},"author":19,"featured_media":0,"comment_status":"open","ping_status":"open","sticky":false,"template":"","format":"standard","meta":{"jetpack_post_was_ever_published":false,"_jetpack_newsletter_access":"","_jetpack_dont_email_post_to_subs":false,"_jetpack_newsletter_tier_id":0,"_jetpack_memberships_contains_paywalled_content":false,"_jetpack_memberships_contains_paid_content":false,"footnotes":"","jetpack_publicize_message":"","jetpack_publicize_feature_enabled":true,"jetpack_social_post_already_shared":true,"jetpack_social_options":{"image_generator_settings":{"template":"highway","default_image_id":0,"font":"","enabled":false},"version":2}},"categories":[9,17],"tags":[],"class_list":["post-18503","post","type-post","status-publish","format-standard","hentry","category-ausstellungen","category-hamburg"],"views":6213,"jetpack_publicize_connections":[],"jetpack_featured_media_url":"","jetpack_shortlink":"https:\/\/wp.me\/p7hfNR-4Or","jetpack-related-posts":[{"id":514,"url":"https:\/\/blog.sub.uni-hamburg.de\/?p=514","url_meta":{"origin":18503,"position":0},"title":"2. Nacht des Wissens &#8211; Programm der Stabi","author":"MG","date":"10-04-07","format":false,"excerpt":"Willkommen in der Staats- und Universit\u00e4tsbibliothek! Die Stabi nimmt an der 2. Nacht des Wissens am 9. Juni teil \u2013 und l\u00e4dt alle Wissenshungrigen der Stadt zu sich ein. Das bunte Programm spiegelt die vielen Funktionen der Bibliothek wider \u2013 als Universit\u00e4tsbibliothek, wissenschaftliche Allgemeinbibliothek, Landesbibliothek und lebendige Kulturinstitution Hamburgs. Auch\u2026","rel":"","context":"In &quot;Ausstellungen und Veranstaltungen&quot;","block_context":{"text":"Ausstellungen und Veranstaltungen","link":"https:\/\/blog.sub.uni-hamburg.de\/?cat=9"},"img":{"alt_text":"","src":"","width":0,"height":0},"classes":[]},{"id":12896,"url":"https:\/\/blog.sub.uni-hamburg.de\/?p=12896","url_meta":{"origin":18503,"position":1},"title":"Stabi-Programm zur &#8220;Nacht des Wissens&#8221; (2.11.)","author":"MG","date":"14-10-13","format":false,"excerpt":"Zur f\u00fcnften Nacht des Wissens erwarten unsere G\u00e4ste diesmal tiefe Einblicke in unsere Sondersammlungen - und in die Bibliothek des \u00c4rztlichen Vereins - und viele F\u00fchrungen - f\u00fcr Kinder, f\u00fcr Erwachsene hinter die Kulissen, und f\u00fcr Architekturbegeisterte, die einmal wissen m\u00f6chten, auf welche Reise sich die Stabi funktional und \u00e4sthetisch\u2026","rel":"","context":"In &quot;Ausstellungen und Veranstaltungen&quot;","block_context":{"text":"Ausstellungen und Veranstaltungen","link":"https:\/\/blog.sub.uni-hamburg.de\/?cat=9"},"img":{"alt_text":"","src":"https:\/\/i0.wp.com\/blog.sub.uni-hamburg.de\/wp-content\/uploads\/2013\/10\/nachtdeswissens2013gplus.jpg?resize=350%2C200&ssl=1","width":350,"height":200,"srcset":"https:\/\/i0.wp.com\/blog.sub.uni-hamburg.de\/wp-content\/uploads\/2013\/10\/nachtdeswissens2013gplus.jpg?resize=350%2C200&ssl=1 1x, https:\/\/i0.wp.com\/blog.sub.uni-hamburg.de\/wp-content\/uploads\/2013\/10\/nachtdeswissens2013gplus.jpg?resize=525%2C300&ssl=1 1.5x"},"classes":[]},{"id":39883,"url":"https:\/\/blog.sub.uni-hamburg.de\/?p=39883","url_meta":{"origin":18503,"position":2},"title":"Nacht der Bibliotheken in der Stabi Hamburg (4.4.)","author":"Markus Trapp","date":"21-03-25","format":false,"excerpt":"Freitag, 4.4., Staats- und Universit\u00e4tsbibliothek Hamburg. Unter dem Motto \u201eWissen. Teilen. Entdecken.\u201c wird am 4. April in ganz Deutschland die \u201eNacht der Bibliotheken\u201c gefeiert. An diesem Abend erwartet Interessierte ein abwechslungsreiches Programm mit Vortr\u00e4gen, F\u00fchrungen und Workshops. Auch die Staats- und Universit\u00e4tsbibliothek Hamburg l\u00e4dt herzlich ein und bietet ein umfangreiches\u2026","rel":"","context":"In &quot;Ausstellungen und Veranstaltungen&quot;","block_context":{"text":"Ausstellungen und Veranstaltungen","link":"https:\/\/blog.sub.uni-hamburg.de\/?cat=9"},"img":{"alt_text":"Plakat Nacht der Bibliotheken","src":"https:\/\/i0.wp.com\/blog.sub.uni-hamburg.de\/wp-content\/uploads\/2025\/03\/Nacht_der_Bibliotheken_2025.jpg?resize=350%2C200&ssl=1","width":350,"height":200},"classes":[]},{"id":6160,"url":"https:\/\/blog.sub.uni-hamburg.de\/?p=6160","url_meta":{"origin":18503,"position":3},"title":"Stabi bis Mitternacht ge\u00f6ffnet: zur &#8220;Nacht des Wissens&#8221; am 29. Oktober","author":"MG","date":"21-10-11","format":false,"excerpt":"Am Sonnabend, dem 29. Oktober, bleibt die Staats- und Universit\u00e4tsbibliothek bis 24 Uhr ge\u00f6ffnet! Die Stabi nimmt Teil an der \"Nacht des Wissens 2011\" und bietet neben F\u00fchrungen ein ganzes F\u00fcllhorn von digitalen Hamburg-Angeboten. Schauen Sie selbst und probieren Sie aus. Au\u00dferdem gibt es F\u00fchrungen hinter die Kulissen der Bibliothek.\u2026","rel":"","context":"In &quot;Aktuelles&quot;","block_context":{"text":"Aktuelles","link":"https:\/\/blog.sub.uni-hamburg.de\/?cat=1"},"img":{"alt_text":"","src":"","width":0,"height":0},"classes":[]},{"id":23777,"url":"https:\/\/blog.sub.uni-hamburg.de\/?p=23777","url_meta":{"origin":18503,"position":4},"title":"Das war unsere &#8220;Nacht des Wissens&#8221;","author":"MG","date":"07-11-17","format":false,"excerpt":"Viele wissbegierige Besucherinnen und Besucher, klein und gro\u00df, besuchten die Stabi am Sonnabend, 4.11., bei der Nacht des Wissens (Programm). Sie streiften durch die Magazine, lie\u00dfen sich von unseren Buchsch\u00e4tzen in Erstaunen versetzen, besuchten wissenschaftliche Vortr\u00e4ge oder lie\u00dfen sich von Buchkunst verzaubern. F\u00fcr alle, auch die Mitarbeiterinnen und Mitarbeiter der\u2026","rel":"","context":"In &quot;Aktuelles&quot;","block_context":{"text":"Aktuelles","link":"https:\/\/blog.sub.uni-hamburg.de\/?cat=1"},"img":{"alt_text":"","src":"https:\/\/i0.wp.com\/blog.sub.uni-hamburg.de\/wp-content\/uploads\/2017\/11\/ndw_2017_stabi_0001-150x100.jpg?resize=350%2C200&ssl=1","width":350,"height":200,"srcset":"https:\/\/i0.wp.com\/blog.sub.uni-hamburg.de\/wp-content\/uploads\/2017\/11\/ndw_2017_stabi_0001-150x100.jpg?resize=350%2C200&ssl=1 1x, https:\/\/i0.wp.com\/blog.sub.uni-hamburg.de\/wp-content\/uploads\/2017\/11\/ndw_2017_stabi_0001-150x100.jpg?resize=525%2C300&ssl=1 1.5x, https:\/\/i0.wp.com\/blog.sub.uni-hamburg.de\/wp-content\/uploads\/2017\/11\/ndw_2017_stabi_0001-150x100.jpg?resize=700%2C400&ssl=1 2x, https:\/\/i0.wp.com\/blog.sub.uni-hamburg.de\/wp-content\/uploads\/2017\/11\/ndw_2017_stabi_0001-150x100.jpg?resize=1050%2C600&ssl=1 3x, https:\/\/i0.wp.com\/blog.sub.uni-hamburg.de\/wp-content\/uploads\/2017\/11\/ndw_2017_stabi_0001-150x100.jpg?resize=1400%2C800&ssl=1 4x"},"classes":[]},{"id":5626,"url":"https:\/\/blog.sub.uni-hamburg.de\/?p=5626","url_meta":{"origin":18503,"position":5},"title":"Zur Nacht des Wissens: Stabi pr\u00e4sentiert &#8220;Hamburg im Netz&#8221; (29.10.)","author":"Markus Trapp","date":"30-09-11","format":false,"excerpt":"Sonnabend, 29. Oktober 2011 \u201eNacht des Wissens\u201c - die Bibliothek pr\u00e4sentiert: \u201eHamburg im Netz\u201c \u2013 Fischz\u00fcge durch die digitalen Hamburg-Sammlungen der Stabi. F\u00fcr die Nacht des Wissens 2011 r\u00fcckt die Stabi ihre Hamburg-Sammlung in den Vordergrund, genauer: die digitalen Quellen zu Hamburg \u2013 die historischen Karten und Ansichten, die Adressb\u00fccher,\u2026","rel":"","context":"In &quot;Ausstellungen und Veranstaltungen&quot;","block_context":{"text":"Ausstellungen und Veranstaltungen","link":"https:\/\/blog.sub.uni-hamburg.de\/?cat=9"},"img":{"alt_text":"","src":"https:\/\/i0.wp.com\/blog.sub.uni-hamburg.de\/wp-content\/uploads\/2011\/09\/Stabi-NDW-Plakat-350.jpg?resize=350%2C200&ssl=1","width":350,"height":200},"classes":[]}],"jetpack_sharing_enabled":true,"_links":{"self":[{"href":"https:\/\/blog.sub.uni-hamburg.de\/index.php?rest_route=\/wp\/v2\/posts\/18503","targetHints":{"allow":["GET"]}}],"collection":[{"href":"https:\/\/blog.sub.uni-hamburg.de\/index.php?rest_route=\/wp\/v2\/posts"}],"about":[{"href":"https:\/\/blog.sub.uni-hamburg.de\/index.php?rest_route=\/wp\/v2\/types\/post"}],"author":[{"embeddable":true,"href":"https:\/\/blog.sub.uni-hamburg.de\/index.php?rest_route=\/wp\/v2\/users\/19"}],"replies":[{"embeddable":true,"href":"https:\/\/blog.sub.uni-hamburg.de\/index.php?rest_route=%2Fwp%2Fv2%2Fcomments&post=18503"}],"version-history":[{"count":29,"href":"https:\/\/blog.sub.uni-hamburg.de\/index.php?rest_route=\/wp\/v2\/posts\/18503\/revisions"}],"predecessor-version":[{"id":18904,"href":"https:\/\/blog.sub.uni-hamburg.de\/index.php?rest_route=\/wp\/v2\/posts\/18503\/revisions\/18904"}],"wp:attachment":[{"href":"https:\/\/blog.sub.uni-hamburg.de\/index.php?rest_route=%2Fwp%2Fv2%2Fmedia&parent=18503"}],"wp:term":[{"taxonomy":"category","embeddable":true,"href":"https:\/\/blog.sub.uni-hamburg.de\/index.php?rest_route=%2Fwp%2Fv2%2Fcategories&post=18503"},{"taxonomy":"post_tag","embeddable":true,"href":"https:\/\/blog.sub.uni-hamburg.de\/index.php?rest_route=%2Fwp%2Fv2%2Ftags&post=18503"}],"curies":[{"name":"wp","href":"https:\/\/api.w.org\/{rel}","templated":true}]}}