{"id":18478,"date":"2015-10-01T13:27:15","date_gmt":"2015-10-01T11:27:15","guid":{"rendered":"http:\/\/blog.sub.uni-hamburg.de\/?p=18478"},"modified":"2015-10-22T11:24:16","modified_gmt":"2015-10-22T09:24:16","slug":"die-familie-wohlwill-eine-juedische-hamburger-buergerfamilie-im-19-20-jhdt-21-10","status":"publish","type":"post","link":"https:\/\/blog.sub.uni-hamburg.de\/?p=18478","title":{"rendered":"Die Familie Wohlwill. Eine j\u00fcdische Hamburger B\u00fcrgerfamilie im 19. + 20. Jahrhundert (21.10.)"},"content":{"rendered":"<p><a href=\"https:\/\/blog.sub.uni-hamburg.de\/wp-content\/uploads\/2015\/10\/15-VHG-Brandis-gr.jpg\"><img loading=\"lazy\" decoding=\"async\" data-attachment-id=\"18481\" data-permalink=\"https:\/\/blog.sub.uni-hamburg.de\/?attachment_id=18481\" data-orig-file=\"https:\/\/blog.sub.uni-hamburg.de\/wp-content\/uploads\/2015\/10\/15-VHG-Brandis.jpg\" data-orig-size=\"300,318\" data-comments-opened=\"1\" data-image-meta=\"{&quot;aperture&quot;:&quot;0&quot;,&quot;credit&quot;:&quot;&quot;,&quot;camera&quot;:&quot;&quot;,&quot;caption&quot;:&quot;&quot;,&quot;created_timestamp&quot;:&quot;0&quot;,&quot;copyright&quot;:&quot;&quot;,&quot;focal_length&quot;:&quot;0&quot;,&quot;iso&quot;:&quot;0&quot;,&quot;shutter_speed&quot;:&quot;0&quot;,&quot;title&quot;:&quot;&quot;,&quot;orientation&quot;:&quot;0&quot;}\" data-image-title=\"Familie Brandis\" data-image-description=\"\" data-image-caption=\"\" data-large-file=\"https:\/\/blog.sub.uni-hamburg.de\/wp-content\/uploads\/2015\/10\/15-VHG-Brandis.jpg\" src=\"https:\/\/blog.sub.uni-hamburg.de\/wp-content\/uploads\/2015\/10\/15-VHG-Brandis.jpg\" alt=\"Familie Brandis\" title=\"Familie Brandis\" width=\"300\" height=\"318\" class=\"alignright size-full wp-image-18481\" srcset=\"https:\/\/blog.sub.uni-hamburg.de\/wp-content\/uploads\/2015\/10\/15-VHG-Brandis.jpg 300w, https:\/\/blog.sub.uni-hamburg.de\/wp-content\/uploads\/2015\/10\/15-VHG-Brandis-142x150.jpg 142w, https:\/\/blog.sub.uni-hamburg.de\/wp-content\/uploads\/2015\/10\/15-VHG-Brandis-283x300.jpg 283w\" sizes=\"auto, (max-width: 300px) 100vw, 300px\" \/><\/a> <strong>Prof. Dr. Matthias Brandis (Freiburg):<br \/>\nDie Familie Wohlwill. Eine j\u00fcdische Hamburger B\u00fcrgerfamilie im 19. und 20. Jahrhundert<\/strong><\/p>\n<p><a href=\"https:\/\/de.wikipedia.org\/wiki\/Immanuel_Wohlwill\">Immanuel Wohlwill<\/a> (Yoel Wolf) war der erste Tr\u00e4ger des Namens als Ausdruck eines progressiven und toleranten Freigeistes. Nachkommen wurden durch h\u00f6here Schulbildung und Studium in der b\u00fcrgerlichen Gesellschaft in der Stadt Hamburg akkulturiert. Bis 1933 entstammen dieser Familie verschiedene Pers\u00f6nlichkeiten, die in der Hamburger B\u00fcrgerschaft etabliert zu sein scheinen. Nach 1933 wird die Illusion wirksam. Die zunehmende Entrechtung dieser Menschen f\u00fchrt zur Vertreibung der meisten Familienmitglieder in verschiedene L\u00e4nder der Welt, f\u00fcnf Mitglieder werden 1942 und 1943 ins KZ Theresienstadt deportiert, vier von ihnen sterben dort bzw. in Auschwitz. Im Vortrag werden die beeindruckende Familiengeschichte im 19. Jahrhundert und die Katastrophe im 20.Jahrhundert dargestellt.<br \/>\n<!--more--><\/p>\n<p>Prof. Dr. Matthias Brandis, em. Professor f\u00fcr Kinderheilkunde, und zuletzt Ltd. \u00c4rztlicher Direktor am Universit\u00e4tsklinikum Freiburg (siehe <a href=\"http:\/\/www.badische-zeitung.de\/suedwest-1\/menschen-von-hier-der-steuermann-geht-von-bord--7527685.html\">Portr\u00e4t Prof. Brandis<\/a> in der Badischen Zeitung), ist Enkel von Dr. Heinrich Wohlwill und forscht seit 2011 zu den Familien Wohlwill und Dehn.<\/p>\n<p>Eine Veranstaltung des <a href=\"http:\/\/vfhg.de\/\">Vereins f\u00fcr Hamburgische Geschichte<\/a> in Zusammenarbeit mit der Staats- und Universit\u00e4tsbibliothek Hamburg.<\/p>\n<p><strong>Mittwoch, 21. Oktober 2015, 18 Uhr<br \/>\nOrt: Vortragsraum, 1. Etage, Eintritt frei.<\/strong><\/p>\n","protected":false},"excerpt":{"rendered":"<p>Prof. Dr. Matthias Brandis (Freiburg): Die Familie Wohlwill. Eine j\u00fcdische Hamburger B\u00fcrgerfamilie im 19. und 20. Jahrhundert Immanuel Wohlwill (Yoel Wolf) war der erste Tr\u00e4ger des Namens als Ausdruck eines progressiven und toleranten Freigeistes. Nachkommen wurden durch h\u00f6here Schulbildung und Studium in der b\u00fcrgerlichen Gesellschaft in der Stadt Hamburg akkulturiert. Bis 1933 entstammen dieser Familie [&hellip;]<\/p>\n","protected":false},"author":19,"featured_media":0,"comment_status":"open","ping_status":"open","sticky":false,"template":"","format":"standard","meta":{"jetpack_post_was_ever_published":false,"_jetpack_newsletter_access":"","_jetpack_dont_email_post_to_subs":false,"_jetpack_newsletter_tier_id":0,"_jetpack_memberships_contains_paywalled_content":false,"_jetpack_memberships_contains_paid_content":false,"footnotes":"","jetpack_publicize_message":"","jetpack_publicize_feature_enabled":true,"jetpack_social_post_already_shared":true,"jetpack_social_options":{"image_generator_settings":{"template":"highway","default_image_id":0,"font":"","enabled":false},"version":2}},"categories":[9,17],"tags":[],"class_list":["post-18478","post","type-post","status-publish","format-standard","hentry","category-ausstellungen","category-hamburg"],"views":20683,"jetpack_publicize_connections":[],"jetpack_featured_media_url":"","jetpack_shortlink":"https:\/\/wp.me\/p7hfNR-4O2","jetpack-related-posts":[{"id":23389,"url":"https:\/\/blog.sub.uni-hamburg.de\/?p=23389","url_meta":{"origin":18478,"position":0},"title":"Erlebte Inklusion im 19. Jahrhundert (11.10.)","author":"Markus Trapp","date":"20-09-17","format":false,"excerpt":"Martina G. Herrmann (Freiburg i. Br.): Erlebte Inklusion im 19. Jahrhundert. Erfahrungen aus dem privaten Briefwechsel der j\u00fcdischen Familie Isler in Hamburg Rund 4000 Briefe der Familie Isler berichten vom ganz allt\u00e4glichen Leben \u2013 was man so schreibt, wenn ein Familienmitglied nicht zu Hause ist. Sie erz\u00e4hlen nicht nur vom\u2026","rel":"","context":"In &quot;Ausstellungen und Veranstaltungen&quot;","block_context":{"text":"Ausstellungen und Veranstaltungen","link":"https:\/\/blog.sub.uni-hamburg.de\/?cat=9"},"img":{"alt_text":"","src":"https:\/\/i0.wp.com\/blog.sub.uni-hamburg.de\/wp-content\/uploads\/2017\/09\/17-VHG-Okt-Herrmann_Isler.jpg?resize=350%2C200&ssl=1","width":350,"height":200},"classes":[]},{"id":13415,"url":"https:\/\/blog.sub.uni-hamburg.de\/?p=13415","url_meta":{"origin":18478,"position":1},"title":"Wer war Joachim Jungius? (Kolloquiumsvortrag 30.1.)","author":"Markus Trapp","date":"17-12-13","format":false,"excerpt":"Wer war Joachim Jungius? Das war der mit dem Ausspruch \u00abDer Komet ist der Affe unter den Planeten\u00bb. Wir haben die Frage auch schon im Vorjahr in der Stabi-Ausstellung \u00abJoachim Jungius: Der Zettelkasten des Doktors\u00bb zu beantworten versucht. Die Frage ist gleichzeitig auch der Titel des Kolloquiumsvortrages unseres Kollegen Eike\u2026","rel":"","context":"In &quot;Ausstellungen und Veranstaltungen&quot;","block_context":{"text":"Ausstellungen und Veranstaltungen","link":"https:\/\/blog.sub.uni-hamburg.de\/?cat=9"},"img":{"alt_text":"","src":"https:\/\/i0.wp.com\/blog.sub.uni-hamburg.de\/wp-content\/uploads\/2013\/12\/jungius-botanica.jpg?resize=350%2C200&ssl=1","width":350,"height":200,"srcset":"https:\/\/i0.wp.com\/blog.sub.uni-hamburg.de\/wp-content\/uploads\/2013\/12\/jungius-botanica.jpg?resize=350%2C200&ssl=1 1x, https:\/\/i0.wp.com\/blog.sub.uni-hamburg.de\/wp-content\/uploads\/2013\/12\/jungius-botanica.jpg?resize=525%2C300&ssl=1 1.5x"},"classes":[]},{"id":17768,"url":"https:\/\/blog.sub.uni-hamburg.de\/?p=17768","url_meta":{"origin":18478,"position":2},"title":"Neu im Stabi-Verlag: Quellen zur j\u00fcdischen Familiengeschichtsforschung im Staatsarchiv Hamburg","author":"HS","date":"13-05-15","format":false,"excerpt":"Alle Publikationen von Hamburg University Press, dem Stabi-Verlag, werden online f\u00fcr Nutzende kostenfrei angeboten (so genannter Open Access). Dar\u00fcber hinaus kann das Werk in gedruckter Form als Hardcover direkt beim Verlag bestellt oder \u00fcber den Buchhandel erworben werden. J\u00fcgen Sielemann Quellen zur j\u00fcdischen Familiengeschichtsforschung im Staatsarchiv Hamburg Ein Wegweiser f\u00fcr\u2026","rel":"","context":"In &quot;Hamburg&quot;","block_context":{"text":"Hamburg","link":"https:\/\/blog.sub.uni-hamburg.de\/?cat=17"},"img":{"alt_text":"HamburgUP_STAHH23_Familiengeschichtsforschung_Cover","src":"https:\/\/i0.wp.com\/blog.sub.uni-hamburg.de\/wp-content\/uploads\/2015\/04\/HamburgUP_STAHH23_Familiengeschichtsforschung_Cover.jpg?resize=350%2C200&ssl=1","width":350,"height":200},"classes":[]},{"id":25151,"url":"https:\/\/blog.sub.uni-hamburg.de\/?p=25151","url_meta":{"origin":18478,"position":3},"title":"Restitution an die J\u00fcdische Gemeinde Hamburg","author":"Redaktion","date":"25-06-18","format":false,"excerpt":"Von Maria Kesting (SUB Hamburg) und Nadine Kulbe (SLUB Dresden). \u201e\u2026bem\u00fchen wir uns bislang leider vergeblich, die R\u00fcckf\u00fchrung unserer Bibliothek aus Dresden zu erwirken.\u201c So zu lesen in einem Schreiben der J\u00fcdischen Gemeinde Hamburg an die Staats- und Universit\u00e4tsbibliothek Hamburg (SUB) vom 3. Juli 1955. Dass dieses Bem\u00fchen einmal von\u2026","rel":"","context":"In &quot;Aktuelles&quot;","block_context":{"text":"Aktuelles","link":"https:\/\/blog.sub.uni-hamburg.de\/?cat=1"},"img":{"alt_text":"","src":"https:\/\/i0.wp.com\/blog.sub.uni-hamburg.de\/wp-content\/uploads\/2018\/06\/juedgembibhh.jpg?resize=350%2C200&ssl=1","width":350,"height":200},"classes":[]},{"id":34533,"url":"https:\/\/blog.sub.uni-hamburg.de\/?p=34533","url_meta":{"origin":18478,"position":4},"title":"Die Stabi gibt NS-Raubgut zur\u00fcck \u2013 und bekommt es geschenkt.","author":"Redaktion","date":"19-10-22","format":false,"excerpt":"Zur Restitution von Autographen aus der Sammlung Dr. Heinrich Spiero. Von Anneke de Rudder. Am 22. September restituierte die Stabi mehr als 250 Briefe der bekannten Hamburger Schriftsteller Detlev von Liliencron, Gustav Falke und Richard Dehmel an ihre rechtm\u00e4\u00dfigen Eigent\u00fcmer:innen. Die Unikate, die 1937 im Berliner Auktionshaus J. A. Stargardt\u2026","rel":"","context":"In &quot;Aktuelles&quot;","block_context":{"text":"Aktuelles","link":"https:\/\/blog.sub.uni-hamburg.de\/?cat=1"},"img":{"alt_text":"","src":"https:\/\/i0.wp.com\/blog.sub.uni-hamburg.de\/wp-content\/uploads\/2022\/10\/Restitution-Spiero1-Zepf-Begruessung-150x113.jpg?resize=350%2C200&ssl=1","width":350,"height":200,"srcset":"https:\/\/i0.wp.com\/blog.sub.uni-hamburg.de\/wp-content\/uploads\/2022\/10\/Restitution-Spiero1-Zepf-Begruessung-150x113.jpg?resize=350%2C200&ssl=1 1x, https:\/\/i0.wp.com\/blog.sub.uni-hamburg.de\/wp-content\/uploads\/2022\/10\/Restitution-Spiero1-Zepf-Begruessung-150x113.jpg?resize=525%2C300&ssl=1 1.5x, https:\/\/i0.wp.com\/blog.sub.uni-hamburg.de\/wp-content\/uploads\/2022\/10\/Restitution-Spiero1-Zepf-Begruessung-150x113.jpg?resize=700%2C400&ssl=1 2x, https:\/\/i0.wp.com\/blog.sub.uni-hamburg.de\/wp-content\/uploads\/2022\/10\/Restitution-Spiero1-Zepf-Begruessung-150x113.jpg?resize=1050%2C600&ssl=1 3x, https:\/\/i0.wp.com\/blog.sub.uni-hamburg.de\/wp-content\/uploads\/2022\/10\/Restitution-Spiero1-Zepf-Begruessung-150x113.jpg?resize=1400%2C800&ssl=1 4x"},"classes":[]},{"id":22054,"url":"https:\/\/blog.sub.uni-hamburg.de\/?p=22054","url_meta":{"origin":18478,"position":5},"title":"Talmud aus Raubgutbest\u00e4nden nach Israel restituiert","author":"Redaktion","date":"01-02-17","format":false,"excerpt":"\u2192 English version of this article Von Anna von Villiez. Im Zuge der Provenienzforschung zu NS-Raubgut konnte die Staatsbibliothek am 20. Januar 2017 einen 15-b\u00e4ndigen babylonischen Talmud restituieren. Der Talmud in einer Ausgabe aus Wilna (heute Vilnius, Litauen), gedruckt 1883 bis 1912, war bis 1942 im Besitz von Eliesar Loebenstein\u2026","rel":"","context":"In &quot;Aktuelles&quot;","block_context":{"text":"Aktuelles","link":"https:\/\/blog.sub.uni-hamburg.de\/?cat=1"},"img":{"alt_text":"Der Stempel findet sich in allen B\u00e4nden des babylonischen Talmuds von Eliesar Loebenstein [https:\/\/kataloge.uni-hamburg.de\/DB=1\/SET=4\/TTL=11\/NXT?FRST=1]","src":"https:\/\/i0.wp.com\/blog.sub.uni-hamburg.de\/wp-content\/uploads\/2017\/02\/Stempel_Loebenstein.jpg?resize=350%2C200&ssl=1","width":350,"height":200},"classes":[]}],"jetpack_sharing_enabled":true,"_links":{"self":[{"href":"https:\/\/blog.sub.uni-hamburg.de\/index.php?rest_route=\/wp\/v2\/posts\/18478","targetHints":{"allow":["GET"]}}],"collection":[{"href":"https:\/\/blog.sub.uni-hamburg.de\/index.php?rest_route=\/wp\/v2\/posts"}],"about":[{"href":"https:\/\/blog.sub.uni-hamburg.de\/index.php?rest_route=\/wp\/v2\/types\/post"}],"author":[{"embeddable":true,"href":"https:\/\/blog.sub.uni-hamburg.de\/index.php?rest_route=\/wp\/v2\/users\/19"}],"replies":[{"embeddable":true,"href":"https:\/\/blog.sub.uni-hamburg.de\/index.php?rest_route=%2Fwp%2Fv2%2Fcomments&post=18478"}],"version-history":[{"count":7,"href":"https:\/\/blog.sub.uni-hamburg.de\/index.php?rest_route=\/wp\/v2\/posts\/18478\/revisions"}],"predecessor-version":[{"id":18642,"href":"https:\/\/blog.sub.uni-hamburg.de\/index.php?rest_route=\/wp\/v2\/posts\/18478\/revisions\/18642"}],"wp:attachment":[{"href":"https:\/\/blog.sub.uni-hamburg.de\/index.php?rest_route=%2Fwp%2Fv2%2Fmedia&parent=18478"}],"wp:term":[{"taxonomy":"category","embeddable":true,"href":"https:\/\/blog.sub.uni-hamburg.de\/index.php?rest_route=%2Fwp%2Fv2%2Fcategories&post=18478"},{"taxonomy":"post_tag","embeddable":true,"href":"https:\/\/blog.sub.uni-hamburg.de\/index.php?rest_route=%2Fwp%2Fv2%2Ftags&post=18478"}],"curies":[{"name":"wp","href":"https:\/\/api.w.org\/{rel}","templated":true}]}}