{"id":18299,"date":"2015-09-03T10:42:32","date_gmt":"2015-09-03T08:42:32","guid":{"rendered":"http:\/\/blog.sub.uni-hamburg.de\/?p=18299"},"modified":"2015-09-25T13:26:32","modified_gmt":"2015-09-25T11:26:32","slug":"alumni-podiumsdiskussion-fuehrung-im-unternehmen-24-9","status":"publish","type":"post","link":"https:\/\/blog.sub.uni-hamburg.de\/?p=18299","title":{"rendered":"Alumni-Podiumsdiskussion: \u201eF\u00fchrung im Unternehmen\u2026\u201c (24.9.)"},"content":{"rendered":"<p><a href=\"https:\/\/blog.sub.uni-hamburg.de\/wp-content\/uploads\/2015\/09\/alumni-lichthof.jpg\"><img loading=\"lazy\" decoding=\"async\" style=\"float: none;\" title=\"Alumni Universit\u00e4t Hamburg - Podiumsdiskussion im Lichthof\" src=\"https:\/\/blog.sub.uni-hamburg.de\/wp-content\/uploads\/2015\/09\/alumni-lichthof.jpg\" alt=\"Alumni Universit\u00e4t Hamburg - Podiumsdiskussion im Lichthof\" width=\"550\" height=\"367\" \/><\/a><\/p>\n<p><strong>\u201eF\u00fchrung im Unternehmen \u2013 vom Patriarchen zum Team zur Realit\u00e4t 4.0\u201c<\/strong><\/p>\n<p>In Zeiten immer komplexer werdender Arbeitswelten und des demografischen Wandels erh\u00e4lt die Personalf\u00fchrung und -entwicklung im Unternehmen immer mehr Bedeutung. Wie diese jetzt erfolgreich auf die Zukunft ausgerichtet und was im Rahmen der Ausbildung an Universit\u00e4ten geleistet werden kann diskutieren:<\/p>\n<ul>\n<li>Herr <strong>Dr. h.c. August Oetker<\/strong>, Vorsitzender des Beirats und Gesellschafter der Dr. August Oetker KG, sowie<\/li>\n<li>Frau <strong>Prof. Dr. Annette Kleinfeld<\/strong>, Professorin f\u00fcr Business and Society an der Hochschule Konstanz und stellvertretende Vorstandsvorsitzende f\u00fcr das Deutsche Netzwerk Wirtschaftsethik e.V.<\/li>\n<\/ul>\n<p><!--more--><\/p>\n<p>Moderator dieser Diskussion ist <strong>Lars Haider<\/strong>, Chefredakteur des Hamburger Abendblatts.<\/p>\n<p>Erleben Sie live die Diskussion dieses hochaktuellen Themas mit einer der bekanntesten Unternehmerpers\u00f6nlichkeiten Deutschlands<\/p>\n<p><strong>am 24.9.2015 um 18:00 Uhr im Lichthof der Staats- und Universit\u00e4tsbibliothek.<\/strong><\/p>\n<p>Eine Veranstaltung der <a href=\"http:\/\/www.alumni-uhh.de\/\">Alumni Universit\u00e4t Hamburg<\/a>. Die Veranstalter bitten um verbindliche Anmeldung unter <a href=\"https:\/\/www.eventbrite.de\/e\/alumni-diskussion-fuhrung-im-unternehmen-vom-patriarchen-zum-team-zur-realitat-40-tickets-18438066754\">www.eventbrite.de\/e\/alumni-diskussion\u2026<\/a> (Einlass mit G\u00e4steliste).<\/p>\n","protected":false},"excerpt":{"rendered":"<p>\u201eF\u00fchrung im Unternehmen \u2013 vom Patriarchen zum Team zur Realit\u00e4t 4.0\u201c In Zeiten immer komplexer werdender Arbeitswelten und des demografischen Wandels erh\u00e4lt die Personalf\u00fchrung und -entwicklung im Unternehmen immer mehr Bedeutung. Wie diese jetzt erfolgreich auf die Zukunft ausgerichtet und was im Rahmen der Ausbildung an Universit\u00e4ten geleistet werden kann diskutieren: Herr Dr. h.c. August [&hellip;]<\/p>\n","protected":false},"author":19,"featured_media":0,"comment_status":"open","ping_status":"open","sticky":false,"template":"","format":"standard","meta":{"jetpack_post_was_ever_published":false,"_jetpack_newsletter_access":"","_jetpack_dont_email_post_to_subs":false,"_jetpack_newsletter_tier_id":0,"_jetpack_memberships_contains_paywalled_content":false,"_jetpack_memberships_contains_paid_content":false,"footnotes":"","jetpack_publicize_message":"","jetpack_publicize_feature_enabled":true,"jetpack_social_post_already_shared":true,"jetpack_social_options":{"image_generator_settings":{"template":"highway","default_image_id":0,"font":"","enabled":false},"version":2}},"categories":[9],"tags":[],"class_list":["post-18299","post","type-post","status-publish","format-standard","hentry","category-ausstellungen"],"views":2394,"jetpack_publicize_connections":[],"jetpack_featured_media_url":"","jetpack_shortlink":"https:\/\/wp.me\/p7hfNR-4L9","jetpack-related-posts":[{"id":36665,"url":"https:\/\/blog.sub.uni-hamburg.de\/?p=36665","url_meta":{"origin":18299,"position":0},"title":"\u201eWirtschaftsstandort Deutschland in Gefahr \u2013 Was m\u00fcssen wir tun, um nicht den Anschluss zu verlieren?\u201c (20.10.)","author":"Markus Trapp","date":"06-10-23","format":false,"excerpt":"Freitag, 20.10.2023 um 17Uhr im Lichthof. Verbandstag mit Podiumsdiskussion des Bundesverbandes der Volks- und Betriebswirte e. V. An der Podiumsdiskussion nehmen teil: Prof. Dr. Lars P. Feld, Direktor des Walter Eucken Instituts \u2013 Kompetenzzentrum f\u00fcr ordnungspolitische und ordnungs\u00f6konomische Grundlagenforschung und ehemaliges Mitglied des Sachverst\u00e4ndigenrates zur Begutachtung der gesamtwirtschaftlichen Entwicklung Andreas\u2026","rel":"","context":"In &quot;Ausstellungen und Veranstaltungen&quot;","block_context":{"text":"Ausstellungen und Veranstaltungen","link":"https:\/\/blog.sub.uni-hamburg.de\/?cat=9"},"img":{"alt_text":"Bundesverband der Volks- und Betriebswirte e. V.","src":"https:\/\/i0.wp.com\/blog.sub.uni-hamburg.de\/wp-content\/uploads\/2023\/10\/Logo_bdvb.png?resize=350%2C200&ssl=1","width":350,"height":200},"classes":[]},{"id":40573,"url":"https:\/\/blog.sub.uni-hamburg.de\/?p=40573","url_meta":{"origin":18299,"position":1},"title":"Ausstellung: Papyri \u2013 Ostraka \u2013 Wachstafeln. Schriftkultur im griechisch-r\u00f6mischen \u00c4gypten (6.8.-28.9.)","author":"Markus Trapp","date":"16-07-25","format":false,"excerpt":"6. August bis 28. September, Ausstellungsraum. Entdecken Sie die faszinierende Welt der Schriftkultur im griechisch-r\u00f6mischen \u00c4gypten! Die Ausstellung \u201ePapyri \u2013 Ostraka \u2013 Wachstafeln\u201c zeigt, wie Menschen vor zwei Jahrtausenden ihren Alltag dokumentierten \u2013 von amtlichen Schreiben, privaten Dokumenten und literarischen Texten auf Papyrus, \u00fcber pers\u00f6nliche Notizen auf Ostraka bis zu\u2026","rel":"","context":"In &quot;Ausstellungen und Veranstaltungen&quot;","block_context":{"text":"Ausstellungen und Veranstaltungen","link":"https:\/\/blog.sub.uni-hamburg.de\/?cat=9"},"img":{"alt_text":"","src":"https:\/\/i0.wp.com\/blog.sub.uni-hamburg.de\/wp-content\/uploads\/2025\/07\/Plakat_Papyrus_StabiHH.jpg?resize=350%2C200&ssl=1","width":350,"height":200},"classes":[]},{"id":12896,"url":"https:\/\/blog.sub.uni-hamburg.de\/?p=12896","url_meta":{"origin":18299,"position":2},"title":"Stabi-Programm zur &#8220;Nacht des Wissens&#8221; (2.11.)","author":"MG","date":"14-10-13","format":false,"excerpt":"Zur f\u00fcnften Nacht des Wissens erwarten unsere G\u00e4ste diesmal tiefe Einblicke in unsere Sondersammlungen - und in die Bibliothek des \u00c4rztlichen Vereins - und viele F\u00fchrungen - f\u00fcr Kinder, f\u00fcr Erwachsene hinter die Kulissen, und f\u00fcr Architekturbegeisterte, die einmal wissen m\u00f6chten, auf welche Reise sich die Stabi funktional und \u00e4sthetisch\u2026","rel":"","context":"In &quot;Ausstellungen und Veranstaltungen&quot;","block_context":{"text":"Ausstellungen und Veranstaltungen","link":"https:\/\/blog.sub.uni-hamburg.de\/?cat=9"},"img":{"alt_text":"","src":"https:\/\/i0.wp.com\/blog.sub.uni-hamburg.de\/wp-content\/uploads\/2013\/10\/nachtdeswissens2013gplus.jpg?resize=350%2C200&ssl=1","width":350,"height":200,"srcset":"https:\/\/i0.wp.com\/blog.sub.uni-hamburg.de\/wp-content\/uploads\/2013\/10\/nachtdeswissens2013gplus.jpg?resize=350%2C200&ssl=1 1x, https:\/\/i0.wp.com\/blog.sub.uni-hamburg.de\/wp-content\/uploads\/2013\/10\/nachtdeswissens2013gplus.jpg?resize=525%2C300&ssl=1 1.5x"},"classes":[]},{"id":39731,"url":"https:\/\/blog.sub.uni-hamburg.de\/?p=39731","url_meta":{"origin":18299,"position":3},"title":"Cr\u00f3nicas de Indias in Originalausgaben der Linga-Bibliothek und ihre postkolonialen Lekt\u00fcren im FID Romanistik (11.-16.3.)","author":"Markus Trapp","date":"24-02-25","format":false,"excerpt":"11. M\u00e4rz bis 16. M\u00e4rz, Ausstellungsraum. Die Linga-Bibliothek f\u00fcr Lateinamerika-Forschung pr\u00e4sentiert anl\u00e4sslich des 24. Deutschen Hispanistiktags, der unter dem Motto \u201eTransfer und Hybridisierung\u201c parallel an der Universit\u00e4t Hamburg stattfindet, einige ihrer Sch\u00e4tze aus dem 16. Jahrhundert. Die ausgestellten Chroniken zeigen zeitgen\u00f6ssische Blicke der verschiedenen Beteiligten auf die \u201eBegegnung zweier Welten\u201c.\u2026","rel":"","context":"In &quot;Ausstellungen und Veranstaltungen&quot;","block_context":{"text":"Ausstellungen und Veranstaltungen","link":"https:\/\/blog.sub.uni-hamburg.de\/?cat=9"},"img":{"alt_text":"Plakat der Ausstellung 'Cr\u00f3nicas de Indias - Originale und Kontexte'","src":"https:\/\/i0.wp.com\/blog.sub.uni-hamburg.de\/wp-content\/uploads\/2025\/02\/cronicas-poster.jpg?resize=350%2C200&ssl=1","width":350,"height":200},"classes":[]},{"id":17285,"url":"https:\/\/blog.sub.uni-hamburg.de\/?p=17285","url_meta":{"origin":18299,"position":4},"title":"Neuer Vorstand der Gesellschaft der Freunde gew\u00e4hlt","author":"Markus Trapp","date":"26-02-15","format":false,"excerpt":"Freunde zu haben, ist ein gro\u00dfes Gl\u00fcck. Wir haben sie! Alle drei Jahre w\u00e4hlt die Mitgliederversammlung der Gesellschaft der Freunde der Staats- und Universit\u00e4tsbibliothek ihren Vorstand. Am 23.2.2015 war es wieder soweit. Ihm geh\u00f6ren an: Prof. Dr. Ute Krau\u00df-Leichert als Vorsitzende, Dr. Uwe Reimer als stellvertretender Vorsitzender, Dr. Alexander Extra,\u2026","rel":"","context":"In &quot;Aktuelles&quot;","block_context":{"text":"Aktuelles","link":"https:\/\/blog.sub.uni-hamburg.de\/?cat=1"},"img":{"alt_text":"","src":"https:\/\/i0.wp.com\/blog.sub.uni-hamburg.de\/wp-content\/uploads\/2015\/02\/GDF.jpg?resize=350%2C200&ssl=1","width":350,"height":200},"classes":[]},{"id":15818,"url":"https:\/\/blog.sub.uni-hamburg.de\/?p=15818","url_meta":{"origin":18299,"position":5},"title":"Johann Martin Lappenberg (1794 bis 1865) und seine Zeit (24.9.)","author":"Markus Trapp","date":"10-09-14","format":false,"excerpt":"Dr. Sigrid Schambach: Johann Martin Lappenberg (1794 bis 1865) und seine Zeit. Vortrag und Buchvorstellung Johann Martin Lappenberg war der erste und langj\u00e4hrige Vorsitzende des Vereins f\u00fcr Hamburgische Geschichte. Er erforschte vor allem die mittelalterliche Geschichte Hamburgs und der Hanse. Dar\u00fcber hinaus erschloss er norddeutsche Chroniken und edierte sie im\u2026","rel":"","context":"In &quot;Ausstellungen und Veranstaltungen&quot;","block_context":{"text":"Ausstellungen und Veranstaltungen","link":"https:\/\/blog.sub.uni-hamburg.de\/?cat=9"},"img":{"alt_text":"","src":"https:\/\/i0.wp.com\/blog.sub.uni-hamburg.de\/wp-content\/uploads\/2014\/09\/Lappenberg-im-Habit-kl.jpg?resize=350%2C200&ssl=1","width":350,"height":200},"classes":[]}],"jetpack_sharing_enabled":true,"_links":{"self":[{"href":"https:\/\/blog.sub.uni-hamburg.de\/index.php?rest_route=\/wp\/v2\/posts\/18299","targetHints":{"allow":["GET"]}}],"collection":[{"href":"https:\/\/blog.sub.uni-hamburg.de\/index.php?rest_route=\/wp\/v2\/posts"}],"about":[{"href":"https:\/\/blog.sub.uni-hamburg.de\/index.php?rest_route=\/wp\/v2\/types\/post"}],"author":[{"embeddable":true,"href":"https:\/\/blog.sub.uni-hamburg.de\/index.php?rest_route=\/wp\/v2\/users\/19"}],"replies":[{"embeddable":true,"href":"https:\/\/blog.sub.uni-hamburg.de\/index.php?rest_route=%2Fwp%2Fv2%2Fcomments&post=18299"}],"version-history":[{"count":7,"href":"https:\/\/blog.sub.uni-hamburg.de\/index.php?rest_route=\/wp\/v2\/posts\/18299\/revisions"}],"predecessor-version":[{"id":18439,"href":"https:\/\/blog.sub.uni-hamburg.de\/index.php?rest_route=\/wp\/v2\/posts\/18299\/revisions\/18439"}],"wp:attachment":[{"href":"https:\/\/blog.sub.uni-hamburg.de\/index.php?rest_route=%2Fwp%2Fv2%2Fmedia&parent=18299"}],"wp:term":[{"taxonomy":"category","embeddable":true,"href":"https:\/\/blog.sub.uni-hamburg.de\/index.php?rest_route=%2Fwp%2Fv2%2Fcategories&post=18299"},{"taxonomy":"post_tag","embeddable":true,"href":"https:\/\/blog.sub.uni-hamburg.de\/index.php?rest_route=%2Fwp%2Fv2%2Ftags&post=18299"}],"curies":[{"name":"wp","href":"https:\/\/api.w.org\/{rel}","templated":true}]}}