{"id":18287,"date":"2015-08-27T16:41:29","date_gmt":"2015-08-27T14:41:29","guid":{"rendered":"http:\/\/blog.sub.uni-hamburg.de\/?p=18287"},"modified":"2015-09-11T14:48:10","modified_gmt":"2015-09-11T12:48:10","slug":"buchpraesentation-peter-schmidt-eppendorf-10-9","status":"publish","type":"post","link":"https:\/\/blog.sub.uni-hamburg.de\/?p=18287","title":{"rendered":"Buchpr\u00e4sentation: Peter Schmidt-Eppendorf (10.9.)"},"content":{"rendered":"<p><a href=\"https:\/\/www.aschendorff-buchverlag.de\/shop\/vam\/apply\/viewdetail\/id\/5528\/refer\/Home\/\"><img loading=\"lazy\" decoding=\"async\" src=\"https:\/\/blog.sub.uni-hamburg.de\/wp-content\/uploads\/2015\/08\/15-Schmidt-Eppendorf.jpg\" alt=\"Die katholischen Geistlichen auf Nordstrand 1654\u20131999\" title=\"Die katholischen Geistlichen auf Nordstrand 1654\u20131999\" width=\"260\" height=\"389\" style=\"float: right; padding-right:0px; margin-left:25px; margin-bottom:25px;\" \/><\/a> <strong><a href=\"https:\/\/www.aschendorff-buchverlag.de\/shop\/vam\/apply\/viewdetail\/id\/5528\/refer\/Home\/\">Die katholischen Geistlichen auf Nordstrand 1654\u20131999<\/a> (M\u00fcnster 2015)<\/strong><\/p>\n<p>1634 wurde die nordfriesische Insel Nordstrand durch eine schwere Sturmflut weitgehend zerst\u00f6rt. Ihre Wiederbedeichung gelang nur durch belgische Unternehmer, die sich f\u00fcr ihr Wirken dort auch die Religionsfreiheit, also konkret das katholische Bekenntnis, ausbedungen und es von Herzog Friedrich III. erhielten. <\/p>\n<p>Die seelsorgerische Betreuung \u00fcbernahmen mit den Oratorianern Mitglieder einer der monastischen Reformbewegungen des 16. Jahrhunderts. Rund zwei Drittel der 91 katholischen Geistlichen der Insel, Laienbr\u00fcder wie Priester, stammten aus ihren Reihen. <\/p>\n<p>Das Buch (<a href=\"http:\/\/bookview.libreka.de\/retailer\/urlResolver.do?retid=100424&#038;id=9783402130964\">Leseprobe<\/a>) w\u00fcrdigt ihre Leistungen, aber verschweigt auch nicht ihre Schw\u00e4chen angesichts der Herausforderungen einer konfessionell anders gepr\u00e4gten Umgebung und der inneren Spaltung durch den Jansenismus. Peter Schmidt-Eppendorf war von 1972 bis 1999 Pfarrer auf Nordstrand.<\/p>\n<p>Eine Veranstaltung des <em>Vereins f\u00fcr katholische Kirchengeschichte in Hamburg und Schleswig-Holstein<\/em> (<a href=\"http:\/\/verein-kg-hh-sh.de\/\">Website<\/a>) in Zusammenarbeit mit dem <em>Hamburgischen Arbeitskreis f\u00fcr Regionalgeschichte<\/em> (<a href=\"https:\/\/www.geschichte.uni-hamburg.de\/arbeitsbereiche\/deutsche-geschichte\/arbeitsbereich\/arbeitsstelle-fuer-hamburgische-geschichte.html\">Website<\/a>).<\/p>\n<p><strong>Donnerstag, 10. September, 19 Uhr<br \/>\nOrt: Vortragsraum, 1. Etage, Eintritt frei.<\/strong><\/p>\n","protected":false},"excerpt":{"rendered":"<p>Die katholischen Geistlichen auf Nordstrand 1654\u20131999 (M\u00fcnster 2015) 1634 wurde die nordfriesische Insel Nordstrand durch eine schwere Sturmflut weitgehend zerst\u00f6rt. Ihre Wiederbedeichung gelang nur durch belgische Unternehmer, die sich f\u00fcr ihr Wirken dort auch die Religionsfreiheit, also konkret das katholische Bekenntnis, ausbedungen und es von Herzog Friedrich III. erhielten. Die seelsorgerische Betreuung \u00fcbernahmen mit den [&hellip;]<\/p>\n","protected":false},"author":19,"featured_media":0,"comment_status":"open","ping_status":"open","sticky":false,"template":"","format":"standard","meta":{"jetpack_post_was_ever_published":false,"_jetpack_newsletter_access":"","_jetpack_dont_email_post_to_subs":false,"_jetpack_newsletter_tier_id":0,"_jetpack_memberships_contains_paywalled_content":false,"_jetpack_memberships_contains_paid_content":false,"footnotes":"","jetpack_publicize_message":"","jetpack_publicize_feature_enabled":true,"jetpack_social_post_already_shared":true,"jetpack_social_options":{"image_generator_settings":{"template":"highway","default_image_id":0,"font":"","enabled":false},"version":2}},"categories":[9],"tags":[],"class_list":["post-18287","post","type-post","status-publish","format-standard","hentry","category-ausstellungen"],"views":2288,"jetpack_publicize_connections":[],"jetpack_featured_media_url":"","jetpack_shortlink":"https:\/\/wp.me\/p7hfNR-4KX","jetpack-related-posts":[{"id":21601,"url":"https:\/\/blog.sub.uni-hamburg.de\/?p=21601","url_meta":{"origin":18287,"position":0},"title":"Jesuiten im fr\u00fchneuzeitlichen Hamburg (7.12.)","author":"Markus Trapp","date":"22-11-16","format":false,"excerpt":"Mittwoch, 7. Dezember 2016, 18 Uhr Ort: Vortragsraum, 1. Etage. Eintritt frei. Prof. Dr. Markus Friedrich: Geduldet, verhasst, erfolgreich \u2013 Jesuiten im fr\u00fchneuzeitlichen Hamburg Der Vortrag wird die Rolle und T\u00e4tigkeiten der Jesuiten im fr\u00fchneuzeitlichen Hamburg (und Altona) n\u00e4her beleuchten. Er wird Ankunft, Selbstverst\u00e4ndnis und Handlungsspielr\u00e4ume der Ordensm\u00e4nner im streng\u2026","rel":"","context":"In &quot;Ausstellungen und Veranstaltungen&quot;","block_context":{"text":"Ausstellungen und Veranstaltungen","link":"https:\/\/blog.sub.uni-hamburg.de\/?cat=9"},"img":{"alt_text":"Prof. Dr. Markus Friedrich","src":"https:\/\/i0.wp.com\/blog.sub.uni-hamburg.de\/wp-content\/uploads\/2016\/11\/markus_friedrich.jpg?resize=350%2C200&ssl=1","width":350,"height":200},"classes":[]},{"id":39099,"url":"https:\/\/blog.sub.uni-hamburg.de\/?p=39099","url_meta":{"origin":18287,"position":1},"title":"IndieStabi: WATT, STRAND UND MARSCH: WO WIR LEBEN. Ein Abend mit dem KJM Buchverlag (20.11.)","author":"Markus Trapp","date":"05-11-24","format":false,"excerpt":"Mittwoch, 20.11., 19 Uhr, Vortragsraum. Meeresforscher:innen und Sozialwissenschaftler:innen loten aus, wie Natur und Mensch in Norddeutschland miteinander oder gegeneinander arbeiten und welche neuen Herausforderungen unter den Bedingungen des Klimawandels gerade entstehen. Seit Jahrzehnten besch\u00e4ftigen sich Karsten Reise und Norbert Fischer mit dem Saum unserer Lebensr\u00e4ume, mit MARSCH, STRAND und WATT.\u2026","rel":"","context":"In &quot;Ausstellungen und Veranstaltungen&quot;","block_context":{"text":"Ausstellungen und Veranstaltungen","link":"https:\/\/blog.sub.uni-hamburg.de\/?cat=9"},"img":{"alt_text":"Karsten Reise \u00a9 Dennis_Williamson","src":"https:\/\/i0.wp.com\/blog.sub.uni-hamburg.de\/wp-content\/uploads\/2024\/11\/Karsten_Reise_%C2%A9_Dennis_Williamson.jpg?resize=350%2C200&ssl=1","width":350,"height":200},"classes":[]},{"id":1201,"url":"https:\/\/blog.sub.uni-hamburg.de\/?p=1201","url_meta":{"origin":18287,"position":2},"title":"Vortrag zu Lucas Holstenius (24.3., 19 Uhr)","author":"BP","date":"02-03-09","format":false,"excerpt":"\"Ein Hamburger Humanist im Rom des Barock - Lucas Holstenius (1596-1661)\", ein Vortrag von Dr. Hans-Walter Stork. Der Hamburger Lucas Holstenius machte im p\u00e4pstlichen Rom zur Zeit der P\u00e4pste Urban VIII. und Innozenz X. Karriere als Gelehrter, Diplomat und Bibliothekar. Selbst an griechischen Texten interessiert, vermachte er seiner Heimatstadt an\u2026","rel":"","context":"In &quot;Ausstellungen und Veranstaltungen&quot;","block_context":{"text":"Ausstellungen und Veranstaltungen","link":"https:\/\/blog.sub.uni-hamburg.de\/?cat=9"},"img":{"alt_text":"","src":"https:\/\/i0.wp.com\/blog.sub.uni-hamburg.de\/wp-content\/uploads\/2009\/02\/holstenius_blog.jpg?resize=350%2C200&ssl=1","width":350,"height":200},"classes":[]},{"id":1126,"url":"https:\/\/blog.sub.uni-hamburg.de\/?p=1126","url_meta":{"origin":18287,"position":3},"title":"Neuerscheinung im Verlag der Stabi: Zur j\u00fcdischen Geschichte des Grindelviertels","author":"Isabella Meinecke","date":"28-11-08","format":false,"excerpt":"Hamburg University Press ist der Verlag der Stabi. Alle hier publizierten Titel erscheinen in einer Onlineversion zum kostenfreien Lesen und Herunterladen (so genannter Open Access) sowie in einer hochwertigen Printversion, die direkt beim Verlag oder \u00fcber den Buchhandel erworben werden kann. Neu erschienen: Alissa Lange Das j\u00fcdische Altenhaus am Grindel\u2026","rel":"","context":"In &quot;Hamburg University Press&quot;","block_context":{"text":"Hamburg University Press","link":"https:\/\/blog.sub.uni-hamburg.de\/?cat=19"},"img":{"alt_text":"","src":"","width":0,"height":0},"classes":[]},{"id":18679,"url":"https:\/\/blog.sub.uni-hamburg.de\/?p=18679","url_meta":{"origin":18287,"position":4},"title":"Die Kirche, Jesus, Maria und der M\u00e1m (11.11.)","author":"Markus Trapp","date":"27-10-15","format":false,"excerpt":"Christian Br\u00fcckner und Dr. Lars Fr\u00fchsorge: Die Kirche, Jesus, Maria und der M\u00e1m. Glaube, Tod und Auferstehung in Santiago Atitl\u00e1n Die Semana Santa in Santiago Atitl\u00e1n ist mittlerweile eine der am meisten dokumentierten und gerade von ausl\u00e4ndischen Besuchern h\u00e4ufig besuchten Osterprozessionen in Mesoamerika. Anhand der katholisch gepr\u00e4gten Feierlichkeiten im guatemaltekischen\u2026","rel":"","context":"In &quot;Ausstellungen und Veranstaltungen&quot;","block_context":{"text":"Ausstellungen und Veranstaltungen","link":"https:\/\/blog.sub.uni-hamburg.de\/?cat=9"},"img":{"alt_text":"Santiago Atitl\u00e1n \u2013 Maxim\u00f3n","src":"https:\/\/i0.wp.com\/blog.sub.uni-hamburg.de\/wp-content\/uploads\/2015\/10\/maximon.jpg?resize=350%2C200&ssl=1","width":350,"height":200},"classes":[]},{"id":13686,"url":"https:\/\/blog.sub.uni-hamburg.de\/?p=13686","url_meta":{"origin":18287,"position":5},"title":"Arnold van Bruggen: The Sochi Project (13.2.)","author":"Markus Trapp","date":"28-01-14","format":false,"excerpt":"Arnold van Bruggen, Journalist\/Filmemacher: The Sochi Project Fast 5 Jahre haben die Niederl\u00e4nder Rob HornstraSehen Sie hier ein Video-Portr\u00e4t \u00fcber den Fotografen Rob Hornstra mit Fotos aus dem Sochi-Project auf Vimeo, Fotograf, und Arnold van Brugge, Journalist und Filmemacher, an dem \u201eSochi Project\u201c gearbeitet. Das Ziel? Die Auswirkungen der Winterolympiade\u2026","rel":"","context":"In &quot;Ausstellungen und Veranstaltungen&quot;","block_context":{"text":"Ausstellungen und Veranstaltungen","link":"https:\/\/blog.sub.uni-hamburg.de\/?cat=9"},"img":{"alt_text":"The Sochi Project","src":"https:\/\/i0.wp.com\/blog.sub.uni-hamburg.de\/wp-content\/uploads\/2014\/01\/sochi-project-kl.jpg?resize=350%2C200&ssl=1","width":350,"height":200,"srcset":"https:\/\/i0.wp.com\/blog.sub.uni-hamburg.de\/wp-content\/uploads\/2014\/01\/sochi-project-kl.jpg?resize=350%2C200&ssl=1 1x, https:\/\/i0.wp.com\/blog.sub.uni-hamburg.de\/wp-content\/uploads\/2014\/01\/sochi-project-kl.jpg?resize=525%2C300&ssl=1 1.5x"},"classes":[]}],"jetpack_sharing_enabled":true,"_links":{"self":[{"href":"https:\/\/blog.sub.uni-hamburg.de\/index.php?rest_route=\/wp\/v2\/posts\/18287","targetHints":{"allow":["GET"]}}],"collection":[{"href":"https:\/\/blog.sub.uni-hamburg.de\/index.php?rest_route=\/wp\/v2\/posts"}],"about":[{"href":"https:\/\/blog.sub.uni-hamburg.de\/index.php?rest_route=\/wp\/v2\/types\/post"}],"author":[{"embeddable":true,"href":"https:\/\/blog.sub.uni-hamburg.de\/index.php?rest_route=\/wp\/v2\/users\/19"}],"replies":[{"embeddable":true,"href":"https:\/\/blog.sub.uni-hamburg.de\/index.php?rest_route=%2Fwp%2Fv2%2Fcomments&post=18287"}],"version-history":[{"count":4,"href":"https:\/\/blog.sub.uni-hamburg.de\/index.php?rest_route=\/wp\/v2\/posts\/18287\/revisions"}],"predecessor-version":[{"id":18292,"href":"https:\/\/blog.sub.uni-hamburg.de\/index.php?rest_route=\/wp\/v2\/posts\/18287\/revisions\/18292"}],"wp:attachment":[{"href":"https:\/\/blog.sub.uni-hamburg.de\/index.php?rest_route=%2Fwp%2Fv2%2Fmedia&parent=18287"}],"wp:term":[{"taxonomy":"category","embeddable":true,"href":"https:\/\/blog.sub.uni-hamburg.de\/index.php?rest_route=%2Fwp%2Fv2%2Fcategories&post=18287"},{"taxonomy":"post_tag","embeddable":true,"href":"https:\/\/blog.sub.uni-hamburg.de\/index.php?rest_route=%2Fwp%2Fv2%2Ftags&post=18287"}],"curies":[{"name":"wp","href":"https:\/\/api.w.org\/{rel}","templated":true}]}}