{"id":18232,"date":"2015-08-13T10:46:18","date_gmt":"2015-08-13T08:46:18","guid":{"rendered":"http:\/\/blog.sub.uni-hamburg.de\/?p=18232"},"modified":"2015-10-26T12:48:34","modified_gmt":"2015-10-26T11:48:34","slug":"50-jahre-wagenbach-der-unabhaengige-verlag-fuer-wilde-leser-4-9-25-10","status":"publish","type":"post","link":"https:\/\/blog.sub.uni-hamburg.de\/?p=18232","title":{"rendered":"50 Jahre Wagenbach &#8211; Der unabh\u00e4ngige Verlag f\u00fcr wilde Leser (4.9.-25.10.)"},"content":{"rendered":"<p><a href=\"https:\/\/blog.sub.uni-hamburg.de\/wp-content\/uploads\/2015\/08\/Wagenbach-Plakat-gr.jpg\"><img loading=\"lazy\" decoding=\"async\" src=\"https:\/\/blog.sub.uni-hamburg.de\/wp-content\/uploads\/2015\/08\/Wagenbach-Plakat.jpg\" alt=\"50 Jahre Wagenbach - Der unabh\u00e4ngige Verlag f\u00fcr wilde Leser, Plakat\" title=\"50 Jahre Wagenbach - Der unabh\u00e4ngige Verlag f\u00fcr wilde Leser, Plakat\" width=\"350\" height=\"494\" style=\"float: left; padding-left:0px; margin-right:25px; margin-bottom:25px;\" \/><\/a><\/p>\n<p>Der Verlag, gegr\u00fcndet 1964, ver\u00f6ffentlicht B\u00fccher aus \u00dcberzeugung und Vergn\u00fcgen, mit Sorgfalt und Ernsthaftigkeit.<\/p>\n<p>Die Geschichte des Verlags ist wechselhaft: Zun\u00e4chst als Ost-West-Verlag von Klaus Wagenbach in Berlin gegr\u00fcndet, erh\u00e4lt er bald Lizenzverbot seitens der DDR und wird dann der Verlag der Studentenbewegung, insbesondere der Au\u00dferparlamentarischen Opposition.<\/p>\n<p>Trotzdem bleibt er immer literarisch, mit einer starken Vorliebe f\u00fcr Italien und ist seit den 80er Jahren der Verlag f\u00fcr italienische Literatur und Kunst. Gleichzeitig baut der Verlag ein breites kultur- und kunstgeschichtliches Programm auf. Seit seiner Gr\u00fcndung der Schwarzen Kunst verschrieben, beginnen die Leser den Verlag unter anderem mit der Reihe SALTO als den \u201eVerlag der sch\u00f6nen B\u00fccher\u201c zu betrachten.<\/p>\n<p>2002 \u00fcbernimmt Susanne Sch\u00fcssler die Leitung des Verlags. Der in den 90er Jahren eingeleiteten Internationalisierung des Programms mit Schwerpunkt auf den romanischen Sprachen folgt eine Ausweitung des Blicks auf die beiden Amerikas und Afrika.<\/p>\n<p>Heute erscheinen Neuentdeckungen italienischer, spanisch-, franz\u00f6sisch-, englisch- und deutschsprachiger Autoren, Klassiker des 20. Jahrhunderts, Kunst- und Kulturgeschichte sowie Politik.<\/p>\n<p>Die Ausstellung spiegelt 50 Jahre Verlags- und Zeitgeschichte. Sie zeigt mehr als 200 Exponate: Briefe (freundliche und entschiedene), Postkarten (nicht nur von Autoren und Lesern), Notizzettel (mit verzweifelten Berechnungen), Manuskripte (manchmal kaum lesbar, weil so stark redigiert), Gerichtsschreiben (mit dem ganzen Elend der 70er Jahre), Werbeprospekte (50 Jahre Gestaltung), Schallplatten und nat\u00fcrlich B\u00fccher zum Anfassen, Riechen und Bl\u00e4ttern.<br \/>\n<!--more--><\/p>\n<p>Und au\u00dferdem jede Menge Karnickel (Wappentier der Taschenb\u00fccher) und Zwiebeln (vielschichtig und unverw\u00fcstlich).<\/p>\n<p><strong>Dauer der Ausstellung: 4. September bis 25. Oktober 2015<br \/>\nF\u00fchrungen: 16.9.2015, 11 Uhr, und 21.10.2015, 17 Uhr.<br \/>\nOrt: Ausstellungsraum, Erdgeschoss, Eintritt frei.<\/strong><\/p>\n<p><a href=\"https:\/\/blog.sub.uni-hamburg.de\/wp-content\/uploads\/2015\/08\/Susanne_Schuessler-gr.jpg\"><img loading=\"lazy\" decoding=\"async\" src=\"https:\/\/blog.sub.uni-hamburg.de\/wp-content\/uploads\/2015\/08\/Susanne_Schuessler.jpg\" alt=\"Susanne Schuessler\" title=\"Susanne Schuessler\" width=\"350\" height=\"272\" style=\"float: right; padding-right:0px; padding-top:0px; margin-left:25px; margin-bottom:15px;\"  \/><\/a> <strong>Donnerstag, 3. September 2015, 19 Uhr: Er\u00f6ffnung der Ausstellung<\/strong> <\/p>\n<p>\u201e50 Jahre Wagenbach \u2013 Der unabh\u00e4ngige Verlag f\u00fcr wilde Leser<br \/>\nMit Susanne Sch\u00fcssler, Verlegerin: <strong>\u201eWie \u00fcberlebt man gute B\u00fccher?\u201c<\/strong><\/p>\n<p>Susanne Sch\u00fcssler, die den Verlag seit 2002 leitet, verr\u00e4t, wie man Autoren entdeckt oder an Klassiker der Moderne erinnert und junge Leser \u00fcberrascht, oder warum es sich lohnt, unabh\u00e4ngigen Quer-K\u00f6pfen Raum f\u00fcr neue Gedanken geben. Sie berichtet aus dem Lektorat, wo \u00fcber Literatur, Sachb\u00fccher zu Geschichte, Kunst- und Kulturgeschichte sowie Politik diskutiert, manchmal gestritten wird. Und sie erkl\u00e4rt, was es mit dem Konsenslektorat und der ber\u00fchmten \u00bbHerzklausel\u00ab auf sich hat. Und nat\u00fcrlich, warum B\u00fccher sch\u00f6n sein sollen.<\/p>\n<p>Ort: Vortragsraum, 1. Etage, Eintritt frei.<br \/>\nU.A.w.g. bis zum 25.8.2015 an <a href=\"mailto:presse@wagenbach.de\">presse@wagenbach.de<\/a><\/p>\n<p><em>Foto Susanne Sch\u00fcssler von <a rel=\"nofollow\" class=\"external text\" href=\"https:\/\/www.flickr.com\/people\/95213174@N08\">blu-news.org<\/a> &#8211; <a rel=\"nofollow\" class=\"external text\" href=\"https:\/\/www.flickr.com\/photos\/95213174@N08\/15304296887\/\">Susanne Sch\u00fcssler<\/a> (bearbeitet). Lizenziert unter <a title=\"Creative Commons Attribution-Share Alike 2.0\" href=\"http:\/\/creativecommons.org\/licenses\/by-sa\/2.0\">CC BY-SA 2.0<\/a> \u00fcber <a href=\"https:\/\/commons.wikimedia.org\/wiki\/\">Wikimedia Commons<\/a>.<\/em><\/p>\n<p><strong>Update 3.9.2015:<\/strong> Im <a href=\"https:\/\/plus.google.com\/b\/106836182823490661364\/+stabihamburg\/posts\/8eSHqdu2xbv\">Fotoalbum auf Google+<\/a> sehen Sie ein paar Impressionen von der Ausstellung:<\/p>\n<p><a href=\"https:\/\/plus.google.com\/b\/106836182823490661364\/+stabihamburg\/posts\/8eSHqdu2xbv\"><img loading=\"lazy\" decoding=\"async\" src=\"https:\/\/blog.sub.uni-hamburg.de\/wp-content\/uploads\/2015\/08\/wagenbach-ausstellungsraum.jpg\" alt=\"wagenbach-ausstellungsraum\" width=\"505\" height=\"379\" style=\"float: none;\" \/><\/a><\/p>\n<p><strong>Update 10.9.2015:<\/strong> Zur Ausstellungser\u00f6ffnung hat NDR 90,3 ein Interview mit Susanne Sch\u00fcssler gef\u00fchrt, das Sie auf der Website des Senders <a href=\"https:\/\/www.ndr.de\/903\/sendungen\/abendjournal\/50-Jahre-Verlag-Klaus-Wagenbach,audio254946.html\">nachh\u00f6ren<\/a> k\u00f6nnen (Dauer 3 min 35): <\/p>\n<blockquote><p>Eine Ausstellung in der Staatsbibliothek erz\u00e4hlt die aufregende Geschichte von den Anf\u00e4ngen als Ost-West-Verlag \u00fcber die Studentenbewegung bis zur Gegenwart mit Italien-Schwerpunkt. <\/p><\/blockquote>\n<p>NDR.de: \u00ab<a href=\"http:\/\/www.ndr.de\/kultur\/kunst\/hamburg\/Buechermachen-mit-Herzklausel,wagenbach106.html\">50 Jahre Verlag Klaus Wagenbach<\/a>\u00bb.<\/p>\n","protected":false},"excerpt":{"rendered":"<p>Der Verlag, gegr\u00fcndet 1964, ver\u00f6ffentlicht B\u00fccher aus \u00dcberzeugung und Vergn\u00fcgen, mit Sorgfalt und Ernsthaftigkeit. Die Geschichte des Verlags ist wechselhaft: Zun\u00e4chst als Ost-West-Verlag von Klaus Wagenbach in Berlin gegr\u00fcndet, erh\u00e4lt er bald Lizenzverbot seitens der DDR und wird dann der Verlag der Studentenbewegung, insbesondere der Au\u00dferparlamentarischen Opposition. Trotzdem bleibt er immer literarisch, mit einer starken [&hellip;]<\/p>\n","protected":false},"author":19,"featured_media":0,"comment_status":"open","ping_status":"open","sticky":false,"template":"","format":"standard","meta":{"jetpack_post_was_ever_published":false,"_jetpack_newsletter_access":"","_jetpack_dont_email_post_to_subs":false,"_jetpack_newsletter_tier_id":0,"_jetpack_memberships_contains_paywalled_content":false,"_jetpack_memberships_contains_paid_content":false,"footnotes":"","jetpack_publicize_message":"","jetpack_publicize_feature_enabled":true,"jetpack_social_post_already_shared":true,"jetpack_social_options":{"image_generator_settings":{"template":"highway","default_image_id":0,"font":"","enabled":false},"version":2}},"categories":[9],"tags":[],"class_list":["post-18232","post","type-post","status-publish","format-standard","hentry","category-ausstellungen"],"views":7562,"jetpack_publicize_connections":[],"jetpack_featured_media_url":"","jetpack_shortlink":"https:\/\/wp.me\/p7hfNR-4K4","jetpack-related-posts":[{"id":918,"url":"https:\/\/blog.sub.uni-hamburg.de\/?p=918","url_meta":{"origin":18232,"position":0},"title":"6. Arbeitstreffen der Arbeitsgemeinschaft der Universit\u00e4tsverlage vom 17.\u201318.4.2008 in der Stabi","author":"Isabella Meinecke","date":"07-04-08","format":false,"excerpt":"Stand der AG Univerlage auf der Frankfurter Buchmesse 2007 Foto: Gabriele Gro\u00df (Graz) Vom 17. bis 18. April 2008 findet an der Stabi das Treffen der Arbeitsgemeinschaft der Universit\u00e4tsverlage statt. Es ist die 6. Zusammenkunft dieser Art seit der Gr\u00fcndung der Arbeitsgemeinschaft im Jahre 2005. Der Arbeitsgemeinschaft der Universit\u00e4tsverlage geh\u00f6ren\u2026","rel":"","context":"In &quot;Ausstellungen und Veranstaltungen&quot;","block_context":{"text":"Ausstellungen und Veranstaltungen","link":"https:\/\/blog.sub.uni-hamburg.de\/?cat=9"},"img":{"alt_text":"","src":"","width":0,"height":0},"classes":[]},{"id":4989,"url":"https:\/\/blog.sub.uni-hamburg.de\/?p=4989","url_meta":{"origin":18232,"position":1},"title":"Neu im Stabi-Verlag: Blohm, Beit und Bach \u2013 Hamburger M\u00e4zene","author":"Isabella Meinecke","date":"20-05-11","format":false,"excerpt":"Alle Publikationen von Hamburg University Press, dem Stabi-Verlag, sind online frei verf\u00fcgbar (so genannter Open Access). Auch die folgenden Titel k\u00f6nnen Sie auf den Webseiten des Verlags ansehen und herunterladen und zus\u00e4tzlich im Print direkt beim Verlag bestellen. Aus der Reihe M\u00c4ZENE F\u00dcR WISSENSCHAFT der Hamburgischen Wissenschaftlichen Stiftung Hans Joachim\u2026","rel":"","context":"In &quot;Aktuelles&quot;","block_context":{"text":"Aktuelles","link":"https:\/\/blog.sub.uni-hamburg.de\/?cat=1"},"img":{"alt_text":"","src":"https:\/\/i0.wp.com\/blog.sub.uni-hamburg.de\/wp-content\/uploads\/2011\/05\/Blohm_front.jpg?resize=350%2C200&ssl=1","width":350,"height":200},"classes":[]},{"id":34673,"url":"https:\/\/blog.sub.uni-hamburg.de\/?p=34673","url_meta":{"origin":18232,"position":2},"title":"Indie Stabi: Figur&#038;Kontext. Ein Abend mit Rainer Ehrt und dem Verlag Angeli &#038; Engel (16.11.)","author":"Markus Trapp","date":"02-11-22","format":false,"excerpt":"Mittwoch, 16.11., 19 Uhr, Vortragsraum. Der Verlag Angeli & Engel, der sch\u00f6n ausgestattete Kunstb\u00fccher herausbringt, wurde 2021 von dem Antiquar Rudolf Angeli und dem Schriftsteller Peter Engel gegr\u00fcndet. Er entstand aus dem Rundbrief \u201eDer Hamburger Bothe\u201c f\u00fcr Mitglieder der Pirckheimer-Gesellschaft. Der Verlag, dessen B\u00fccher an der Schnittstelle zwischen Text und\u2026","rel":"","context":"In &quot;Ausstellungen und Veranstaltungen&quot;","block_context":{"text":"Ausstellungen und Veranstaltungen","link":"https:\/\/blog.sub.uni-hamburg.de\/?cat=9"},"img":{"alt_text":"'Figur & Kontext' von Rainer Ehrt","src":"https:\/\/i0.wp.com\/blog.sub.uni-hamburg.de\/wp-content\/uploads\/2022\/11\/11_16-Indie-Stabi-Umschlag-Ehrt-Buch.jpg?resize=350%2C200&ssl=1","width":350,"height":200},"classes":[]},{"id":2837,"url":"https:\/\/blog.sub.uni-hamburg.de\/?p=2837","url_meta":{"origin":18232,"position":3},"title":"Portr\u00e4t Felix Meiner Verlag von DW TV","author":"Markus Trapp","date":"12-08-10","format":false,"excerpt":"Direktlink YouTube Der Felix Meiner Verlag wurde 1911 in Leipzig gegr\u00fcndet und ist seit 1951 in Hamburg ans\u00e4ssig. N\u00e4chstes Jahr feiert das Familienunternehmen sein hundertj\u00e4hriges Bestehen. Verlagschef Manfred Meiner (geb. 1952) leitet es in dritter Generation. Die Philosophie bildet den fachlichen Schwerpunkt des wissenschaftlichen Verlages. Die Philosophische Bibliothek ist dessen\u2026","rel":"","context":"In &quot;Aufgelesen&quot;","block_context":{"text":"Aufgelesen","link":"https:\/\/blog.sub.uni-hamburg.de\/?cat=18"},"img":{"alt_text":"","src":"","width":0,"height":0},"classes":[]},{"id":35005,"url":"https:\/\/blog.sub.uni-hamburg.de\/?p=35005","url_meta":{"origin":18232,"position":4},"title":"IndieStabi: Architektur und Gemeinschaft. Ein Abend mit dem Schaff-Verlag (18.1.)","author":"Markus Trapp","date":"03-01-23","format":false,"excerpt":"Mittwoch, 18.1., 19 Uhr, Konferenzraum (2. Etage). Das Engagement des 2012 gegr\u00fcndeten Schaff-Verlags zielt (neben der Kunst-) auf die Architekturvermittlung \u2013 die Wahrnehmung unserer gebauten Umwelt. Architektur kommuniziert Geschichte und Identit\u00e4t. Sie pr\u00e4gt Gemeinschaft. Sie bestimmt die Wahrnehmung unserer Aufenthaltsorte, die einer immer rasanteren Ver\u00e4nderung unterworfen sind. Ihrem Verst\u00e4ndnis kommt\u2026","rel":"","context":"In &quot;Ausstellungen und Veranstaltungen&quot;","block_context":{"text":"Ausstellungen und Veranstaltungen","link":"https:\/\/blog.sub.uni-hamburg.de\/?cat=9"},"img":{"alt_text":"","src":"https:\/\/i0.wp.com\/blog.sub.uni-hamburg.de\/wp-content\/uploads\/2022\/12\/schaff1.jpg?resize=350%2C200&ssl=1","width":350,"height":200,"srcset":"https:\/\/i0.wp.com\/blog.sub.uni-hamburg.de\/wp-content\/uploads\/2022\/12\/schaff1.jpg?resize=350%2C200&ssl=1 1x, https:\/\/i0.wp.com\/blog.sub.uni-hamburg.de\/wp-content\/uploads\/2022\/12\/schaff1.jpg?resize=525%2C300&ssl=1 1.5x"},"classes":[]},{"id":3182,"url":"https:\/\/blog.sub.uni-hamburg.de\/?p=3182","url_meta":{"origin":18232,"position":5},"title":"Stabi-Verlag auf der Frankfurter Buchmesse","author":"Markus Trapp","date":"04-10-10","format":false,"excerpt":"Die Stabi ist in diesem Jahr auch wieder auf der Frankfurter Buchmesse (6.-10. Oktober 2010) vertreten. Die Mitglieder der Arbeitsgemeinschaft der Universit\u00e4tsverlage, zu denen auch der Stabi-Verlag geh\u00f6rt, pr\u00e4sentieren eine Vielzahl neuer Titel und Projekte. Auf dem Gemeinschaftsstand \u201cEurop\u00e4ische Universit\u00e4tsverlage\u201d stellen die AG-Mitglieder gemeinsam mit italienischen und franz\u00f6sischen Universit\u00e4tsverlagen ihre\u2026","rel":"","context":"In &quot;Aktuelles&quot;","block_context":{"text":"Aktuelles","link":"https:\/\/blog.sub.uni-hamburg.de\/?cat=1"},"img":{"alt_text":"Frankfurter Buchmesse","src":"https:\/\/i0.wp.com\/blog.sub.uni-hamburg.de\/wp-content\/uploads\/2010\/10\/buchmesse-fr.jpg?resize=350%2C200&ssl=1","width":350,"height":200},"classes":[]}],"jetpack_sharing_enabled":true,"_links":{"self":[{"href":"https:\/\/blog.sub.uni-hamburg.de\/index.php?rest_route=\/wp\/v2\/posts\/18232","targetHints":{"allow":["GET"]}}],"collection":[{"href":"https:\/\/blog.sub.uni-hamburg.de\/index.php?rest_route=\/wp\/v2\/posts"}],"about":[{"href":"https:\/\/blog.sub.uni-hamburg.de\/index.php?rest_route=\/wp\/v2\/types\/post"}],"author":[{"embeddable":true,"href":"https:\/\/blog.sub.uni-hamburg.de\/index.php?rest_route=\/wp\/v2\/users\/19"}],"replies":[{"embeddable":true,"href":"https:\/\/blog.sub.uni-hamburg.de\/index.php?rest_route=%2Fwp%2Fv2%2Fcomments&post=18232"}],"version-history":[{"count":11,"href":"https:\/\/blog.sub.uni-hamburg.de\/index.php?rest_route=\/wp\/v2\/posts\/18232\/revisions"}],"predecessor-version":[{"id":18339,"href":"https:\/\/blog.sub.uni-hamburg.de\/index.php?rest_route=\/wp\/v2\/posts\/18232\/revisions\/18339"}],"wp:attachment":[{"href":"https:\/\/blog.sub.uni-hamburg.de\/index.php?rest_route=%2Fwp%2Fv2%2Fmedia&parent=18232"}],"wp:term":[{"taxonomy":"category","embeddable":true,"href":"https:\/\/blog.sub.uni-hamburg.de\/index.php?rest_route=%2Fwp%2Fv2%2Fcategories&post=18232"},{"taxonomy":"post_tag","embeddable":true,"href":"https:\/\/blog.sub.uni-hamburg.de\/index.php?rest_route=%2Fwp%2Fv2%2Ftags&post=18232"}],"curies":[{"name":"wp","href":"https:\/\/api.w.org\/{rel}","templated":true}]}}