{"id":18216,"date":"2015-08-10T11:45:33","date_gmt":"2015-08-10T09:45:33","guid":{"rendered":"http:\/\/blog.sub.uni-hamburg.de\/?p=18216"},"modified":"2016-08-24T16:51:26","modified_gmt":"2016-08-24T14:51:26","slug":"i24-zu-provenienzforschung-an-deutschen-bibliotheken","status":"publish","type":"post","link":"https:\/\/blog.sub.uni-hamburg.de\/?p=18216","title":{"rendered":"i24 zu Provenienzforschung an deutschen Bibliotheken"},"content":{"rendered":"<p>Auf der israelischen Newsseite \u00ab<em>i24<\/em>\u00bb, die zum gleichnamigen Fernsehsender geh\u00f6rt, ist ein Artikel zu Provenienzforschung an deutschen Bibliotheken erschienen. Die Journalistin <a href=\"https:\/\/twitter.com\/polina_garaev\">Polina Garaev<\/a> hatte dazu auch die <a href=\"http:\/\/www.sub.uni-hamburg.de\/bibliotheken\/sammlungen\/ns-raubgut\/die-arbeitsstelle.html\">Arbeitsstelle f\u00fcr Provenienzforschung<\/a> an der Stabi besucht. <\/p>\n<p><a href=\"http:\/\/www.i24news.tv\/en\/news\/international\/europe\/80492-150801-mission-impossible-german-libraries-try-to-return-nazi-looted-books\"><img loading=\"lazy\" decoding=\"async\" src=\"https:\/\/blog.sub.uni-hamburg.de\/wp-content\/uploads\/2015\/08\/restitution-i24.jpg\" alt=\"Artikel \u00fcber Restitution auf i24\" title=\"Artikel \u00fcber Restitution auf i24 width=\"550\" height=\"480\" style=\"float: none;\" \/><\/a><\/p>\n<blockquote><p>In fact, in most of the major libraries across Germany, one can find books which were taken by the Nazis, but port cities such as Hamburg, have particularly extensive collections. \u201cAll books that came to the library between 1933 and 1945 are somewhat under suspicion,\u201d admitted Dr. Anna von Villiez of the university&#8217;s library, \u201cespecially those which were donated to us by the Gestapo, according to the old ledgers, which luckily survived the war.\u201d<\/p><\/blockquote>\n<p>Lesen Sie hier den englischsprachigen Artikel:<\/p>\n<p>\u00ab<a href=\"http:\/\/www.i24news.tv\/en\/news\/international\/europe\/80492-150801-mission-impossible-german-libraries-try-to-return-nazi-looted-books\">Mission impossible: German libraries try to return Nazi-looted books<\/a>\u00bb<\/p>\n","protected":false},"excerpt":{"rendered":"<p>Auf der israelischen Newsseite \u00abi24\u00bb, die zum gleichnamigen Fernsehsender geh\u00f6rt, ist ein Artikel zu Provenienzforschung an deutschen Bibliotheken erschienen. Die Journalistin Polina Garaev hatte dazu auch die Arbeitsstelle f\u00fcr Provenienzforschung an der Stabi besucht.<\/p>\n","protected":false},"author":19,"featured_media":0,"comment_status":"open","ping_status":"open","sticky":false,"template":"","format":"standard","meta":{"jetpack_post_was_ever_published":false,"_jetpack_newsletter_access":"","_jetpack_dont_email_post_to_subs":false,"_jetpack_newsletter_tier_id":0,"_jetpack_memberships_contains_paywalled_content":false,"_jetpack_memberships_contains_paid_content":false,"footnotes":"","jetpack_publicize_message":"","jetpack_publicize_feature_enabled":true,"jetpack_social_post_already_shared":true,"jetpack_social_options":{"image_generator_settings":{"template":"highway","default_image_id":0,"font":"","enabled":false},"version":2}},"categories":[18,14],"tags":[102],"class_list":["post-18216","post","type-post","status-publish","format-standard","hentry","category-aufgelesen","category-medienecho","tag-nsraubgut"],"views":5764,"jetpack_publicize_connections":[],"jetpack_featured_media_url":"","jetpack_shortlink":"https:\/\/wp.me\/p7hfNR-4JO","jetpack-related-posts":[{"id":28413,"url":"https:\/\/blog.sub.uni-hamburg.de\/?p=28413","url_meta":{"origin":18216,"position":0},"title":"12. Treffen AK Provenienzforschung und Restitution Bibliotheken","author":"Redaktion","date":"29-11-19","format":false,"excerpt":"Von Anneke de Rudder. Hamburg, 27.-29.11.2019. 2014 trafen sich \u00f6sterreichische und deutsche Provenienzforscher*innen aus Bibliotheken zum ersten Mal in Hamburg und gr\u00fcndeten den Arbeitskreis \u201eProvenienzforschung und Restitution Bibliotheken\u201c. Seitdem trifft sich der Kreis regelm\u00e4\u00dfig zum Erfahrungsaustausch \u00fcber die Suche nach B\u00fcchern, die sich zu Unrecht im Besitz \u00f6ffentlicher Bibliotheken befinden.\u2026","rel":"","context":"In &quot;Aktuelles&quot;","block_context":{"text":"Aktuelles","link":"https:\/\/blog.sub.uni-hamburg.de\/?cat=1"},"img":{"alt_text":"","src":"https:\/\/i0.wp.com\/blog.sub.uni-hamburg.de\/wp-content\/uploads\/2019\/11\/ak-provenienzforschung-subhh-2019.jpg?resize=350%2C200&ssl=1","width":350,"height":200,"srcset":"https:\/\/i0.wp.com\/blog.sub.uni-hamburg.de\/wp-content\/uploads\/2019\/11\/ak-provenienzforschung-subhh-2019.jpg?resize=350%2C200&ssl=1 1x, https:\/\/i0.wp.com\/blog.sub.uni-hamburg.de\/wp-content\/uploads\/2019\/11\/ak-provenienzforschung-subhh-2019.jpg?resize=525%2C300&ssl=1 1.5x"},"classes":[]},{"id":32962,"url":"https:\/\/blog.sub.uni-hamburg.de\/?p=32962","url_meta":{"origin":18216,"position":1},"title":"\u201eEine \u00e4u\u00dferst willkommene Abrundung\u2026\u201c \u2013 zum 3. Tag der Provenienzforschung am 13. April 2022","author":"Redaktion","date":"13-04-22","format":false,"excerpt":"Von der Arbeitsstelle Provenienzforschung \u2013 NS-Raubgut. Am 13. April 2022 ist wieder Tag der Provenienzforschung, und die Stabi ist erneut dabei. Dieses Jahr mit einer von Anneke de Rudder erarbeiteten Online-Pr\u00e4sentation der Arbeitsstelle Provenienzforschung - NS-Raubgut zu den Briefen aus der Sammlung Heinrich Spiero. Sie zeigt, wie Teile der bedeutenden\u2026","rel":"","context":"In &quot;Ausstellungen und Veranstaltungen&quot;","block_context":{"text":"Ausstellungen und Veranstaltungen","link":"https:\/\/blog.sub.uni-hamburg.de\/?cat=9"},"img":{"alt_text":"Tag der Provenienzforschung","src":"https:\/\/i0.wp.com\/blog.sub.uni-hamburg.de\/wp-content\/uploads\/2022\/04\/Logo_TagDerProvenienzforschung.jpg?resize=350%2C200&ssl=1","width":350,"height":200,"srcset":"https:\/\/i0.wp.com\/blog.sub.uni-hamburg.de\/wp-content\/uploads\/2022\/04\/Logo_TagDerProvenienzforschung.jpg?resize=350%2C200&ssl=1 1x, https:\/\/i0.wp.com\/blog.sub.uni-hamburg.de\/wp-content\/uploads\/2022\/04\/Logo_TagDerProvenienzforschung.jpg?resize=525%2C300&ssl=1 1.5x"},"classes":[]},{"id":25417,"url":"https:\/\/blog.sub.uni-hamburg.de\/?p=25417","url_meta":{"origin":18216,"position":2},"title":"Neues Forschungsprojekt der Arbeitsstelle Provenienzforschung","author":"Redaktion","date":"06-08-18","format":false,"excerpt":"Von Anneke de Rudder. Seit dem 1. August 2018 gibt es ein neues Drittmittelprojekt zur Provenienzforschung: \u201eNS-Raubgut in den Sondersammlungen der Staats- und Universit\u00e4tsbibliothek Hamburg Carl von Ossietzky\u201c. Es wird gef\u00f6rdert vom Deutschen Zentrum Kulturgutverluste (DZK), das Bibliotheken und Museen dabei unterst\u00fctzt, ihre Sammlungen auf NS-Raubgut hin zu \u00fcberpr\u00fcfen. Schon\u2026","rel":"","context":"In &quot;Aktuelles&quot;","block_context":{"text":"Aktuelles","link":"https:\/\/blog.sub.uni-hamburg.de\/?cat=1"},"img":{"alt_text":"Deutsches Zentrum Kulturgutverluste (DZK)","src":"https:\/\/i0.wp.com\/blog.sub.uni-hamburg.de\/wp-content\/uploads\/2018\/08\/dzk-400.jpg?resize=350%2C200&ssl=1","width":350,"height":200},"classes":[]},{"id":31696,"url":"https:\/\/blog.sub.uni-hamburg.de\/?p=31696","url_meta":{"origin":18216,"position":3},"title":"Studentische Hilfskraft f\u00fcr die Arbeitsstelle Provenienzforschung \u2013 NS-Raubgut","author":"Markus Trapp","date":"06-08-21","format":false,"excerpt":"In der Staats- und Universit\u00e4tsbibliothek Hamburg wird zum 01.11.2021 gesucht: Studentische Hilfskraft (20 Std.\/Monat, 10,91\u20ac\/Std.) zur Mitarbeit im Team der Arbeitsstelle Provenienzforschung \u2013 NS-Raubgut. Auf den verschiedensten Wegen, z.B. \u00fcber die Gestapo Hamburg, gelangten in der Zeit von 1933 - 1945 B\u00fccher, aber auch andere Sammlungsobjekte von Verfolgten des Naziregimes\u2026","rel":"","context":"In &quot;Aktuelles&quot;","block_context":{"text":"Aktuelles","link":"https:\/\/blog.sub.uni-hamburg.de\/?cat=1"},"img":{"alt_text":"Logo Stabi Hamburg","src":"https:\/\/i0.wp.com\/blog.sub.uni-hamburg.de\/wp-content\/uploads\/2014\/07\/stabilogo-150.jpg?resize=350%2C200&ssl=1","width":350,"height":200},"classes":[]},{"id":42228,"url":"https:\/\/blog.sub.uni-hamburg.de\/?p=42228","url_meta":{"origin":18216,"position":4},"title":"Was die Zugangsb\u00fccher erz\u00e4hlen: Ausgew\u00e4hlte Quellen zur Provenienzforschung (13.4.)","author":"Redaktion","date":"01-04-26","format":false,"excerpt":"Von der Arbeitsstelle Provenienzforschung \u2013 NS-Raubgut. Montag, 13. April 2026, 15:30 Uhr, Carl-von-Ossietzky-Forum. Update: Impressionen der Veranstaltung finden Sie am Ende des Artikels. Ein Werkstattbesuch in unserer Arbeitsstelle Provenienzforschung \u2013 das ist der diesj\u00e4hrige Beitrag der Stabi zum Internationalen Tag der Provenienzforschung 2026 am 8. April. Am Montag, den 13.\u2026","rel":"","context":"In &quot;Ausstellungen und Veranstaltungen&quot;","block_context":{"text":"Ausstellungen und Veranstaltungen","link":"https:\/\/blog.sub.uni-hamburg.de\/?cat=9"},"img":{"alt_text":"","src":"https:\/\/i0.wp.com\/blog.sub.uni-hamburg.de\/wp-content\/uploads\/2026\/03\/5-Otto-Elias-Exlibris-150x141.jpg?resize=350%2C200&ssl=1","width":350,"height":200,"srcset":"https:\/\/i0.wp.com\/blog.sub.uni-hamburg.de\/wp-content\/uploads\/2026\/03\/5-Otto-Elias-Exlibris-150x141.jpg?resize=350%2C200&ssl=1 1x, https:\/\/i0.wp.com\/blog.sub.uni-hamburg.de\/wp-content\/uploads\/2026\/03\/5-Otto-Elias-Exlibris-150x141.jpg?resize=525%2C300&ssl=1 1.5x, https:\/\/i0.wp.com\/blog.sub.uni-hamburg.de\/wp-content\/uploads\/2026\/03\/5-Otto-Elias-Exlibris-150x141.jpg?resize=700%2C400&ssl=1 2x, https:\/\/i0.wp.com\/blog.sub.uni-hamburg.de\/wp-content\/uploads\/2026\/03\/5-Otto-Elias-Exlibris-150x141.jpg?resize=1050%2C600&ssl=1 3x"},"classes":[]},{"id":37783,"url":"https:\/\/blog.sub.uni-hamburg.de\/?p=37783","url_meta":{"origin":18216,"position":5},"title":"Info-Stand der Arbeitsstelle NS-Raubgut zum Tag der Provenienzforschung (10.4.)","author":"Markus Trapp","date":"25-03-24","format":false,"excerpt":"Mittwoch, 10.4., 14 bis 16 Uhr, im Foyer der Stabi. Was bedeutet Provenienzforschung, also die Suche nach der Herkunft von Kulturg\u00fctern \u2013 sei es in der Bibliothek oder in Privathaushalten? Ist ein altes Buch in meinem B\u00fccherschrank vielleicht gar kein Familienerbst\u00fcck, sondern NS-Raubgut aus dem Eigentum von Verfolgten? Zum \u201eTag\u2026","rel":"","context":"In &quot;Ausstellungen und Veranstaltungen&quot;","block_context":{"text":"Ausstellungen und Veranstaltungen","link":"https:\/\/blog.sub.uni-hamburg.de\/?cat=9"},"img":{"alt_text":"Info-Stand der Arbeitsstelle NS-Raubgut zum Tag der Provenienzforschung","src":"https:\/\/i0.wp.com\/blog.sub.uni-hamburg.de\/wp-content\/uploads\/2024\/03\/flyer-as-nsraubgut-s1-282x300.jpg?resize=350%2C200&ssl=1","width":350,"height":200},"classes":[]}],"jetpack_sharing_enabled":true,"_links":{"self":[{"href":"https:\/\/blog.sub.uni-hamburg.de\/index.php?rest_route=\/wp\/v2\/posts\/18216","targetHints":{"allow":["GET"]}}],"collection":[{"href":"https:\/\/blog.sub.uni-hamburg.de\/index.php?rest_route=\/wp\/v2\/posts"}],"about":[{"href":"https:\/\/blog.sub.uni-hamburg.de\/index.php?rest_route=\/wp\/v2\/types\/post"}],"author":[{"embeddable":true,"href":"https:\/\/blog.sub.uni-hamburg.de\/index.php?rest_route=\/wp\/v2\/users\/19"}],"replies":[{"embeddable":true,"href":"https:\/\/blog.sub.uni-hamburg.de\/index.php?rest_route=%2Fwp%2Fv2%2Fcomments&post=18216"}],"version-history":[{"count":6,"href":"https:\/\/blog.sub.uni-hamburg.de\/index.php?rest_route=\/wp\/v2\/posts\/18216\/revisions"}],"predecessor-version":[{"id":18260,"href":"https:\/\/blog.sub.uni-hamburg.de\/index.php?rest_route=\/wp\/v2\/posts\/18216\/revisions\/18260"}],"wp:attachment":[{"href":"https:\/\/blog.sub.uni-hamburg.de\/index.php?rest_route=%2Fwp%2Fv2%2Fmedia&parent=18216"}],"wp:term":[{"taxonomy":"category","embeddable":true,"href":"https:\/\/blog.sub.uni-hamburg.de\/index.php?rest_route=%2Fwp%2Fv2%2Fcategories&post=18216"},{"taxonomy":"post_tag","embeddable":true,"href":"https:\/\/blog.sub.uni-hamburg.de\/index.php?rest_route=%2Fwp%2Fv2%2Ftags&post=18216"}],"curies":[{"name":"wp","href":"https:\/\/api.w.org\/{rel}","templated":true}]}}