{"id":18207,"date":"2015-08-05T12:40:12","date_gmt":"2015-08-05T10:40:12","guid":{"rendered":"http:\/\/blog.sub.uni-hamburg.de\/?p=18207"},"modified":"2015-08-21T11:42:46","modified_gmt":"2015-08-21T09:42:46","slug":"olympiakritisches-vernetzungstreffen-20-8","status":"publish","type":"post","link":"https:\/\/blog.sub.uni-hamburg.de\/?p=18207","title":{"rendered":"Olympiakritisches Vernetzungstreffen (20.8.)"},"content":{"rendered":"<p><img loading=\"lazy\" decoding=\"async\" data-attachment-id=\"18208\" data-permalink=\"https:\/\/blog.sub.uni-hamburg.de\/?attachment_id=18208\" data-orig-file=\"https:\/\/blog.sub.uni-hamburg.de\/wp-content\/uploads\/2015\/08\/NOlympia.jpg\" data-orig-size=\"400,121\" data-comments-opened=\"1\" data-image-meta=\"{&quot;aperture&quot;:&quot;0&quot;,&quot;credit&quot;:&quot;&quot;,&quot;camera&quot;:&quot;&quot;,&quot;caption&quot;:&quot;&quot;,&quot;created_timestamp&quot;:&quot;0&quot;,&quot;copyright&quot;:&quot;&quot;,&quot;focal_length&quot;:&quot;0&quot;,&quot;iso&quot;:&quot;0&quot;,&quot;shutter_speed&quot;:&quot;0&quot;,&quot;title&quot;:&quot;&quot;,&quot;orientation&quot;:&quot;0&quot;}\" data-image-title=\"STOP Olympia Hamburg\" data-image-description=\"&lt;p&gt;STOP Olympia Hamburg&lt;\/p&gt;\n\" data-image-caption=\"\" data-large-file=\"https:\/\/blog.sub.uni-hamburg.de\/wp-content\/uploads\/2015\/08\/NOlympia.jpg\" src=\"https:\/\/blog.sub.uni-hamburg.de\/wp-content\/uploads\/2015\/08\/NOlympia.jpg\" alt=\"STOP Olympia Hamburg\" title=\"STOP Olympia Hamburg\" width=\"400\" height=\"121\" class=\"alignright size-full wp-image-18208\" srcset=\"https:\/\/blog.sub.uni-hamburg.de\/wp-content\/uploads\/2015\/08\/NOlympia.jpg 400w, https:\/\/blog.sub.uni-hamburg.de\/wp-content\/uploads\/2015\/08\/NOlympia-150x45.jpg 150w, https:\/\/blog.sub.uni-hamburg.de\/wp-content\/uploads\/2015\/08\/NOlympia-300x91.jpg 300w\" sizes=\"auto, (max-width: 400px) 100vw, 400px\" \/> Die Volksinitiative <a href=\"http:\/\/www.stopolympia.de\/\">STOP Olympia Hamburg<\/a> l\u00e4dt ein zum <\/p>\n<p><strong>olympiakritischen Vernetzungstreffen am 20. August 2015, 19 Uhr.<\/strong><\/p>\n<p>Liebe Olympia-Kritikerinnen und -Kritiker,<\/p>\n<p>vor etwa einem Monat haben wir die Volksinitiative STOP Olympia Hamburg gestartet. Inzwischen haben wir erste Erfahrungen mit dem Sammeln von Unterschriften gemacht, die Initiative organisatorisch aufgestellt und strategische Fragen diskutiert. Bevor die Sommerpause zu Ende geht, halten wir es f\u00fcr sinnvoll, mal so viele olympiakritische Geister wie m\u00f6glich zusammenzubringen, um eine Vernetzung herzustellen und zu diskutieren, wie es nach der Sommerpause weitergehen soll.<br \/>\n<!--more--><\/p>\n<p>Eine Fragestellung dabei soll sein, wie wir mit den Vorgaben hinsichtlich der Aufnahme einer kritischen Stellungnahme in das Informationsheft zur Abstimmung am 29. November 2015 umgehen sollten. Die gesetzlichen Vorgaben hierf\u00fcr sind sehr formal und verlangen eine gesonderte Unterschriftenliste, der bereits die Stellungnahme im Wortlaut beigef\u00fcgt sein muss. Das hei\u00dft, Ende August m\u00fcssen Olympia-KritikerInnen bereits eine fertige Stellungnahme vorlegen, w\u00e4hrend die anderen Beteiligten bis zum 9. Oktober 2015 Zeit haben. Wie man der taz vom 3.8.15 entnehmen konnte, geht der Gr\u00fcnen-Politiker Farid M\u00fcller davon aus, dass selbst f\u00fcr einen B\u00fcrgerschaftsbeschluss im September bereits die gesamte Stellungnahme vorgelegt werden muss. Wir meinen, alle Beteiligten m\u00fcssen gleich behandelt werden und halten dies nicht f\u00fcr ein faires, demokratisches Verfahren.<\/p>\n<p>Dar\u00fcber hinaus soll es nat\u00fcrlich auch um inhaltliche Kritikpunkte an der Olympia-Bewerbung, m\u00f6gliche Gemeinsamkeiten und ggf. ein punktuell gemeinsames Vorgehen gehen.<\/p>\n<p>Darum laden wir zu einem ersten Vernetzungstreffen<br \/>\n<strong>am 20. August 2015, 19.00 Uhr,<\/strong><br \/>\nin den <strong>Vortragsraum (1. OG)<\/strong> der Staats- und Universit\u00e4tsbibliothek, Von-Melle Park 3, 20146 Hamburg ein.<\/p>\n<p>Beste Gr\u00fc\u00dfe<br \/>\nHorst Domnick, Jens Gauger, Sabine Lafrentz<\/p>\n","protected":false},"excerpt":{"rendered":"<p>Die Volksinitiative STOP Olympia Hamburg l\u00e4dt ein zum olympiakritischen Vernetzungstreffen am 20. August 2015, 19 Uhr. Liebe Olympia-Kritikerinnen und -Kritiker, vor etwa einem Monat haben wir die Volksinitiative STOP Olympia Hamburg gestartet. Inzwischen haben wir erste Erfahrungen mit dem Sammeln von Unterschriften gemacht, die Initiative organisatorisch aufgestellt und strategische Fragen diskutiert. Bevor die Sommerpause zu [&hellip;]<\/p>\n","protected":false},"author":19,"featured_media":0,"comment_status":"open","ping_status":"open","sticky":false,"template":"","format":"standard","meta":{"jetpack_post_was_ever_published":false,"_jetpack_newsletter_access":"","_jetpack_dont_email_post_to_subs":false,"_jetpack_newsletter_tier_id":0,"_jetpack_memberships_contains_paywalled_content":false,"_jetpack_memberships_contains_paid_content":false,"footnotes":"","jetpack_publicize_message":"","jetpack_publicize_feature_enabled":true,"jetpack_social_post_already_shared":true,"jetpack_social_options":{"image_generator_settings":{"template":"highway","default_image_id":0,"font":"","enabled":false},"version":2}},"categories":[9],"tags":[],"class_list":["post-18207","post","type-post","status-publish","format-standard","hentry","category-ausstellungen"],"views":4058,"jetpack_publicize_connections":[],"jetpack_featured_media_url":"","jetpack_shortlink":"https:\/\/wp.me\/p7hfNR-4JF","jetpack-related-posts":[{"id":19253,"url":"https:\/\/blog.sub.uni-hamburg.de\/?p=19253","url_meta":{"origin":18207,"position":0},"title":"Innovationsmotor Gro\u00dfveranstaltung (19.1.)","author":"Markus Trapp","date":"18-12-15","format":false,"excerpt":"Vortrag Professor Dr. Henning V\u00f6pel Direktor des Hamburgischen WeltWirtschaftsInstituts (HWWI) Dienstag, 19. Januar 2016, 18:30 Uhr Ort: Vortragsraum, 1. Etage, Eintritt frei. Hamburg ist sch\u00f6n, wohlhabend und lebenswert, dazu die beliebteste Stadt Deutschlands, wie j\u00fcngst eine Umfrage ergeben hat. Braucht eine solche Stadt noch Olympische Spiele? \u2013 Diese Frage stellte\u2026","rel":"","context":"In &quot;Ausstellungen und Veranstaltungen&quot;","block_context":{"text":"Ausstellungen und Veranstaltungen","link":"https:\/\/blog.sub.uni-hamburg.de\/?cat=9"},"img":{"alt_text":"","src":"https:\/\/i0.wp.com\/blog.sub.uni-hamburg.de\/wp-content\/uploads\/2015\/12\/michel.jpg?resize=350%2C200&ssl=1","width":350,"height":200},"classes":[]},{"id":17074,"url":"https:\/\/blog.sub.uni-hamburg.de\/?p=17074","url_meta":{"origin":18207,"position":1},"title":"Wie nachhaltig k\u00f6nnen Olympische Spiele in Hamburg sein? (24.2.)","author":"Markus Trapp","date":"09-02-15","format":false,"excerpt":"Einladung zum 51. Ratstreffen des Zukunftsrats Hamburg Wie nachhaltig k\u00f6nnen Olympische Spiele in Hamburg sein? Nachhaltig sollen sie sein, sozial vertr\u00e4glich und kosteng\u00fcnstig sowieso: Die Olympischen Sommerspiele in Hamburg. Aber geht das \u00fcberhaupt? Das wollen wir mit Ihnen und folgenden Expertinnen und Experten diskutieren: Staatsrat Dr. Christoph Krupp, Chef der\u2026","rel":"","context":"In &quot;Ausstellungen und Veranstaltungen&quot;","block_context":{"text":"Ausstellungen und Veranstaltungen","link":"https:\/\/blog.sub.uni-hamburg.de\/?cat=9"},"img":{"alt_text":"Zukunftsrat Hamburg","src":"https:\/\/i0.wp.com\/blog.sub.uni-hamburg.de\/wp-content\/uploads\/2015\/01\/zukunfstrat-hh.jpg?resize=350%2C200&ssl=1","width":350,"height":200,"srcset":"https:\/\/i0.wp.com\/blog.sub.uni-hamburg.de\/wp-content\/uploads\/2015\/01\/zukunfstrat-hh.jpg?resize=350%2C200&ssl=1 1x, https:\/\/i0.wp.com\/blog.sub.uni-hamburg.de\/wp-content\/uploads\/2015\/01\/zukunfstrat-hh.jpg?resize=525%2C300&ssl=1 1.5x"},"classes":[]},{"id":15905,"url":"https:\/\/blog.sub.uni-hamburg.de\/?p=15905","url_meta":{"origin":18207,"position":2},"title":"Podiumsdisk. \u201eOlympia-Bewerbung&#8221; (9.10.)","author":"Markus Trapp","date":"24-09-14","format":false,"excerpt":"Donnerstag, 9. Oktober 2014, 20 Uhr Podiumsdiskussion \u201eChancen und Risiken einer Olympia-Bewerbung f\u00fcr Hamburg\" mit Reinhard Wolf, Projektleiter f\u00fcr das Thema Olympia bei der Handelskammer Dr. Andreas Dressel, Vorsitzender der SPD-B\u00fcrgerschaftsfraktion Prof. Dr. Wolfgang Maennig, Universit\u00e4t Hamburg und Olympia-Experte Dirk Seifert, B\u00fcndnis (N)Olympia-Hamburg Moderation: Matthias Ederhof, AGS Eimsb\u00fcttel der SPD\u2026","rel":"","context":"In &quot;Ausstellungen und Veranstaltungen&quot;","block_context":{"text":"Ausstellungen und Veranstaltungen","link":"https:\/\/blog.sub.uni-hamburg.de\/?cat=9"},"img":{"alt_text":"","src":"https:\/\/i0.wp.com\/blog.sub.uni-hamburg.de\/wp-content\/uploads\/2014\/09\/ags-spd.jpg?resize=350%2C200&ssl=1","width":350,"height":200},"classes":[]},{"id":1093,"url":"https:\/\/blog.sub.uni-hamburg.de\/?p=1093","url_meta":{"origin":18207,"position":3},"title":"Hockey-Spitzensportler unterst\u00fctzen &#8220;Deutschland liest&#8221; in der Europa-Passage","author":"MG","date":"24-10-08","format":false,"excerpt":"Im Rahmen von \u201eDeutschland liest\u201c treffen am Montagnachmittag, dem 27. Oktober 2008 nicht nur 15 Hamburger Autoren die Kunden in der Europa-Passage: Hamburger Spitzensportler und Olympiasieger lesen und signieren Christian Blunck, mehrfacher Hockeynationalspieler und Pr\u00e4sident vom Hamburgs Hockeyclub\" HTHC \" sowie Greta Blunck, ebenfalls mehrfache Nationalspielerin (sie wird f\u00fcr Ihre\u2026","rel":"","context":"In &quot;Aktuelles&quot;","block_context":{"text":"Aktuelles","link":"https:\/\/blog.sub.uni-hamburg.de\/?cat=1"},"img":{"alt_text":"","src":"","width":0,"height":0},"classes":[]},{"id":19083,"url":"https:\/\/blog.sub.uni-hamburg.de\/?p=19083","url_meta":{"origin":18207,"position":4},"title":"Olympia-Referendum: Stabi schon ab 8 Uhr ge\u00f6ffnet!","author":"ST","date":"20-11-15","format":false,"excerpt":"Die Stabi geh\u00f6rt seit 2008 zu den Hamburger Wahllokalen und am 29. November 2015 ist sie eine von 200 Abstimmungsstellen f\u00fcr das Olympia-Referendum. Anders als bei Wahlen m\u00fcssen die Hamburger nicht in eine bestimmte Abstimmungsstelle gehen, sondern k\u00f6nnen die Abstimmungsstelle aufsuchen, die sie am 29. November am besten erreichen. Da\u2026","rel":"","context":"In &quot;Aktuelles&quot;","block_context":{"text":"Aktuelles","link":"https:\/\/blog.sub.uni-hamburg.de\/?cat=1"},"img":{"alt_text":"29-Nov-2015","src":"https:\/\/i0.wp.com\/blog.sub.uni-hamburg.de\/wp-content\/uploads\/2015\/11\/29-Nov-2015.png?resize=350%2C200&ssl=1","width":350,"height":200},"classes":[]},{"id":42389,"url":"https:\/\/blog.sub.uni-hamburg.de\/?p=42389","url_meta":{"origin":18207,"position":5},"title":"Geraubte Tr\u00e4ume: Der doppelte Olympia-Boykott 1980 und 1984 (6.5.)","author":"Markus Trapp","date":"21-04-26","format":false,"excerpt":"Mittwoch, 6.5., 19 Uhr, Ossietzky-Forum. Im Zentrum der Veranstaltung der Landeszentrale f\u00fcr politische Bildung Hamburg stehen die Olympischen Spiele von 1980 (Moskau) und 1984 (Los Angeles). W\u00e4hrend die Bundesrepublik Deutschland 1980 dem Boykottaufruf der USA gegen die Spiele in Moskau folgte, schloss sich die DDR 1984 dem sowjetischen Gegenboykott von\u2026","rel":"","context":"In &quot;Ausstellungen und Veranstaltungen&quot;","block_context":{"text":"Ausstellungen und Veranstaltungen","link":"https:\/\/blog.sub.uni-hamburg.de\/?cat=9"},"img":{"alt_text":"","src":"https:\/\/i0.wp.com\/blog.sub.uni-hamburg.de\/wp-content\/uploads\/2026\/04\/Olympiastadion_Moskau_1980.jpg?resize=350%2C200&ssl=1","width":350,"height":200},"classes":[]}],"jetpack_sharing_enabled":true,"_links":{"self":[{"href":"https:\/\/blog.sub.uni-hamburg.de\/index.php?rest_route=\/wp\/v2\/posts\/18207","targetHints":{"allow":["GET"]}}],"collection":[{"href":"https:\/\/blog.sub.uni-hamburg.de\/index.php?rest_route=\/wp\/v2\/posts"}],"about":[{"href":"https:\/\/blog.sub.uni-hamburg.de\/index.php?rest_route=\/wp\/v2\/types\/post"}],"author":[{"embeddable":true,"href":"https:\/\/blog.sub.uni-hamburg.de\/index.php?rest_route=\/wp\/v2\/users\/19"}],"replies":[{"embeddable":true,"href":"https:\/\/blog.sub.uni-hamburg.de\/index.php?rest_route=%2Fwp%2Fv2%2Fcomments&post=18207"}],"version-history":[{"count":3,"href":"https:\/\/blog.sub.uni-hamburg.de\/index.php?rest_route=\/wp\/v2\/posts\/18207\/revisions"}],"predecessor-version":[{"id":18212,"href":"https:\/\/blog.sub.uni-hamburg.de\/index.php?rest_route=\/wp\/v2\/posts\/18207\/revisions\/18212"}],"wp:attachment":[{"href":"https:\/\/blog.sub.uni-hamburg.de\/index.php?rest_route=%2Fwp%2Fv2%2Fmedia&parent=18207"}],"wp:term":[{"taxonomy":"category","embeddable":true,"href":"https:\/\/blog.sub.uni-hamburg.de\/index.php?rest_route=%2Fwp%2Fv2%2Fcategories&post=18207"},{"taxonomy":"post_tag","embeddable":true,"href":"https:\/\/blog.sub.uni-hamburg.de\/index.php?rest_route=%2Fwp%2Fv2%2Ftags&post=18207"}],"curies":[{"name":"wp","href":"https:\/\/api.w.org\/{rel}","templated":true}]}}