{"id":17868,"date":"2015-06-08T08:30:15","date_gmt":"2015-06-08T06:30:15","guid":{"rendered":"http:\/\/blog.sub.uni-hamburg.de\/?p=17868"},"modified":"2015-06-25T15:23:31","modified_gmt":"2015-06-25T13:23:31","slug":"handschriftenlesesaal-geschlossen-22-24-6","status":"publish","type":"post","link":"https:\/\/blog.sub.uni-hamburg.de\/?p=17868","title":{"rendered":"Handschriftenlesesaal geschlossen (22.-24.6.)"},"content":{"rendered":"<p>Die <a href=\"https:\/\/blog.sub.uni-hamburg.de\/index.php?s=modernisierung&amp;suche=suchen\">Umgestaltung der Bibliothek<\/a> ist seit 2012 ein st\u00e4ndiges Stabi-Thema und hat nun auch &#8211; im Kleinen &#8211; den Handschriftenlesesaal erreicht. Von Mo,\u00a0 22. Juni bis Mi, 24. Juni 2015 bleibt der Handschriften- und Kartenlesesaal geschlossen. Wir nutzen die Schlie\u00dftage, um Regale und Tische umzur\u00e4umen, zu verschieben und damit die Raumaufteilung insgesamt zu verbessern.<\/p>\n<p>Medien, die nur im Handschriftenlesesaal genutzt werden k\u00f6nnen und zwischen dem 12.6. und 24.6. bestellt werden, bleiben bis zum 10.7.2015 dort liegen.<\/p>\n<div id=\"attachment_17883\" style=\"width: 560px\" class=\"wp-caption aligncenter\"><a href=\"https:\/\/blog.sub.uni-hamburg.de\/wp-content\/uploads\/2015\/06\/HS-LS2.png\"><img loading=\"lazy\" decoding=\"async\" aria-describedby=\"caption-attachment-17883\" data-attachment-id=\"17883\" data-permalink=\"https:\/\/blog.sub.uni-hamburg.de\/?attachment_id=17883\" data-orig-file=\"https:\/\/blog.sub.uni-hamburg.de\/wp-content\/uploads\/2015\/06\/HS-LS2.png\" data-orig-size=\"1145,558\" data-comments-opened=\"1\" data-image-meta=\"{&quot;aperture&quot;:&quot;0&quot;,&quot;credit&quot;:&quot;&quot;,&quot;camera&quot;:&quot;&quot;,&quot;caption&quot;:&quot;&quot;,&quot;created_timestamp&quot;:&quot;0&quot;,&quot;copyright&quot;:&quot;&quot;,&quot;focal_length&quot;:&quot;0&quot;,&quot;iso&quot;:&quot;0&quot;,&quot;shutter_speed&quot;:&quot;0&quot;,&quot;title&quot;:&quot;&quot;,&quot;orientation&quot;:&quot;0&quot;}\" data-image-title=\"HS-LS2\" data-image-description=\"\" data-image-caption=\"\" data-large-file=\"https:\/\/blog.sub.uni-hamburg.de\/wp-content\/uploads\/2015\/06\/HS-LS2-1024x499.png\" class=\"wp-image-17883\" title=\"Neue Raumaufteilung Handschriftenlesesaal\" src=\"https:\/\/blog.sub.uni-hamburg.de\/wp-content\/uploads\/2015\/06\/HS-LS2.png\" alt=\"Skzizze: Handschriftenlesesaal\" width=\"550\" height=\"268\" srcset=\"https:\/\/blog.sub.uni-hamburg.de\/wp-content\/uploads\/2015\/06\/HS-LS2.png 1145w, https:\/\/blog.sub.uni-hamburg.de\/wp-content\/uploads\/2015\/06\/HS-LS2-150x73.png 150w, https:\/\/blog.sub.uni-hamburg.de\/wp-content\/uploads\/2015\/06\/HS-LS2-300x146.png 300w, https:\/\/blog.sub.uni-hamburg.de\/wp-content\/uploads\/2015\/06\/HS-LS2-1024x499.png 1024w, https:\/\/blog.sub.uni-hamburg.de\/wp-content\/uploads\/2015\/06\/HS-LS2-900x439.png 900w\" sizes=\"auto, (max-width: 550px) 100vw, 550px\" \/><\/a><p id=\"caption-attachment-17883\" class=\"wp-caption-text\">Skizze &#8211; neue Raumgliederung<\/p><\/div>\n","protected":false},"excerpt":{"rendered":"<p>Die Umgestaltung der Bibliothek ist seit 2012 ein st\u00e4ndiges Stabi-Thema und hat nun auch &#8211; im Kleinen &#8211; den Handschriftenlesesaal erreicht. Von Mo,\u00a0 22. Juni bis Mi, 24. Juni 2015 bleibt der Handschriften- und Kartenlesesaal geschlossen. Wir nutzen die Schlie\u00dftage, um Regale und Tische umzur\u00e4umen, zu verschieben und damit die Raumaufteilung insgesamt zu verbessern. Medien, [&hellip;]<\/p>\n","protected":false},"author":6,"featured_media":0,"comment_status":"open","ping_status":"open","sticky":false,"template":"","format":"standard","meta":{"jetpack_post_was_ever_published":false,"_jetpack_newsletter_access":"","_jetpack_dont_email_post_to_subs":false,"_jetpack_newsletter_tier_id":0,"_jetpack_memberships_contains_paywalled_content":false,"_jetpack_memberships_contains_paid_content":false,"footnotes":"","jetpack_publicize_message":"","jetpack_publicize_feature_enabled":true,"jetpack_social_post_already_shared":true,"jetpack_social_options":{"image_generator_settings":{"template":"highway","default_image_id":0,"font":"","enabled":false},"version":2}},"categories":[1,10],"tags":[],"class_list":["post-17868","post","type-post","status-publish","format-standard","hentry","category-1","category-baustelle-stabi"],"views":2267,"jetpack_publicize_connections":[],"jetpack_featured_media_url":"","jetpack_shortlink":"https:\/\/wp.me\/p7hfNR-4Ec","jetpack-related-posts":[{"id":24426,"url":"https:\/\/blog.sub.uni-hamburg.de\/?p=24426","url_meta":{"origin":17868,"position":0},"title":"Neue Leses\u00e4le f\u00fcr die Stabi &#8211; jetzt geht es los!","author":"TO","date":"01-03-18","format":false,"excerpt":"Nach intensiven Planungen und aufwendigen Vorbereitungen starten wir jetzt mit dem Umbau und der Modernisierung der Leses\u00e4le. Ab Montag, 05. M\u00e4rz 2018: Vorbereitende Ma\u00dfnahmen Die ersten Buchumz\u00fcge und der Regalabbau beginnen. Nach und nach werden die Freihandbest\u00e4nde in die Magazine verlagert und ab dem 13.03. bestellbar sein. Die Leses\u00e4le bleiben\u2026","rel":"","context":"In &quot;Baustelle Stabi&quot;","block_context":{"text":"Baustelle Stabi","link":"https:\/\/blog.sub.uni-hamburg.de\/?cat=10"},"img":{"alt_text":"","src":"https:\/\/i0.wp.com\/blog.sub.uni-hamburg.de\/wp-content\/uploads\/2016\/03\/runderneuert-450.jpg?resize=350%2C200&ssl=1","width":350,"height":200},"classes":[]},{"id":25546,"url":"https:\/\/blog.sub.uni-hamburg.de\/?p=25546","url_meta":{"origin":17868,"position":1},"title":"Fertig! Er\u00f6ffnung des neuen Lesesaals in der 1. Etage am 4.9.2018","author":"TO","date":"28-08-18","format":false,"excerpt":"Wir sind fertig! Am Dienstag, den 4. September 2018, um 10:00 Uhr \u00f6ffnen wir nach fast sechs monatiger Bauzeit unseren runderneuerten und modernisierten Lesesaal in der 1. Etage. Wir haben Ihre W\u00fcnsche gebaut! Wir haben Sie im letzten Jahr in Umfragen und Workshops nach Ihren W\u00fcnschen f\u00fcr die Neugestaltung der\u2026","rel":"","context":"In &quot;Aktuelles&quot;","block_context":{"text":"Aktuelles","link":"https:\/\/blog.sub.uni-hamburg.de\/?cat=1"},"img":{"alt_text":"","src":"https:\/\/i0.wp.com\/blog.sub.uni-hamburg.de\/wp-content\/uploads\/2018\/08\/IMG_8587-300x225.jpg?resize=350%2C200&ssl=1","width":350,"height":200},"classes":[]},{"id":29549,"url":"https:\/\/blog.sub.uni-hamburg.de\/?p=29549","url_meta":{"origin":17868,"position":2},"title":"Ab 8.6.: Handschriftenlesesaal eingeschr\u00e4nkt ge\u00f6ffnet (Mo-Fr 13-16 Uhr)","author":"ST","date":"05-06-20","format":false,"excerpt":"Ab Mo, 8. Juni \u00f6ffnet auch der Handschriftenlesesaal wieder - in eingeschr\u00e4nktem Umfang (jeweils von Montag bis Freitag von 13 bis 16 Uhr). Bitte schreiben Sie unter Angabe Ihres Wunschtermins, m\u00f6glicher Ausweichtermine, Ihres Arbeitsvorhabens und der gew\u00fcnschten Signaturen eine E-Mail an handls@sub.uni-hamburg.de. Die Mitarbeiter*innen der Sondersammlungen \u00fcbernehmen die Koordinierung der\u2026","rel":"","context":"In &quot;Aktuelles&quot;","block_context":{"text":"Aktuelles","link":"https:\/\/blog.sub.uni-hamburg.de\/?cat=1"},"img":{"alt_text":"","src":"https:\/\/i0.wp.com\/blog.sub.uni-hamburg.de\/wp-content\/uploads\/2020\/06\/handschriftenlesesaal-300x200.jpg?resize=350%2C200&ssl=1","width":350,"height":200},"classes":[]},{"id":30552,"url":"https:\/\/blog.sub.uni-hamburg.de\/?p=30552","url_meta":{"origin":17868,"position":3},"title":"\u00d6ffnungszeiten und Serviceangebote ab dem 19.12.2020","author":"ST","date":"15-12-20","format":false,"excerpt":"Um einen Beitrag zur Eind\u00e4mmung der Corona-Pandemie zu leisten, begrenzen wir ab Samstag, den 19. Dezember unser Pr\u00e4senzangebot. Wir hoffen, Sie ab dem 11. Januar 2021 wieder gesund bei uns begr\u00fc\u00dfen zu d\u00fcrfen und sind digital auch weiterhin f\u00fcr Sie da \u2013 etwa mit unserem erweiterten E-Medien-Angebot und der Ausstellung\u2026","rel":"","context":"In &quot;Aktuelles&quot;","block_context":{"text":"Aktuelles","link":"https:\/\/blog.sub.uni-hamburg.de\/?cat=1"},"img":{"alt_text":"","src":"https:\/\/i0.wp.com\/blog.sub.uni-hamburg.de\/wp-content\/uploads\/2020\/12\/WeihnachtsBambi-2020.jpg?resize=350%2C200&ssl=1","width":350,"height":200},"classes":[]},{"id":18421,"url":"https:\/\/blog.sub.uni-hamburg.de\/?p=18421","url_meta":{"origin":17868,"position":4},"title":"Handschriftenlesesaal geschlossen: 23.9.","author":"ST","date":"18-09-15","format":false,"excerpt":"Am Mi, 23. September 2015 bleibt der Handschriftenlesesaal wegen einer betriebsinternen Veranstaltung ganzt\u00e4gig geschlossen.","rel":"","context":"In &quot;Aktuelles&quot;","block_context":{"text":"Aktuelles","link":"https:\/\/blog.sub.uni-hamburg.de\/?cat=1"},"img":{"alt_text":"","src":"","width":0,"height":0},"classes":[]},{"id":41248,"url":"https:\/\/blog.sub.uni-hamburg.de\/?p=41248","url_meta":{"origin":17868,"position":5},"title":"20.11.: Handschriftenlesesaal geschlossen","author":"ST","date":"14-11-25","format":false,"excerpt":"Wegen einer betriebsinternen Veranstaltung bleibt der Handschriftenlesesaal am Do, 20.11.2025 geschlossen. Wir bedauern die damit verbundenen Einschr\u00e4nkungen. F\u00fcr R\u00fcckfragen wenden Sie sich gerne an: handls@sub.uni-hamburg.de","rel":"","context":"In &quot;Aktuelles&quot;","block_context":{"text":"Aktuelles","link":"https:\/\/blog.sub.uni-hamburg.de\/?cat=1"},"img":{"alt_text":"","src":"https:\/\/i0.wp.com\/blog.sub.uni-hamburg.de\/wp-content\/uploads\/2009\/12\/baustelle2.jpg?resize=350%2C200&ssl=1","width":350,"height":200},"classes":[]}],"jetpack_sharing_enabled":true,"_links":{"self":[{"href":"https:\/\/blog.sub.uni-hamburg.de\/index.php?rest_route=\/wp\/v2\/posts\/17868","targetHints":{"allow":["GET"]}}],"collection":[{"href":"https:\/\/blog.sub.uni-hamburg.de\/index.php?rest_route=\/wp\/v2\/posts"}],"about":[{"href":"https:\/\/blog.sub.uni-hamburg.de\/index.php?rest_route=\/wp\/v2\/types\/post"}],"author":[{"embeddable":true,"href":"https:\/\/blog.sub.uni-hamburg.de\/index.php?rest_route=\/wp\/v2\/users\/6"}],"replies":[{"embeddable":true,"href":"https:\/\/blog.sub.uni-hamburg.de\/index.php?rest_route=%2Fwp%2Fv2%2Fcomments&post=17868"}],"version-history":[{"count":10,"href":"https:\/\/blog.sub.uni-hamburg.de\/index.php?rest_route=\/wp\/v2\/posts\/17868\/revisions"}],"predecessor-version":[{"id":17887,"href":"https:\/\/blog.sub.uni-hamburg.de\/index.php?rest_route=\/wp\/v2\/posts\/17868\/revisions\/17887"}],"wp:attachment":[{"href":"https:\/\/blog.sub.uni-hamburg.de\/index.php?rest_route=%2Fwp%2Fv2%2Fmedia&parent=17868"}],"wp:term":[{"taxonomy":"category","embeddable":true,"href":"https:\/\/blog.sub.uni-hamburg.de\/index.php?rest_route=%2Fwp%2Fv2%2Fcategories&post=17868"},{"taxonomy":"post_tag","embeddable":true,"href":"https:\/\/blog.sub.uni-hamburg.de\/index.php?rest_route=%2Fwp%2Fv2%2Ftags&post=17868"}],"curies":[{"name":"wp","href":"https:\/\/api.w.org\/{rel}","templated":true}]}}