{"id":17827,"date":"2015-05-22T11:35:39","date_gmt":"2015-05-22T09:35:39","guid":{"rendered":"http:\/\/blog.sub.uni-hamburg.de\/?p=17827"},"modified":"2015-06-05T08:51:42","modified_gmt":"2015-06-05T06:51:42","slug":"hans-werner-engels-der-franzoesischen-revolution-verpflichtet-4-6","status":"publish","type":"post","link":"https:\/\/blog.sub.uni-hamburg.de\/?p=17827","title":{"rendered":"Hans-Werner Engels: Der Franz\u00f6sischen Revolution verpflichtet. (4.6.)"},"content":{"rendered":"<p><a href=\"https:\/\/blog.sub.uni-hamburg.de\/wp-content\/uploads\/2015\/05\/engels-frz-revolution-gr.jpg\"><img loading=\"lazy\" decoding=\"async\" data-attachment-id=\"17828\" data-permalink=\"https:\/\/blog.sub.uni-hamburg.de\/?attachment_id=17828\" data-orig-file=\"https:\/\/blog.sub.uni-hamburg.de\/wp-content\/uploads\/2015\/05\/engels-frz-revolution.jpg\" data-orig-size=\"250,363\" data-comments-opened=\"1\" data-image-meta=\"{&quot;aperture&quot;:&quot;0&quot;,&quot;credit&quot;:&quot;&quot;,&quot;camera&quot;:&quot;&quot;,&quot;caption&quot;:&quot;&quot;,&quot;created_timestamp&quot;:&quot;0&quot;,&quot;copyright&quot;:&quot;&quot;,&quot;focal_length&quot;:&quot;0&quot;,&quot;iso&quot;:&quot;0&quot;,&quot;shutter_speed&quot;:&quot;0&quot;,&quot;title&quot;:&quot;&quot;,&quot;orientation&quot;:&quot;0&quot;}\" data-image-title=\"engels-frz-revolution\" data-image-description=\"\" data-image-caption=\"\" data-large-file=\"https:\/\/blog.sub.uni-hamburg.de\/wp-content\/uploads\/2015\/05\/engels-frz-revolution.jpg\" src=\"https:\/\/blog.sub.uni-hamburg.de\/wp-content\/uploads\/2015\/05\/engels-frz-revolution.jpg\" alt=\"engels-frz-revolution\" width=\"250\" height=\"363\" class=\"alignright size-full wp-image-17828\" srcset=\"https:\/\/blog.sub.uni-hamburg.de\/wp-content\/uploads\/2015\/05\/engels-frz-revolution.jpg 250w, https:\/\/blog.sub.uni-hamburg.de\/wp-content\/uploads\/2015\/05\/engels-frz-revolution-103x150.jpg 103w, https:\/\/blog.sub.uni-hamburg.de\/wp-content\/uploads\/2015\/05\/engels-frz-revolution-207x300.jpg 207w\" sizes=\"auto, (max-width: 250px) 100vw, 250px\" \/><\/a> <strong>Buchvorstellung: Hans-Werner Engels: Der Franz\u00f6sischen Revolution verpflichtet.<br \/>\nAusgew\u00e4hlte Beitr\u00e4ge eines Hamburg-Historikers<\/strong><\/p>\n<p>Der Franz\u00f6sischen Revolution verpflichtet \u2013 das war der Hamburger Historiker Hans-Werner Engels (1941-2010). Er hat sich zeitlebens intensiv mit der Franz\u00f6sischen Revolution in Deutschland, vor allem der Jakobinerforschung, besch\u00e4ftigt. Dar\u00fcber hinaus hat er sich seinem Wohnort Hamburg-Altona historisch gewidmet. Damit hat er herausragende Beitr\u00e4ge zu einem heute nur noch wenig in der Fach\u00f6ffentlichkeit pr\u00e4senten Feld geleistet. Seine verstreut publizierten Beitr\u00e4ge sind nun in diesem Band zug\u00e4nglich, der durch eine Bibliographie und zwei biographische Essays \u00fcber Hans-Werner Engels abgerundet wird. Mit dieser Buchvorstellung wird zugleich an den vor f\u00fcnf Jahren verstorbenen Autor erinnert.<\/p>\n<p>Buchvorstellung in Kooperation der Herausgeber und des Hamburger Arbeitskreises f\u00fcr Regionalgeschichte. Der Band erscheint in der <a href=\"http:\/\/bautz.de\/neuerscheinungen-2015\/inh_9783883099248.html\">Reihe bibliothemata<\/a>.<\/p>\n<p><strong>Donnerstag, 4. Juni 2015, 18 Uhr<br \/>\nOrt: Vortragsraum, 1. Etage, Eintritt frei<\/strong><\/p>\n","protected":false},"excerpt":{"rendered":"<p>Buchvorstellung: Hans-Werner Engels: Der Franz\u00f6sischen Revolution verpflichtet. Ausgew\u00e4hlte Beitr\u00e4ge eines Hamburg-Historikers Der Franz\u00f6sischen Revolution verpflichtet \u2013 das war der Hamburger Historiker Hans-Werner Engels (1941-2010). Er hat sich zeitlebens intensiv mit der Franz\u00f6sischen Revolution in Deutschland, vor allem der Jakobinerforschung, besch\u00e4ftigt. Dar\u00fcber hinaus hat er sich seinem Wohnort Hamburg-Altona historisch gewidmet. Damit hat er herausragende Beitr\u00e4ge [&hellip;]<\/p>\n","protected":false},"author":19,"featured_media":0,"comment_status":"open","ping_status":"open","sticky":false,"template":"","format":"standard","meta":{"jetpack_post_was_ever_published":false,"_jetpack_newsletter_access":"","_jetpack_dont_email_post_to_subs":false,"_jetpack_newsletter_tier_id":0,"_jetpack_memberships_contains_paywalled_content":false,"_jetpack_memberships_contains_paid_content":false,"footnotes":"","jetpack_publicize_message":"","jetpack_publicize_feature_enabled":true,"jetpack_social_post_already_shared":true,"jetpack_social_options":{"image_generator_settings":{"template":"highway","default_image_id":0,"font":"","enabled":false},"version":2}},"categories":[9],"tags":[],"class_list":["post-17827","post","type-post","status-publish","format-standard","hentry","category-ausstellungen"],"views":3703,"jetpack_publicize_connections":[],"jetpack_featured_media_url":"","jetpack_shortlink":"https:\/\/wp.me\/p7hfNR-4Dx","jetpack-related-posts":[{"id":40347,"url":"https:\/\/blog.sub.uni-hamburg.de\/?p=40347","url_meta":{"origin":17827,"position":0},"title":"Buchvorstellung: \u201eGoebbels&#8217; Schatten\u201c \u2013 Ein Tatsachenroman, Hans-Peter de Lorent (10.6.)","author":"Markus Trapp","date":"30-05-25","format":false,"excerpt":"Dienstag, 10.6., 19 Uhr, Vortragsraum. Alles beginnt im Fu\u0308hrerbunker. Der von Deutschland entfesselte Krieg ist verloren, die Strippenzieher klammern sich an das letzte Fu\u0308nkchen Hoffnung. Auch mit dabei: Werner Naumann, von dem Hitler sich unmittelbar vor seinem Selbstmord verabschiedet mit den Worten: \u201eNaumann, Sie wissen, wie sehr ich Sie sch\u00e4tze.\u2026","rel":"","context":"In &quot;Ausstellungen und Veranstaltungen&quot;","block_context":{"text":"Ausstellungen und Veranstaltungen","link":"https:\/\/blog.sub.uni-hamburg.de\/?cat=9"},"img":{"alt_text":"Buchcover 'Goebbels' Schatten'","src":"https:\/\/i0.wp.com\/blog.sub.uni-hamburg.de\/wp-content\/uploads\/2025\/05\/Buchcover-goebbels-schatten.jpg?resize=350%2C200&ssl=1","width":350,"height":200},"classes":[]},{"id":35485,"url":"https:\/\/blog.sub.uni-hamburg.de\/?p=35485","url_meta":{"origin":17827,"position":1},"title":"Buchvorstellung: Hamburg in der Novemberrevolution von 1918\/19 (17.4.)","author":"Markus Trapp","date":"03-04-23","format":false,"excerpt":"Montag, 17.4., 18 Uhr, Vortragsraum. Der Band Hamburg in der Novemberrevolution von 1918\/19, herausgegeben von Dr. Johanna Meyer-Lenz, Prof. Dr. Franklin Kopitzsch und Dr. Markus Hedrich, b\u00fcndelt Beitr\u00e4ge, die das 2018\/19 wiedererwachte Interesse an diesem epochalen Ereignis dokumentieren. Die Autor:innen des Bandes, ausgewiesene Kulturwissenschaftler:innen und Historiker:innen, stellen darin die Ergebnisse\u2026","rel":"","context":"In &quot;Ausstellungen und Veranstaltungen&quot;","block_context":{"text":"Ausstellungen und Veranstaltungen","link":"https:\/\/blog.sub.uni-hamburg.de\/?cat=9"},"img":{"alt_text":"","src":"https:\/\/i0.wp.com\/blog.sub.uni-hamburg.de\/wp-content\/uploads\/2023\/04\/Hamburg_Novemberrevolution.jpg?resize=350%2C200&ssl=1","width":350,"height":200},"classes":[]},{"id":7249,"url":"https:\/\/blog.sub.uni-hamburg.de\/?p=7249","url_meta":{"origin":17827,"position":2},"title":"Patenbuch des Monats M\u00e4rz: Hans Henny Jahnn: Spur des dunklen Engels","author":"Markus Trapp","date":"01-03-12","format":false,"excerpt":"In der dritten Ausgabe unserer Aktion Edlen B\u00fcchern Pate stehen stellen wir Ihnen ein weiteres interessantes Werk vor, das im Rahmen der Reihe \u201ePatenbuch des Monats\u201c auf einen Buchpaten f\u00fcr seine Restaurierung wartet: Hans Henny Jahnn (1894\u20131959): Spur des dunklen Engels. Drama. Musik von Yngve Jan Trede. Typoskript (Durchschlag), ohne\u2026","rel":"","context":"In &quot;Sch\u00e4tze der Stabi&quot;","block_context":{"text":"Sch\u00e4tze der Stabi","link":"https:\/\/blog.sub.uni-hamburg.de\/?cat=13"},"img":{"alt_text":"Patenbuch des Monats","src":"https:\/\/i0.wp.com\/blog.sub.uni-hamburg.de\/wp-content\/uploads\/2011\/12\/patenbuch-des-monats-logo.jpg?resize=350%2C200&ssl=1","width":350,"height":200},"classes":[]},{"id":21818,"url":"https:\/\/blog.sub.uni-hamburg.de\/?p=21818","url_meta":{"origin":17827,"position":3},"title":"Restitution von vier B\u00fcchern an die Familie Friedlaender","author":"Redaktion","date":"21-12-16","format":false,"excerpt":"\u2192 English version of this article Von Anna von Villiez Ende November konnte die Arbeitsstelle NS-Raubgut \u2013 Provenienzforschung vier B\u00fccher der Familie Friedlaender nach Israel restituieren. In zwei B\u00fcchern hatten wir den handschriftlichen Vermerk \u201eGrete Friedlaender Fein\u201c gefunden. Bei dem einen Buch handelt es sich um einen Erz\u00e4hlband von dem\u2026","rel":"","context":"In &quot;Aktuelles&quot;","block_context":{"text":"Aktuelles","link":"https:\/\/blog.sub.uni-hamburg.de\/?cat=1"},"img":{"alt_text":"","src":"https:\/\/i0.wp.com\/blog.sub.uni-hamburg.de\/wp-content\/uploads\/2016\/12\/F3_Werner_Friedlaender_Widmung-kl.jpg?resize=350%2C200&ssl=1","width":350,"height":200,"srcset":"https:\/\/i0.wp.com\/blog.sub.uni-hamburg.de\/wp-content\/uploads\/2016\/12\/F3_Werner_Friedlaender_Widmung-kl.jpg?resize=350%2C200&ssl=1 1x, https:\/\/i0.wp.com\/blog.sub.uni-hamburg.de\/wp-content\/uploads\/2016\/12\/F3_Werner_Friedlaender_Widmung-kl.jpg?resize=525%2C300&ssl=1 1.5x"},"classes":[]},{"id":3179,"url":"https:\/\/blog.sub.uni-hamburg.de\/?p=3179","url_meta":{"origin":17827,"position":4},"title":"Vortrag: Das Erzbistum Hamburg im Mittelalter (20.10.)","author":"MG","date":"01-10-10","format":false,"excerpt":"Prof. Dr. Hans-Werner Goetz: Das Erzbistum Hamburg im fr\u00fchen und hohen Mittelalter zwischen Anspruch und Realit\u00e4t. Die an sich gut erforschte Geschichte des Hamburger Erzbistums im fr\u00fchen und hohen Mittelalter wird von einer Reihe von Forschungsproblemen beeintr\u00e4chtigt. Erstens sind weder Gr\u00fcndungszeit (831\/834) noch Gr\u00fcndungszweck eindeutig feststellbar. Zweitens ist es strittig,\u2026","rel":"","context":"In &quot;Ausstellungen und Veranstaltungen&quot;","block_context":{"text":"Ausstellungen und Veranstaltungen","link":"https:\/\/blog.sub.uni-hamburg.de\/?cat=9"},"img":{"alt_text":"","src":"","width":0,"height":0},"classes":[]},{"id":9722,"url":"https:\/\/blog.sub.uni-hamburg.de\/?p=9722","url_meta":{"origin":17827,"position":5},"title":"Ferdinand Beneke und die Hansest\u00e4dte (21.11.)","author":"Markus Trapp","date":"05-11-12","format":false,"excerpt":"PD Dr. Frank Hatje: Ferdinand Beneke und die Hansest\u00e4dte. Nahansichten eines Tagebuchschreibers Die Beneke-Tageb\u00fccher sind eine der umfassendsten Quellen zur Geschichte und Lebenswelt des B\u00fcrgertums zwischen der Franz\u00f6sischen Revolution und der M\u00e4rzrevolution 1848. Ferdinand Beneke (1774-1848) war Kaufmannssohn aus Bremen, studierte Rechtswissenschaften in Halle und G\u00f6ttingen und lie\u00df sich 1796\u2026","rel":"","context":"In &quot;Ausstellungen und Veranstaltungen&quot;","block_context":{"text":"Ausstellungen und Veranstaltungen","link":"https:\/\/blog.sub.uni-hamburg.de\/?cat=9"},"img":{"alt_text":"Ferdinand Beneke und die Hansest\u00e4dte. Nahansichten eines Tagebuchschreibers","src":"https:\/\/i0.wp.com\/blog.sub.uni-hamburg.de\/wp-content\/uploads\/2012\/11\/12-VHG-November.jpg?resize=350%2C200&ssl=1","width":350,"height":200},"classes":[]}],"jetpack_sharing_enabled":true,"_links":{"self":[{"href":"https:\/\/blog.sub.uni-hamburg.de\/index.php?rest_route=\/wp\/v2\/posts\/17827","targetHints":{"allow":["GET"]}}],"collection":[{"href":"https:\/\/blog.sub.uni-hamburg.de\/index.php?rest_route=\/wp\/v2\/posts"}],"about":[{"href":"https:\/\/blog.sub.uni-hamburg.de\/index.php?rest_route=\/wp\/v2\/types\/post"}],"author":[{"embeddable":true,"href":"https:\/\/blog.sub.uni-hamburg.de\/index.php?rest_route=\/wp\/v2\/users\/19"}],"replies":[{"embeddable":true,"href":"https:\/\/blog.sub.uni-hamburg.de\/index.php?rest_route=%2Fwp%2Fv2%2Fcomments&post=17827"}],"version-history":[{"count":1,"href":"https:\/\/blog.sub.uni-hamburg.de\/index.php?rest_route=\/wp\/v2\/posts\/17827\/revisions"}],"predecessor-version":[{"id":17830,"href":"https:\/\/blog.sub.uni-hamburg.de\/index.php?rest_route=\/wp\/v2\/posts\/17827\/revisions\/17830"}],"wp:attachment":[{"href":"https:\/\/blog.sub.uni-hamburg.de\/index.php?rest_route=%2Fwp%2Fv2%2Fmedia&parent=17827"}],"wp:term":[{"taxonomy":"category","embeddable":true,"href":"https:\/\/blog.sub.uni-hamburg.de\/index.php?rest_route=%2Fwp%2Fv2%2Fcategories&post=17827"},{"taxonomy":"post_tag","embeddable":true,"href":"https:\/\/blog.sub.uni-hamburg.de\/index.php?rest_route=%2Fwp%2Fv2%2Ftags&post=17827"}],"curies":[{"name":"wp","href":"https:\/\/api.w.org\/{rel}","templated":true}]}}