{"id":17806,"date":"2015-05-21T14:24:16","date_gmt":"2015-05-21T12:24:16","guid":{"rendered":"http:\/\/blog.sub.uni-hamburg.de\/?p=17806"},"modified":"2015-06-11T09:42:13","modified_gmt":"2015-06-11T07:42:13","slug":"gekaufte-wissenschaft-wird-ein-grundrecht-geopfert-8-6","status":"publish","type":"post","link":"https:\/\/blog.sub.uni-hamburg.de\/?p=17806","title":{"rendered":"Disk. mit Wiss.-senatorin: Gekaufte Wissenschaft \u2013 wird ein Grundrecht geopfert? (8.6.)"},"content":{"rendered":"<div id=\"attachment_17807\" style=\"width: 210px\" class=\"wp-caption alignright\"><a href=\"https:\/\/blog.sub.uni-hamburg.de\/wp-content\/uploads\/2015\/05\/15-B\u00f6ll-Fegebank.jpg\"><img loading=\"lazy\" decoding=\"async\" aria-describedby=\"caption-attachment-17807\" data-attachment-id=\"17807\" data-permalink=\"https:\/\/blog.sub.uni-hamburg.de\/?attachment_id=17807\" data-orig-file=\"https:\/\/blog.sub.uni-hamburg.de\/wp-content\/uploads\/2015\/05\/15-B\u00f6ll-Fegebank.jpg\" data-orig-size=\"1555,2333\" data-comments-opened=\"1\" data-image-meta=\"{&quot;aperture&quot;:&quot;0&quot;,&quot;credit&quot;:&quot;Sven Teschke * Am Pfaffenwald 33&quot;,&quot;camera&quot;:&quot;&quot;,&quot;caption&quot;:&quot;Katharina Fegebank (GAL), Wissenschaftliche Mitarbeiterin, * 1977; Wahlkreis 10, Fuhlsb\\u00fcttel - Alsterdorf - Langenhorn, Hamburgische B\\u00fcrgerschaft&quot;,&quot;created_timestamp&quot;:&quot;1656633600&quot;,&quot;copyright&quot;:&quot;Diese Datei ist lizenziert unter der Creative-Commons-Lizenz Namensnennung-Weitergabe unter gleichen Bedingungen 3.0 Deutschland&quot;,&quot;focal_length&quot;:&quot;0&quot;,&quot;iso&quot;:&quot;0&quot;,&quot;shutter_speed&quot;:&quot;0&quot;,&quot;title&quot;:&quot;Fegebank, Katharina - GAL&quot;,&quot;orientation&quot;:&quot;0&quot;}\" data-image-title=\"Fegebank, Katharina &amp;#8211; GAL\" data-image-description=\"\" data-image-caption=\"&lt;p&gt;Katharina Fegebank (GAL), Wissenschaftliche Mitarbeiterin, * 1977; Wahlkreis 10, Fuhlsb\u00fcttel &amp;#8211; Alsterdorf &amp;#8211; Langenhorn, Hamburgische B\u00fcrgerschaft&lt;\/p&gt;\n\" data-large-file=\"https:\/\/blog.sub.uni-hamburg.de\/wp-content\/uploads\/2015\/05\/15-B\u00f6ll-Fegebank-683x1024.jpg\" class=\"size-medium wp-image-17807\" src=\"https:\/\/blog.sub.uni-hamburg.de\/wp-content\/uploads\/2015\/05\/15-B\u00f6ll-Fegebank-200x300.jpg\" alt=\"Katharina Fegebank (GAL), Wissenschaftliche Mitarbeiterin, * 1977; Wahlkreis 10, Fuhlsb\u00fcttel - Alsterdorf - Langenhorn, Hamburgische B\u00fcrgerschaft\" width=\"200\" height=\"300\" srcset=\"https:\/\/blog.sub.uni-hamburg.de\/wp-content\/uploads\/2015\/05\/15-B\u00f6ll-Fegebank-200x300.jpg 200w, https:\/\/blog.sub.uni-hamburg.de\/wp-content\/uploads\/2015\/05\/15-B\u00f6ll-Fegebank-100x150.jpg 100w, https:\/\/blog.sub.uni-hamburg.de\/wp-content\/uploads\/2015\/05\/15-B\u00f6ll-Fegebank-683x1024.jpg 683w, https:\/\/blog.sub.uni-hamburg.de\/wp-content\/uploads\/2015\/05\/15-B\u00f6ll-Fegebank-900x1350.jpg 900w, https:\/\/blog.sub.uni-hamburg.de\/wp-content\/uploads\/2015\/05\/15-B\u00f6ll-Fegebank.jpg 1555w\" sizes=\"auto, (max-width: 200px) 100vw, 200px\" \/><\/a><p id=\"caption-attachment-17807\" class=\"wp-caption-text\">Katharina Fegebank, Senatorin f\u00fcr Wissenschaft und Forschung<\/p><\/div>\n<p><strong>Gekaufte Wissenschaft \u2013 wird ein Grundrecht geopfert?<\/strong><\/p>\n<p>Hochschulen sind chronisch unterfinanziert. Ohne Drittmittel (30% der Gesamteinnahmen) st\u00fcnde es schlecht um die Leistungsf\u00e4higkeit bzw. Forschungsfinanzierung der Universit\u00e4ten. Rund 6,76 Mrd. Euro davon flossen 2012 an deutsche Hochschulen &#8211; zus\u00e4tzlich zu den Grundmitteln, die die Hochschulen von den L\u00e4ndern erhalten. Hiervon stammen ca. 1,35 Mrd. Euro aus der \u201egewerblichen Wirtschaft\u201c. Das stimmt nachdenklich. Wie steht es um die grundgesetzlich garantierte Freiheit von Forschung und Lehre? Wer gew\u00e4hrleistet demokratische Strukturen? Wie gro\u00df sind die Verflechtungen zwischen Hochschulen und Wirtschaft? Gef\u00e4hrden sie die Unabh\u00e4ngigkeit von Forschung und damit auch die Aussagekraft wissenschaftlicher Erkenntnisse und Studien? Welchen wissenschaftlichen Expertisen und Gutachten k\u00f6nnen wir noch trauen?<\/p>\n<p>Mit<\/p>\n<ul>\n<li>Katharina Fegebank, Senatorin f\u00fcr Wissenschaft, Forschung und Gleichstellung<\/li>\n<li>Prof. Dr.-Ing. Edwin Kreuzer, Pr\u00e4sident der Akademie der Wissenschaften in Hamburg<\/li>\n<li>Arne Semsrott, Transparency International Deutschland e.V., Leiter AG Wissenschaft, Projekt Hochschulwatch.de<\/li>\n<li>Moderation: Angela Grosse, Wissenschaftsjournalistin<\/li>\n<\/ul>\n<p><img loading=\"lazy\" decoding=\"async\" style=\"float: left; padding-left:0px; margin-right:45px; margin-bottom:25px;\"  src=\"https:\/\/blog.sub.uni-hamburg.de\/wp-content\/uploads\/2015\/05\/umdenken_Logo-300x171.jpg\" alt=\"umdenken_Logo\" width=\"170\" height=\"97\" \/><\/p>\n<p><em>Eine Veranstaltung von umdenken \u2013 Heinrich-B\u00f6ll-Stiftung Hamburg e.V.<\/em><\/p>\n<p><strong>Montag, 8. Juni 2015, 19 Uhr<br \/>\nVortragsraum, 1. Etage, Eintritt frei<\/strong><\/p>\n<p><strong>\u00a0<\/strong><\/p>\n","protected":false},"excerpt":{"rendered":"<p>Gekaufte Wissenschaft \u2013 wird ein Grundrecht geopfert? Hochschulen sind chronisch unterfinanziert. Ohne Drittmittel (30% der Gesamteinnahmen) st\u00fcnde es schlecht um die Leistungsf\u00e4higkeit bzw. Forschungsfinanzierung der Universit\u00e4ten. Rund 6,76 Mrd. Euro davon flossen 2012 an deutsche Hochschulen &#8211; zus\u00e4tzlich zu den Grundmitteln, die die Hochschulen von den L\u00e4ndern erhalten. Hiervon stammen ca. 1,35 Mrd. Euro aus [&hellip;]<\/p>\n","protected":false},"author":5,"featured_media":0,"comment_status":"open","ping_status":"open","sticky":false,"template":"","format":"standard","meta":{"jetpack_post_was_ever_published":false,"_jetpack_newsletter_access":"","_jetpack_dont_email_post_to_subs":false,"_jetpack_newsletter_tier_id":0,"_jetpack_memberships_contains_paywalled_content":false,"_jetpack_memberships_contains_paid_content":false,"footnotes":"","jetpack_publicize_message":"","jetpack_publicize_feature_enabled":true,"jetpack_social_post_already_shared":true,"jetpack_social_options":{"image_generator_settings":{"template":"highway","default_image_id":0,"font":"","enabled":false},"version":2}},"categories":[9],"tags":[],"class_list":["post-17806","post","type-post","status-publish","format-standard","hentry","category-ausstellungen"],"views":2850,"jetpack_publicize_connections":[],"jetpack_featured_media_url":"","jetpack_shortlink":"https:\/\/wp.me\/p7hfNR-4Dc","jetpack-related-posts":[{"id":5282,"url":"https:\/\/blog.sub.uni-hamburg.de\/?p=5282","url_meta":{"origin":17806,"position":0},"title":"3. Hamburger Lehrpreisverleihung (28.6.)","author":"Markus Trapp","date":"15-06-11","format":false,"excerpt":"Preisverleihung 2010 im Lichthof der Stabi Die Qualit\u00e4t der Lehre zu steigern, ist eine der zentralen wissenschaftspolitischen Herausforderungen der Gegenwart. Mit der Verleihung des Hamburger Lehrpreises setzt der Hamburger Senat ein deutliches Zeichen, um hervorragende Lehre zu w\u00fcrdigen und anzuerkennen. Der Lehrpreis wird dieses Jahr zum dritten Mal in Folge\u2026","rel":"","context":"In &quot;Ausstellungen und Veranstaltungen&quot;","block_context":{"text":"Ausstellungen und Veranstaltungen","link":"https:\/\/blog.sub.uni-hamburg.de\/?cat=9"},"img":{"alt_text":"","src":"https:\/\/i0.wp.com\/blog.sub.uni-hamburg.de\/wp-content\/uploads\/2011\/06\/Lehrpreis-2010.jpg?resize=350%2C200&ssl=1","width":350,"height":200,"srcset":"https:\/\/i0.wp.com\/blog.sub.uni-hamburg.de\/wp-content\/uploads\/2011\/06\/Lehrpreis-2010.jpg?resize=350%2C200&ssl=1 1x, https:\/\/i0.wp.com\/blog.sub.uni-hamburg.de\/wp-content\/uploads\/2011\/06\/Lehrpreis-2010.jpg?resize=525%2C300&ssl=1 1.5x"},"classes":[]},{"id":7901,"url":"https:\/\/blog.sub.uni-hamburg.de\/?p=7901","url_meta":{"origin":17806,"position":1},"title":"Diskussion mit Senatorin Dr. Stapelfeldt (3.5.)","author":"MG","date":"27-04-12","format":false,"excerpt":"Am Donnerstag, 3. Mai, wird die Senatorin f\u00fcr Wissenschaft und Forschung, Frau Dr. Stapelfeldt, in unserer Bibliothek sein. Sie kommt zu einer Diskussionsveranstaltung mit dem Alumni-Verein der Universit\u00e4t Hamburg um 19 Uhr: \"Den Wissenschaftsstandort Hamburg zukunftsf\u00e4hig machen - bisherige Erfolge und anstehende Herausforderungen\". Moderiert wird die Veranstaltung vom Vorsitzenden von\u2026","rel":"","context":"In &quot;Ausstellungen und Veranstaltungen&quot;","block_context":{"text":"Ausstellungen und Veranstaltungen","link":"https:\/\/blog.sub.uni-hamburg.de\/?cat=9"},"img":{"alt_text":"","src":"https:\/\/i0.wp.com\/blog.sub.uni-hamburg.de\/wp-content\/uploads\/2012\/04\/alumni.jpg?resize=350%2C200&ssl=1","width":350,"height":200},"classes":[]},{"id":17932,"url":"https:\/\/blog.sub.uni-hamburg.de\/?p=17932","url_meta":{"origin":17806,"position":2},"title":"Hamburger Lehrpreisverleihung (6.7.)","author":"Markus Trapp","date":"17-06-15","format":false,"excerpt":"Im Rahmen einer feierlichen Preisverleihung wird Hamburgs Wissenschaftssenatorin Katharina Fegebank die Gewinnerinnen und Gewinner des Hamburger Lehrpreises bekannt geben. [Update 1.7.2015] Da die Senatorin an diesem Tag wegen eines dringenden Termins verhindert ist, wird sie von Staatsr\u00e4tin Dr. Eva G\u00fcmbel vertreten. [Ende Update 1.7.2015] Insgesamt werden 16 Einzelpreise f\u00fcr herausragende\u2026","rel":"","context":"In &quot;Ausstellungen und Veranstaltungen&quot;","block_context":{"text":"Ausstellungen und Veranstaltungen","link":"https:\/\/blog.sub.uni-hamburg.de\/?cat=9"},"img":{"alt_text":"Katharina Fegebank","src":"https:\/\/i0.wp.com\/blog.sub.uni-hamburg.de\/wp-content\/uploads\/2015\/06\/15-LehrprKatharina-Fegebank.jpg?resize=350%2C200&ssl=1","width":350,"height":200},"classes":[]},{"id":12177,"url":"https:\/\/blog.sub.uni-hamburg.de\/?p=12177","url_meta":{"origin":17806,"position":3},"title":"Hamburger Lehrpreisverleihung (3.7.)","author":"Markus Trapp","date":"20-06-13","format":false,"excerpt":"Hochschulen dienen der Bildung, der Lehre und der Forschung. Gute Lehre ist eine Grundbedingung erfolgreicher Hochschulen, und sie ist eine entscheidende Grundlage f\u00fcr eine gute Bildung und Ausbildung der Studierenden. Die Qualit\u00e4t der Hochschulen zu verbessern, hei\u00dft: Die Qualit\u00e4t der Lehre an den Hochschulen zu steigern. Das ist eine der\u2026","rel":"","context":"In &quot;Ausstellungen und Veranstaltungen&quot;","block_context":{"text":"Ausstellungen und Veranstaltungen","link":"https:\/\/blog.sub.uni-hamburg.de\/?cat=9"},"img":{"alt_text":"","src":"https:\/\/i0.wp.com\/blog.sub.uni-hamburg.de\/wp-content\/uploads\/2013\/06\/13-Lehrpreisverleihung-kl.jpg?resize=350%2C200&ssl=1","width":350,"height":200,"srcset":"https:\/\/i0.wp.com\/blog.sub.uni-hamburg.de\/wp-content\/uploads\/2013\/06\/13-Lehrpreisverleihung-kl.jpg?resize=350%2C200&ssl=1 1x, https:\/\/i0.wp.com\/blog.sub.uni-hamburg.de\/wp-content\/uploads\/2013\/06\/13-Lehrpreisverleihung-kl.jpg?resize=525%2C300&ssl=1 1.5x"},"classes":[]},{"id":1038,"url":"https:\/\/blog.sub.uni-hamburg.de\/?p=1038","url_meta":{"origin":17806,"position":4},"title":"Hamburger Lehrpreisverleihung (7.7.)","author":"Markus Trapp","date":"27-06-14","format":false,"excerpt":"Angesichts des zentralen gesellschaftlichen Stellenwertes von Wissenschaft und Forschung und der Akademisierung des Arbeitsmarktes ist es eine vordringliche Aufgabe der Hochschulen, f\u00fcr eine gute Bildung und Ausbildung der Studierenden zu sorgen. St\u00e4rker als in der Vergangenheit wird es daher an Hochschulen neben exzellenter Forschung auf die Exzellenz der Lehre ankommen.\u2026","rel":"","context":"In &quot;Ausstellungen und Veranstaltungen&quot;","block_context":{"text":"Ausstellungen und Veranstaltungen","link":"https:\/\/blog.sub.uni-hamburg.de\/?cat=9"},"img":{"alt_text":"Wissenschaftssenatorin Dorothee Stapelfeldt bei der Lehrpreisverleihung 2012","src":"https:\/\/i0.wp.com\/blog.sub.uni-hamburg.de\/wp-content\/uploads\/2013\/06\/13-Lehrpreisverleihung-kl.jpg?resize=350%2C200&ssl=1","width":350,"height":200,"srcset":"https:\/\/i0.wp.com\/blog.sub.uni-hamburg.de\/wp-content\/uploads\/2013\/06\/13-Lehrpreisverleihung-kl.jpg?resize=350%2C200&ssl=1 1x, https:\/\/i0.wp.com\/blog.sub.uni-hamburg.de\/wp-content\/uploads\/2013\/06\/13-Lehrpreisverleihung-kl.jpg?resize=525%2C300&ssl=1 1.5x"},"classes":[]},{"id":1530,"url":"https:\/\/blog.sub.uni-hamburg.de\/?p=1530","url_meta":{"origin":17806,"position":5},"title":"Hommage an Kirsten Boie! Datenbank, Ausstellung, Symposium (27.1. \/ 28.1.-21.3.2010)","author":"MG","date":"13-01-10","format":false,"excerpt":"Kirsten Boie ist eine der bekanntesten und erfolgreichsten Kinder- und Jugendbuchautorinnen Deutschlands. Die Hamburger Autorin schrieb 1985 ihr erstes Kinderbuch. Seitdem hat sie \u00fcber 100 Kinder- und Jugendb\u00fccher auf den Markt gebracht. Ihr Erfolg zeichnet sich durch internationale Anerkennung der literarischen Fachwelt, vor allem aber durch die \u00fcberw\u00e4ltigende Lekt\u00fcre von\u2026","rel":"","context":"In &quot;Ausstellungen und Veranstaltungen&quot;","block_context":{"text":"Ausstellungen und Veranstaltungen","link":"https:\/\/blog.sub.uni-hamburg.de\/?cat=9"},"img":{"alt_text":"Sammelband Kirsten Boie","src":"https:\/\/i0.wp.com\/blog.sub.uni-hamburg.de\/wp-content\/uploads\/2010\/01\/sammelbandboie.jpg?resize=350%2C200&ssl=1","width":350,"height":200},"classes":[]}],"jetpack_sharing_enabled":true,"_links":{"self":[{"href":"https:\/\/blog.sub.uni-hamburg.de\/index.php?rest_route=\/wp\/v2\/posts\/17806","targetHints":{"allow":["GET"]}}],"collection":[{"href":"https:\/\/blog.sub.uni-hamburg.de\/index.php?rest_route=\/wp\/v2\/posts"}],"about":[{"href":"https:\/\/blog.sub.uni-hamburg.de\/index.php?rest_route=\/wp\/v2\/types\/post"}],"author":[{"embeddable":true,"href":"https:\/\/blog.sub.uni-hamburg.de\/index.php?rest_route=\/wp\/v2\/users\/5"}],"replies":[{"embeddable":true,"href":"https:\/\/blog.sub.uni-hamburg.de\/index.php?rest_route=%2Fwp%2Fv2%2Fcomments&post=17806"}],"version-history":[{"count":13,"href":"https:\/\/blog.sub.uni-hamburg.de\/index.php?rest_route=\/wp\/v2\/posts\/17806\/revisions"}],"predecessor-version":[{"id":17826,"href":"https:\/\/blog.sub.uni-hamburg.de\/index.php?rest_route=\/wp\/v2\/posts\/17806\/revisions\/17826"}],"wp:attachment":[{"href":"https:\/\/blog.sub.uni-hamburg.de\/index.php?rest_route=%2Fwp%2Fv2%2Fmedia&parent=17806"}],"wp:term":[{"taxonomy":"category","embeddable":true,"href":"https:\/\/blog.sub.uni-hamburg.de\/index.php?rest_route=%2Fwp%2Fv2%2Fcategories&post=17806"},{"taxonomy":"post_tag","embeddable":true,"href":"https:\/\/blog.sub.uni-hamburg.de\/index.php?rest_route=%2Fwp%2Fv2%2Ftags&post=17806"}],"curies":[{"name":"wp","href":"https:\/\/api.w.org\/{rel}","templated":true}]}}