{"id":17788,"date":"2015-05-18T16:49:39","date_gmt":"2015-05-18T14:49:39","guid":{"rendered":"http:\/\/blog.sub.uni-hamburg.de\/?p=17788"},"modified":"2015-05-29T14:42:18","modified_gmt":"2015-05-29T12:42:18","slug":"von-humboldt-bis-charnay-amerika-forscher-und-ihre-reisen-im-19-jahrhundert-28-5","status":"publish","type":"post","link":"https:\/\/blog.sub.uni-hamburg.de\/?p=17788","title":{"rendered":"Von Humboldt bis Charnay. Amerika-Forscher und ihre Reisen im 19. Jahrhundert (28.5.)"},"content":{"rendered":"<p><a href=\"https:\/\/blog.sub.uni-hamburg.de\/wp-content\/uploads\/2015\/05\/piramide-de-papantla-gr.jpg\"><img loading=\"lazy\" decoding=\"async\" style=\"float: right; padding-right: 0px; margin-left: 25px; margin-bottom: 15px;\" title=\"Pir\u00e1mide de Papantla\" src=\"https:\/\/blog.sub.uni-hamburg.de\/wp-content\/uploads\/2015\/05\/piramide-de-papantla.jpg\" alt=\"Pir\u00e1mide de Papantla\" width=\"350\" height=\"268\" \/><\/a> <strong>Christian Br\u00fcckner, M.A. (Hamburg): Von Humboldt bis Charnay. Amerika-Forscher und ihre Reisen im 19. Jahrhundert<\/strong><\/p>\n<p>Mit seiner erfolg- und ertragreichen Amerika-Expedition von 1799 bis 1804 setzte Alexander von Humboldt Ma\u00dfst\u00e4be: Seinem Vorbild folgten zahlreiche Reisende, die nicht nur die eindrucksvolle Natur und die dort lebenden Menschen faszinierte, sondern die sich besonders f\u00fcr die Ruinen und Artefakte aus der Zeit vor der Ankunft der Europ\u00e4er interessierten. Die Begeisterung f\u00fcr die Antike der &#8216;Alten Welt&#8217; und die Entzifferung altorientalischer und \u00e4gyptischer Inschriften \u00fcbertrug sich auch auf die &#8216;Neue Welt&#8217;. Auch dort entdeckten und dokumentierten Forscher und K\u00fcnstler unter widrigsten Umst\u00e4nden und gro\u00dfer M\u00fchsal Dutzende neuer arch\u00e4ologischer St\u00e4tten und Hunderte von Strukturen. Damit verbunden sind Namen wie eben Humboldt, dar\u00fcber hinaus Jean-Fr\u00e9d\u00e9ric Maximilien Waldeck, Carl Nebel, John Lloyd Stephens und Frederick Catherwood, Emmanuel von Friedrichsthal und D\u00e9sir\u00e9 Charnay. Die Aufzeichungen und Darstellungen in ihren Berichten zeichnen ein \u00e4u\u00dferst lebendiges Bild der damaligen Lebenswelt, zeugen aber auch von wissenschaftlicher und k\u00fcnstlerischer Konkurrenz und vom Ringen um Anerkennung und Ruhm.<\/p>\n<p><strong>Donnerstag, 28. Mai 2015, 18.15 Uhr<br \/>\nOrt: Vortragsraum, 1. Etage, Eintritt frei.<\/strong><\/p>\n<p><!--more--><\/p>\n<p>Eine Veranstaltung der <a href=\"http:\/\/www.mesoamerika-gesellschaft.de\/\">Mesoamerika-Gesellschaft Hamburg<\/a> in Zusammenarbeit mit der Staats- und Universit\u00e4tsbibliothek Hamburg und der <a href=\"http:\/\/www.sub.uni-hamburg.de\/bibliotheken\/sammlungen\/linga-bibliothek.html\">Linga-Bibliothek<\/a> f\u00fcr Lateinamerika-Forschung im Rahmen der Ringvorlesung \u00abDie Quellen des Wissens zu Mesoamerika\u00bb \u2013 \u00ab<a href=\"https:\/\/www.aww.uni-hamburg.de\/oeffentliche-vortraege\/programm\/23-mesoamerikanistik.html\">Kulturelle Identit\u00e4ten im Spiegel gesellschaftlicher und politischer Prozesse<\/a>\u00bb (April \u2013 Juni 2015):<\/p>\n<p><a href=\"https:\/\/blog.sub.uni-hamburg.de\/wp-content\/uploads\/2015\/05\/piramide-de-papantla-gr.jpg\"><img loading=\"lazy\" decoding=\"async\" style=\"float: right; padding-right: 0px; margin-left: 25px; margin-bottom: 15px; margin-top: 15px;\" title=\"Pir\u00e1mide de Papantla\" src=\"https:\/\/blog.sub.uni-hamburg.de\/wp-content\/uploads\/2015\/05\/piramide-de-papantla-det.jpg\" alt=\"Pir\u00e1mide de Papantla\" width=\"150\" height=\"305\" \/><\/a><\/p>\n<blockquote><p>Was wissen wir eigentlich \u00fcber Mesoamerika? Und woher stammt unser Wissen? Wie dachten und was beobachteten beispielsweise die ersten Missionare in Neuspanien, wie beurteilten und wie beeinflussten die kirchlichen und staatlichen Institutionen im 16. und 17. Jahrhundert die indigene Bev\u00f6lkerung in den ihnen unterstellten Gebieten? Wie nahmen die ersten Reisenden und Forscher ab dem sp\u00e4ten 18. und besonders im 19. Jahrhundert die Menschen und ihre Lebenswelten im heutigen Mexiko, in Guatemala, in Belize und Honduras wahr? Und welche Erkenntnisse erlangten sie \u00fcber die vorspanische Vergangenheit? Welchen Anteil hatten seither die Indigenen selbst, und welche Rolle spielen indigene Akteure heute in Religion, in gesellschaftlichen Entwicklungen und politischen Prozessen?<\/p>\n<p>Der letzte Teil der Ringvorlesung zur Mesoamerikanistik m\u00f6chte einen Einblick geben in die verschiedenen Quellen, die zu Mesoamerika existieren. Die Vielfalt reicht von fr\u00fchkolonialen, indigen beeinflussten Codexb\u00fcchern und lateinschriftlichen Dokumenten bis zu Reiseberichten; sie beeinhaltet orale Traditionen und arch\u00e4ologische Aufzeichnungen und schlie\u00dft auch die Neuen Medien mit ein.<\/p><\/blockquote>\n<p><em>Bildnachweis: Carl Nebel, Pir\u00e1mide de Papantla, Lithographie 1836, \u00a9 Linga-Bibliothek Hamburg<\/em><\/p>\n","protected":false},"excerpt":{"rendered":"<p>Christian Br\u00fcckner, M.A. (Hamburg): Von Humboldt bis Charnay. Amerika-Forscher und ihre Reisen im 19. Jahrhundert Mit seiner erfolg- und ertragreichen Amerika-Expedition von 1799 bis 1804 setzte Alexander von Humboldt Ma\u00dfst\u00e4be: Seinem Vorbild folgten zahlreiche Reisende, die nicht nur die eindrucksvolle Natur und die dort lebenden Menschen faszinierte, sondern die sich besonders f\u00fcr die Ruinen und [&hellip;]<\/p>\n","protected":false},"author":19,"featured_media":0,"comment_status":"open","ping_status":"open","sticky":false,"template":"","format":"standard","meta":{"jetpack_post_was_ever_published":false,"_jetpack_newsletter_access":"","_jetpack_dont_email_post_to_subs":false,"_jetpack_newsletter_tier_id":0,"_jetpack_memberships_contains_paywalled_content":false,"_jetpack_memberships_contains_paid_content":false,"footnotes":"","jetpack_publicize_message":"","jetpack_publicize_feature_enabled":true,"jetpack_social_post_already_shared":true,"jetpack_social_options":{"image_generator_settings":{"template":"highway","default_image_id":0,"font":"","enabled":false},"version":2}},"categories":[9],"tags":[],"class_list":["post-17788","post","type-post","status-publish","format-standard","hentry","category-ausstellungen"],"views":3310,"jetpack_publicize_connections":[],"jetpack_featured_media_url":"","jetpack_shortlink":"https:\/\/wp.me\/p7hfNR-4CU","jetpack-related-posts":[{"id":17897,"url":"https:\/\/blog.sub.uni-hamburg.de\/?p=17897","url_meta":{"origin":17788,"position":0},"title":"Sch\u00e4tze f\u00fcr die Forschung \u2013 Ausgew\u00e4hlte Exponate der Linga-Bibliothek (18.6.)","author":"Markus Trapp","date":"08-06-15","format":false,"excerpt":"Dr. Wiebke von Deylen (Linga-Bibliothek): Sch\u00e4tze f\u00fcr die Forschung \u2013 Ausgew\u00e4hlte Exponate der Linga-Bibliothek in der Ausstellung \u201eZeitreise zu den Azteken und Maya\u201c In der Linga-Bibliothek f\u00fcr Lateinamerika-Forschung befinden sich zahlreiche wertvolle Originalausgaben (siehe B\u00fcchersch\u00e4tze) aus den Zeiten der \u201ezwei Entdeckungen\u201c Amerikas: Zur ersten \u201egeographischen\u201c im 16. Jahrhundert gibt es\u2026","rel":"","context":"In &quot;Ausstellungen und Veranstaltungen&quot;","block_context":{"text":"Ausstellungen und Veranstaltungen","link":"https:\/\/blog.sub.uni-hamburg.de\/?cat=9"},"img":{"alt_text":"d","src":"https:\/\/i0.wp.com\/blog.sub.uni-hamburg.de\/wp-content\/uploads\/2015\/06\/columbus.jpg?resize=350%2C200&ssl=1","width":350,"height":200,"srcset":"https:\/\/i0.wp.com\/blog.sub.uni-hamburg.de\/wp-content\/uploads\/2015\/06\/columbus.jpg?resize=350%2C200&ssl=1 1x, https:\/\/i0.wp.com\/blog.sub.uni-hamburg.de\/wp-content\/uploads\/2015\/06\/columbus.jpg?resize=525%2C300&ssl=1 1.5x"},"classes":[]},{"id":17574,"url":"https:\/\/blog.sub.uni-hamburg.de\/?p=17574","url_meta":{"origin":17788,"position":1},"title":"Zeitreise zu den Azteken und Maya (15.5.-28.6.)","author":"Markus Trapp","date":"27-04-15","format":false,"excerpt":"Zeitreise zu den Azteken und Maya \u2013 zum 50. Jubil\u00e4um der Mesoamerikanistik in Hamburg Die von der Mesoamerika-Gesellschaft Hamburg kuratierte Ausstellung widmet sich der Forschung der Mesoamerikanistik, die in diesem Jahr ihr 50 j\u00e4hriges Bestehen an der Universit\u00e4t Hamburg feiert. Gezeigt werden Exponate aus der Linga Bibliothek f\u00fcr Lateinamerika-Forschung (Info),\u2026","rel":"","context":"In &quot;Ausstellungen und Veranstaltungen&quot;","block_context":{"text":"Ausstellungen und Veranstaltungen","link":"https:\/\/blog.sub.uni-hamburg.de\/?cat=9"},"img":{"alt_text":"","src":"https:\/\/i0.wp.com\/blog.sub.uni-hamburg.de\/wp-content\/uploads\/2015\/04\/PL-Christoph_weiditz-2-150x107.jpg?resize=350%2C200&ssl=1","width":350,"height":200,"srcset":"https:\/\/i0.wp.com\/blog.sub.uni-hamburg.de\/wp-content\/uploads\/2015\/04\/PL-Christoph_weiditz-2-150x107.jpg?resize=350%2C200&ssl=1 1x, https:\/\/i0.wp.com\/blog.sub.uni-hamburg.de\/wp-content\/uploads\/2015\/04\/PL-Christoph_weiditz-2-150x107.jpg?resize=525%2C300&ssl=1 1.5x, https:\/\/i0.wp.com\/blog.sub.uni-hamburg.de\/wp-content\/uploads\/2015\/04\/PL-Christoph_weiditz-2-150x107.jpg?resize=700%2C400&ssl=1 2x, https:\/\/i0.wp.com\/blog.sub.uni-hamburg.de\/wp-content\/uploads\/2015\/04\/PL-Christoph_weiditz-2-150x107.jpg?resize=1050%2C600&ssl=1 3x, https:\/\/i0.wp.com\/blog.sub.uni-hamburg.de\/wp-content\/uploads\/2015\/04\/PL-Christoph_weiditz-2-150x107.jpg?resize=1400%2C800&ssl=1 4x"},"classes":[]},{"id":12905,"url":"https:\/\/blog.sub.uni-hamburg.de\/?p=12905","url_meta":{"origin":17788,"position":2},"title":"Die Geschichte der Mesoamerikanistik (24.10.)","author":"Markus Trapp","date":"14-10-13","format":false,"excerpt":"Forschungsreisende, fremde Kulturen und wirtschaftliches Interesse: Die Geschichte der Mesoamerikanistik. Ein Vortrag von Monique Lorberg M.A. Update \u2013 Vortrag zum Nachschauen auf Lecture2go: Nach dem Vorbild Humboldts entstand im 19. Jh. das Interesse an den mittel- und s\u00fcdamerikanischen Kulturen. Es waren zuerst nur Wissenschaftler, die die ersten Fundst\u00fccke und Menschen\u2026","rel":"","context":"In &quot;Ausstellungen und Veranstaltungen&quot;","block_context":{"text":"Ausstellungen und Veranstaltungen","link":"https:\/\/blog.sub.uni-hamburg.de\/?cat=9"},"img":{"alt_text":"","src":"https:\/\/i0.wp.com\/blog.sub.uni-hamburg.de\/wp-content\/uploads\/2013\/10\/guatemala_sw-1.jpg?resize=350%2C200&ssl=1","width":350,"height":200},"classes":[]},{"id":11755,"url":"https:\/\/blog.sub.uni-hamburg.de\/?p=11755","url_meta":{"origin":17788,"position":3},"title":"Exponat des Monats Mai: Moritz Rugendas","author":"Markus Trapp","date":"06-05-13","format":false,"excerpt":"Aus der Linga-Bibliothek f\u00fcr Lateinamerika-Forschung: Exponat des Monats Mai Johann Moritz Rugendas: Voyage pittoresque dans le Br\u00e9sil: mit 100 Tafeln, Paris 1835. Begleitend zur aktuellen Ausstellung wird als Exponat des Monats die \u201eMalerische Reise in Brasilien\u201c des deutschen Malers Johann Moritz Rugendas (1802-1858) gezeigt, die sich im Besitz der Linga-Bibliothek\u2026","rel":"","context":"In &quot;Ausstellungen und Veranstaltungen&quot;","block_context":{"text":"Ausstellungen und Veranstaltungen","link":"https:\/\/blog.sub.uni-hamburg.de\/?cat=9"},"img":{"alt_text":"","src":"https:\/\/i0.wp.com\/blog.sub.uni-hamburg.de\/wp-content\/uploads\/2013\/04\/13-Expo-Mai.jpg?resize=350%2C200&ssl=1","width":350,"height":200,"srcset":"https:\/\/i0.wp.com\/blog.sub.uni-hamburg.de\/wp-content\/uploads\/2013\/04\/13-Expo-Mai.jpg?resize=350%2C200&ssl=1 1x, https:\/\/i0.wp.com\/blog.sub.uni-hamburg.de\/wp-content\/uploads\/2013\/04\/13-Expo-Mai.jpg?resize=525%2C300&ssl=1 1.5x"},"classes":[]},{"id":17529,"url":"https:\/\/blog.sub.uni-hamburg.de\/?p=17529","url_meta":{"origin":17788,"position":4},"title":"Besiedlung und Migration in Mesoamerika (7.5.)","author":"Markus Trapp","date":"20-04-15","format":false,"excerpt":"Prof. Dr. Viola K\u00f6nig (Berlin): Besiedlung und Migration in Mesoamerika \u2013 Mythos und Modell In Codexb\u00fcchern und Lienzos, die auf vorspanischen und fr\u00fchkolonialen Vorl\u00e4ufern und Quellen beruhen, finden sich zahlreiche und vielf\u00e4ltige Informationen \u00fcber Orte in Mesoamerika. Einige bezeichnen etwa mythische Orte der Herkunft oder Abstammung, wie den sagenhaften Ursprungsort\u2026","rel":"","context":"In &quot;Ausstellungen und Veranstaltungen&quot;","block_context":{"text":"Ausstellungen und Veranstaltungen","link":"https:\/\/blog.sub.uni-hamburg.de\/?cat=9"},"img":{"alt_text":"Darstellung von Chichmoztoc, entnommen der Historia Tolteca Chicimeca, Mitte 16. Jh. \u00a9 Biblioth\u00e8que Nationale de France, \u00a9 Bearbeitung C. Br\u00fcckner","src":"https:\/\/i0.wp.com\/blog.sub.uni-hamburg.de\/wp-content\/uploads\/2015\/04\/15-Mesos-Historia_Tolteca-k.jpg?resize=350%2C200&ssl=1","width":350,"height":200},"classes":[]},{"id":17926,"url":"https:\/\/blog.sub.uni-hamburg.de\/?p=17926","url_meta":{"origin":17788,"position":5},"title":"Entf\u00e4llt: Mesoamerika-Vorlesung: Monotheismus trifft Polytheismus (2.7.)","author":"Markus Trapp","date":"16-06-15","format":false,"excerpt":"Update 1.7.2015: Wie uns die Veranstalter soeben mitteilen, muss der Vortrag leider entfallen! Er soll zu gegebener Zeit nachgeholt werden. Dirk Tiemann, M.A.: Monotheismus trifft Polytheismus \u2013 Die aztekische Religion aus Sicht eines Christenmenschen des 16. Jahrhunderts Nach 1521 ist die bestehende Ordnung in Zentralmexiko zerst\u00f6rt, die etablierten Herrscher wurden\u2026","rel":"","context":"In &quot;Ausstellungen und Veranstaltungen&quot;","block_context":{"text":"Ausstellungen und Veranstaltungen","link":"https:\/\/blog.sub.uni-hamburg.de\/?cat=9"},"img":{"alt_text":"","src":"https:\/\/i0.wp.com\/blog.sub.uni-hamburg.de\/wp-content\/uploads\/2015\/06\/meso-072015.jpg?resize=350%2C200&ssl=1","width":350,"height":200,"srcset":"https:\/\/i0.wp.com\/blog.sub.uni-hamburg.de\/wp-content\/uploads\/2015\/06\/meso-072015.jpg?resize=350%2C200&ssl=1 1x, https:\/\/i0.wp.com\/blog.sub.uni-hamburg.de\/wp-content\/uploads\/2015\/06\/meso-072015.jpg?resize=525%2C300&ssl=1 1.5x"},"classes":[]}],"jetpack_sharing_enabled":true,"_links":{"self":[{"href":"https:\/\/blog.sub.uni-hamburg.de\/index.php?rest_route=\/wp\/v2\/posts\/17788","targetHints":{"allow":["GET"]}}],"collection":[{"href":"https:\/\/blog.sub.uni-hamburg.de\/index.php?rest_route=\/wp\/v2\/posts"}],"about":[{"href":"https:\/\/blog.sub.uni-hamburg.de\/index.php?rest_route=\/wp\/v2\/types\/post"}],"author":[{"embeddable":true,"href":"https:\/\/blog.sub.uni-hamburg.de\/index.php?rest_route=\/wp\/v2\/users\/19"}],"replies":[{"embeddable":true,"href":"https:\/\/blog.sub.uni-hamburg.de\/index.php?rest_route=%2Fwp%2Fv2%2Fcomments&post=17788"}],"version-history":[{"count":6,"href":"https:\/\/blog.sub.uni-hamburg.de\/index.php?rest_route=\/wp\/v2\/posts\/17788\/revisions"}],"predecessor-version":[{"id":17839,"href":"https:\/\/blog.sub.uni-hamburg.de\/index.php?rest_route=\/wp\/v2\/posts\/17788\/revisions\/17839"}],"wp:attachment":[{"href":"https:\/\/blog.sub.uni-hamburg.de\/index.php?rest_route=%2Fwp%2Fv2%2Fmedia&parent=17788"}],"wp:term":[{"taxonomy":"category","embeddable":true,"href":"https:\/\/blog.sub.uni-hamburg.de\/index.php?rest_route=%2Fwp%2Fv2%2Fcategories&post=17788"},{"taxonomy":"post_tag","embeddable":true,"href":"https:\/\/blog.sub.uni-hamburg.de\/index.php?rest_route=%2Fwp%2Fv2%2Ftags&post=17788"}],"curies":[{"name":"wp","href":"https:\/\/api.w.org\/{rel}","templated":true}]}}