{"id":17738,"date":"2015-05-08T10:44:51","date_gmt":"2015-05-08T08:44:51","guid":{"rendered":"http:\/\/blog.sub.uni-hamburg.de\/?p=17738"},"modified":"2015-05-22T11:11:47","modified_gmt":"2015-05-22T09:11:47","slug":"auf-den-spuren-eduard-selers-21-5","status":"publish","type":"post","link":"https:\/\/blog.sub.uni-hamburg.de\/?p=17738","title":{"rendered":"Auf den Spuren Eduard Selers (21.5.)"},"content":{"rendered":"<p><img loading=\"lazy\" decoding=\"async\" data-attachment-id=\"17739\" data-permalink=\"https:\/\/blog.sub.uni-hamburg.de\/?attachment_id=17739\" data-orig-file=\"https:\/\/blog.sub.uni-hamburg.de\/wp-content\/uploads\/2015\/05\/parcha.jpg\" data-orig-size=\"400,300\" data-comments-opened=\"1\" data-image-meta=\"{&quot;aperture&quot;:&quot;0&quot;,&quot;credit&quot;:&quot;&quot;,&quot;camera&quot;:&quot;&quot;,&quot;caption&quot;:&quot;&quot;,&quot;created_timestamp&quot;:&quot;0&quot;,&quot;copyright&quot;:&quot;&quot;,&quot;focal_length&quot;:&quot;0&quot;,&quot;iso&quot;:&quot;0&quot;,&quot;shutter_speed&quot;:&quot;0&quot;,&quot;title&quot;:&quot;&quot;,&quot;orientation&quot;:&quot;0&quot;}\" data-image-title=\"parcha\" data-image-description=\"\" data-image-caption=\"\" data-large-file=\"https:\/\/blog.sub.uni-hamburg.de\/wp-content\/uploads\/2015\/05\/parcha.jpg\" src=\"https:\/\/blog.sub.uni-hamburg.de\/wp-content\/uploads\/2015\/05\/parcha.jpg\" alt=\"parcha\" width=\"400\" height=\"300\" class=\"alignright size-full wp-image-17739\" srcset=\"https:\/\/blog.sub.uni-hamburg.de\/wp-content\/uploads\/2015\/05\/parcha.jpg 400w, https:\/\/blog.sub.uni-hamburg.de\/wp-content\/uploads\/2015\/05\/parcha-150x113.jpg 150w, https:\/\/blog.sub.uni-hamburg.de\/wp-content\/uploads\/2015\/05\/parcha-300x225.jpg 300w\" sizes=\"auto, (max-width: 400px) 100vw, 400px\" \/> <\/p>\n<p><strong>Dr. Ulrich W\u00f6lfel (Bonn): Auf den Spuren Eduard Selers: Neue arch\u00e4ologische Forschungen zur Region Chacul\u00e1, Guatemala<\/strong><\/p>\n<p>Im Jahre 1896 besuchten <a href=\"http:\/\/de.wikipedia.org\/wiki\/Eduard_Seler\">Eduard Seler<\/a> und seine Frau Caecilie Seler-Sachs die Chacul\u00e1-Region im nordwestlichen Hochland Guatemalas. Hier f\u00fchrten sie Ausgrabungen in den St\u00e4tten sowie regionale Erkundungen durch. Anschlie\u00dfend nahezu vergessen, r\u00fcckt diese Gegend in j\u00fcngster Zeit wieder in den Fokus arch\u00e4ologischer Untersuchungen. Das Proyecto Arqueol\u00f3gico de la Region Chacul\u00e1 (<a href=\"http:\/\/www.iae.uni-bonn.de\/forschung\/forschungsprojekte\/laufende-projekte\/PARCHA\/proyecto-arqueologico-de-la-region-chacula-parcha\">PARCHA<\/a>) besch\u00e4ftigt sich mit der Aufarbeitung von Selers Forschungen in der Chacul\u00e1-Region.<\/p>\n<p>Dabei liegt der Fokus auf Chronologie und Siedlungsgeschichte der von Seler nur unvollst\u00e4ndig dokumentierten Region. Seit 2013 werden hierzu die von ihm erw\u00e4hnten arch\u00e4ologischen St\u00e4tten neu lokalisiert und ihr heutiger Zustand dokumentiert, sowie neu entdeckte St\u00e4tten erstmals erkundet. Dar\u00fcberhinaus werden in der St\u00e4tte Vermessungs- und Ausgrabungsarbeiten durchgef\u00fchrt. Der Vortrag gibt einen \u00dcberblick zu Selers Forschungen und den aktuellen Arbeiten von PARCHA. <\/p>\n<p>Donnerstag, 21. Mai 2015, 18.15 Uhr<br \/>\nOrt: Vortragsraum, 1. Etage, Eintritt frei.<\/p>\n<p>Wer sich f\u00fcr die Arbeit von Eduard Seler interessiert, kann auch eine Doku \u00fcber ihn in der ZDF-Mediathek nachschauen: \u00ab<a href=\"http:\/\/www.zdf.de\/ZDFmediathek\/beitrag\/video\/868692#\/beitrag\/video\/868692\/Der-geheime-Azteken-Code\">Der geheime Code der Azteken<\/a>\u00bb (Doku-Drama, Reportage, Deutschland, 2009, 45 Min., Buch und Regie: Saskia Weisheit):<\/p>\n<p><a href=\"http:\/\/www.zdf.de\/ZDFmediathek\/beitrag\/video\/868692#\/beitrag\/video\/868692\/Der-geheime-Azteken-Code\"><img loading=\"lazy\" decoding=\"async\" src=\"https:\/\/blog.sub.uni-hamburg.de\/wp-content\/uploads\/2015\/05\/eduardseler-film.jpg\" alt=\"eduardseler-film\" width=\"550\" height=\"305\" style=\"float: none;\" \/><\/a><\/p>\n<blockquote><p>Eduard Seler, ein Gelehrter aus Berlin, entschl\u00fcsselte die r\u00e4tselhaften aztekischen Bilderschriften. Langsam lernte Seler sie zu verstehen und legte damit den Grundstein f\u00fcr eine ganze Wissenschaft.<\/p><\/blockquote>\n<p><!--more--><\/p>\n<p>Eine Veranstaltung der <a href=\"http:\/\/www.mesoamerika-gesellschaft.de\/\">Mesoamerika-Gesellschaft Hamburg<\/a> in Zusammenarbeit mit der Staats- und Universit\u00e4tsbibliothek Hamburg und der <a href=\"http:\/\/www.sub.uni-hamburg.de\/bibliotheken\/sammlungen\/linga-bibliothek.html\">Linga-Bibliothek<\/a> f\u00fcr Lateinamerika-Forschung im Rahmen der Ringvorlesung \u00abDie Quellen des Wissens zu Mesoamerika\u00bb \u2013 \u00ab<a href=\"https:\/\/www.aww.uni-hamburg.de\/oeffentliche-vortraege\/programm\/23-mesoamerikanistik.html\">Kulturelle Identit\u00e4ten im Spiegel gesellschaftlicher und politischer Prozesse<\/a>\u00bb (April \u2013 Juni 2015):<\/p>\n<p><a href=\"https:\/\/blog.sub.uni-hamburg.de\/wp-content\/uploads\/2015\/05\/eduardseler-film-det.jpg\"><img loading=\"lazy\" decoding=\"async\" src=\"https:\/\/blog.sub.uni-hamburg.de\/wp-content\/uploads\/2015\/05\/eduardseler-film-det.jpg\" alt=\"eduardseler-film-det\" width=\"300\" height=\"93\" style=\"float: right; padding-right: 0px; margin-left: 25px; margin-bottom: 15px; margin-top: 15px;\" \/><\/a><\/p>\n<blockquote><p>Was wissen wir eigentlich \u00fcber Mesoamerika? Und woher stammt unser Wissen? Wie dachten und was beobachteten beispielsweise die ersten Missionare in Neuspanien, wie beurteilten und wie beeinflussten die kirchlichen und staatlichen Institutionen im 16. und 17. Jahrhundert die indigene Bev\u00f6lkerung in den ihnen unterstellten Gebieten? Wie nahmen die ersten Reisenden und Forscher ab dem sp\u00e4ten 18. und besonders im 19. Jahrhundert die Menschen und ihre Lebenswelten im heutigen Mexiko, in Guatemala, in Belize und Honduras wahr? Und welche Erkenntnisse erlangten sie \u00fcber die vorspanische Vergangenheit? Welchen Anteil hatten seither die Indigenen selbst, und welche Rolle spielen indigene Akteure heute in Religion, in gesellschaftlichen Entwicklungen und politischen Prozessen?<\/p>\n<p>Der letzte Teil der Ringvorlesung zur Mesoamerikanistik m\u00f6chte einen Einblick geben in die verschiedenen Quellen, die zu Mesoamerika existieren. Die Vielfalt reicht von fr\u00fchkolonialen, indigen beeinflussten Codexb\u00fcchern und lateinschriftlichen Dokumenten bis zu Reiseberichten; sie beeinhaltet orale Traditionen und arch\u00e4ologische Aufzeichnungen und schlie\u00dft auch die Neuen Medien mit ein.<\/p><\/blockquote>\n","protected":false},"excerpt":{"rendered":"<p>Dr. Ulrich W\u00f6lfel (Bonn): Auf den Spuren Eduard Selers: Neue arch\u00e4ologische Forschungen zur Region Chacul\u00e1, Guatemala Im Jahre 1896 besuchten Eduard Seler und seine Frau Caecilie Seler-Sachs die Chacul\u00e1-Region im nordwestlichen Hochland Guatemalas. Hier f\u00fchrten sie Ausgrabungen in den St\u00e4tten sowie regionale Erkundungen durch. Anschlie\u00dfend nahezu vergessen, r\u00fcckt diese Gegend in j\u00fcngster Zeit wieder in [&hellip;]<\/p>\n","protected":false},"author":19,"featured_media":0,"comment_status":"open","ping_status":"open","sticky":false,"template":"","format":"standard","meta":{"jetpack_post_was_ever_published":false,"_jetpack_newsletter_access":"","_jetpack_dont_email_post_to_subs":false,"_jetpack_newsletter_tier_id":0,"_jetpack_memberships_contains_paywalled_content":false,"_jetpack_memberships_contains_paid_content":false,"footnotes":"","jetpack_publicize_message":"","jetpack_publicize_feature_enabled":true,"jetpack_social_post_already_shared":true,"jetpack_social_options":{"image_generator_settings":{"template":"highway","default_image_id":0,"font":"","enabled":false},"version":2}},"categories":[9],"tags":[],"class_list":["post-17738","post","type-post","status-publish","format-standard","hentry","category-ausstellungen"],"views":3013,"jetpack_publicize_connections":[],"jetpack_featured_media_url":"","jetpack_shortlink":"https:\/\/wp.me\/p7hfNR-4C6","jetpack-related-posts":[{"id":17574,"url":"https:\/\/blog.sub.uni-hamburg.de\/?p=17574","url_meta":{"origin":17738,"position":0},"title":"Zeitreise zu den Azteken und Maya (15.5.-28.6.)","author":"Markus Trapp","date":"27-04-15","format":false,"excerpt":"Zeitreise zu den Azteken und Maya \u2013 zum 50. Jubil\u00e4um der Mesoamerikanistik in Hamburg Die von der Mesoamerika-Gesellschaft Hamburg kuratierte Ausstellung widmet sich der Forschung der Mesoamerikanistik, die in diesem Jahr ihr 50 j\u00e4hriges Bestehen an der Universit\u00e4t Hamburg feiert. Gezeigt werden Exponate aus der Linga Bibliothek f\u00fcr Lateinamerika-Forschung (Info),\u2026","rel":"","context":"In &quot;Ausstellungen und Veranstaltungen&quot;","block_context":{"text":"Ausstellungen und Veranstaltungen","link":"https:\/\/blog.sub.uni-hamburg.de\/?cat=9"},"img":{"alt_text":"","src":"https:\/\/i0.wp.com\/blog.sub.uni-hamburg.de\/wp-content\/uploads\/2015\/04\/PL-Christoph_weiditz-2-150x107.jpg?resize=350%2C200&ssl=1","width":350,"height":200,"srcset":"https:\/\/i0.wp.com\/blog.sub.uni-hamburg.de\/wp-content\/uploads\/2015\/04\/PL-Christoph_weiditz-2-150x107.jpg?resize=350%2C200&ssl=1 1x, https:\/\/i0.wp.com\/blog.sub.uni-hamburg.de\/wp-content\/uploads\/2015\/04\/PL-Christoph_weiditz-2-150x107.jpg?resize=525%2C300&ssl=1 1.5x, https:\/\/i0.wp.com\/blog.sub.uni-hamburg.de\/wp-content\/uploads\/2015\/04\/PL-Christoph_weiditz-2-150x107.jpg?resize=700%2C400&ssl=1 2x, https:\/\/i0.wp.com\/blog.sub.uni-hamburg.de\/wp-content\/uploads\/2015\/04\/PL-Christoph_weiditz-2-150x107.jpg?resize=1050%2C600&ssl=1 3x, https:\/\/i0.wp.com\/blog.sub.uni-hamburg.de\/wp-content\/uploads\/2015\/04\/PL-Christoph_weiditz-2-150x107.jpg?resize=1400%2C800&ssl=1 4x"},"classes":[]},{"id":672,"url":"https:\/\/blog.sub.uni-hamburg.de\/?p=672","url_meta":{"origin":17738,"position":1},"title":"Ausstellungser\u00f6ffnung &#8220;Von Frauenhand&#8221;","author":"MG","date":"22-08-07","format":false,"excerpt":"Am Montag, dem 3. September, wird um 19 Uhr im Vortragsraum der Staats- und Universit\u00e4tsbibliothek die Ausstellung \"Von Frauenhand - Mittelalterliche Codices aus dem Nonnenkloster Medingen\" er\u00f6ffnet. G\u00e4ste sind herzlich willkommen. Programm: Begr\u00fc\u00dfung: Prof. Dr. Gabriele Beger (Direktorin der Bibliothek) Vortrag: Dr. Hans-Walter Stork: Medinger Handschriften in europ\u00e4ischen Sammlungen und\u2026","rel":"","context":"In &quot;Ausstellungen und Veranstaltungen&quot;","block_context":{"text":"Ausstellungen und Veranstaltungen","link":"https:\/\/blog.sub.uni-hamburg.de\/?cat=9"},"img":{"alt_text":"","src":"","width":0,"height":0},"classes":[]},{"id":2885,"url":"https:\/\/blog.sub.uni-hamburg.de\/?p=2885","url_meta":{"origin":17738,"position":2},"title":"Wer ist Meister Eckhart? Ein Geburtstagsgru\u00df (7.9.2010)","author":"MG","date":"17-08-10","format":false,"excerpt":"Wer ist Meister Eckhart? Der gro\u00dfe deutsche Dominikanertheologe und Philosoph wurde um 1260 geboren, und so begeht man im Jahr 2010 den 750. Geburtstag Eckharts. Zwei Ereignisse bringen den gro\u00dfen Mystiker mit Hamburg in direkte Verbindung. Am 8. September 1310 leitet er hier ein Provinzkapitel, und von zwei Sammelhandschriften mit\u2026","rel":"","context":"In &quot;Ausstellungen und Veranstaltungen&quot;","block_context":{"text":"Ausstellungen und Veranstaltungen","link":"https:\/\/blog.sub.uni-hamburg.de\/?cat=9"},"img":{"alt_text":"Textfragment Meister Eckhart","src":"https:\/\/i0.wp.com\/blog.sub.uni-hamburg.de\/wp-content\/uploads\/2010\/08\/eckhart.jpg?resize=350%2C200&ssl=1","width":350,"height":200},"classes":[]},{"id":17025,"url":"https:\/\/blog.sub.uni-hamburg.de\/?p=17025","url_meta":{"origin":17738,"position":3},"title":"Unterwasserarch\u00e4ologische Untersuchungen auf der Halbinsel Yucat\u00e1n, Mexiko (12.2.)","author":"Markus Trapp","date":"26-01-15","format":false,"excerpt":"Update 27.1.2015: Die Veranstaltung muss leider entfallen! Marlen Kr\u00f6ger (Christian-Albrechts-Universit\u00e4t zu Kiel): Unterwasserarch\u00e4ologische Untersuchungen auf der Halbinsel Yucat\u00e1n, Mexiko Der Vortrag besch\u00e4ftigt sich mit der Bedeutung der Cenoten und gefluteten H\u00f6hlensystemen auf der yukatekischen Halbinsel f\u00fcr unterschiedliche Forschungsbereiche. Es wird eine Auswahl subaquatischer Fundpl\u00e4tze vorgestellt, die jeweils von Bedeutung f\u00fcr\u2026","rel":"","context":"In &quot;Ausstellungen und Veranstaltungen&quot;","block_context":{"text":"Ausstellungen und Veranstaltungen","link":"https:\/\/blog.sub.uni-hamburg.de\/?cat=9"},"img":{"alt_text":"","src":"https:\/\/i0.wp.com\/blog.sub.uni-hamburg.de\/wp-content\/uploads\/2015\/01\/meso-tauchen.jpg?resize=350%2C200&ssl=1","width":350,"height":200,"srcset":"https:\/\/i0.wp.com\/blog.sub.uni-hamburg.de\/wp-content\/uploads\/2015\/01\/meso-tauchen.jpg?resize=350%2C200&ssl=1 1x, https:\/\/i0.wp.com\/blog.sub.uni-hamburg.de\/wp-content\/uploads\/2015\/01\/meso-tauchen.jpg?resize=525%2C300&ssl=1 1.5x"},"classes":[]},{"id":16805,"url":"https:\/\/blog.sub.uni-hamburg.de\/?p=16805","url_meta":{"origin":17738,"position":4},"title":"Koloniale Dokumente aus Guatemala (15.1.)","author":"Markus Trapp","date":"17-12-14","format":false,"excerpt":"jun. Prof. Dr. Frauke Sachse: Anspruch und Erbe: Kontinuit\u00e4ten von Territorialit\u00e4t und Legitimit\u00e4t in kolonialen Dokumenten des Hochlands von Guatemala Im Hochland von Guatemala \u00fcbernahmen indigene Eliten in der Kolonialzeit europ\u00e4ische Textgenres und appropriierten sie f\u00fcr eigene Zwecke. Landtitel und Petitionen dienten dazu, legitime Rechte an Territorium und Tribut geltend\u2026","rel":"","context":"In &quot;Ausstellungen und Veranstaltungen&quot;","block_context":{"text":"Ausstellungen und Veranstaltungen","link":"https:\/\/blog.sub.uni-hamburg.de\/?cat=9"},"img":{"alt_text":"","src":"https:\/\/i0.wp.com\/blog.sub.uni-hamburg.de\/wp-content\/uploads\/2014\/12\/guatemala1.jpg?resize=350%2C200&ssl=1","width":350,"height":200,"srcset":"https:\/\/i0.wp.com\/blog.sub.uni-hamburg.de\/wp-content\/uploads\/2014\/12\/guatemala1.jpg?resize=350%2C200&ssl=1 1x, https:\/\/i0.wp.com\/blog.sub.uni-hamburg.de\/wp-content\/uploads\/2014\/12\/guatemala1.jpg?resize=525%2C300&ssl=1 1.5x"},"classes":[]},{"id":16121,"url":"https:\/\/blog.sub.uni-hamburg.de\/?p=16121","url_meta":{"origin":17738,"position":5},"title":"Der Kollaps der Klassischen Maya (30.10.)","author":"Markus Trapp","date":"13-10-14","format":false,"excerpt":"Eine gute Nachricht f\u00fcr alle Interessenten der Kultur und Geschichte Mesoamerikas: Auch im Wintersemester werden die sehr beliebten Veranstaltungen der Ringvorlesung Mesoamerika fortgef\u00fchrt. Den Auftakt bildet am Donnerstag, den 30. Oktober 2014, um 18:15 Uhr der Vortrag Der Kollaps der Klassischen Maya \u2013 Zusammenbruch der politischen Institutionen statt Klimawandel und\u2026","rel":"","context":"In &quot;Ausstellungen und Veranstaltungen&quot;","block_context":{"text":"Ausstellungen und Veranstaltungen","link":"https:\/\/blog.sub.uni-hamburg.de\/?cat=9"},"img":{"alt_text":"Palast in Palenque, Chiapas, Mexiko","src":"https:\/\/i0.wp.com\/blog.sub.uni-hamburg.de\/wp-content\/uploads\/2014\/10\/palenque-chiapas-det.jpg?resize=350%2C200&ssl=1","width":350,"height":200},"classes":[]}],"jetpack_sharing_enabled":true,"_links":{"self":[{"href":"https:\/\/blog.sub.uni-hamburg.de\/index.php?rest_route=\/wp\/v2\/posts\/17738","targetHints":{"allow":["GET"]}}],"collection":[{"href":"https:\/\/blog.sub.uni-hamburg.de\/index.php?rest_route=\/wp\/v2\/posts"}],"about":[{"href":"https:\/\/blog.sub.uni-hamburg.de\/index.php?rest_route=\/wp\/v2\/types\/post"}],"author":[{"embeddable":true,"href":"https:\/\/blog.sub.uni-hamburg.de\/index.php?rest_route=\/wp\/v2\/users\/19"}],"replies":[{"embeddable":true,"href":"https:\/\/blog.sub.uni-hamburg.de\/index.php?rest_route=%2Fwp%2Fv2%2Fcomments&post=17738"}],"version-history":[{"count":1,"href":"https:\/\/blog.sub.uni-hamburg.de\/index.php?rest_route=\/wp\/v2\/posts\/17738\/revisions"}],"predecessor-version":[{"id":17742,"href":"https:\/\/blog.sub.uni-hamburg.de\/index.php?rest_route=\/wp\/v2\/posts\/17738\/revisions\/17742"}],"wp:attachment":[{"href":"https:\/\/blog.sub.uni-hamburg.de\/index.php?rest_route=%2Fwp%2Fv2%2Fmedia&parent=17738"}],"wp:term":[{"taxonomy":"category","embeddable":true,"href":"https:\/\/blog.sub.uni-hamburg.de\/index.php?rest_route=%2Fwp%2Fv2%2Fcategories&post=17738"},{"taxonomy":"post_tag","embeddable":true,"href":"https:\/\/blog.sub.uni-hamburg.de\/index.php?rest_route=%2Fwp%2Fv2%2Ftags&post=17738"}],"curies":[{"name":"wp","href":"https:\/\/api.w.org\/{rel}","templated":true}]}}