{"id":17490,"date":"2015-04-10T10:40:37","date_gmt":"2015-04-10T08:40:37","guid":{"rendered":"http:\/\/blog.sub.uni-hamburg.de\/?p=17490"},"modified":"2015-04-27T09:39:10","modified_gmt":"2015-04-27T07:39:10","slug":"ringvorlesung-mesoamerika-rigoberta-menchu-30-4","status":"publish","type":"post","link":"https:\/\/blog.sub.uni-hamburg.de\/?p=17490","title":{"rendered":"Ringvorlesung Mesoamerika: Rigoberta Mench\u00fa (30.4.) +++ entf\u00e4llt! +++"},"content":{"rendered":"<p><img loading=\"lazy\" decoding=\"async\" src=\"https:\/\/blog.sub.uni-hamburg.de\/wp-content\/uploads\/2015\/04\/Rigoberta_Menchu_2009.jpg\" alt=\"Rigoberta Mench\u00fa\" title=\"Rigoberta Mench\u00fa\" width=\"304\" height=\"435\" style=\"float: right; padding-right:0px; margin-left:25px; margin-bottom:25px;\" \/> <strong><a href=\"https:\/\/www1.geschichte.uni-hamburg.de\/arbeitsbereiche\/aussereuropaeische-geschichte\/personen\/muecke.html\">Prof. Dr. Ulrich M\u00fccke<\/a> (Hamburg): Rigoberta Mench\u00fa. Macht der Wahrheit. Wahrheit der Macht<\/strong><\/p>\n<p><a href=\"http:\/\/de.wikipedia.org\/wiki\/Rigoberta_Mench%C3%BA\">Rigoberta Mench\u00fa Tum<\/a> ist eine der bekanntesten Personen Guatemalas. Die indigene Friedensaktivistin erlebte im guatemaltekischen B\u00fcrgerkrieg die grausamen Menschenrechtsverletzungen hautnah in ihrer eigenen Familie. Als Gegnerin des Regimes unterst\u00fctzte sie seit den sp\u00e4ten 1970er Jahren die Unterdr\u00fcckten. Auch nach ihrer Flucht nach Mexiko trat sie f\u00fcr die Rechte der Indigenen ein, und erlangte dank ihrer Arbeit und auch durch ihre Autobiographie zunehmend Popularit\u00e4t. Ehrungen wie der UNESCO-Preis f\u00fcr Friedenserziehung 1990, der Friedensnobelpreis 1992, und die Ernennung zur UNESCO-Sonderbotschafterin 1996 folgten. Eine Pr\u00e4sidentschaftskandidatur in Guatemala 2007 indes war nicht erfolgreich, wie auch ihre Anklage gegen Hauptverantwortliche des B\u00fcrgerkrieges im Jahre 1999, worauf sie bedroht und ihrerseits des Hochverrats bezichtigt wurde. Nicht zuletzt weil Mench\u00fas Angaben in ihrem &#8220;testimonio&#8221; umstritten sind, behandelt der Vortrag die kontroversen Debatten, die sich daran anschlie\u00dfen. Unter anderem geht es auch um die Frage, wer kraft welcher Legitimation in Fragen des B\u00fcrgerkriegs in Guatemala und den Menschenrechtsverletzungen insbesondere an den Indigenen das Wort ergreifen darf.<\/p>\n<p><del datetime=\"2015-04-27T07:37:55+00:00\"><strong>Donnerstag, 30. April 2015, 18.15 h<br \/>\nOrt: Vortragsraum, 1. Etage, Eintritt frei.<\/strong><\/del> +++ Leider entf\u00e4llt die Veranstaltung. +++<br \/>\n<!--more--><\/p>\n<p>Eine Veranstaltung der <a href=\"http:\/\/www.mesoamerika-gesellschaft.de\/\">Mesoamerika-Gesellschaft Hamburg<\/a> in Zusammenarbeit mit der Staats- und Universit\u00e4tsbibliothek Hamburg und der <a href=\"http:\/\/www.sub.uni-hamburg.de\/bibliotheken\/sammlungen\/linga-bibliothek.html\">Linga-Bibliothek<\/a> f\u00fcr Lateinamerika-Forschung im Rahmen der Ringvorlesung \u00abDie Quellen des Wissens zu Mesoamerika\u00bb \u2013 \u00ab<a href=\"https:\/\/www.aww.uni-hamburg.de\/oeffentliche-vortraege\/programm\/23-mesoamerikanistik.html\">Kulturelle Identit\u00e4ten im Spiegel gesellschaftlicher und politischer Prozesse<\/a>\u00bb (April \u2013 Juni 2015):<\/p>\n<p><img loading=\"lazy\" decoding=\"async\" style=\"float: right; padding-right: 0px; margin-left: 25px; margin-bottom: 15px; margin-top: 15px;\" src=\"https:\/\/blog.sub.uni-hamburg.de\/wp-content\/uploads\/2015\/04\/Rigoberta_Menchu_2009-lang.jpg\" alt=\"Rigoberta Mench\u00fa\" title=\"Rigoberta Mench\u00fa\" width=\"112\" height=\"350\" \/> <\/p>\n<blockquote><p>Was wissen wir eigentlich \u00fcber Mesoamerika? Und woher stammt unser Wissen? Wie dachten und was beobachteten beispielsweise die ersten Missionare in Neuspanien, wie beurteilten und wie beeinflussten die kirchlichen und staatlichen Institutionen im 16. und 17. Jahrhundert die indigene Bev\u00f6lkerung in den ihnen unterstellten Gebieten? Wie nahmen die ersten Reisenden und Forscher ab dem sp\u00e4ten 18. und besonders im 19. Jahrhundert die Menschen und ihre Lebenswelten im heutigen Mexiko, in Guatemala, in Belize und Honduras wahr? Und welche Erkenntnisse erlangten sie \u00fcber die vorspanische Vergangenheit? Welchen Anteil hatten seither die Indigenen selbst, und welche Rolle spielen indigene Akteure heute in Religion, in gesellschaftlichen Entwicklungen und politischen Prozessen?<\/p>\n<p>Der letzte Teil der Ringvorlesung zur Mesoamerikanistik m\u00f6chte einen Einblick geben in die verschiedenen Quellen, die zu Mesoamerika existieren. Die Vielfalt reicht von fr\u00fchkolonialen, indigen beeinflussten Codexb\u00fcchern und lateinschriftlichen Dokumenten bis zu Reiseberichten; sie beeinhaltet orale Traditionen und arch\u00e4ologische Aufzeichnungen und schlie\u00dft auch die Neuen Medien mit ein.<\/p><\/blockquote>\n<p>Foto: Ausschnitt aus Foto von <a href=\"http:\/\/commons.wikimedia.org\/wiki\/File:Rigoberta_Menchu_2009.jpg\">Surizar<\/a> (Wikimedia Commons, <a href=\"http:\/\/creativecommons.org\/licenses\/by-sa\/2.0\/\">CC BY-SA 2.0<\/a>)<\/p>\n","protected":false},"excerpt":{"rendered":"<p>Prof. Dr. Ulrich M\u00fccke (Hamburg): Rigoberta Mench\u00fa. Macht der Wahrheit. Wahrheit der Macht Rigoberta Mench\u00fa Tum ist eine der bekanntesten Personen Guatemalas. Die indigene Friedensaktivistin erlebte im guatemaltekischen B\u00fcrgerkrieg die grausamen Menschenrechtsverletzungen hautnah in ihrer eigenen Familie. Als Gegnerin des Regimes unterst\u00fctzte sie seit den sp\u00e4ten 1970er Jahren die Unterdr\u00fcckten. Auch nach ihrer Flucht nach [&hellip;]<\/p>\n","protected":false},"author":19,"featured_media":0,"comment_status":"open","ping_status":"open","sticky":false,"template":"","format":"standard","meta":{"jetpack_post_was_ever_published":false,"_jetpack_newsletter_access":"","_jetpack_dont_email_post_to_subs":false,"_jetpack_newsletter_tier_id":0,"_jetpack_memberships_contains_paywalled_content":false,"_jetpack_memberships_contains_paid_content":false,"footnotes":"","jetpack_publicize_message":"","jetpack_publicize_feature_enabled":true,"jetpack_social_post_already_shared":true,"jetpack_social_options":{"image_generator_settings":{"template":"highway","default_image_id":0,"font":"","enabled":false},"version":2}},"categories":[9],"tags":[],"class_list":["post-17490","post","type-post","status-publish","format-standard","hentry","category-ausstellungen"],"views":3701,"jetpack_publicize_connections":[],"jetpack_featured_media_url":"","jetpack_shortlink":"https:\/\/wp.me\/p7hfNR-4y6","jetpack-related-posts":[{"id":20143,"url":"https:\/\/blog.sub.uni-hamburg.de\/?p=20143","url_meta":{"origin":17490,"position":0},"title":"Rigoberta Mench\u00fa (18.5.)","author":"Markus Trapp","date":"17-05-16","format":false,"excerpt":"Prof. Dr. Ulrich M\u00fccke (Hamburg): Rigoberta Mench\u00fa. Macht der Wahrheit. Wahrheit der Macht. Der guatemaltekische B\u00fcrgerkrieg f\u00fchrte Anfang der 1980er Jahre zu Massakern unter der indigenen Bev\u00f6lkerung des Landes, die fast genozidale Ausma\u00dfe annahmen; innerhalb von wenigen Jahren wurden Zehntausende, wenn nicht Hunderttausende Zivilisten Opfer der Streitkr\u00e4fte. Das Morden fand\u2026","rel":"","context":"In &quot;Ausstellungen und Veranstaltungen&quot;","block_context":{"text":"Ausstellungen und Veranstaltungen","link":"https:\/\/blog.sub.uni-hamburg.de\/?cat=9"},"img":{"alt_text":"Rigoberta Mench\u00fa","src":"https:\/\/i0.wp.com\/blog.sub.uni-hamburg.de\/wp-content\/uploads\/2015\/04\/Rigoberta_Menchu_2009.jpg?resize=350%2C200&ssl=1","width":350,"height":200},"classes":[]},{"id":17856,"url":"https:\/\/blog.sub.uni-hamburg.de\/?p=17856","url_meta":{"origin":17490,"position":1},"title":"Das Werden von Friedensstiftern in Guatemala (11.6.)","author":"Markus Trapp","date":"01-06-15","format":false,"excerpt":"Tamara Candela G\u00f3mez de la Torre, M.A. (M\u00fcnster): Das Werden von Friedensstiftern \u2013 Interview-Analysen von religi\u00f6sen Friedensakteuren in Guatemala Im aktuellen Diskurs der Medien und Wissenschaften steht im Allgemeinen zun\u00e4chst die Frage nach der Rolle und Instrumentalisierung von Religion in Kriegen und Konflikten. Das Dissertationsprojekt untersucht in diesem Rahmen die\u2026","rel":"","context":"In &quot;Ausstellungen und Veranstaltungen&quot;","block_context":{"text":"Ausstellungen und Veranstaltungen","link":"https:\/\/blog.sub.uni-hamburg.de\/?cat=9"},"img":{"alt_text":"","src":"https:\/\/i0.wp.com\/blog.sub.uni-hamburg.de\/wp-content\/uploads\/2015\/06\/guatemala-religion.jpg?resize=350%2C200&ssl=1","width":350,"height":200,"srcset":"https:\/\/i0.wp.com\/blog.sub.uni-hamburg.de\/wp-content\/uploads\/2015\/06\/guatemala-religion.jpg?resize=350%2C200&ssl=1 1x, https:\/\/i0.wp.com\/blog.sub.uni-hamburg.de\/wp-content\/uploads\/2015\/06\/guatemala-religion.jpg?resize=525%2C300&ssl=1 1.5x"},"classes":[]},{"id":16805,"url":"https:\/\/blog.sub.uni-hamburg.de\/?p=16805","url_meta":{"origin":17490,"position":2},"title":"Koloniale Dokumente aus Guatemala (15.1.)","author":"Markus Trapp","date":"17-12-14","format":false,"excerpt":"jun. Prof. Dr. Frauke Sachse: Anspruch und Erbe: Kontinuit\u00e4ten von Territorialit\u00e4t und Legitimit\u00e4t in kolonialen Dokumenten des Hochlands von Guatemala Im Hochland von Guatemala \u00fcbernahmen indigene Eliten in der Kolonialzeit europ\u00e4ische Textgenres und appropriierten sie f\u00fcr eigene Zwecke. Landtitel und Petitionen dienten dazu, legitime Rechte an Territorium und Tribut geltend\u2026","rel":"","context":"In &quot;Ausstellungen und Veranstaltungen&quot;","block_context":{"text":"Ausstellungen und Veranstaltungen","link":"https:\/\/blog.sub.uni-hamburg.de\/?cat=9"},"img":{"alt_text":"","src":"https:\/\/i0.wp.com\/blog.sub.uni-hamburg.de\/wp-content\/uploads\/2014\/12\/guatemala1.jpg?resize=350%2C200&ssl=1","width":350,"height":200,"srcset":"https:\/\/i0.wp.com\/blog.sub.uni-hamburg.de\/wp-content\/uploads\/2014\/12\/guatemala1.jpg?resize=350%2C200&ssl=1 1x, https:\/\/i0.wp.com\/blog.sub.uni-hamburg.de\/wp-content\/uploads\/2014\/12\/guatemala1.jpg?resize=525%2C300&ssl=1 1.5x"},"classes":[]},{"id":19362,"url":"https:\/\/blog.sub.uni-hamburg.de\/?p=19362","url_meta":{"origin":17490,"position":3},"title":"Interkulturelle Universit\u00e4ten in Mexiko (10.2.)","author":"Markus Trapp","date":"14-01-16","format":false,"excerpt":"\u00a0 DIESER VORTRAG WURDE VOM VERANSTALTER LEIDER ABGESAGT! Interkulturelle Universit\u00e4ten in Mexiko: Versuch einer ersten Bilanz nach zehn Jahren Vortrag von Gunther Dietz Ein Bildungsangebot f\u00fcr indigene Regionen Mexikos, das im vergangenen Jahrzehnt ganz neu geschaffen worden ist, sind die sogenannten \u201einterkulturellen Universit\u00e4ten\u201c. Diese neu gegr\u00fcndeten Hochschulen liegen in indigenen\u2026","rel":"","context":"In &quot;Ausstellungen und Veranstaltungen&quot;","block_context":{"text":"Ausstellungen und Veranstaltungen","link":"https:\/\/blog.sub.uni-hamburg.de\/?cat=9"},"img":{"alt_text":"","src":"https:\/\/i0.wp.com\/blog.sub.uni-hamburg.de\/wp-content\/uploads\/2016\/01\/uvmx.jpg?resize=350%2C200&ssl=1","width":350,"height":200},"classes":[]},{"id":13484,"url":"https:\/\/blog.sub.uni-hamburg.de\/?p=13484","url_meta":{"origin":17490,"position":4},"title":"Ringvorlesung Mesoamerika \u2013 Von Bergg\u00f6ttern und Genmais (23.1.)","author":"Markus Trapp","date":"08-01-14","format":false,"excerpt":"Dr. Lars Fr\u00fchsorge (Universit\u00e4t Hamburg): Von Bergg\u00f6ttern und Genmais - Indigene Lebenswelten heute Update \u2013 Vortrag zum Nachschauen auf Lecture2go: Die Kontinuit\u00e4t indianischer Kulturen nach Ankunft der Europ\u00e4er ist eines der zentralen Themen der Mesoamerikanistik. So hat sich etwa der alte Ritualkalender in einigen entlegenen Gemeinden bis heute erhalten. Allerdings\u2026","rel":"","context":"In &quot;Ausstellungen und Veranstaltungen&quot;","block_context":{"text":"Ausstellungen und Veranstaltungen","link":"https:\/\/blog.sub.uni-hamburg.de\/?cat=9"},"img":{"alt_text":"","src":"https:\/\/i0.wp.com\/blog.sub.uni-hamburg.de\/wp-content\/uploads\/2014\/01\/14-Meso-Fruehsorge-1c.jpg?resize=350%2C200&ssl=1","width":350,"height":200,"srcset":"https:\/\/i0.wp.com\/blog.sub.uni-hamburg.de\/wp-content\/uploads\/2014\/01\/14-Meso-Fruehsorge-1c.jpg?resize=350%2C200&ssl=1 1x, https:\/\/i0.wp.com\/blog.sub.uni-hamburg.de\/wp-content\/uploads\/2014\/01\/14-Meso-Fruehsorge-1c.jpg?resize=525%2C300&ssl=1 1.5x"},"classes":[]},{"id":28258,"url":"https:\/\/blog.sub.uni-hamburg.de\/?p=28258","url_meta":{"origin":17490,"position":5},"title":"Mut zur Selbsterm\u00e4chtigung \u2013 Frauen(vor)bilder in Filmbeitr\u00e4gen zu Mesoamerika (14.11.)","author":"Markus Trapp","date":"04-11-19","format":false,"excerpt":"Filmbeitr\u00e4ge zu Mesoamerika zeichnen immer noch h\u00e4ufig ein Bild indigener Frauen, die sich \u2013 idealerweise in traditioneller Kleidung \u2013 mit ruhiger Hingabe den Dingen des Alltags widmen: dem Haushalt, der Feldarbeit, dem Weben. Doch wird dieses Bild zum einen nicht wirklich den vielen m\u00fchevollen Aufgaben, der Mehrfachbelastung und oftmals der\u2026","rel":"","context":"In &quot;Ausstellungen und Veranstaltungen&quot;","block_context":{"text":"Ausstellungen und Veranstaltungen","link":"https:\/\/blog.sub.uni-hamburg.de\/?cat=9"},"img":{"alt_text":"","src":"https:\/\/i0.wp.com\/blog.sub.uni-hamburg.de\/wp-content\/uploads\/2019\/11\/Ixcanul.jpg?resize=350%2C200&ssl=1","width":350,"height":200,"srcset":"https:\/\/i0.wp.com\/blog.sub.uni-hamburg.de\/wp-content\/uploads\/2019\/11\/Ixcanul.jpg?resize=350%2C200&ssl=1 1x, https:\/\/i0.wp.com\/blog.sub.uni-hamburg.de\/wp-content\/uploads\/2019\/11\/Ixcanul.jpg?resize=525%2C300&ssl=1 1.5x"},"classes":[]}],"jetpack_sharing_enabled":true,"_links":{"self":[{"href":"https:\/\/blog.sub.uni-hamburg.de\/index.php?rest_route=\/wp\/v2\/posts\/17490","targetHints":{"allow":["GET"]}}],"collection":[{"href":"https:\/\/blog.sub.uni-hamburg.de\/index.php?rest_route=\/wp\/v2\/posts"}],"about":[{"href":"https:\/\/blog.sub.uni-hamburg.de\/index.php?rest_route=\/wp\/v2\/types\/post"}],"author":[{"embeddable":true,"href":"https:\/\/blog.sub.uni-hamburg.de\/index.php?rest_route=\/wp\/v2\/users\/19"}],"replies":[{"embeddable":true,"href":"https:\/\/blog.sub.uni-hamburg.de\/index.php?rest_route=%2Fwp%2Fv2%2Fcomments&post=17490"}],"version-history":[{"count":6,"href":"https:\/\/blog.sub.uni-hamburg.de\/index.php?rest_route=\/wp\/v2\/posts\/17490\/revisions"}],"predecessor-version":[{"id":17573,"href":"https:\/\/blog.sub.uni-hamburg.de\/index.php?rest_route=\/wp\/v2\/posts\/17490\/revisions\/17573"}],"wp:attachment":[{"href":"https:\/\/blog.sub.uni-hamburg.de\/index.php?rest_route=%2Fwp%2Fv2%2Fmedia&parent=17490"}],"wp:term":[{"taxonomy":"category","embeddable":true,"href":"https:\/\/blog.sub.uni-hamburg.de\/index.php?rest_route=%2Fwp%2Fv2%2Fcategories&post=17490"},{"taxonomy":"post_tag","embeddable":true,"href":"https:\/\/blog.sub.uni-hamburg.de\/index.php?rest_route=%2Fwp%2Fv2%2Ftags&post=17490"}],"curies":[{"name":"wp","href":"https:\/\/api.w.org\/{rel}","templated":true}]}}