{"id":17486,"date":"2015-04-09T15:16:42","date_gmt":"2015-04-09T13:16:42","guid":{"rendered":"http:\/\/blog.sub.uni-hamburg.de\/?p=17486"},"modified":"2015-04-27T15:37:55","modified_gmt":"2015-04-27T13:37:55","slug":"konzert-von-elbcanto-24-4","status":"publish","type":"post","link":"https:\/\/blog.sub.uni-hamburg.de\/?p=17486","title":{"rendered":"Konzert von Elbcanto (24.4.)"},"content":{"rendered":"<p><a href=\"https:\/\/blog.sub.uni-hamburg.de\/wp-content\/uploads\/2015\/04\/elbcanto-gr.jpg\"><img loading=\"lazy\" decoding=\"async\" src=\"https:\/\/blog.sub.uni-hamburg.de\/wp-content\/uploads\/2015\/04\/elbcanto.jpg\" alt=\"Elbcanto\" title=\"Elbcanto\" width=\"350\" height=\"350\" style=\"float: right; padding-right:0px; margin-left:25px; margin-bottom:25px;\" \/><\/a> <strong>Geheimnisvoller Garten &#8211; Lieder von Liebe, Lust und Leid<\/strong><\/p>\n<p>Elbcanto entf\u00fchrt mit Liedern von Liebe, Lust und Leid in einen geheimnisvollen Garten voller k\u00f6stlicher Fr\u00fcchte, duftender Blumen und zwitschernder V\u00f6gel. Das Vokalensemble streift mal fl\u00fcsternd, mal sprechend, mal t\u00e4nzerisch, mal plump, mal klangvoll, mal schwebend, mal stampfend, mal flie\u00dfend und manchmal sogar schmerzhaft nasal die verschiedenen Aspekte der Verf\u00fchrung und Eroberung, der erotischen Freuden, der innigen Liebe und des heftigen Streits, der Entt\u00e4uschung und des Betrugs, der Natur- und Erdverbundenheit sowie des Aufstiegs in himmlische Sph\u00e4ren. Dabei spannt sich ein Bogen der musikalischen Verf\u00fchrung von der Renaissance und dem fr\u00fchem Barock \u00fcber die Romantik und Moderne bis zur zeitgen\u00f6ssischen Chormusik. Eintritt: 12 \/ 4 EUR<\/p>\n<p><strong>Freitag, 24. April 2015, 20 Uhr<br \/>\nOrt: Lichthof<\/strong> im Altbau der Staats- und Universit\u00e4tsbibliothek Carl von Ossietzky, Eingang Edmund-Siemers-Allee \/ Ecke Grindelallee<\/p>\n","protected":false},"excerpt":{"rendered":"<p>Geheimnisvoller Garten &#8211; Lieder von Liebe, Lust und Leid Elbcanto entf\u00fchrt mit Liedern von Liebe, Lust und Leid in einen geheimnisvollen Garten voller k\u00f6stlicher Fr\u00fcchte, duftender Blumen und zwitschernder V\u00f6gel. Das Vokalensemble streift mal fl\u00fcsternd, mal sprechend, mal t\u00e4nzerisch, mal plump, mal klangvoll, mal schwebend, mal stampfend, mal flie\u00dfend und manchmal sogar schmerzhaft nasal die [&hellip;]<\/p>\n","protected":false},"author":19,"featured_media":0,"comment_status":"open","ping_status":"open","sticky":false,"template":"","format":"standard","meta":{"jetpack_post_was_ever_published":false,"_jetpack_newsletter_access":"","_jetpack_dont_email_post_to_subs":false,"_jetpack_newsletter_tier_id":0,"_jetpack_memberships_contains_paywalled_content":false,"_jetpack_memberships_contains_paid_content":false,"footnotes":"","jetpack_publicize_message":"","jetpack_publicize_feature_enabled":true,"jetpack_social_post_already_shared":true,"jetpack_social_options":{"image_generator_settings":{"template":"highway","default_image_id":0,"font":"","enabled":false},"version":2}},"categories":[9],"tags":[],"class_list":["post-17486","post","type-post","status-publish","format-standard","hentry","category-ausstellungen"],"views":2819,"jetpack_publicize_connections":[],"jetpack_featured_media_url":"","jetpack_shortlink":"https:\/\/wp.me\/p7hfNR-4y2","jetpack-related-posts":[{"id":18503,"url":"https:\/\/blog.sub.uni-hamburg.de\/?p=18503","url_meta":{"origin":17486,"position":0},"title":"Stabi-Programm zur Nacht des Wissens (7.11.)","author":"Markus Trapp","date":"09-10-15","format":false,"excerpt":"Am Sonnabend, den 7. November 2015, findet in Hamburg zum sechsten Mal die Nacht des Wissens statt. Von 17-24 Uhr \u00f6ffnen Hamburgs Wissenschaftseinrichtungen ihre T\u00fcren. Nat\u00fcrlich ist die Stabi auch wieder dabei. Eine gute Gelegenheit hinter die Kulissen zu blicken und mehr dar\u00fcber zu erfahren, was wir hier alles so\u2026","rel":"","context":"In &quot;Ausstellungen und Veranstaltungen&quot;","block_context":{"text":"Ausstellungen und Veranstaltungen","link":"https:\/\/blog.sub.uni-hamburg.de\/?cat=9"},"img":{"alt_text":"ndw-stabihh-2015","src":"https:\/\/i0.wp.com\/blog.sub.uni-hamburg.de\/wp-content\/uploads\/2015\/10\/ndw-stabihh-2015.jpg?resize=350%2C200&ssl=1","width":350,"height":200,"srcset":"https:\/\/i0.wp.com\/blog.sub.uni-hamburg.de\/wp-content\/uploads\/2015\/10\/ndw-stabihh-2015.jpg?resize=350%2C200&ssl=1 1x, https:\/\/i0.wp.com\/blog.sub.uni-hamburg.de\/wp-content\/uploads\/2015\/10\/ndw-stabihh-2015.jpg?resize=525%2C300&ssl=1 1.5x"},"classes":[]},{"id":20205,"url":"https:\/\/blog.sub.uni-hamburg.de\/?p=20205","url_meta":{"origin":17486,"position":1},"title":"Konzert von elbcanto (11.6.)","author":"Markus Trapp","date":"30-05-16","format":false,"excerpt":"Es naht sich die Ferne \u2013 von Meeresbrausen und gef\u00e4hrlicher Fahrt. Sonnabend, 11. Juni 2016, 20 Uhr. Im neuen Programm pr\u00e4sentieren die 16 S\u00e4ngerinnen und S\u00e4nger von elbcanto Chormusik, in der das Meer und die Seefahrt im Mittelpunkt stehen. Heimweh und Fernweh, Naturbilder und -gewalten, ungeheure Tiefen und \u201eseelige\u201c Weiten\u2026","rel":"","context":"In &quot;Ausstellungen und Veranstaltungen&quot;","block_context":{"text":"Ausstellungen und Veranstaltungen","link":"https:\/\/blog.sub.uni-hamburg.de\/?cat=9"},"img":{"alt_text":"","src":"https:\/\/i0.wp.com\/blog.sub.uni-hamburg.de\/wp-content\/uploads\/2016\/05\/elbcanto-meer-kl.jpg?resize=350%2C200&ssl=1","width":350,"height":200,"srcset":"https:\/\/i0.wp.com\/blog.sub.uni-hamburg.de\/wp-content\/uploads\/2016\/05\/elbcanto-meer-kl.jpg?resize=350%2C200&ssl=1 1x, https:\/\/i0.wp.com\/blog.sub.uni-hamburg.de\/wp-content\/uploads\/2016\/05\/elbcanto-meer-kl.jpg?resize=525%2C300&ssl=1 1.5x"},"classes":[]},{"id":9920,"url":"https:\/\/blog.sub.uni-hamburg.de\/?p=9920","url_meta":{"origin":17486,"position":2},"title":"elbcanto: To be sung\u2026  (1.12.)","author":"Markus Trapp","date":"20-11-12","format":false,"excerpt":"Das Ensemble elbcanto gibt musikalische Antworten auf existenzielle Fragen: \u201eDie Tage gehen weiter, gleich drei sch\u00f6nen Fr\u00fchlingstagen. Kalt ist der Abendhauch, und alles ist wie immer (Verw\u00fcstung und Tr\u00fcmmer). Der Tod stiehlt durch die T\u00fcr beide, Junge und Alte, er h\u00e4lt gefangen des Lichtes Schein. Aber: \u00dcber meinem Bett singt\u2026","rel":"","context":"In &quot;Ausstellungen und Veranstaltungen&quot;","block_context":{"text":"Ausstellungen und Veranstaltungen","link":"https:\/\/blog.sub.uni-hamburg.de\/?cat=9"},"img":{"alt_text":"elbcanto: To be sung\u2026","src":"https:\/\/i0.wp.com\/blog.sub.uni-hamburg.de\/wp-content\/uploads\/2012\/11\/elbcanto.jpg?resize=350%2C200&ssl=1","width":350,"height":200},"classes":[]},{"id":41324,"url":"https:\/\/blog.sub.uni-hamburg.de\/?p=41324","url_meta":{"origin":17486,"position":3},"title":"J\u00fcdische Kulturtage: \u201eSchicksal\u201c \u2013 Lesung und Gespr\u00e4ch mit der Autorin Zeruya Shalev und ihrer \u00dcbersetzerin Anne Birkenhauer (2.12.)","author":"Markus Trapp","date":"18-11-25","format":false,"excerpt":"Dienstag, 2.12., 19 Uhr, Lichthof. Im Mittelpunkt des Romans \u201eSchicksal\u201c stehen zwei Frauen: Rachel und Atara, alt und jung, die auf geheimnisvolle Weise miteinander verbunden sind. Eine Geschichte von Gewalt und verborgener Schuld bestimmt ihre Begegnung. Dies reicht zur\u00fcck bis zur Gr\u00fcndung des Staates Israel und scheint sich zugleich mit\u2026","rel":"","context":"In &quot;Ausstellungen und Veranstaltungen&quot;","block_context":{"text":"Ausstellungen und Veranstaltungen","link":"https:\/\/blog.sub.uni-hamburg.de\/?cat=9"},"img":{"alt_text":"Zeruya Shalev, Foto: Jonathan Blum","src":"https:\/\/i0.wp.com\/blog.sub.uni-hamburg.de\/wp-content\/uploads\/2025\/11\/Zeruya_Shalev_Credit_Jonathan_Blum-245x300.jpg?resize=350%2C200&ssl=1","width":350,"height":200},"classes":[]},{"id":25540,"url":"https:\/\/blog.sub.uni-hamburg.de\/?p=25540","url_meta":{"origin":17486,"position":4},"title":"elbcanto singt Gedichtvertonungen von Eichendorff und M\u00f6rike (24.9.)","author":"Markus Trapp","date":"31-08-18","format":false,"excerpt":"Gelassen stieg die Nacht ans Land. Das Hamburger Vokalensemble elbcanto widmet sich in seinem diesj\u00e4hrigen musikalischen Projekt den romantischen Lyrikern Joseph von Eichendorff und Eduard M\u00f6rike. Die Gedichte der beiden Schriftsteller finden an diesem Abend sowohl in der Tonsprache der romantischen Komponisten Fanny Hensel, Felix Mendelssohn Bartholdy, Robert Schumann und\u2026","rel":"","context":"In &quot;Ausstellungen und Veranstaltungen&quot;","block_context":{"text":"Ausstellungen und Veranstaltungen","link":"https:\/\/blog.sub.uni-hamburg.de\/?cat=9"},"img":{"alt_text":"","src":"https:\/\/i0.wp.com\/blog.sub.uni-hamburg.de\/wp-content\/uploads\/2018\/08\/Elbcanto-Bild.jpg?resize=350%2C200&ssl=1","width":350,"height":200,"srcset":"https:\/\/i0.wp.com\/blog.sub.uni-hamburg.de\/wp-content\/uploads\/2018\/08\/Elbcanto-Bild.jpg?resize=350%2C200&ssl=1 1x, https:\/\/i0.wp.com\/blog.sub.uni-hamburg.de\/wp-content\/uploads\/2018\/08\/Elbcanto-Bild.jpg?resize=525%2C300&ssl=1 1.5x"},"classes":[]},{"id":34265,"url":"https:\/\/blog.sub.uni-hamburg.de\/?p=34265","url_meta":{"origin":17486,"position":5},"title":"Max Liebermann und Richard Dehmel","author":"Markus Trapp","date":"26-09-22","format":false,"excerpt":"Vom 24. September bis 20. November ist im Berliner Max Liebermann Haus die Einraumausstellung \u201eMax Liebermann und Richard Dehmel\u201c zu sehen, die damit tempor\u00e4r Teil der Dauerpr\u00e4sentation \u201eMax Liebermanns Welt\u201c ist. Im Zentrum der Ausstellung steht das ber\u00fchmte Portrait Richard Dehmels von Max Liebermann aus der Hamburger Kunsthalle. Die Staats-\u2026","rel":"","context":"In &quot;Ausstellungen und Veranstaltungen&quot;","block_context":{"text":"Ausstellungen und Veranstaltungen","link":"https:\/\/blog.sub.uni-hamburg.de\/?cat=9"},"img":{"alt_text":"Brief Ida Dehmel an Alice Bensheimer","src":"https:\/\/i0.wp.com\/blog.sub.uni-hamburg.de\/wp-content\/uploads\/2022\/09\/Ida-Dehmel-an-Alice-Bensheimer.jpg?resize=350%2C200&ssl=1","width":350,"height":200,"srcset":"https:\/\/i0.wp.com\/blog.sub.uni-hamburg.de\/wp-content\/uploads\/2022\/09\/Ida-Dehmel-an-Alice-Bensheimer.jpg?resize=350%2C200&ssl=1 1x, https:\/\/i0.wp.com\/blog.sub.uni-hamburg.de\/wp-content\/uploads\/2022\/09\/Ida-Dehmel-an-Alice-Bensheimer.jpg?resize=525%2C300&ssl=1 1.5x"},"classes":[]}],"jetpack_sharing_enabled":true,"_links":{"self":[{"href":"https:\/\/blog.sub.uni-hamburg.de\/index.php?rest_route=\/wp\/v2\/posts\/17486","targetHints":{"allow":["GET"]}}],"collection":[{"href":"https:\/\/blog.sub.uni-hamburg.de\/index.php?rest_route=\/wp\/v2\/posts"}],"about":[{"href":"https:\/\/blog.sub.uni-hamburg.de\/index.php?rest_route=\/wp\/v2\/types\/post"}],"author":[{"embeddable":true,"href":"https:\/\/blog.sub.uni-hamburg.de\/index.php?rest_route=\/wp\/v2\/users\/19"}],"replies":[{"embeddable":true,"href":"https:\/\/blog.sub.uni-hamburg.de\/index.php?rest_route=%2Fwp%2Fv2%2Fcomments&post=17486"}],"version-history":[{"count":1,"href":"https:\/\/blog.sub.uni-hamburg.de\/index.php?rest_route=\/wp\/v2\/posts\/17486\/revisions"}],"predecessor-version":[{"id":17489,"href":"https:\/\/blog.sub.uni-hamburg.de\/index.php?rest_route=\/wp\/v2\/posts\/17486\/revisions\/17489"}],"wp:attachment":[{"href":"https:\/\/blog.sub.uni-hamburg.de\/index.php?rest_route=%2Fwp%2Fv2%2Fmedia&parent=17486"}],"wp:term":[{"taxonomy":"category","embeddable":true,"href":"https:\/\/blog.sub.uni-hamburg.de\/index.php?rest_route=%2Fwp%2Fv2%2Fcategories&post=17486"},{"taxonomy":"post_tag","embeddable":true,"href":"https:\/\/blog.sub.uni-hamburg.de\/index.php?rest_route=%2Fwp%2Fv2%2Ftags&post=17486"}],"curies":[{"name":"wp","href":"https:\/\/api.w.org\/{rel}","templated":true}]}}