{"id":17458,"date":"2015-04-07T10:44:44","date_gmt":"2015-04-07T08:44:44","guid":{"rendered":"http:\/\/blog.sub.uni-hamburg.de\/?p=17458"},"modified":"2022-08-24T15:38:11","modified_gmt":"2022-08-24T13:38:11","slug":"buecherflohmarkt-im-philosophenturm-15-17-4","status":"publish","type":"post","link":"https:\/\/blog.sub.uni-hamburg.de\/?p=17458","title":{"rendered":"B\u00fccherflohmarkt im Philosophenturm (15.-17.4.)"},"content":{"rendered":"<p><a href=\"https:\/\/www1.slm.uni-hamburg.de\/bibliothek.html\"><img loading=\"lazy\" decoding=\"async\" style=\"float: none;\" src=\"https:\/\/blog.sub.uni-hamburg.de\/wp-content\/uploads\/2015\/04\/buecherflohmarkt-germ.jpg\" alt=\"buecherflohmarkt-germ\" width=\"550\" height=\"413\" \/><\/a><\/p>\n<p>Vom <strong>15. bis 17. April<\/strong> findet im Foyer des Philosophenturms (Von-Melle-Park 6) ein B\u00fccherflohmarkt der <a href=\"https:\/\/www1.slm.uni-hamburg.de\/bibliothek.html\">Fachbereichsbibliothek Sprache, Literatur, Medien<\/a> statt.<\/p>\n<p>An drei Tagen (Mittwoch, Donnerstag, Freitag) werden <strong>von 10 bis 15 Uhr<\/strong> ausgesonderte Bibliotheksexemplare (Dubletten) und Geschenke, die nicht f\u00fcr den Bibliotheksbestand geeignet sind, zu g\u00fcnstigen Preisen verkauft.<\/p>\n<p>Inhaltlich finden Sie dort eine gro\u00dfe Bandbreite von B\u00fcchern aller europ\u00e4ischen Sprachen und Literaturen, die in der Fachbereichsbibliothek vertreten sind (englisch, franz\u00f6sisch, italienisch russisch, polnisch u.a.), \u00fcberwiegend jedoch deutschsprachige Werke.<\/p>\n<p>Es handelt sich um Prim\u00e4rliteratur (Comics, Gedicht, Erz\u00e4hlungen, Romane, Theaterst\u00fccke, H\u00f6rspiele u.a.) sowie um Sekund\u00e4rliteratur (Leben und Werk einzelner Dichter, literarische Gattungen, Epochen und Stilrichtungen, Theorie und Geschichte des Theaters, des Films und Rundfunks, Hamburger Theater, Handb\u00fccher und Nachschlagewerke u.a.).<\/p>\n<p>Kommen, st\u00f6bern und kaufen Sie!<br \/>\nDer Erl\u00f6s kommt neuen Literaturanschaffungen zugute.<\/p>\n","protected":false},"excerpt":{"rendered":"<p>Vom 15. bis 17. April findet im Foyer des Philosophenturms (Von-Melle-Park 6) ein B\u00fccherflohmarkt der Fachbereichsbibliothek Sprache, Literatur, Medien statt. An drei Tagen (Mittwoch, Donnerstag, Freitag) werden von 10 bis 15 Uhr ausgesonderte Bibliotheksexemplare (Dubletten) und Geschenke, die nicht f\u00fcr den Bibliotheksbestand geeignet sind, zu g\u00fcnstigen Preisen verkauft. Inhaltlich finden Sie dort eine gro\u00dfe Bandbreite [&hellip;]<\/p>\n","protected":false},"author":19,"featured_media":0,"comment_status":"open","ping_status":"open","sticky":false,"template":"","format":"standard","meta":{"jetpack_post_was_ever_published":false,"_jetpack_newsletter_access":"","_jetpack_dont_email_post_to_subs":false,"_jetpack_newsletter_tier_id":0,"_jetpack_memberships_contains_paywalled_content":false,"_jetpack_memberships_contains_paid_content":false,"footnotes":"","jetpack_publicize_message":"","jetpack_publicize_feature_enabled":true,"jetpack_social_post_already_shared":true,"jetpack_social_options":{"image_generator_settings":{"template":"highway","default_image_id":0,"font":"","enabled":false},"version":2}},"categories":[15],"tags":[],"class_list":["post-17458","post","type-post","status-publish","format-standard","hentry","category-fachbibliotheken"],"views":3386,"jetpack_publicize_connections":[],"jetpack_featured_media_url":"","jetpack_shortlink":"https:\/\/wp.me\/p7hfNR-4xA","jetpack-related-posts":[{"id":23163,"url":"https:\/\/blog.sub.uni-hamburg.de\/?p=23163","url_meta":{"origin":17458,"position":0},"title":"Die Fachbibliotheken im Philosophenturm ziehen um!","author":"Redaktion","date":"28-07-17","format":false,"excerpt":"Von Angelika Brauns. Ab Montag, den 31. Juli, ziehen alle Fachbibliotheken aus dem Philosophenturm (Von-Melle-Park 6) f\u00fcr etwa 3 Jahre in den \u00dcberseering 35 (City-Nord) um. Grund f\u00fcr den Umzug ist die geplante Kernsanierung des Philosophenturms. Der Umzug beginnt mit der Zentralbibliothek Geschichte, Philosophie, Klassische Philologie. Diese Bereiche schlie\u00dfen ab\u2026","rel":"","context":"In &quot;Fachbibliotheken&quot;","block_context":{"text":"Fachbibliotheken","link":"https:\/\/blog.sub.uni-hamburg.de\/?cat=15"},"img":{"alt_text":"","src":"https:\/\/i0.wp.com\/blog.sub.uni-hamburg.de\/wp-content\/uploads\/2017\/07\/philturm1.jpg?resize=350%2C200&ssl=1","width":350,"height":200,"srcset":"https:\/\/i0.wp.com\/blog.sub.uni-hamburg.de\/wp-content\/uploads\/2017\/07\/philturm1.jpg?resize=350%2C200&ssl=1 1x, https:\/\/i0.wp.com\/blog.sub.uni-hamburg.de\/wp-content\/uploads\/2017\/07\/philturm1.jpg?resize=525%2C300&ssl=1 1.5x"},"classes":[]},{"id":15476,"url":"https:\/\/blog.sub.uni-hamburg.de\/?p=15476","url_meta":{"origin":17458,"position":1},"title":"Bauma\u00dfnahmen in der Fachbereichsbibliothek  Sprache, Literatur, Medien","author":"Redaktion","date":"05-08-14","format":false,"excerpt":"Die Teilbibliothek Neuere deutsche Literatur im 4. OG des Philosophenturms wird in der Zeit von Montag, dem 18. August, bis Freitag, dem 10. Oktober 2014, geschlossen sein. Grund hierf\u00fcr sind umfangreiche Bauarbeiten im Lesesaal der Teilbibliothek, der in der vorlesungsfreien Zeit im Anschluss an eine Brandschutzsanierung komplett renoviert und mit\u2026","rel":"","context":"In &quot;Aktuelles&quot;","block_context":{"text":"Aktuelles","link":"https:\/\/blog.sub.uni-hamburg.de\/?cat=1"},"img":{"alt_text":"Philosophenturm Univ. Hamburg","src":"https:\/\/i0.wp.com\/blog.sub.uni-hamburg.de\/wp-content\/uploads\/2014\/08\/philturm.jpg?resize=350%2C200&ssl=1","width":350,"height":200},"classes":[]},{"id":33526,"url":"https:\/\/blog.sub.uni-hamburg.de\/?p=33526","url_meta":{"origin":17458,"position":2},"title":"Stellenausschreibung Uni HH: Projektleitung Fusion von Bibliotheksbest\u00e4nden","author":"Markus Trapp","date":"16-06-22","format":false,"excerpt":"Gerne weisen wir auf folgende Stellenausschreibung der Fakult\u00e4t f\u00fcr Geisteswissenschaften der Universit\u00e4t Hamburg hin: Projektleitung Fusion von Bibliotheksbest\u00e4nden Wertigkeit: EGR. 9B TV-L Arbeitsbeginn: 01.10.2022, befristet f\u00fcr die Dauer von zwei Jahre Bewerbungsschluss: 30.06.2022 Arbeitsumfang: teilzeitgeeignete Vollzeitstelle Im Zuge der Zusammenlegung der Bibliotheken der Fachbereiche Sprache Literatur Medien I & II,\u2026","rel":"","context":"In &quot;Aktuelles&quot;","block_context":{"text":"Aktuelles","link":"https:\/\/blog.sub.uni-hamburg.de\/?cat=1"},"img":{"alt_text":"Hauptgeb\u00e4ude der Universit\u00e4t Hamburg","src":"https:\/\/i0.wp.com\/blog.sub.uni-hamburg.de\/wp-content\/uploads\/2022\/06\/unihh-hauptgebaeude.jpg?resize=350%2C200&ssl=1","width":350,"height":200},"classes":[]},{"id":6595,"url":"https:\/\/blog.sub.uni-hamburg.de\/?p=6595","url_meta":{"origin":17458,"position":3},"title":"Fachbereichsbibliothek Sprache Literatur Medien mit eigener Website","author":"MG","date":"19-12-11","format":false,"excerpt":"Die Fachbereichsbibliothek \"Sprache Literatur Medien\" an der Fakult\u00e4t f\u00fcr Geisteswissenschaften hat jetzt einen eigenen Webauftritt. Hier finden Sie Informationen \u00fcber die Fachbereichsbibliothek und ihre Teilbibliotheken, Kontaktadressen, \u00d6ffnungszeiten und aktuelle Hinweise aus der Fachbereichsbibliothek - wie zum Beispiel die \u00d6ffnungszeiten aller Teilbibliotheken w\u00e4hrend der Weihnachtszeit. Die Website wird laufend aktualisiert und\u2026","rel":"","context":"In &quot;Fachbibliotheken&quot;","block_context":{"text":"Fachbibliotheken","link":"https:\/\/blog.sub.uni-hamburg.de\/?cat=15"},"img":{"alt_text":"Fachbereichsbibliothek Sprache \u2022 Literatur \u2022 Medien","src":"https:\/\/i0.wp.com\/blog.sub.uni-hamburg.de\/wp-content\/uploads\/2011\/12\/fachbib-spr-lit-med.jpg?resize=350%2C200&ssl=1","width":350,"height":200},"classes":[]},{"id":6356,"url":"https:\/\/blog.sub.uni-hamburg.de\/?p=6356","url_meta":{"origin":17458,"position":4},"title":"Alle Jahre wieder\u2026 B\u00fccherflohmarkt (30.11.)","author":"Markus Trapp","date":"17-11-11","format":false,"excerpt":"Auf dem beliebten B\u00fccherflohmarkt im sch\u00f6nen Lichthof im Altbau wird wieder ein buntes Angebot aus allen Fachgebieten zum Kauf bereitstehen. Es handelt sich dabei um Dubletten zum Bestand der Bibliothek, die uns aus Geschenkzug\u00e4ngen erreicht haben. Auch wenn die Auswahl bei Geisteswissenschaften und Belletristik am gr\u00f6\u00dften ist, finden sich ebenso\u2026","rel":"","context":"In &quot;Ausstellungen und Veranstaltungen&quot;","block_context":{"text":"Ausstellungen und Veranstaltungen","link":"https:\/\/blog.sub.uni-hamburg.de\/?cat=9"},"img":{"alt_text":"B\u00fccherflohmarkt im Lichthof","src":"https:\/\/i0.wp.com\/blog.sub.uni-hamburg.de\/wp-content\/uploads\/2009\/12\/buecherflohmarkt09.jpg?resize=350%2C200&ssl=1","width":350,"height":200},"classes":[]},{"id":36602,"url":"https:\/\/blog.sub.uni-hamburg.de\/?p=36602","url_meta":{"origin":17458,"position":5},"title":"Ab sofort in der Stabi: Flohmarktregal","author":"Konstantin Ulmer","date":"04-10-23","format":false,"excerpt":"Nachdem der stets gut besuchte und beliebte B\u00fccherflohmarkt, der einmal im Jahr im Lichthof der SUB stattfand, die letzten Jahre ausfallen musste, haben wir nun eine gute Neuigkeit f\u00fcr alle Interessierten: Ab sofort bieten wir \u00fcber das ganze Jahr aussortierte Bibliotheksmedien und Buchspenden in einem neu eingerichteten Flohmarktregal im Informationszentrum\u2026","rel":"","context":"In &quot;Aktuelles&quot;","block_context":{"text":"Aktuelles","link":"https:\/\/blog.sub.uni-hamburg.de\/?cat=1"},"img":{"alt_text":"","src":"https:\/\/i0.wp.com\/blog.sub.uni-hamburg.de\/wp-content\/uploads\/2023\/10\/flohmarktregal.jpg?resize=350%2C200&ssl=1","width":350,"height":200,"srcset":"https:\/\/i0.wp.com\/blog.sub.uni-hamburg.de\/wp-content\/uploads\/2023\/10\/flohmarktregal.jpg?resize=350%2C200&ssl=1 1x, https:\/\/i0.wp.com\/blog.sub.uni-hamburg.de\/wp-content\/uploads\/2023\/10\/flohmarktregal.jpg?resize=525%2C300&ssl=1 1.5x"},"classes":[]}],"jetpack_sharing_enabled":true,"_links":{"self":[{"href":"https:\/\/blog.sub.uni-hamburg.de\/index.php?rest_route=\/wp\/v2\/posts\/17458","targetHints":{"allow":["GET"]}}],"collection":[{"href":"https:\/\/blog.sub.uni-hamburg.de\/index.php?rest_route=\/wp\/v2\/posts"}],"about":[{"href":"https:\/\/blog.sub.uni-hamburg.de\/index.php?rest_route=\/wp\/v2\/types\/post"}],"author":[{"embeddable":true,"href":"https:\/\/blog.sub.uni-hamburg.de\/index.php?rest_route=\/wp\/v2\/users\/19"}],"replies":[{"embeddable":true,"href":"https:\/\/blog.sub.uni-hamburg.de\/index.php?rest_route=%2Fwp%2Fv2%2Fcomments&post=17458"}],"version-history":[{"count":2,"href":"https:\/\/blog.sub.uni-hamburg.de\/index.php?rest_route=\/wp\/v2\/posts\/17458\/revisions"}],"predecessor-version":[{"id":17496,"href":"https:\/\/blog.sub.uni-hamburg.de\/index.php?rest_route=\/wp\/v2\/posts\/17458\/revisions\/17496"}],"wp:attachment":[{"href":"https:\/\/blog.sub.uni-hamburg.de\/index.php?rest_route=%2Fwp%2Fv2%2Fmedia&parent=17458"}],"wp:term":[{"taxonomy":"category","embeddable":true,"href":"https:\/\/blog.sub.uni-hamburg.de\/index.php?rest_route=%2Fwp%2Fv2%2Fcategories&post=17458"},{"taxonomy":"post_tag","embeddable":true,"href":"https:\/\/blog.sub.uni-hamburg.de\/index.php?rest_route=%2Fwp%2Fv2%2Ftags&post=17458"}],"curies":[{"name":"wp","href":"https:\/\/api.w.org\/{rel}","templated":true}]}}