{"id":17448,"date":"2015-04-02T15:10:28","date_gmt":"2015-04-02T13:10:28","guid":{"rendered":"http:\/\/blog.sub.uni-hamburg.de\/?p=17448"},"modified":"2015-04-23T08:48:22","modified_gmt":"2015-04-23T06:48:22","slug":"hamburger-berufsverbote-22-4","status":"publish","type":"post","link":"https:\/\/blog.sub.uni-hamburg.de\/?p=17448","title":{"rendered":"Hamburger \u201eBerufsverbote\u201c (22.4.)"},"content":{"rendered":"<div style=\"float: right; padding-right:0px; margin-left:25px; margin-bottom:0px;\"> <div id=\"attachment_17450\" style=\"width: 360px\" class=\"wp-caption alignright\"><a href=\"https:\/\/blog.sub.uni-hamburg.de\/wp-content\/uploads\/2015\/04\/15-VHG_Jaeger-22-4-gr.jpg\"><img loading=\"lazy\" decoding=\"async\" aria-describedby=\"caption-attachment-17450\" data-attachment-id=\"17450\" data-permalink=\"https:\/\/blog.sub.uni-hamburg.de\/?attachment_id=17450\" data-orig-file=\"https:\/\/blog.sub.uni-hamburg.de\/wp-content\/uploads\/2015\/04\/15-VHG_Jaeger-22-4.jpg\" data-orig-size=\"350,302\" data-comments-opened=\"1\" data-image-meta=\"{&quot;aperture&quot;:&quot;0&quot;,&quot;credit&quot;:&quot;&quot;,&quot;camera&quot;:&quot;&quot;,&quot;caption&quot;:&quot;&quot;,&quot;created_timestamp&quot;:&quot;0&quot;,&quot;copyright&quot;:&quot;&quot;,&quot;focal_length&quot;:&quot;0&quot;,&quot;iso&quot;:&quot;0&quot;,&quot;shutter_speed&quot;:&quot;0&quot;,&quot;title&quot;:&quot;&quot;,&quot;orientation&quot;:&quot;0&quot;}\" data-image-title=\"15-VHG_Jaeger-22-4\" data-image-description=\"&lt;p&gt;rad&lt;\/p&gt;\n\" data-image-caption=\"&lt;p&gt;rad&lt;\/p&gt;\n\" data-large-file=\"https:\/\/blog.sub.uni-hamburg.de\/wp-content\/uploads\/2015\/04\/15-VHG_Jaeger-22-4.jpg\" src=\"https:\/\/blog.sub.uni-hamburg.de\/wp-content\/uploads\/2015\/04\/15-VHG_Jaeger-22-4.jpg\" alt=\"Demonstration 1971\" title=\"Demonstration 1971\" width=\"350\" height=\"302\" class=\"size-full wp-image-17450\" srcset=\"https:\/\/blog.sub.uni-hamburg.de\/wp-content\/uploads\/2015\/04\/15-VHG_Jaeger-22-4.jpg 350w, https:\/\/blog.sub.uni-hamburg.de\/wp-content\/uploads\/2015\/04\/15-VHG_Jaeger-22-4-150x129.jpg 150w, https:\/\/blog.sub.uni-hamburg.de\/wp-content\/uploads\/2015\/04\/15-VHG_Jaeger-22-4-300x259.jpg 300w\" sizes=\"auto, (max-width: 350px) 100vw, 350px\" \/><\/a><p id=\"caption-attachment-17450\" class=\"wp-caption-text\">1.12.1971: Demonstration gegen den Hamburger Radikalenbeschluss<\/p><\/div> <\/div>\n<p> <strong>Alexandra Jaeger, M.A.:<br \/>\nAuf der Suche nach Verfassungsfeinden. Hamburger \u201eBerufsverbote\u201c zwischen Sicherheitspolitik und Liberalisierung in den 1970er Jahren<\/strong><\/p>\n<p>Als in den 1970er Jahren Kommunisten als Lehrer oder Sozialp\u00e4dagogen nicht in den \u00f6ffentlichen Dienst eingestellt wurden, war h\u00e4ufig vom \u201eBerufsverbot\u201c die Rede. Auch in der Hamburger Landespolitik rief das Thema erhitzte Debatten hervor. Fl\u00e4chendeckende Anfragen beim Verfassungsschutz bei allen Bewerbungen, Anh\u00f6rungen und umstrittene Ablehnungen erh\u00f6hten das Misstrauen in die staatliche Sicherheitspolitik. Die gro\u00dfe Resonanz, auf die diese Kritik stie\u00df, verweist auf die politisch-kulturellen Ver\u00e4nderungen in den 1970er Jahren, beispielsweise eine st\u00e4rkere Bef\u00fcrwortung individueller Rechte gegen\u00fcber staatlichen Eingriffen und eine gr\u00f6\u00dfere Toleranz gegen\u00fcber politischen Gegnern.<\/p>\n<p>Alexandra Jaeger promoviert am Fachbereich Geschichte der Universit\u00e4t Hamburg und wird durch ein Stipendium der Hans-B\u00f6ckler-Stiftung gef\u00f6rdert. Eine Veranstaltung des <a href=\"http:\/\/vfhg.de\/\">Vereins f\u00fcr Hamburgische Geschichte<\/a> in Zusammenarbeit mit der Staats- und Universit\u00e4tsbibliothek Hamburg<\/p>\n<p><strong>Mittwoch, 22. April 2015, 18 Uhr<br \/>\nOrt: Vortragsraum, 1. Etage, Eintritt frei<\/strong><\/p>\n","protected":false},"excerpt":{"rendered":"<p>Alexandra Jaeger, M.A.: Auf der Suche nach Verfassungsfeinden. Hamburger \u201eBerufsverbote\u201c zwischen Sicherheitspolitik und Liberalisierung in den 1970er Jahren Als in den 1970er Jahren Kommunisten als Lehrer oder Sozialp\u00e4dagogen nicht in den \u00f6ffentlichen Dienst eingestellt wurden, war h\u00e4ufig vom \u201eBerufsverbot\u201c die Rede. Auch in der Hamburger Landespolitik rief das Thema erhitzte Debatten hervor. Fl\u00e4chendeckende Anfragen beim [&hellip;]<\/p>\n","protected":false},"author":19,"featured_media":0,"comment_status":"open","ping_status":"open","sticky":false,"template":"","format":"standard","meta":{"jetpack_post_was_ever_published":false,"_jetpack_newsletter_access":"","_jetpack_dont_email_post_to_subs":false,"_jetpack_newsletter_tier_id":0,"_jetpack_memberships_contains_paywalled_content":false,"_jetpack_memberships_contains_paid_content":false,"footnotes":"","jetpack_publicize_message":"","jetpack_publicize_feature_enabled":true,"jetpack_social_post_already_shared":true,"jetpack_social_options":{"image_generator_settings":{"template":"highway","default_image_id":0,"font":"","enabled":false},"version":2}},"categories":[9,17],"tags":[],"class_list":["post-17448","post","type-post","status-publish","format-standard","hentry","category-ausstellungen","category-hamburg"],"views":3965,"jetpack_publicize_connections":[],"jetpack_featured_media_url":"","jetpack_shortlink":"https:\/\/wp.me\/p7hfNR-4xq","jetpack-related-posts":[{"id":18723,"url":"https:\/\/blog.sub.uni-hamburg.de\/?p=18723","url_meta":{"origin":17448,"position":0},"title":"Buchpr\u00e4sentation: Die Ermittlung (17.11.)","author":"Markus Trapp","date":"30-10-15","format":false,"excerpt":"Torkel S. W\u00e4chter: Die Ermittlung \u2013 Die wahre Geschichte einer deutschj\u00fcdischen Familie aus Hamburg Am 30. Januar 1933 sitzt ein deutsch-j\u00fcdischer Beamter in seinem B\u00fcro im Finanzamt in der Hamburger Innenstadt. Soeben wurde Adolf Hitler zum Reichskanzler ernannt. Anfangs scheint es, als sollte Hitlers Ernennung den Beamten Gustav W\u00e4chter nicht\u2026","rel":"","context":"In &quot;Ausstellungen und Veranstaltungen&quot;","block_context":{"text":"Ausstellungen und Veranstaltungen","link":"https:\/\/blog.sub.uni-hamburg.de\/?cat=9"},"img":{"alt_text":"","src":"https:\/\/i0.wp.com\/blog.sub.uni-hamburg.de\/wp-content\/uploads\/2015\/10\/Waechter-DieErmittlung.jpg?resize=350%2C200&ssl=1","width":350,"height":200},"classes":[]},{"id":36965,"url":"https:\/\/blog.sub.uni-hamburg.de\/?p=36965","url_meta":{"origin":17448,"position":1},"title":"Moderiertes H\u00f6rspiel: Vertreibung des Geistes \u2013 Radiointerviews aus dem Exil (14.11.)","author":"Markus Trapp","date":"30-10-23","format":false,"excerpt":"Dienstag, 14.11., 19.30 Uhr, Vortragsraum. 1958 interviewte die Journalistin Irmgard Bach im Auftrag des Senders Radio Bremen, nach 1933 aufgrund von Berufsverbot, Bedrohung und Verfolgung emigrierte deutsche Wissenschaftler:innen zu ihren Erfahrungen im Exil, zumeist in den USA. Eine Auswahl dieser 35 Interviews, die als H\u00f6rbuch 2022 im H\u00f6rverlag erschienen sind,\u2026","rel":"","context":"In &quot;Ausstellungen und Veranstaltungen&quot;","block_context":{"text":"Ausstellungen und Veranstaltungen","link":"https:\/\/blog.sub.uni-hamburg.de\/?cat=9"},"img":{"alt_text":"","src":"https:\/\/i0.wp.com\/blog.sub.uni-hamburg.de\/wp-content\/uploads\/2023\/10\/juedischer-salon-gr.jpg?resize=350%2C200&ssl=1","width":350,"height":200,"srcset":"https:\/\/i0.wp.com\/blog.sub.uni-hamburg.de\/wp-content\/uploads\/2023\/10\/juedischer-salon-gr.jpg?resize=350%2C200&ssl=1 1x, https:\/\/i0.wp.com\/blog.sub.uni-hamburg.de\/wp-content\/uploads\/2023\/10\/juedischer-salon-gr.jpg?resize=525%2C300&ssl=1 1.5x"},"classes":[]},{"id":34533,"url":"https:\/\/blog.sub.uni-hamburg.de\/?p=34533","url_meta":{"origin":17448,"position":2},"title":"Die Stabi gibt NS-Raubgut zur\u00fcck \u2013 und bekommt es geschenkt.","author":"Redaktion","date":"19-10-22","format":false,"excerpt":"Zur Restitution von Autographen aus der Sammlung Dr. Heinrich Spiero. Von Anneke de Rudder. Am 22. September restituierte die Stabi mehr als 250 Briefe der bekannten Hamburger Schriftsteller Detlev von Liliencron, Gustav Falke und Richard Dehmel an ihre rechtm\u00e4\u00dfigen Eigent\u00fcmer:innen. Die Unikate, die 1937 im Berliner Auktionshaus J. A. Stargardt\u2026","rel":"","context":"In &quot;Aktuelles&quot;","block_context":{"text":"Aktuelles","link":"https:\/\/blog.sub.uni-hamburg.de\/?cat=1"},"img":{"alt_text":"","src":"https:\/\/i0.wp.com\/blog.sub.uni-hamburg.de\/wp-content\/uploads\/2022\/10\/Restitution-Spiero1-Zepf-Begruessung-150x113.jpg?resize=350%2C200&ssl=1","width":350,"height":200,"srcset":"https:\/\/i0.wp.com\/blog.sub.uni-hamburg.de\/wp-content\/uploads\/2022\/10\/Restitution-Spiero1-Zepf-Begruessung-150x113.jpg?resize=350%2C200&ssl=1 1x, https:\/\/i0.wp.com\/blog.sub.uni-hamburg.de\/wp-content\/uploads\/2022\/10\/Restitution-Spiero1-Zepf-Begruessung-150x113.jpg?resize=525%2C300&ssl=1 1.5x, https:\/\/i0.wp.com\/blog.sub.uni-hamburg.de\/wp-content\/uploads\/2022\/10\/Restitution-Spiero1-Zepf-Begruessung-150x113.jpg?resize=700%2C400&ssl=1 2x, https:\/\/i0.wp.com\/blog.sub.uni-hamburg.de\/wp-content\/uploads\/2022\/10\/Restitution-Spiero1-Zepf-Begruessung-150x113.jpg?resize=1050%2C600&ssl=1 3x, https:\/\/i0.wp.com\/blog.sub.uni-hamburg.de\/wp-content\/uploads\/2022\/10\/Restitution-Spiero1-Zepf-Begruessung-150x113.jpg?resize=1400%2C800&ssl=1 4x"},"classes":[]},{"id":20388,"url":"https:\/\/blog.sub.uni-hamburg.de\/?p=20388","url_meta":{"origin":17448,"position":3},"title":"Malerei und Plastik in Deutschland 1936. Die Geschichte einer verbotenen Ausstellung (8.7.-28.8.)","author":"Markus Trapp","date":"27-06-16","format":false,"excerpt":"Im Jahr der Olympischen Spiele wurde am 21. Juli 1936 im Kunstverein Hamburg eine repr\u00e4sentative Ausstellung er\u00f6ffnet, auf der 249 Kunstwerke von 175 K\u00fcnstlern gezeigt wurden. Nach 10 Tagen musste die Ausstellung auf Anweisung des aus Berlin herbeigeeilten Vizepr\u00e4sidenten der Reichskulturkammer, Adolf Ziegler, geschlossen werden. Begr\u00fcndung: es w\u00fcrde Kunst der\u2026","rel":"","context":"In &quot;Ausstellungen und Veranstaltungen&quot;","block_context":{"text":"Ausstellungen und Veranstaltungen","link":"https:\/\/blog.sub.uni-hamburg.de\/?cat=9"},"img":{"alt_text":"","src":"https:\/\/i0.wp.com\/blog.sub.uni-hamburg.de\/wp-content\/uploads\/2016\/06\/tafel-malereiplastik.jpg?resize=350%2C200&ssl=1","width":350,"height":200},"classes":[]},{"id":20077,"url":"https:\/\/blog.sub.uni-hamburg.de\/?p=20077","url_meta":{"origin":17448,"position":4},"title":"Polen aktuell &#8211; die Oppositionsbewegung zu Gast in Hamburg (10.5.)","author":"Markus Trapp","date":"02-05-16","format":false,"excerpt":"Seit dem Sieg bei den Pr\u00e4sidentschaftswahlen im Mai 2015 sowie den Wahlen zum Sejm im Oktober 2015 versucht die nationalkonservative Partei 'Recht und Gerechtigkeit' (PIS), welche die absolute Mehrheit der Sitze in Sejm erzielen konnte, Polen innerhalb k\u00fcrzeste Zeit in ihrem Sinne umzugestalten. Die st\u00e4rkere Kontrolle des \u00f6ffentlich-rechtlichen Rundfunks sowie\u2026","rel":"","context":"In &quot;Ausstellungen und Veranstaltungen&quot;","block_context":{"text":"Ausstellungen und Veranstaltungen","link":"https:\/\/blog.sub.uni-hamburg.de\/?cat=9"},"img":{"alt_text":"","src":"https:\/\/i0.wp.com\/blog.sub.uni-hamburg.de\/wp-content\/uploads\/2016\/05\/poln-parlament.jpg?resize=350%2C200&ssl=1","width":350,"height":200,"srcset":"https:\/\/i0.wp.com\/blog.sub.uni-hamburg.de\/wp-content\/uploads\/2016\/05\/poln-parlament.jpg?resize=350%2C200&ssl=1 1x, https:\/\/i0.wp.com\/blog.sub.uni-hamburg.de\/wp-content\/uploads\/2016\/05\/poln-parlament.jpg?resize=525%2C300&ssl=1 1.5x"},"classes":[]},{"id":1232,"url":"https:\/\/blog.sub.uni-hamburg.de\/?p=1232","url_meta":{"origin":17448,"position":5},"title":"Reihe &#8220;Nachgedacht&#8221; zu 60 Jahre Grundgesetz (24.3.-19.5.2009)","author":"MG","date":"27-02-09","format":false,"excerpt":"Besuchen Sie die Vortragsreihe nachgedacht: 60 Jahre Grundgesetz in der Bucerius Law School, die von der Staats- und Universit\u00e4tsbibliothek Hamburg mitveranstaltet wird! Erster Termin: 24. M\u00e4rz 2009. F\u00fcnf Abende zur Verfassung aus unterschiedlichen Perspektiven werden von der Initiative \"nachgedacht. Geisteswissenschaften in Hamburg\" pr\u00e4sentiert. Jeweils dienstags um 18 Uhr im Moot\u2026","rel":"","context":"In &quot;Ausstellungen und Veranstaltungen&quot;","block_context":{"text":"Ausstellungen und Veranstaltungen","link":"https:\/\/blog.sub.uni-hamburg.de\/?cat=9"},"img":{"alt_text":"","src":"","width":0,"height":0},"classes":[]}],"jetpack_sharing_enabled":true,"_links":{"self":[{"href":"https:\/\/blog.sub.uni-hamburg.de\/index.php?rest_route=\/wp\/v2\/posts\/17448","targetHints":{"allow":["GET"]}}],"collection":[{"href":"https:\/\/blog.sub.uni-hamburg.de\/index.php?rest_route=\/wp\/v2\/posts"}],"about":[{"href":"https:\/\/blog.sub.uni-hamburg.de\/index.php?rest_route=\/wp\/v2\/types\/post"}],"author":[{"embeddable":true,"href":"https:\/\/blog.sub.uni-hamburg.de\/index.php?rest_route=\/wp\/v2\/users\/19"}],"replies":[{"embeddable":true,"href":"https:\/\/blog.sub.uni-hamburg.de\/index.php?rest_route=%2Fwp%2Fv2%2Fcomments&post=17448"}],"version-history":[{"count":3,"href":"https:\/\/blog.sub.uni-hamburg.de\/index.php?rest_route=\/wp\/v2\/posts\/17448\/revisions"}],"predecessor-version":[{"id":17453,"href":"https:\/\/blog.sub.uni-hamburg.de\/index.php?rest_route=\/wp\/v2\/posts\/17448\/revisions\/17453"}],"wp:attachment":[{"href":"https:\/\/blog.sub.uni-hamburg.de\/index.php?rest_route=%2Fwp%2Fv2%2Fmedia&parent=17448"}],"wp:term":[{"taxonomy":"category","embeddable":true,"href":"https:\/\/blog.sub.uni-hamburg.de\/index.php?rest_route=%2Fwp%2Fv2%2Fcategories&post=17448"},{"taxonomy":"post_tag","embeddable":true,"href":"https:\/\/blog.sub.uni-hamburg.de\/index.php?rest_route=%2Fwp%2Fv2%2Ftags&post=17448"}],"curies":[{"name":"wp","href":"https:\/\/api.w.org\/{rel}","templated":true}]}}