{"id":17390,"date":"2015-03-23T15:35:44","date_gmt":"2015-03-23T14:35:44","guid":{"rendered":"http:\/\/blog.sub.uni-hamburg.de\/?p=17390"},"modified":"2015-04-20T11:35:39","modified_gmt":"2015-04-20T09:35:39","slug":"ecamp-elearning-label-digitale-lehre-16-4","status":"publish","type":"post","link":"https:\/\/blog.sub.uni-hamburg.de\/?p=17390","title":{"rendered":"eCamp: eLearning Label \u2026 digitale Lehre (16.4.)"},"content":{"rendered":"<p><img loading=\"lazy\" decoding=\"async\" src=\"https:\/\/blog.sub.uni-hamburg.de\/wp-content\/uploads\/2015\/03\/15-eCamp.jpg\" alt=\"eCamp\" title=\"eCamp\" width=\"350\" height=\"233\" style=\"float: right; padding-right:0px; padding-top:0px; margin-left:25px; margin-bottom:15px;\" \/> <strong>eCamp: eLearning Label: Qualit\u00e4tssicherung und Anreizstrukturen f\u00fcr die digitale Lehre?<\/strong><br \/>\nDonnerstag, 16. April 2015, 17-21 h<br \/>\nOrt: Vortragsraum, 1. Etage, Eintritt frei<\/p>\n<p>Das kommende eCamp bietet eLearning-Interessierten ein Diskussionsforum zum Thema Qualit\u00e4tssicherung und Anreize f\u00fcr die digitale Lehre. Im Fokus stehen Beispiele f\u00fcr eLearning Labels, die an mehreren Hochschulen eingef\u00fchrt wurden. <a href=\"http:\/\/www.hs-augsburg.de\/einrichtung\/person\/sonnberger_julia\/index.html\">Dr. Julia Sonnberger<\/a>, Hochschule Augsburg, wird \u00fcber die Erfahrungen mit dem eLearning Label an der TU Darmstadt berichten. <a href=\"http:\/\/www.rubel.rub.de\/kontakt\">Holger Hansen<\/a>, Ruhr- Universit\u00e4t Bochum, stellt aktuelle Entwicklungen des dortigen Labels vor. Den Rahmen bilden Beitr\u00e4ge von Dr. Heiko Witt und Prof. Dr. Kai-Uwe Schnapp, beide Universit\u00e4t Hamburg. Hier in der \u00dcbersicht:<br \/>\n<!--more--><\/p>\n<blockquote><p>Vortragsprogramm und Diskussion: 17:00 bis ca. 19:30 h<\/p>\n<ul>\n<li><strong>Dr. Marc G\u00f6cks<\/strong> Multimedia Kontor Hamburg<br \/>\nBegr\u00fc\u00dfung und Moderation<\/li>\n<li><strong>Dr. Heiko Witt<\/strong> Universit\u00e4t Hamburg<br \/>\nDer rechtliche Rahmen f\u00fcr die Digitalisierung der Hochschullehre in Hamburg<\/li>\n<li><strong>Dr. Julia Sonnberger<\/strong> Hochschule Augsburg<br \/>\nQualit\u00e4t definieren, aufdecken und entdecken \u2013 das eLearning-Label der TU Darmstadt<\/li>\n<li><strong>Holger Hansen<\/strong> Ruhr-Universit\u00e4t Bochum<br \/>\n5 Jahre eLearning Label an der Ruhr-Universit\u00e4t Bochum. Modell, Erfahrungen, Perspektiven<\/li>\n<li><strong>Prof. Dr. Kai-Uwe Schnapp<\/strong> Universit\u00e4t Hamburg<br \/>\nKommentar aus Hamburger Sicht<\/li>\n<li>Diskussion und anschlie\u00dfendes Get-together: bis 21:00 Uhr<\/li>\n<\/ul>\n<\/blockquote>\n<p><a href=\"http:\/\/www.mmkh.de\/\"><img loading=\"lazy\" decoding=\"async\" src=\"https:\/\/blog.sub.uni-hamburg.de\/wp-content\/uploads\/2015\/03\/mmkh_logo.png\" alt=\"Multimedia Kontor Hamburg\" title=\"Multimedia Kontor Hamburg\" width=\"225\" height=\"75\" style=\"float: left; padding-left:0px; margin-right:25px; margin-bottom:15px;\" \/><\/a>Das detaillierte Programm finden Sie unter <a href=\"http:\/\/www.mmkh.de\/\">www.mmkh.de<\/a>.<\/p>\n<p>Die Teilnahme am eCamp ist kostenfrei, aus organisatorischen Gr\u00fcnden wird jedoch um Anmeldung beim Veranstalter Multimedia Kontor Hamburg gebeten: per E-Mail an Helga Bechmann, <a href=\"mailto:h.bechmann@mmkh.de\">h.bechmann@mmkh.de<\/a>. Mitveranstalter sind die Universit\u00e4t Hamburg und die Staats- und Universit\u00e4tsbibliothek Hamburg.<\/p>\n","protected":false},"excerpt":{"rendered":"<p>eCamp: eLearning Label: Qualit\u00e4tssicherung und Anreizstrukturen f\u00fcr die digitale Lehre? Donnerstag, 16. April 2015, 17-21 h Ort: Vortragsraum, 1. Etage, Eintritt frei Das kommende eCamp bietet eLearning-Interessierten ein Diskussionsforum zum Thema Qualit\u00e4tssicherung und Anreize f\u00fcr die digitale Lehre. Im Fokus stehen Beispiele f\u00fcr eLearning Labels, die an mehreren Hochschulen eingef\u00fchrt wurden. Dr. Julia Sonnberger, Hochschule [&hellip;]<\/p>\n","protected":false},"author":19,"featured_media":0,"comment_status":"open","ping_status":"open","sticky":false,"template":"","format":"standard","meta":{"jetpack_post_was_ever_published":false,"_jetpack_newsletter_access":"","_jetpack_dont_email_post_to_subs":false,"_jetpack_newsletter_tier_id":0,"_jetpack_memberships_contains_paywalled_content":false,"_jetpack_memberships_contains_paid_content":false,"footnotes":"","jetpack_publicize_message":"","jetpack_publicize_feature_enabled":true,"jetpack_social_post_already_shared":false,"jetpack_social_options":{"image_generator_settings":{"template":"highway","default_image_id":0,"font":"","enabled":false},"version":2}},"categories":[9,17],"tags":[],"class_list":["post-17390","post","type-post","status-publish","format-standard","hentry","category-ausstellungen","category-hamburg"],"views":3666,"jetpack_publicize_connections":[],"jetpack_featured_media_url":"","jetpack_shortlink":"https:\/\/wp.me\/p7hfNR-4wu","jetpack-related-posts":[{"id":15839,"url":"https:\/\/blog.sub.uni-hamburg.de\/?p=15839","url_meta":{"origin":17390,"position":0},"title":"eCamp: eLearning Patterns (25.9.)","author":"Markus Trapp","date":"04-09-14","format":false,"excerpt":"Donnerstag, 25. September 2014, 17-21 Uhr eCamp: eLearning Patterns \u2013 Muster f\u00fcr die digitale Hochschullehre Im kommenden eCamp m\u00f6chten wir mit Ihnen die Potenziale von eLearning Patterns diskutieren. Dies sind Beschreibungsformate f\u00fcr didaktische Muster, speziell bezogen auf den Einsatz digitaler Medien in der Lehre \u2013 beispielsweise Online-Zusammenarbeit, Blended Learning, ePortfolio\u2026","rel":"","context":"In &quot;Ausstellungen und Veranstaltungen&quot;","block_context":{"text":"Ausstellungen und Veranstaltungen","link":"https:\/\/blog.sub.uni-hamburg.de\/?cat=9"},"img":{"alt_text":"","src":"https:\/\/i0.wp.com\/blog.sub.uni-hamburg.de\/wp-content\/uploads\/2014\/09\/ecamp2014.jpg?resize=350%2C200&ssl=1","width":350,"height":200},"classes":[]},{"id":11452,"url":"https:\/\/blog.sub.uni-hamburg.de\/?p=11452","url_meta":{"origin":17390,"position":1},"title":"eCamp in der Stabi: &#8220;Quo vadis LMS? Lehr- und Lernszenarien\u2026&#8221; (18.4.)","author":"Markus Trapp","date":"27-03-13","format":false,"excerpt":"Das eCamp zum Thema \"Quo vadis LMS? Lehr- und Lernszenarien mit Lernmanagementsystemen \u2013 zwischen Anspruch und Wirklichkeit\" findet statt am: Donnerstag, 18. April 2013, 17:00 bis 21:00 Uhr in der Stabi, im Vortragsraum in der 1. Etage eCamps bieten Fachvortr\u00e4ge rund um ein Thema und die M\u00f6glichkeit zum Austausch und\u2026","rel":"","context":"In &quot;Ausstellungen und Veranstaltungen&quot;","block_context":{"text":"Ausstellungen und Veranstaltungen","link":"https:\/\/blog.sub.uni-hamburg.de\/?cat=9"},"img":{"alt_text":"","src":"https:\/\/i0.wp.com\/blog.sub.uni-hamburg.de\/wp-content\/uploads\/2013\/03\/ecamp-mmkh.jpg?resize=350%2C200&ssl=1","width":350,"height":200},"classes":[]},{"id":9095,"url":"https:\/\/blog.sub.uni-hamburg.de\/?p=9095","url_meta":{"origin":17390,"position":2},"title":"eCamp in der Stabi: eLearning-Werkzeuge im Studium (11.10.)","author":"MG","date":"24-09-12","format":false,"excerpt":"Das Hamburger MultimediaKontor bietet am 11.10.2012 eine Veranstaltung mit Fachvortr\u00e4gen zu \"Studienorganisation und -unterst\u00fctzung mit eLearning-Werkzeugen\" f\u00fcr die eLearning-Community in und um Hamburg an. Die Teilnahme ist kostenfrei, um eine verbindliche Anmeldung wird gebeten. Veranstaltungspartner dieses eCamps ist das Zentrale eLearning-B\u00fcro der Universit\u00e4t Hamburg. Ort: Vortragsraum der Staats- und Universit\u00e4tsbibliothek,\u2026","rel":"","context":"In &quot;Ausstellungen und Veranstaltungen&quot;","block_context":{"text":"Ausstellungen und Veranstaltungen","link":"https:\/\/blog.sub.uni-hamburg.de\/?cat=9"},"img":{"alt_text":"","src":"https:\/\/i0.wp.com\/blog.sub.uni-hamburg.de\/wp-content\/uploads\/2012\/09\/mmkh_logo.png?resize=350%2C200&ssl=1","width":350,"height":200},"classes":[]},{"id":17932,"url":"https:\/\/blog.sub.uni-hamburg.de\/?p=17932","url_meta":{"origin":17390,"position":3},"title":"Hamburger Lehrpreisverleihung (6.7.)","author":"Markus Trapp","date":"17-06-15","format":false,"excerpt":"Im Rahmen einer feierlichen Preisverleihung wird Hamburgs Wissenschaftssenatorin Katharina Fegebank die Gewinnerinnen und Gewinner des Hamburger Lehrpreises bekannt geben. [Update 1.7.2015] Da die Senatorin an diesem Tag wegen eines dringenden Termins verhindert ist, wird sie von Staatsr\u00e4tin Dr. Eva G\u00fcmbel vertreten. [Ende Update 1.7.2015] Insgesamt werden 16 Einzelpreise f\u00fcr herausragende\u2026","rel":"","context":"In &quot;Ausstellungen und Veranstaltungen&quot;","block_context":{"text":"Ausstellungen und Veranstaltungen","link":"https:\/\/blog.sub.uni-hamburg.de\/?cat=9"},"img":{"alt_text":"Katharina Fegebank","src":"https:\/\/i0.wp.com\/blog.sub.uni-hamburg.de\/wp-content\/uploads\/2015\/06\/15-LehrprKatharina-Fegebank.jpg?resize=350%2C200&ssl=1","width":350,"height":200},"classes":[]},{"id":333,"url":"https:\/\/blog.sub.uni-hamburg.de\/?p=333","url_meta":{"origin":17390,"position":4},"title":"Ausgezeichnet! Stella erh\u00e4lt Bibliotheksinnovations-Preis","author":"SB","date":"11-11-06","format":false,"excerpt":"So jubelten wir vorgestern mit Stella, als die Gewinner des Bibliotheksinnovations-Preises bekannt gegeben wurden. In denkw\u00fcrdigen R\u00e4umlichkeiten - im Plenarsaal des Bonner Bundeshauses - erhielt Stella zusammen mit zwei anderen Projekten den Preis des Wettbewerbs \"Bibliotheksinnovation 2006\", der vom Centrum f\u00fcr eCompetence in Hochschulen NRW (CeC) und vom Multimedia Kontor\u2026","rel":"","context":"In &quot;Aktuelles&quot;","block_context":{"text":"Aktuelles","link":"https:\/\/blog.sub.uni-hamburg.de\/?cat=1"},"img":{"alt_text":"","src":"","width":0,"height":0},"classes":[]},{"id":4991,"url":"https:\/\/blog.sub.uni-hamburg.de\/?p=4991","url_meta":{"origin":17390,"position":5},"title":"Entwickler f\u00fcr ViFaPol und HamburgWissen Digital gesucht","author":"MG","date":"20-05-11","format":false,"excerpt":"Die Staats- und Universit\u00e4tsbibliothek Hamburg sucht zum n\u00e4chstm\u00f6glichen Termin befristet f\u00fcr 36 Monate eine Mitarbeiterin\/einen Mitarbeiter f\u00fcr den Bereich IT-Entwicklung im Bereich bibliothekarischer Fachportale (E 13, 36 Monate,\u00a0 Vollzeit) f\u00fcr folgende Projekte: \u2022\u00a0\u00a0\u00a0 ViFaPol, das Rechercheportal f\u00fcr die Politikwissenschaft, wird inhaltlich erweitert und steigt auf eine neue technische Basis und\u2026","rel":"","context":"In &quot;Aktuelles&quot;","block_context":{"text":"Aktuelles","link":"https:\/\/blog.sub.uni-hamburg.de\/?cat=1"},"img":{"alt_text":"","src":"","width":0,"height":0},"classes":[]}],"jetpack_sharing_enabled":true,"_links":{"self":[{"href":"https:\/\/blog.sub.uni-hamburg.de\/index.php?rest_route=\/wp\/v2\/posts\/17390","targetHints":{"allow":["GET"]}}],"collection":[{"href":"https:\/\/blog.sub.uni-hamburg.de\/index.php?rest_route=\/wp\/v2\/posts"}],"about":[{"href":"https:\/\/blog.sub.uni-hamburg.de\/index.php?rest_route=\/wp\/v2\/types\/post"}],"author":[{"embeddable":true,"href":"https:\/\/blog.sub.uni-hamburg.de\/index.php?rest_route=\/wp\/v2\/users\/19"}],"replies":[{"embeddable":true,"href":"https:\/\/blog.sub.uni-hamburg.de\/index.php?rest_route=%2Fwp%2Fv2%2Fcomments&post=17390"}],"version-history":[{"count":5,"href":"https:\/\/blog.sub.uni-hamburg.de\/index.php?rest_route=\/wp\/v2\/posts\/17390\/revisions"}],"predecessor-version":[{"id":17397,"href":"https:\/\/blog.sub.uni-hamburg.de\/index.php?rest_route=\/wp\/v2\/posts\/17390\/revisions\/17397"}],"wp:attachment":[{"href":"https:\/\/blog.sub.uni-hamburg.de\/index.php?rest_route=%2Fwp%2Fv2%2Fmedia&parent=17390"}],"wp:term":[{"taxonomy":"category","embeddable":true,"href":"https:\/\/blog.sub.uni-hamburg.de\/index.php?rest_route=%2Fwp%2Fv2%2Fcategories&post=17390"},{"taxonomy":"post_tag","embeddable":true,"href":"https:\/\/blog.sub.uni-hamburg.de\/index.php?rest_route=%2Fwp%2Fv2%2Ftags&post=17390"}],"curies":[{"name":"wp","href":"https:\/\/api.w.org\/{rel}","templated":true}]}}