{"id":17376,"date":"2015-03-23T13:09:39","date_gmt":"2015-03-23T12:09:39","guid":{"rendered":"http:\/\/blog.sub.uni-hamburg.de\/?p=17376"},"modified":"2015-05-08T20:05:51","modified_gmt":"2015-05-08T18:05:51","slug":"indigene-christianisierung-und-criollismo-in-neuspanien-15-4","status":"publish","type":"post","link":"https:\/\/blog.sub.uni-hamburg.de\/?p=17376","title":{"rendered":"<em>Indigene Christianisierung<\/em> und <em>Criollismo<\/em> in Neuspanien (15.4.)"},"content":{"rendered":"<div style=\"float: left; padding-left: 0px; padding-top: 0px; margin-right: 25px; margin-bottom: 0px;\">\n<div id=\"attachment_17378\" style=\"width: 360px\" class=\"wp-caption alignnone\"><a href=\"https:\/\/blog.sub.uni-hamburg.de\/wp-content\/uploads\/2015\/03\/Mesos-4-1-Lienzo_de_Tlaxcal.jpg\"><img loading=\"lazy\" decoding=\"async\" aria-describedby=\"caption-attachment-17378\" data-attachment-id=\"17378\" data-permalink=\"https:\/\/blog.sub.uni-hamburg.de\/?attachment_id=17378\" data-orig-file=\"https:\/\/blog.sub.uni-hamburg.de\/wp-content\/uploads\/2015\/03\/Mesos-Lienzo_de_Tlaxcal.jpg\" data-orig-size=\"350,298\" data-comments-opened=\"1\" data-image-meta=\"{&quot;aperture&quot;:&quot;0&quot;,&quot;credit&quot;:&quot;&quot;,&quot;camera&quot;:&quot;&quot;,&quot;caption&quot;:&quot;&quot;,&quot;created_timestamp&quot;:&quot;0&quot;,&quot;copyright&quot;:&quot;&quot;,&quot;focal_length&quot;:&quot;0&quot;,&quot;iso&quot;:&quot;0&quot;,&quot;shutter_speed&quot;:&quot;0&quot;,&quot;title&quot;:&quot;&quot;,&quot;orientation&quot;:&quot;0&quot;}\" data-image-title=\"Mesos-Lienzo_de_Tlaxcal\" data-image-description=\"&lt;p&gt;Lienzo de Tlaxcala, Lam. III.: Taufe des Senats. Faksimile aus der \uf732. H\u00e4lfte&lt;br \/&gt;\ndes \uf731\uf738. Jahrhunderts, urspr\u00fcnglich ca. \uf731\uf735\uf735\uf730 &amp;#8211; \uf731\uf735\uf736\uf734. Foto: C.Br\u00fcckner&lt;\/p&gt;\n\" data-image-caption=\"&lt;p&gt;Lienzo de Tlaxcala, Lam. III.: Taufe des Senats. Faksimile aus der \uf732. H\u00e4lfte&lt;br \/&gt;\ndes \uf731\uf738. Jahrhunderts, urspr\u00fcnglich ca. \uf731\uf735\uf735\uf730 &amp;#8211; \uf731\uf735\uf736\uf734. Foto: C.Br\u00fcckner&lt;\/p&gt;\n\" data-large-file=\"https:\/\/blog.sub.uni-hamburg.de\/wp-content\/uploads\/2015\/03\/Mesos-Lienzo_de_Tlaxcal.jpg\" class=\"size-full wp-image-17378\" title=\"Lienzo de Tlaxcala. Foto: C.Br\u00fcckner\" src=\"https:\/\/blog.sub.uni-hamburg.de\/wp-content\/uploads\/2015\/03\/Mesos-Lienzo_de_Tlaxcal.jpg\" alt=\"Lienzo de Tlaxcala. Foto: C.Br\u00fcckner\" width=\"350\" height=\"298\" srcset=\"https:\/\/blog.sub.uni-hamburg.de\/wp-content\/uploads\/2015\/03\/Mesos-Lienzo_de_Tlaxcal.jpg 350w, https:\/\/blog.sub.uni-hamburg.de\/wp-content\/uploads\/2015\/03\/Mesos-Lienzo_de_Tlaxcal-150x128.jpg 150w, https:\/\/blog.sub.uni-hamburg.de\/wp-content\/uploads\/2015\/03\/Mesos-Lienzo_de_Tlaxcal-300x255.jpg 300w\" sizes=\"auto, (max-width: 350px) 100vw, 350px\" \/><\/a><p id=\"caption-attachment-17378\" class=\"wp-caption-text\">Lienzo de Tlaxcala, Lam. III.: Taufe des Senats. Faksimile aus der <br \/>2. H\u00e4lfte des 18. Jhts, urspr\u00fcngl. ca. 1550-1564. Foto: C.Br\u00fcckner<\/p><\/div>\n<\/div>\n<p><strong>Update: Der Vortrag wurde aufgezeichnet und kann auf <a href=\"https:\/\/lecture2go.uni-hamburg.de\/veranstaltungen\/-\/v\/17506\">Lecture2Go<\/a> nachgeschaut werden (Dauer: 1 h 12 min.).<\/strong><\/p>\n<p>Was wissen wir eigentlich \u00fcber Mesoamerika? Und woher stammt unser Wissen? Diesen Fragen geht die Mesoamerika-Gesellschaft bereits im vierten Semester in Folge im Rahmen ihrer in der Stabi gehaltenen Ringvorlesung \u00ab<a href=\"https:\/\/www.aww.uni-hamburg.de\/oeffentliche-vortraege\/programm\/23-mesoamerikanistik.html\">Die Quellen des Wissens zu Mesoamerika<\/a>\u00bb nach. Zum Auftakt des Sommersemesters doziert am 15. April ab 18:15 Uhr:<\/p>\n<p><strong><a href=\"http:\/\/wiki.cibera.de\/index.php\/Pietschmann,_Prof.Dr._Horst\">Prof. Dr. Horst Pietschmann<\/a> (Hamburg): <em>Indigene Christianisierung<\/em> und <em>Criollismo<\/em> in Neuspanien<\/strong><\/p>\n<p>Drei Jahre nach der milit\u00e4rischen Eroberung der aztekischen Kapitale Tenochtitlan durch die Conquistadoren begann die geistige Bevormundung im Jahre 1524 mit der Ankunft von 12 Franziskanerm\u00f6nchen in Neuspanien. Weitere Ordensbr\u00fcder nahmen in Folge ihre Arbeit in der neuen spanischen Kolonie auf, die Dominikaner 1526, die Augustiner 1533 und die Jesuiten 1572. Ausgehend von den Kl\u00f6stern der Ordensgemeinschaften im Tal von Mexiko, im Gebiet von Tlaxcala und Pueblo begannen systematische Missionierungen in die heutigen Bundesstaaten Michoac\u00e1n, Jalisco und Guerrero, in den Norden nach Zacatecas und bis nach Sinaloa, in den S\u00fcden nach Oaxaca und bis nach Tehuantepec. Der Vortrag beleuchtet die kulturellen Entwicklungen in drei zentralen Bereichen Neuspaniens seit dem 16. Jahrhundert und thematisiert die Auswirkungen der Missionierungst\u00e4tigkeit und die Einfl\u00fcsse durch die Christianisierung indigener Identit\u00e4t bis hin zum &#8216;Criollismo&#8217; des 17. Jahrhunderts.<\/p>\n<p><strong>Mittwoch 15. April 2015, 18.15 Uhr<br \/>\nOrt: Vortragsraum, 1. Etage, Eintritt frei.<\/strong><br \/>\n<!--more--><\/p>\n<p><a href=\"https:\/\/blog.sub.uni-hamburg.de\/wp-content\/uploads\/2015\/03\/Mesos-4-1-Lienzo_de_Tlaxcal.jpg\"><img loading=\"lazy\" decoding=\"async\" style=\"float: right; padding-right: 0px; margin-left: 25px; margin-bottom: 25px;\" title=\"Lienzo de Tlaxcala (Detail). Foto: C.Br\u00fcckner\" src=\"https:\/\/blog.sub.uni-hamburg.de\/wp-content\/uploads\/2015\/03\/Mesos-Lienzo_de_Tlaxcal-det.jpg\" alt=\"Lienzo de Tlaxcala. Foto: C.Br\u00fcckner\" width=\"250\" height=\"278\" \/><\/a> Eine Veranstaltung der <a href=\"http:\/\/www.mesoamerika-gesellschaft.de\/\">Mesoamerika-Gesellschaft Hamburg<\/a> in Zusammenarbeit mit der Staats- und Universit\u00e4tsbibliothek Hamburg und der <a href=\"http:\/\/www.sub.uni-hamburg.de\/bibliotheken\/sammlungen\/linga-bibliothek.html\">Linga-Bibliothek<\/a> f\u00fcr Lateinamerika-Forschung im Rahmen der Ringvorlesung \u00abDie Quellen des Wissens zu Mesoamerika\u00bb \u2013 \u00ab<a href=\"https:\/\/www.aww.uni-hamburg.de\/oeffentliche-vortraege\/programm\/23-mesoamerikanistik.html\">Kulturelle Identit\u00e4ten im Spiegel gesellschaftlicher und politischer Prozesse<\/a>\u00bb (April \u2013 Juni 2015):<\/p>\n<blockquote><p>Was wissen wir eigentlich \u00fcber Mesoamerika? Und woher stammt unser Wissen? Wie dachten und was beobachteten beispielsweise die ersten Missionare in Neuspanien, wie beurteilten und wie beeinflussten die kirchlichen und staatlichen Institutionen im 16. und 17. Jahrhundert die indigene Bev\u00f6lkerung in den ihnen unterstellten Gebieten? Wie nahmen die ersten Reisenden und Forscher ab dem sp\u00e4ten 18. und besonders im 19. Jahrhundert die Menschen und ihre Lebenswelten im heutigen Mexiko, in Guatemala, in Belize und Honduras wahr? Und welche Erkenntnisse erlangten sie \u00fcber die vorspanische Vergangenheit? Welchen Anteil hatten seither die Indigenen selbst, und welche Rolle spielen indigene Akteure heute in Religion, in gesellschaftlichen Entwicklungen und politischen Prozessen?<\/p>\n<p>Der letzte Teil der Ringvorlesung zur Mesoamerikanistik m\u00f6chte einen Einblick geben in die verschiedenen Quellen, die zu Mesoamerika existieren. Die Vielfalt reicht von fr\u00fchkolonialen, indigen beeinflussten Codexb\u00fcchern und lateinschriftlichen Dokumenten bis zu Reiseberichten; sie beeinhaltet orale Traditionen und arch\u00e4ologische Aufzeichnungen und schlie\u00dft auch die Neuen Medien mit ein.<\/p><\/blockquote>\n","protected":false},"excerpt":{"rendered":"<p>Update: Der Vortrag wurde aufgezeichnet und kann auf Lecture2Go nachgeschaut werden (Dauer: 1 h 12 min.). Was wissen wir eigentlich \u00fcber Mesoamerika? Und woher stammt unser Wissen? Diesen Fragen geht die Mesoamerika-Gesellschaft bereits im vierten Semester in Folge im Rahmen ihrer in der Stabi gehaltenen Ringvorlesung \u00abDie Quellen des Wissens zu Mesoamerika\u00bb nach. Zum Auftakt [&hellip;]<\/p>\n","protected":false},"author":19,"featured_media":0,"comment_status":"open","ping_status":"open","sticky":false,"template":"","format":"standard","meta":{"jetpack_post_was_ever_published":false,"_jetpack_newsletter_access":"","_jetpack_dont_email_post_to_subs":false,"_jetpack_newsletter_tier_id":0,"_jetpack_memberships_contains_paywalled_content":false,"_jetpack_memberships_contains_paid_content":false,"footnotes":"","jetpack_publicize_message":"","jetpack_publicize_feature_enabled":true,"jetpack_social_post_already_shared":false,"jetpack_social_options":{"image_generator_settings":{"template":"highway","default_image_id":0,"font":"","enabled":false},"version":2}},"categories":[9],"tags":[],"class_list":["post-17376","post","type-post","status-publish","format-standard","hentry","category-ausstellungen"],"views":5170,"jetpack_publicize_connections":[],"jetpack_featured_media_url":"","jetpack_shortlink":"https:\/\/wp.me\/p7hfNR-4wg","jetpack-related-posts":[{"id":17529,"url":"https:\/\/blog.sub.uni-hamburg.de\/?p=17529","url_meta":{"origin":17376,"position":0},"title":"Besiedlung und Migration in Mesoamerika (7.5.)","author":"Markus Trapp","date":"20-04-15","format":false,"excerpt":"Prof. Dr. Viola K\u00f6nig (Berlin): Besiedlung und Migration in Mesoamerika \u2013 Mythos und Modell In Codexb\u00fcchern und Lienzos, die auf vorspanischen und fr\u00fchkolonialen Vorl\u00e4ufern und Quellen beruhen, finden sich zahlreiche und vielf\u00e4ltige Informationen \u00fcber Orte in Mesoamerika. Einige bezeichnen etwa mythische Orte der Herkunft oder Abstammung, wie den sagenhaften Ursprungsort\u2026","rel":"","context":"In &quot;Ausstellungen und Veranstaltungen&quot;","block_context":{"text":"Ausstellungen und Veranstaltungen","link":"https:\/\/blog.sub.uni-hamburg.de\/?cat=9"},"img":{"alt_text":"Darstellung von Chichmoztoc, entnommen der Historia Tolteca Chicimeca, Mitte 16. Jh. \u00a9 Biblioth\u00e8que Nationale de France, \u00a9 Bearbeitung C. Br\u00fcckner","src":"https:\/\/i0.wp.com\/blog.sub.uni-hamburg.de\/wp-content\/uploads\/2015\/04\/15-Mesos-Historia_Tolteca-k.jpg?resize=350%2C200&ssl=1","width":350,"height":200},"classes":[]},{"id":17926,"url":"https:\/\/blog.sub.uni-hamburg.de\/?p=17926","url_meta":{"origin":17376,"position":1},"title":"Entf\u00e4llt: Mesoamerika-Vorlesung: Monotheismus trifft Polytheismus (2.7.)","author":"Markus Trapp","date":"16-06-15","format":false,"excerpt":"Update 1.7.2015: Wie uns die Veranstalter soeben mitteilen, muss der Vortrag leider entfallen! Er soll zu gegebener Zeit nachgeholt werden. Dirk Tiemann, M.A.: Monotheismus trifft Polytheismus \u2013 Die aztekische Religion aus Sicht eines Christenmenschen des 16. Jahrhunderts Nach 1521 ist die bestehende Ordnung in Zentralmexiko zerst\u00f6rt, die etablierten Herrscher wurden\u2026","rel":"","context":"In &quot;Ausstellungen und Veranstaltungen&quot;","block_context":{"text":"Ausstellungen und Veranstaltungen","link":"https:\/\/blog.sub.uni-hamburg.de\/?cat=9"},"img":{"alt_text":"","src":"https:\/\/i0.wp.com\/blog.sub.uni-hamburg.de\/wp-content\/uploads\/2015\/06\/meso-072015.jpg?resize=350%2C200&ssl=1","width":350,"height":200,"srcset":"https:\/\/i0.wp.com\/blog.sub.uni-hamburg.de\/wp-content\/uploads\/2015\/06\/meso-072015.jpg?resize=350%2C200&ssl=1 1x, https:\/\/i0.wp.com\/blog.sub.uni-hamburg.de\/wp-content\/uploads\/2015\/06\/meso-072015.jpg?resize=525%2C300&ssl=1 1.5x"},"classes":[]},{"id":13484,"url":"https:\/\/blog.sub.uni-hamburg.de\/?p=13484","url_meta":{"origin":17376,"position":2},"title":"Ringvorlesung Mesoamerika \u2013 Von Bergg\u00f6ttern und Genmais (23.1.)","author":"Markus Trapp","date":"08-01-14","format":false,"excerpt":"Dr. Lars Fr\u00fchsorge (Universit\u00e4t Hamburg): Von Bergg\u00f6ttern und Genmais - Indigene Lebenswelten heute Update \u2013 Vortrag zum Nachschauen auf Lecture2go: Die Kontinuit\u00e4t indianischer Kulturen nach Ankunft der Europ\u00e4er ist eines der zentralen Themen der Mesoamerikanistik. So hat sich etwa der alte Ritualkalender in einigen entlegenen Gemeinden bis heute erhalten. Allerdings\u2026","rel":"","context":"In &quot;Ausstellungen und Veranstaltungen&quot;","block_context":{"text":"Ausstellungen und Veranstaltungen","link":"https:\/\/blog.sub.uni-hamburg.de\/?cat=9"},"img":{"alt_text":"","src":"https:\/\/i0.wp.com\/blog.sub.uni-hamburg.de\/wp-content\/uploads\/2014\/01\/14-Meso-Fruehsorge-1c.jpg?resize=350%2C200&ssl=1","width":350,"height":200,"srcset":"https:\/\/i0.wp.com\/blog.sub.uni-hamburg.de\/wp-content\/uploads\/2014\/01\/14-Meso-Fruehsorge-1c.jpg?resize=350%2C200&ssl=1 1x, https:\/\/i0.wp.com\/blog.sub.uni-hamburg.de\/wp-content\/uploads\/2014\/01\/14-Meso-Fruehsorge-1c.jpg?resize=525%2C300&ssl=1 1.5x"},"classes":[]},{"id":12960,"url":"https:\/\/blog.sub.uni-hamburg.de\/?p=12960","url_meta":{"origin":17376,"position":3},"title":"Arch\u00e4ologie in Mesoamerika (7.11.)","author":"Markus Trapp","date":"21-10-13","format":false,"excerpt":"Vortrag Miriam Heun (M.A., Universit\u00e4t Hamburg): Arch\u00e4ologie in Mesoamerika Update \u2013 Vortrag zum Nachschauen auf Lecture2go: Die gro\u00dfen Pyramiden von St\u00e4tten wie Teotihuac\u00e1n, der einstigen aztekischen Hauptstadt Tenochtitlan oder der Maya-St\u00e4tte Chich\u00e9n Itz\u00e1 sind vielen Menschen ein Begriff. Aber was f\u00fcr Artefakte und Strukturen finden wir noch in Mesoamerika und\u2026","rel":"","context":"In &quot;Ausstellungen und Veranstaltungen&quot;","block_context":{"text":"Ausstellungen und Veranstaltungen","link":"https:\/\/blog.sub.uni-hamburg.de\/?cat=9"},"img":{"alt_text":"","src":"https:\/\/i0.wp.com\/blog.sub.uni-hamburg.de\/wp-content\/uploads\/2013\/10\/teotihuacan.jpg?resize=350%2C200&ssl=1","width":350,"height":200,"srcset":"https:\/\/i0.wp.com\/blog.sub.uni-hamburg.de\/wp-content\/uploads\/2013\/10\/teotihuacan.jpg?resize=350%2C200&ssl=1 1x, https:\/\/i0.wp.com\/blog.sub.uni-hamburg.de\/wp-content\/uploads\/2013\/10\/teotihuacan.jpg?resize=525%2C300&ssl=1 1.5x"},"classes":[]},{"id":17490,"url":"https:\/\/blog.sub.uni-hamburg.de\/?p=17490","url_meta":{"origin":17376,"position":4},"title":"Ringvorlesung Mesoamerika: Rigoberta Mench\u00fa (30.4.) +++ entf\u00e4llt! +++","author":"Markus Trapp","date":"10-04-15","format":false,"excerpt":"Prof. Dr. Ulrich M\u00fccke (Hamburg): Rigoberta Mench\u00fa. Macht der Wahrheit. Wahrheit der Macht Rigoberta Mench\u00fa Tum ist eine der bekanntesten Personen Guatemalas. Die indigene Friedensaktivistin erlebte im guatemaltekischen B\u00fcrgerkrieg die grausamen Menschenrechtsverletzungen hautnah in ihrer eigenen Familie. Als Gegnerin des Regimes unterst\u00fctzte sie seit den sp\u00e4ten 1970er Jahren die Unterdr\u00fcckten.\u2026","rel":"","context":"In &quot;Ausstellungen und Veranstaltungen&quot;","block_context":{"text":"Ausstellungen und Veranstaltungen","link":"https:\/\/blog.sub.uni-hamburg.de\/?cat=9"},"img":{"alt_text":"Rigoberta Mench\u00fa","src":"https:\/\/i0.wp.com\/blog.sub.uni-hamburg.de\/wp-content\/uploads\/2015\/04\/Rigoberta_Menchu_2009.jpg?resize=350%2C200&ssl=1","width":350,"height":200},"classes":[]},{"id":17788,"url":"https:\/\/blog.sub.uni-hamburg.de\/?p=17788","url_meta":{"origin":17376,"position":5},"title":"Von Humboldt bis Charnay. Amerika-Forscher und ihre Reisen im 19. Jahrhundert (28.5.)","author":"Markus Trapp","date":"18-05-15","format":false,"excerpt":"Christian Br\u00fcckner, M.A. (Hamburg): Von Humboldt bis Charnay. Amerika-Forscher und ihre Reisen im 19. Jahrhundert Mit seiner erfolg- und ertragreichen Amerika-Expedition von 1799 bis 1804 setzte Alexander von Humboldt Ma\u00dfst\u00e4be: Seinem Vorbild folgten zahlreiche Reisende, die nicht nur die eindrucksvolle Natur und die dort lebenden Menschen faszinierte, sondern die sich\u2026","rel":"","context":"In &quot;Ausstellungen und Veranstaltungen&quot;","block_context":{"text":"Ausstellungen und Veranstaltungen","link":"https:\/\/blog.sub.uni-hamburg.de\/?cat=9"},"img":{"alt_text":"","src":"https:\/\/i0.wp.com\/blog.sub.uni-hamburg.de\/wp-content\/uploads\/2015\/05\/piramide-de-papantla.jpg?resize=350%2C200&ssl=1","width":350,"height":200},"classes":[]}],"jetpack_sharing_enabled":true,"_links":{"self":[{"href":"https:\/\/blog.sub.uni-hamburg.de\/index.php?rest_route=\/wp\/v2\/posts\/17376","targetHints":{"allow":["GET"]}}],"collection":[{"href":"https:\/\/blog.sub.uni-hamburg.de\/index.php?rest_route=\/wp\/v2\/posts"}],"about":[{"href":"https:\/\/blog.sub.uni-hamburg.de\/index.php?rest_route=\/wp\/v2\/types\/post"}],"author":[{"embeddable":true,"href":"https:\/\/blog.sub.uni-hamburg.de\/index.php?rest_route=\/wp\/v2\/users\/19"}],"replies":[{"embeddable":true,"href":"https:\/\/blog.sub.uni-hamburg.de\/index.php?rest_route=%2Fwp%2Fv2%2Fcomments&post=17376"}],"version-history":[{"count":14,"href":"https:\/\/blog.sub.uni-hamburg.de\/index.php?rest_route=\/wp\/v2\/posts\/17376\/revisions"}],"predecessor-version":[{"id":17753,"href":"https:\/\/blog.sub.uni-hamburg.de\/index.php?rest_route=\/wp\/v2\/posts\/17376\/revisions\/17753"}],"wp:attachment":[{"href":"https:\/\/blog.sub.uni-hamburg.de\/index.php?rest_route=%2Fwp%2Fv2%2Fmedia&parent=17376"}],"wp:term":[{"taxonomy":"category","embeddable":true,"href":"https:\/\/blog.sub.uni-hamburg.de\/index.php?rest_route=%2Fwp%2Fv2%2Fcategories&post=17376"},{"taxonomy":"post_tag","embeddable":true,"href":"https:\/\/blog.sub.uni-hamburg.de\/index.php?rest_route=%2Fwp%2Fv2%2Ftags&post=17376"}],"curies":[{"name":"wp","href":"https:\/\/api.w.org\/{rel}","templated":true}]}}